{"id":31129,"date":"2022-08-23T16:58:54","date_gmt":"2022-08-23T16:58:54","guid":{"rendered":"https:\/\/www.africa-press.net\/tchad\/politique\/tchad-le-mouvement-les-sentinelles-veut-marcher-pour-contester-les-assises-unilaterales"},"modified":"2022-08-23T17:33:18","modified_gmt":"2022-08-23T17:33:18","slug":"tchad-le-mouvement-les-sentinelles-veut-marcher-pour-contester-les-assises-unilaterales","status":"publish","type":"post","link":"https:\/\/www.africa-press.net\/tchad\/politique\/tchad-le-mouvement-les-sentinelles-veut-marcher-pour-contester-les-assises-unilaterales","title":{"rendered":"Tchad : le mouvement \u00ab\u00a0Les sentinelles\u00a0\u00bb veut marcher pour contester les \u00ab\u00a0assises unilat\u00e9rales\u00a0\u00bb"},"content":{"rendered":"<p><span style=\"color: #ff6600\"><strong>Africa-Press &#8211; Tchad. <\/strong><\/span>Le mouvement Les Sentinelles, par la voix de son porte-parole Barka Pierre, invite les jeunes \u00e0 <b>\u00ab\u00a0surmonter la peur et la terreur que s\u00e8me ce groupe arm\u00e9 <\/b>(CMT, Ndlr) <b>et \u00e0 r\u00e9sister pour un dialogue sinc\u00e8re et pour un \u00c9tat de droit, l&rsquo;\u00e9quit\u00e9 et la justice sociale\u00a0\u00bb.<\/b><\/p>\n<p>Le porte-parole estime que<b> \u00ab\u00a0seule la lutte pourra lib\u00e9rer le pays du gouffre\u00a0\u00bb.<\/b> Selon lui, <b>\u00ab\u00a0le CMT tient \u00e0 son projet d&rsquo;enterrer le peuple tchadien en misant sur ce dialogue national qui devrait \u00eatre sinc\u00e8re, afin de sortir le Tchad du cauchemar de la mis\u00e8re. H\u00e9las, les intentions non-avou\u00e9es du PCMT viennent de prendre le dessus\u00a0\u00bb.<\/b><br \/>\n<b>\u00ab\u00a0Pour la restauration de la souverainet\u00e9 du peuple tchadien et afin de lib\u00e9rer notre pays du joug des oppresseurs, nous prenons la d\u00e9cision solennelle de prendre notre destin en main. Le peuple tchadien a longtemps \u00e9t\u00e9 exemplaire dans le respect de l&rsquo;autorit\u00e9 de l&rsquo;\u00c9tat et la soumission aux gouvernants mais l&rsquo;heure de la d\u00e9sob\u00e9issance est arriv\u00e9e\u00a0\u00bb<\/b>, affirme Barka Pierre.<\/p>\n<p><strong>Pour plus d&rsquo;informations et d&rsquo;analyses sur la <a href=\"https:\/\/www.africa-press.net\/tchad\">Tchad<\/a>, suivez <a href=\"https:\/\/www.africa-press.net\/\">Africa-Press<\/a><\/strong><\/p>\n","protected":false},"excerpt":{"rendered":"<p>Africa-Press &#8211; Tchad. Le mouvement Les Sentinelles, par la voix de son porte-parole Barka Pierre, invite les jeunes \u00e0 \u00ab\u00a0surmonter la peur et la terreur que s\u00e8me ce groupe arm\u00e9 (CMT, Ndlr) et \u00e0 r\u00e9sister pour un dialogue sinc\u00e8re et pour un \u00c9tat de droit, l&rsquo;\u00e9quit\u00e9 et la justice sociale\u00a0\u00bb. Le porte-parole estime que \u00ab\u00a0seule [&hellip;]<\/p>\n","protected":false},"author":82,"featured_media":31128,"comment_status":"open","ping_status":"closed","sticky":false,"template":"","format":"standard","meta":{"footnotes":""},"categories":[11,2,10],"tags":[37,292,29],"class_list":["post-31129","post","type-post","status-publish","format-standard","has-post-thumbnail","hentry","category-homepage-french","category-politique","category-toutes-les-actualites","tag-africa-press","tag-africa-press-tchad","tag-tchad"],"yoast_head":"<!-- This site is optimized with the Yoast SEO Premium plugin v26.1 (Yoast SEO v27.0) - https:\/\/yoast.com\/product\/yoast-seo-premium-wordpress\/ -->\n<title>Tchad : le mouvement &quot;Les sentinelles&quot; veut marcher pour contester les &quot;assises unilat\u00e9rales&quot; - tchad<\/title>\n<meta name=\"description\" content=\"Le mouvement Les Sentinelles, par la voix de son porte-parole Barka Pierre, invite les jeunes \u00e0 &quot;surmonter la peur et ...\" \/>\n<meta name=\"robots\" content=\"index, follow, max-snippet:-1, max-image-preview:large, max-video-preview:-1\" \/>\n<link rel=\"canonical\" href=\"https:\/\/www.africa-press.net\/tchad\/politique\/tchad-le-mouvement-les-sentinelles-veut-marcher-pour-contester-les-assises-unilaterales\" \/>\n<meta property=\"og:locale\" content=\"fr_FR\" \/>\n<meta property=\"og:type\" content=\"article\" \/>\n<meta property=\"og:title\" content=\"Tchad : le mouvement &quot;Les sentinelles&quot; veut marcher pour contester les &quot;assises unilat\u00e9rales&quot;\" \/>\n<meta property=\"og:description\" content=\"Le mouvement Les Sentinelles, par la voix de son porte-parole Barka Pierre, invite les jeunes \u00e0 &quot;surmonter la peur et ...\" \/>\n<meta property=\"og:url\" content=\"https:\/\/www.africa-press.net\/tchad\/politique\/tchad-le-mouvement-les-sentinelles-veut-marcher-pour-contester-les-assises-unilaterales\" \/>\n<meta property=\"og:site_name\" content=\"tchad\" \/>\n<meta property=\"article:published_time\" content=\"2022-08-23T16:58:54+00:00\" \/>\n<meta property=\"article:modified_time\" content=\"2022-08-23T17:33:18+00:00\" \/>\n<meta property=\"og:image\" content=\"https:\/\/static.africa-press.net\/tchad\/sites\/41\/2022\/08\/postQueueImg_2-63050f4cdc2fa.jpg\" \/>\n\t<meta property=\"og:image:width\" content=\"959\" \/>\n\t<meta property=\"og:image:height\" content=\"683\" \/>\n\t<meta property=\"og:image:type\" content=\"image\/jpeg\" \/>\n<meta name=\"author\" content=\"cfeditorfr\" \/>\n<meta name=\"twitter:card\" content=\"summary_large_image\" \/>\n<meta name=\"twitter:label1\" content=\"\u00c9crit par\" \/>\n\t<meta name=\"twitter:data1\" content=\"cfeditorfr\" \/>\n\t<meta name=\"twitter:label2\" content=\"Dur\u00e9e de lecture estim\u00e9e\" \/>\n\t<meta name=\"twitter:data2\" content=\"1 minute\" \/>\n<script type=\"application\/ld+json\" class=\"yoast-schema-graph\">{\"@context\":\"https:\/\/schema.org\",\"@graph\":[{\"@type\":\"Article\",\"@id\":\"https:\/\/www.africa-press.net\/tchad\/politique\/tchad-le-mouvement-les-sentinelles-veut-marcher-pour-contester-les-assises-unilaterales#article\",\"isPartOf\":{\"@id\":\"https:\/\/www.africa-press.net\/tchad\/politique\/tchad-le-mouvement-les-sentinelles-veut-marcher-pour-contester-les-assises-unilaterales\"},\"author\":{\"name\":\"cfeditorfr\",\"@id\":\"https:\/\/www.africa-press.net\/tchad\/#\/schema\/person\/2b1cf3cd81a31e3cd26889ca66d677f1\"},\"headline\":\"Tchad : le mouvement \u00ab\u00a0Les sentinelles\u00a0\u00bb veut marcher pour contester les \u00ab\u00a0assises unilat\u00e9rales\u00a0\u00bb\",\"datePublished\":\"2022-08-23T16:58:54+00:00\",\"dateModified\":\"2022-08-23T17:33:18+00:00\",\"mainEntityOfPage\":{\"@id\":\"https:\/\/www.africa-press.net\/tchad\/politique\/tchad-le-mouvement-les-sentinelles-veut-marcher-pour-contester-les-assises-unilaterales\"},\"wordCount\":205,\"commentCount\":0,\"image\":{\"@id\":\"https:\/\/www.africa-press.net\/tchad\/politique\/tchad-le-mouvement-les-sentinelles-veut-marcher-pour-contester-les-assises-unilaterales#primaryimage\"},\"thumbnailUrl\":\"https:\/\/static.africa-press.net\/tchad\/sites\/41\/2022\/08\/postQueueImg_2-63050f4cdc2fa.jpg\",\"keywords\":[\"Africa Press\",\"Africa Press-Tchad\",\"Tchad\"],\"articleSection\":[\"homepage-french\",\"Politique\",\"Toutes les actualit\u00e9s\"],\"inLanguage\":\"fr-FR\",\"potentialAction\":[{\"@type\":\"CommentAction\",\"name\":\"Comment\",\"target\":[\"https:\/\/www.africa-press.net\/tchad\/politique\/tchad-le-mouvement-les-sentinelles-veut-marcher-pour-contester-les-assises-unilaterales#respond\"]}]},{\"@type\":\"WebPage\",\"@id\":\"https:\/\/www.africa-press.net\/tchad\/politique\/tchad-le-mouvement-les-sentinelles-veut-marcher-pour-contester-les-assises-unilaterales\",\"url\":\"https:\/\/www.africa-press.net\/tchad\/politique\/tchad-le-mouvement-les-sentinelles-veut-marcher-pour-contester-les-assises-unilaterales\",\"name\":\"Tchad : le mouvement \\\"Les sentinelles\\\" veut marcher pour contester les \\\"assises unilat\u00e9rales\\\" - tchad\",\"isPartOf\":{\"@id\":\"https:\/\/www.africa-press.net\/tchad\/#website\"},\"primaryImageOfPage\":{\"@id\":\"https:\/\/www.africa-press.net\/tchad\/politique\/tchad-le-mouvement-les-sentinelles-veut-marcher-pour-contester-les-assises-unilaterales#primaryimage\"},\"image\":{\"@id\":\"https:\/\/www.africa-press.net\/tchad\/politique\/tchad-le-mouvement-les-sentinelles-veut-marcher-pour-contester-les-assises-unilaterales#primaryimage\"},\"thumbnailUrl\":\"https:\/\/static.africa-press.net\/tchad\/sites\/41\/2022\/08\/postQueueImg_2-63050f4cdc2fa.jpg\",\"datePublished\":\"2022-08-23T16:58:54+00:00\",\"dateModified\":\"2022-08-23T17:33:18+00:00\",\"author\":{\"@id\":\"https:\/\/www.africa-press.net\/tchad\/#\/schema\/person\/2b1cf3cd81a31e3cd26889ca66d677f1\"},\"description\":\"Le mouvement Les Sentinelles, par la voix de son porte-parole Barka Pierre, invite les jeunes \u00e0 \\\"surmonter la peur et ...\",\"breadcrumb\":{\"@id\":\"https:\/\/www.africa-press.net\/tchad\/politique\/tchad-le-mouvement-les-sentinelles-veut-marcher-pour-contester-les-assises-unilaterales#breadcrumb\"},\"inLanguage\":\"fr-FR\",\"potentialAction\":[{\"@type\":\"ReadAction\",\"target\":[\"https:\/\/www.africa-press.net\/tchad\/politique\/tchad-le-mouvement-les-sentinelles-veut-marcher-pour-contester-les-assises-unilaterales\"]}]},{\"@type\":\"ImageObject\",\"inLanguage\":\"fr-FR\",\"@id\":\"https:\/\/www.africa-press.net\/tchad\/politique\/tchad-le-mouvement-les-sentinelles-veut-marcher-pour-contester-les-assises-unilaterales#primaryimage\",\"url\":\"https:\/\/static.africa-press.net\/tchad\/sites\/41\/2022\/08\/postQueueImg_2-63050f4cdc2fa.jpg\",\"contentUrl\":\"https:\/\/static.africa-press.net\/tchad\/sites\/41\/2022\/08\/postQueueImg_2-63050f4cdc2fa.jpg\",\"width\":959,\"height\":683,\"caption\":\"Tchad : le mouvement \\\"Les sentinelles\\\" veut marcher pour contester les \\\"assises unilat\u00e9rales\\\"\"},{\"@type\":\"BreadcrumbList\",\"@id\":\"https:\/\/www.africa-press.net\/tchad\/politique\/tchad-le-mouvement-les-sentinelles-veut-marcher-pour-contester-les-assises-unilaterales#breadcrumb\",\"itemListElement\":[{\"@type\":\"ListItem\",\"position\":1,\"name\":\"Accueil\",\"item\":\"https:\/\/www.africa-press.net\/tchad\/\"},{\"@type\":\"ListItem\",\"position\":2,\"name\":\"Tchad : le mouvement &#8220;Les sentinelles&#8221; veut marcher pour contester les &#8220;assises unilat\u00e9rales&#8221;\"}]},{\"@type\":\"WebSite\",\"@id\":\"https:\/\/www.africa-press.net\/tchad\/#website\",\"url\":\"https:\/\/www.africa-press.net\/tchad\/\",\"name\":\"tchad\",\"description\":\"Just another Africa News Agency Sites site\",\"potentialAction\":[{\"@type\":\"SearchAction\",\"target\":{\"@type\":\"EntryPoint\",\"urlTemplate\":\"https:\/\/www.africa-press.net\/tchad\/?s={search_term_string}\"},\"query-input\":{\"@type\":\"PropertyValueSpecification\",\"valueRequired\":true,\"valueName\":\"search_term_string\"}}],\"inLanguage\":\"fr-FR\"},{\"@type\":\"Person\",\"@id\":\"https:\/\/www.africa-press.net\/tchad\/#\/schema\/person\/2b1cf3cd81a31e3cd26889ca66d677f1\",\"name\":\"cfeditorfr\"}]}<\/script>\n<!-- \/ Yoast SEO Premium plugin. -->","yoast_head_json":{"title":"Tchad : le mouvement \"Les sentinelles\" veut marcher pour contester les \"assises unilat\u00e9rales\" - tchad","description":"Le mouvement Les Sentinelles, par la voix de son porte-parole Barka Pierre, invite les jeunes \u00e0 \"surmonter la peur et ...","robots":{"index":"index","follow":"follow","max-snippet":"max-snippet:-1","max-image-preview":"max-image-preview:large","max-video-preview":"max-video-preview:-1"},"canonical":"https:\/\/www.africa-press.net\/tchad\/politique\/tchad-le-mouvement-les-sentinelles-veut-marcher-pour-contester-les-assises-unilaterales","og_locale":"fr_FR","og_type":"article","og_title":"Tchad : le mouvement \"Les sentinelles\" veut marcher pour contester les \"assises unilat\u00e9rales\"","og_description":"Le mouvement Les Sentinelles, par la voix de son porte-parole Barka Pierre, invite les jeunes \u00e0 \"surmonter la peur et ...","og_url":"https:\/\/www.africa-press.net\/tchad\/politique\/tchad-le-mouvement-les-sentinelles-veut-marcher-pour-contester-les-assises-unilaterales","og_site_name":"tchad","article_published_time":"2022-08-23T16:58:54+00:00","article_modified_time":"2022-08-23T17:33:18+00:00","og_image":[{"width":959,"height":683,"url":"https:\/\/static.africa-press.net\/tchad\/sites\/41\/2022\/08\/postQueueImg_2-63050f4cdc2fa.jpg","type":"image\/jpeg"}],"author":"cfeditorfr","twitter_card":"summary_large_image","twitter_misc":{"\u00c9crit par":"cfeditorfr","Dur\u00e9e de lecture estim\u00e9e":"1 minute"},"schema":{"@context":"https:\/\/schema.org","@graph":[{"@type":"Article","@id":"https:\/\/www.africa-press.net\/tchad\/politique\/tchad-le-mouvement-les-sentinelles-veut-marcher-pour-contester-les-assises-unilaterales#article","isPartOf":{"@id":"https:\/\/www.africa-press.net\/tchad\/politique\/tchad-le-mouvement-les-sentinelles-veut-marcher-pour-contester-les-assises-unilaterales"},"author":{"name":"cfeditorfr","@id":"https:\/\/www.africa-press.net\/tchad\/#\/schema\/person\/2b1cf3cd81a31e3cd26889ca66d677f1"},"headline":"Tchad : le mouvement \u00ab\u00a0Les sentinelles\u00a0\u00bb veut marcher pour contester les \u00ab\u00a0assises unilat\u00e9rales\u00a0\u00bb","datePublished":"2022-08-23T16:58:54+00:00","dateModified":"2022-08-23T17:33:18+00:00","mainEntityOfPage":{"@id":"https:\/\/www.africa-press.net\/tchad\/politique\/tchad-le-mouvement-les-sentinelles-veut-marcher-pour-contester-les-assises-unilaterales"},"wordCount":205,"commentCount":0,"image":{"@id":"https:\/\/www.africa-press.net\/tchad\/politique\/tchad-le-mouvement-les-sentinelles-veut-marcher-pour-contester-les-assises-unilaterales#primaryimage"},"thumbnailUrl":"https:\/\/static.africa-press.net\/tchad\/sites\/41\/2022\/08\/postQueueImg_2-63050f4cdc2fa.jpg","keywords":["Africa Press","Africa Press-Tchad","Tchad"],"articleSection":["homepage-french","Politique","Toutes les actualit\u00e9s"],"inLanguage":"fr-FR","potentialAction":[{"@type":"CommentAction","name":"Comment","target":["https:\/\/www.africa-press.net\/tchad\/politique\/tchad-le-mouvement-les-sentinelles-veut-marcher-pour-contester-les-assises-unilaterales#respond"]}]},{"@type":"WebPage","@id":"https:\/\/www.africa-press.net\/tchad\/politique\/tchad-le-mouvement-les-sentinelles-veut-marcher-pour-contester-les-assises-unilaterales","url":"https:\/\/www.africa-press.net\/tchad\/politique\/tchad-le-mouvement-les-sentinelles-veut-marcher-pour-contester-les-assises-unilaterales","name":"Tchad : le mouvement \"Les sentinelles\" veut marcher pour contester les \"assises unilat\u00e9rales\" - tchad","isPartOf":{"@id":"https:\/\/www.africa-press.net\/tchad\/#website"},"primaryImageOfPage":{"@id":"https:\/\/www.africa-press.net\/tchad\/politique\/tchad-le-mouvement-les-sentinelles-veut-marcher-pour-contester-les-assises-unilaterales#primaryimage"},"image":{"@id":"https:\/\/www.africa-press.net\/tchad\/politique\/tchad-le-mouvement-les-sentinelles-veut-marcher-pour-contester-les-assises-unilaterales#primaryimage"},"thumbnailUrl":"https:\/\/static.africa-press.net\/tchad\/sites\/41\/2022\/08\/postQueueImg_2-63050f4cdc2fa.jpg","datePublished":"2022-08-23T16:58:54+00:00","dateModified":"2022-08-23T17:33:18+00:00","author":{"@id":"https:\/\/www.africa-press.net\/tchad\/#\/schema\/person\/2b1cf3cd81a31e3cd26889ca66d677f1"},"description":"Le mouvement Les Sentinelles, par la voix de son porte-parole Barka Pierre, invite les jeunes \u00e0 \"surmonter la peur et ...","breadcrumb":{"@id":"https:\/\/www.africa-press.net\/tchad\/politique\/tchad-le-mouvement-les-sentinelles-veut-marcher-pour-contester-les-assises-unilaterales#breadcrumb"},"inLanguage":"fr-FR","potentialAction":[{"@type":"ReadAction","target":["https:\/\/www.africa-press.net\/tchad\/politique\/tchad-le-mouvement-les-sentinelles-veut-marcher-pour-contester-les-assises-unilaterales"]}]},{"@type":"ImageObject","inLanguage":"fr-FR","@id":"https:\/\/www.africa-press.net\/tchad\/politique\/tchad-le-mouvement-les-sentinelles-veut-marcher-pour-contester-les-assises-unilaterales#primaryimage","url":"https:\/\/static.africa-press.net\/tchad\/sites\/41\/2022\/08\/postQueueImg_2-63050f4cdc2fa.jpg","contentUrl":"https:\/\/static.africa-press.net\/tchad\/sites\/41\/2022\/08\/postQueueImg_2-63050f4cdc2fa.jpg","width":959,"height":683,"caption":"Tchad : le mouvement \"Les sentinelles\" veut marcher pour contester les \"assises unilat\u00e9rales\""},{"@type":"BreadcrumbList","@id":"https:\/\/www.africa-press.net\/tchad\/politique\/tchad-le-mouvement-les-sentinelles-veut-marcher-pour-contester-les-assises-unilaterales#breadcrumb","itemListElement":[{"@type":"ListItem","position":1,"name":"Accueil","item":"https:\/\/www.africa-press.net\/tchad\/"},{"@type":"ListItem","position":2,"name":"Tchad : le mouvement &#8220;Les sentinelles&#8221; veut marcher pour contester les &#8220;assises unilat\u00e9rales&#8221;"}]},{"@type":"WebSite","@id":"https:\/\/www.africa-press.net\/tchad\/#website","url":"https:\/\/www.africa-press.net\/tchad\/","name":"tchad","description":"Just another Africa News Agency Sites site","potentialAction":[{"@type":"SearchAction","target":{"@type":"EntryPoint","urlTemplate":"https:\/\/www.africa-press.net\/tchad\/?s={search_term_string}"},"query-input":{"@type":"PropertyValueSpecification","valueRequired":true,"valueName":"search_term_string"}}],"inLanguage":"fr-FR"},{"@type":"Person","@id":"https:\/\/www.africa-press.net\/tchad\/#\/schema\/person\/2b1cf3cd81a31e3cd26889ca66d677f1","name":"cfeditorfr"}]}},"_links":{"self":[{"href":"https:\/\/www.africa-press.net\/tchad\/wp-json\/wp\/v2\/posts\/31129","targetHints":{"allow":["GET"]}}],"collection":[{"href":"https:\/\/www.africa-press.net\/tchad\/wp-json\/wp\/v2\/posts"}],"about":[{"href":"https:\/\/www.africa-press.net\/tchad\/wp-json\/wp\/v2\/types\/post"}],"author":[{"embeddable":true,"href":"https:\/\/www.africa-press.net\/tchad\/wp-json\/wp\/v2\/users\/82"}],"replies":[{"embeddable":true,"href":"https:\/\/www.africa-press.net\/tchad\/wp-json\/wp\/v2\/comments?post=31129"}],"version-history":[{"count":0,"href":"https:\/\/www.africa-press.net\/tchad\/wp-json\/wp\/v2\/posts\/31129\/revisions"}],"wp:featuredmedia":[{"embeddable":true,"href":"https:\/\/www.africa-press.net\/tchad\/wp-json\/wp\/v2\/media\/31128"}],"wp:attachment":[{"href":"https:\/\/www.africa-press.net\/tchad\/wp-json\/wp\/v2\/media?parent=31129"}],"wp:term":[{"taxonomy":"category","embeddable":true,"href":"https:\/\/www.africa-press.net\/tchad\/wp-json\/wp\/v2\/categories?post=31129"},{"taxonomy":"post_tag","embeddable":true,"href":"https:\/\/www.africa-press.net\/tchad\/wp-json\/wp\/v2\/tags?post=31129"}],"curies":[{"name":"wp","href":"https:\/\/api.w.org\/{rel}","templated":true}]}}