{"id":31132,"date":"2022-08-23T16:59:17","date_gmt":"2022-08-23T16:59:17","guid":{"rendered":"https:\/\/www.africa-press.net\/tchad\/politique\/tchad-concours-dentree-a-lecole-des-agents-sanitaires-et-sociaux-a-ati"},"modified":"2022-08-23T17:33:41","modified_gmt":"2022-08-23T17:33:41","slug":"tchad-concours-dentree-a-lecole-des-agents-sanitaires-et-sociaux-a-ati","status":"publish","type":"post","link":"https:\/\/www.africa-press.net\/tchad\/toutes-les-actualites\/tchad-concours-dentree-a-lecole-des-agents-sanitaires-et-sociaux-a-ati","title":{"rendered":"Tchad : concours d&rsquo;entr\u00e9e \u00e0 l&rsquo;\u00c9cole des agents sanitaires et sociaux \u00e0 Ati"},"content":{"rendered":"<p><span style=\"color: #ff6600\"><strong>Africa-Press &#8211; Tchad. <\/strong><\/span>L&rsquo;\u00c9cole priv\u00e9e de formation professionnelle des agents sanitaires et sociaux, a lanc\u00e9 le 22 ao\u00fbt le concours d&rsquo;entr\u00e9e aux candidats d&rsquo;Ati.<\/p>\n<p>La composition a eu lieu au lyc\u00e9e Acyl Ahmat Akhabach. Le concours permettra d\u2019aboutir \u00e0 la premi\u00e8re promotion de l&rsquo;\u00c9cole dans la province. Au total, 92 candidats (es) francophones comme arabophones, ont compos\u00e9 le concours d&rsquo;entr\u00e9e. Les fili\u00e8res choisies sont : arts, IDE, sages-femmes dipl\u00f4m\u00e9s d&rsquo;\u00c9tat et ACC.<\/p>\n<p>Pour le repr\u00e9sentant du directeur de l&rsquo;\u00c9cole, Ali Mahamat Oumar, \u00ab choisir le m\u00e9tier de la sant\u00e9 humaine n&rsquo;est pas chose facile \u00bb. Il appelle les candidats \u00e0 travailler dans la s\u00e9r\u00e9nit\u00e9 et le calme, pour une bonne r\u00e9ussite.<\/p>\n<p>En donnant le coup d&rsquo;envoi, le d\u00e9l\u00e9gu\u00e9 sanitaire Dr Foksia Elie s&rsquo;est r\u00e9joui de la formation des agents sanitaires dans la province. Il a relev\u00e9 que le Batha n&rsquo;avait pas une \u00c9cole professionnelle en mati\u00e8re de sant\u00e9.<\/p>\n<p>Selon Foksia Elie, les besoins en mati\u00e8re de sant\u00e9 sont \u00e9normes dans la province. Il remercie les initiateurs de l&rsquo;\u00c9cole pour leur contribution \u00e0 l&rsquo;am\u00e9lioration des indicateurs de sant\u00e9.<\/p>\n<p><strong>Pour plus d&rsquo;informations et d&rsquo;analyses sur la <a href=\"https:\/\/www.africa-press.net\/tchad\">Tchad<\/a>, suivez <a href=\"https:\/\/www.africa-press.net\/\">Africa-Press<\/a><\/strong><\/p>\n","protected":false},"excerpt":{"rendered":"<p>Africa-Press &#8211; Tchad. L&rsquo;\u00c9cole priv\u00e9e de formation professionnelle des agents sanitaires et sociaux, a lanc\u00e9 le 22 ao\u00fbt le concours d&rsquo;entr\u00e9e aux candidats d&rsquo;Ati. La composition a eu lieu au lyc\u00e9e Acyl Ahmat Akhabach. Le concours permettra d\u2019aboutir \u00e0 la premi\u00e8re promotion de l&rsquo;\u00c9cole dans la province. Au total, 92 candidats (es) francophones comme arabophones, [&hellip;]<\/p>\n","protected":false},"author":82,"featured_media":31131,"comment_status":"open","ping_status":"closed","sticky":false,"template":"","format":"standard","meta":{"footnotes":""},"categories":[21,11,10],"tags":[37,292,29],"class_list":["post-31132","post","type-post","status-publish","format-standard","has-post-thumbnail","hentry","category-communaute","category-homepage-french","category-toutes-les-actualites","tag-africa-press","tag-africa-press-tchad","tag-tchad"],"yoast_head":"<!-- This site is optimized with the Yoast SEO Premium plugin v26.1 (Yoast SEO v27.0) - https:\/\/yoast.com\/product\/yoast-seo-premium-wordpress\/ -->\n<title>Tchad : concours d&#039;entr\u00e9e \u00e0 l&#039;\u00c9cole des agents sanitaires et sociaux \u00e0 Ati - tchad<\/title>\n<meta name=\"description\" content=\"L&#039;\u00c9cole priv\u00e9e de formation professionnelle des agents sanitaires et sociaux, a lanc\u00e9 le 22 ao\u00fbt le concours d&#039;entr\u00e9e au ...\" \/>\n<meta name=\"robots\" content=\"index, follow, max-snippet:-1, max-image-preview:large, max-video-preview:-1\" \/>\n<link rel=\"canonical\" href=\"https:\/\/www.africa-press.net\/tchad\/toutes-les-actualites\/tchad-concours-dentree-a-lecole-des-agents-sanitaires-et-sociaux-a-ati\" \/>\n<meta property=\"og:locale\" content=\"fr_FR\" \/>\n<meta property=\"og:type\" content=\"article\" \/>\n<meta property=\"og:title\" content=\"Tchad : concours d&#039;entr\u00e9e \u00e0 l&#039;\u00c9cole des agents sanitaires et sociaux \u00e0 Ati\" \/>\n<meta property=\"og:description\" content=\"L&#039;\u00c9cole priv\u00e9e de formation professionnelle des agents sanitaires et sociaux, a lanc\u00e9 le 22 ao\u00fbt le concours d&#039;entr\u00e9e au ...\" \/>\n<meta property=\"og:url\" content=\"https:\/\/www.africa-press.net\/tchad\/toutes-les-actualites\/tchad-concours-dentree-a-lecole-des-agents-sanitaires-et-sociaux-a-ati\" \/>\n<meta property=\"og:site_name\" content=\"tchad\" \/>\n<meta property=\"article:published_time\" content=\"2022-08-23T16:59:17+00:00\" \/>\n<meta property=\"article:modified_time\" content=\"2022-08-23T17:33:41+00:00\" \/>\n<meta property=\"og:image\" content=\"https:\/\/static.africa-press.net\/tchad\/sites\/41\/2022\/08\/postQueueImg_3-63050f63eb433.jpg\" \/>\n\t<meta property=\"og:image:width\" content=\"1000\" \/>\n\t<meta property=\"og:image:height\" content=\"562\" \/>\n\t<meta property=\"og:image:type\" content=\"image\/jpeg\" \/>\n<meta name=\"author\" content=\"cfeditorfr\" \/>\n<meta name=\"twitter:card\" content=\"summary_large_image\" \/>\n<meta name=\"twitter:label1\" content=\"\u00c9crit par\" \/>\n\t<meta name=\"twitter:data1\" content=\"cfeditorfr\" \/>\n\t<meta name=\"twitter:label2\" content=\"Dur\u00e9e de lecture estim\u00e9e\" \/>\n\t<meta name=\"twitter:data2\" content=\"1 minute\" \/>\n<script type=\"application\/ld+json\" class=\"yoast-schema-graph\">{\"@context\":\"https:\/\/schema.org\",\"@graph\":[{\"@type\":\"Article\",\"@id\":\"https:\/\/www.africa-press.net\/tchad\/toutes-les-actualites\/tchad-concours-dentree-a-lecole-des-agents-sanitaires-et-sociaux-a-ati#article\",\"isPartOf\":{\"@id\":\"https:\/\/www.africa-press.net\/tchad\/toutes-les-actualites\/tchad-concours-dentree-a-lecole-des-agents-sanitaires-et-sociaux-a-ati\"},\"author\":{\"name\":\"cfeditorfr\",\"@id\":\"https:\/\/www.africa-press.net\/tchad\/#\/schema\/person\/2b1cf3cd81a31e3cd26889ca66d677f1\"},\"headline\":\"Tchad : concours d&rsquo;entr\u00e9e \u00e0 l&rsquo;\u00c9cole des agents sanitaires et sociaux \u00e0 Ati\",\"datePublished\":\"2022-08-23T16:59:17+00:00\",\"dateModified\":\"2022-08-23T17:33:41+00:00\",\"mainEntityOfPage\":{\"@id\":\"https:\/\/www.africa-press.net\/tchad\/toutes-les-actualites\/tchad-concours-dentree-a-lecole-des-agents-sanitaires-et-sociaux-a-ati\"},\"wordCount\":228,\"commentCount\":0,\"image\":{\"@id\":\"https:\/\/www.africa-press.net\/tchad\/toutes-les-actualites\/tchad-concours-dentree-a-lecole-des-agents-sanitaires-et-sociaux-a-ati#primaryimage\"},\"thumbnailUrl\":\"https:\/\/static.africa-press.net\/tchad\/sites\/41\/2022\/08\/postQueueImg_3-63050f63eb433.jpg\",\"keywords\":[\"Africa Press\",\"Africa Press-Tchad\",\"Tchad\"],\"articleSection\":[\"Communaut\u00e9\",\"homepage-french\",\"Toutes les actualit\u00e9s\"],\"inLanguage\":\"fr-FR\",\"potentialAction\":[{\"@type\":\"CommentAction\",\"name\":\"Comment\",\"target\":[\"https:\/\/www.africa-press.net\/tchad\/toutes-les-actualites\/tchad-concours-dentree-a-lecole-des-agents-sanitaires-et-sociaux-a-ati#respond\"]}]},{\"@type\":\"WebPage\",\"@id\":\"https:\/\/www.africa-press.net\/tchad\/toutes-les-actualites\/tchad-concours-dentree-a-lecole-des-agents-sanitaires-et-sociaux-a-ati\",\"url\":\"https:\/\/www.africa-press.net\/tchad\/toutes-les-actualites\/tchad-concours-dentree-a-lecole-des-agents-sanitaires-et-sociaux-a-ati\",\"name\":\"Tchad : concours d'entr\u00e9e \u00e0 l'\u00c9cole des agents sanitaires et sociaux \u00e0 Ati - tchad\",\"isPartOf\":{\"@id\":\"https:\/\/www.africa-press.net\/tchad\/#website\"},\"primaryImageOfPage\":{\"@id\":\"https:\/\/www.africa-press.net\/tchad\/toutes-les-actualites\/tchad-concours-dentree-a-lecole-des-agents-sanitaires-et-sociaux-a-ati#primaryimage\"},\"image\":{\"@id\":\"https:\/\/www.africa-press.net\/tchad\/toutes-les-actualites\/tchad-concours-dentree-a-lecole-des-agents-sanitaires-et-sociaux-a-ati#primaryimage\"},\"thumbnailUrl\":\"https:\/\/static.africa-press.net\/tchad\/sites\/41\/2022\/08\/postQueueImg_3-63050f63eb433.jpg\",\"datePublished\":\"2022-08-23T16:59:17+00:00\",\"dateModified\":\"2022-08-23T17:33:41+00:00\",\"author\":{\"@id\":\"https:\/\/www.africa-press.net\/tchad\/#\/schema\/person\/2b1cf3cd81a31e3cd26889ca66d677f1\"},\"description\":\"L'\u00c9cole priv\u00e9e de formation professionnelle des agents sanitaires et sociaux, a lanc\u00e9 le 22 ao\u00fbt le concours d'entr\u00e9e au ...\",\"breadcrumb\":{\"@id\":\"https:\/\/www.africa-press.net\/tchad\/toutes-les-actualites\/tchad-concours-dentree-a-lecole-des-agents-sanitaires-et-sociaux-a-ati#breadcrumb\"},\"inLanguage\":\"fr-FR\",\"potentialAction\":[{\"@type\":\"ReadAction\",\"target\":[\"https:\/\/www.africa-press.net\/tchad\/toutes-les-actualites\/tchad-concours-dentree-a-lecole-des-agents-sanitaires-et-sociaux-a-ati\"]}]},{\"@type\":\"ImageObject\",\"inLanguage\":\"fr-FR\",\"@id\":\"https:\/\/www.africa-press.net\/tchad\/toutes-les-actualites\/tchad-concours-dentree-a-lecole-des-agents-sanitaires-et-sociaux-a-ati#primaryimage\",\"url\":\"https:\/\/static.africa-press.net\/tchad\/sites\/41\/2022\/08\/postQueueImg_3-63050f63eb433.jpg\",\"contentUrl\":\"https:\/\/static.africa-press.net\/tchad\/sites\/41\/2022\/08\/postQueueImg_3-63050f63eb433.jpg\",\"width\":1000,\"height\":562,\"caption\":\"Tchad : concours d'entr\u00e9e \u00e0 l'\u00c9cole des agents sanitaires et sociaux \u00e0 Ati\"},{\"@type\":\"BreadcrumbList\",\"@id\":\"https:\/\/www.africa-press.net\/tchad\/toutes-les-actualites\/tchad-concours-dentree-a-lecole-des-agents-sanitaires-et-sociaux-a-ati#breadcrumb\",\"itemListElement\":[{\"@type\":\"ListItem\",\"position\":1,\"name\":\"Accueil\",\"item\":\"https:\/\/www.africa-press.net\/tchad\/\"},{\"@type\":\"ListItem\",\"position\":2,\"name\":\"Tchad : concours d&#8217;entr\u00e9e \u00e0 l&#8217;\u00c9cole des agents sanitaires et sociaux \u00e0 Ati\"}]},{\"@type\":\"WebSite\",\"@id\":\"https:\/\/www.africa-press.net\/tchad\/#website\",\"url\":\"https:\/\/www.africa-press.net\/tchad\/\",\"name\":\"tchad\",\"description\":\"Just another Africa News Agency Sites site\",\"potentialAction\":[{\"@type\":\"SearchAction\",\"target\":{\"@type\":\"EntryPoint\",\"urlTemplate\":\"https:\/\/www.africa-press.net\/tchad\/?s={search_term_string}\"},\"query-input\":{\"@type\":\"PropertyValueSpecification\",\"valueRequired\":true,\"valueName\":\"search_term_string\"}}],\"inLanguage\":\"fr-FR\"},{\"@type\":\"Person\",\"@id\":\"https:\/\/www.africa-press.net\/tchad\/#\/schema\/person\/2b1cf3cd81a31e3cd26889ca66d677f1\",\"name\":\"cfeditorfr\"}]}<\/script>\n<!-- \/ Yoast SEO Premium plugin. -->","yoast_head_json":{"title":"Tchad : concours d'entr\u00e9e \u00e0 l'\u00c9cole des agents sanitaires et sociaux \u00e0 Ati - tchad","description":"L'\u00c9cole priv\u00e9e de formation professionnelle des agents sanitaires et sociaux, a lanc\u00e9 le 22 ao\u00fbt le concours d'entr\u00e9e au ...","robots":{"index":"index","follow":"follow","max-snippet":"max-snippet:-1","max-image-preview":"max-image-preview:large","max-video-preview":"max-video-preview:-1"},"canonical":"https:\/\/www.africa-press.net\/tchad\/toutes-les-actualites\/tchad-concours-dentree-a-lecole-des-agents-sanitaires-et-sociaux-a-ati","og_locale":"fr_FR","og_type":"article","og_title":"Tchad : concours d'entr\u00e9e \u00e0 l'\u00c9cole des agents sanitaires et sociaux \u00e0 Ati","og_description":"L'\u00c9cole priv\u00e9e de formation professionnelle des agents sanitaires et sociaux, a lanc\u00e9 le 22 ao\u00fbt le concours d'entr\u00e9e au ...","og_url":"https:\/\/www.africa-press.net\/tchad\/toutes-les-actualites\/tchad-concours-dentree-a-lecole-des-agents-sanitaires-et-sociaux-a-ati","og_site_name":"tchad","article_published_time":"2022-08-23T16:59:17+00:00","article_modified_time":"2022-08-23T17:33:41+00:00","og_image":[{"width":1000,"height":562,"url":"https:\/\/static.africa-press.net\/tchad\/sites\/41\/2022\/08\/postQueueImg_3-63050f63eb433.jpg","type":"image\/jpeg"}],"author":"cfeditorfr","twitter_card":"summary_large_image","twitter_misc":{"\u00c9crit par":"cfeditorfr","Dur\u00e9e de lecture estim\u00e9e":"1 minute"},"schema":{"@context":"https:\/\/schema.org","@graph":[{"@type":"Article","@id":"https:\/\/www.africa-press.net\/tchad\/toutes-les-actualites\/tchad-concours-dentree-a-lecole-des-agents-sanitaires-et-sociaux-a-ati#article","isPartOf":{"@id":"https:\/\/www.africa-press.net\/tchad\/toutes-les-actualites\/tchad-concours-dentree-a-lecole-des-agents-sanitaires-et-sociaux-a-ati"},"author":{"name":"cfeditorfr","@id":"https:\/\/www.africa-press.net\/tchad\/#\/schema\/person\/2b1cf3cd81a31e3cd26889ca66d677f1"},"headline":"Tchad : concours d&rsquo;entr\u00e9e \u00e0 l&rsquo;\u00c9cole des agents sanitaires et sociaux \u00e0 Ati","datePublished":"2022-08-23T16:59:17+00:00","dateModified":"2022-08-23T17:33:41+00:00","mainEntityOfPage":{"@id":"https:\/\/www.africa-press.net\/tchad\/toutes-les-actualites\/tchad-concours-dentree-a-lecole-des-agents-sanitaires-et-sociaux-a-ati"},"wordCount":228,"commentCount":0,"image":{"@id":"https:\/\/www.africa-press.net\/tchad\/toutes-les-actualites\/tchad-concours-dentree-a-lecole-des-agents-sanitaires-et-sociaux-a-ati#primaryimage"},"thumbnailUrl":"https:\/\/static.africa-press.net\/tchad\/sites\/41\/2022\/08\/postQueueImg_3-63050f63eb433.jpg","keywords":["Africa Press","Africa Press-Tchad","Tchad"],"articleSection":["Communaut\u00e9","homepage-french","Toutes les actualit\u00e9s"],"inLanguage":"fr-FR","potentialAction":[{"@type":"CommentAction","name":"Comment","target":["https:\/\/www.africa-press.net\/tchad\/toutes-les-actualites\/tchad-concours-dentree-a-lecole-des-agents-sanitaires-et-sociaux-a-ati#respond"]}]},{"@type":"WebPage","@id":"https:\/\/www.africa-press.net\/tchad\/toutes-les-actualites\/tchad-concours-dentree-a-lecole-des-agents-sanitaires-et-sociaux-a-ati","url":"https:\/\/www.africa-press.net\/tchad\/toutes-les-actualites\/tchad-concours-dentree-a-lecole-des-agents-sanitaires-et-sociaux-a-ati","name":"Tchad : concours d'entr\u00e9e \u00e0 l'\u00c9cole des agents sanitaires et sociaux \u00e0 Ati - tchad","isPartOf":{"@id":"https:\/\/www.africa-press.net\/tchad\/#website"},"primaryImageOfPage":{"@id":"https:\/\/www.africa-press.net\/tchad\/toutes-les-actualites\/tchad-concours-dentree-a-lecole-des-agents-sanitaires-et-sociaux-a-ati#primaryimage"},"image":{"@id":"https:\/\/www.africa-press.net\/tchad\/toutes-les-actualites\/tchad-concours-dentree-a-lecole-des-agents-sanitaires-et-sociaux-a-ati#primaryimage"},"thumbnailUrl":"https:\/\/static.africa-press.net\/tchad\/sites\/41\/2022\/08\/postQueueImg_3-63050f63eb433.jpg","datePublished":"2022-08-23T16:59:17+00:00","dateModified":"2022-08-23T17:33:41+00:00","author":{"@id":"https:\/\/www.africa-press.net\/tchad\/#\/schema\/person\/2b1cf3cd81a31e3cd26889ca66d677f1"},"description":"L'\u00c9cole priv\u00e9e de formation professionnelle des agents sanitaires et sociaux, a lanc\u00e9 le 22 ao\u00fbt le concours d'entr\u00e9e au ...","breadcrumb":{"@id":"https:\/\/www.africa-press.net\/tchad\/toutes-les-actualites\/tchad-concours-dentree-a-lecole-des-agents-sanitaires-et-sociaux-a-ati#breadcrumb"},"inLanguage":"fr-FR","potentialAction":[{"@type":"ReadAction","target":["https:\/\/www.africa-press.net\/tchad\/toutes-les-actualites\/tchad-concours-dentree-a-lecole-des-agents-sanitaires-et-sociaux-a-ati"]}]},{"@type":"ImageObject","inLanguage":"fr-FR","@id":"https:\/\/www.africa-press.net\/tchad\/toutes-les-actualites\/tchad-concours-dentree-a-lecole-des-agents-sanitaires-et-sociaux-a-ati#primaryimage","url":"https:\/\/static.africa-press.net\/tchad\/sites\/41\/2022\/08\/postQueueImg_3-63050f63eb433.jpg","contentUrl":"https:\/\/static.africa-press.net\/tchad\/sites\/41\/2022\/08\/postQueueImg_3-63050f63eb433.jpg","width":1000,"height":562,"caption":"Tchad : concours d'entr\u00e9e \u00e0 l'\u00c9cole des agents sanitaires et sociaux \u00e0 Ati"},{"@type":"BreadcrumbList","@id":"https:\/\/www.africa-press.net\/tchad\/toutes-les-actualites\/tchad-concours-dentree-a-lecole-des-agents-sanitaires-et-sociaux-a-ati#breadcrumb","itemListElement":[{"@type":"ListItem","position":1,"name":"Accueil","item":"https:\/\/www.africa-press.net\/tchad\/"},{"@type":"ListItem","position":2,"name":"Tchad : concours d&#8217;entr\u00e9e \u00e0 l&#8217;\u00c9cole des agents sanitaires et sociaux \u00e0 Ati"}]},{"@type":"WebSite","@id":"https:\/\/www.africa-press.net\/tchad\/#website","url":"https:\/\/www.africa-press.net\/tchad\/","name":"tchad","description":"Just another Africa News Agency Sites site","potentialAction":[{"@type":"SearchAction","target":{"@type":"EntryPoint","urlTemplate":"https:\/\/www.africa-press.net\/tchad\/?s={search_term_string}"},"query-input":{"@type":"PropertyValueSpecification","valueRequired":true,"valueName":"search_term_string"}}],"inLanguage":"fr-FR"},{"@type":"Person","@id":"https:\/\/www.africa-press.net\/tchad\/#\/schema\/person\/2b1cf3cd81a31e3cd26889ca66d677f1","name":"cfeditorfr"}]}},"_links":{"self":[{"href":"https:\/\/www.africa-press.net\/tchad\/wp-json\/wp\/v2\/posts\/31132","targetHints":{"allow":["GET"]}}],"collection":[{"href":"https:\/\/www.africa-press.net\/tchad\/wp-json\/wp\/v2\/posts"}],"about":[{"href":"https:\/\/www.africa-press.net\/tchad\/wp-json\/wp\/v2\/types\/post"}],"author":[{"embeddable":true,"href":"https:\/\/www.africa-press.net\/tchad\/wp-json\/wp\/v2\/users\/82"}],"replies":[{"embeddable":true,"href":"https:\/\/www.africa-press.net\/tchad\/wp-json\/wp\/v2\/comments?post=31132"}],"version-history":[{"count":0,"href":"https:\/\/www.africa-press.net\/tchad\/wp-json\/wp\/v2\/posts\/31132\/revisions"}],"wp:featuredmedia":[{"embeddable":true,"href":"https:\/\/www.africa-press.net\/tchad\/wp-json\/wp\/v2\/media\/31131"}],"wp:attachment":[{"href":"https:\/\/www.africa-press.net\/tchad\/wp-json\/wp\/v2\/media?parent=31132"}],"wp:term":[{"taxonomy":"category","embeddable":true,"href":"https:\/\/www.africa-press.net\/tchad\/wp-json\/wp\/v2\/categories?post=31132"},{"taxonomy":"post_tag","embeddable":true,"href":"https:\/\/www.africa-press.net\/tchad\/wp-json\/wp\/v2\/tags?post=31132"}],"curies":[{"name":"wp","href":"https:\/\/api.w.org\/{rel}","templated":true}]}}