{"id":31135,"date":"2022-08-23T16:59:32","date_gmt":"2022-08-23T16:59:32","guid":{"rendered":"https:\/\/www.africa-press.net\/tchad\/politique\/tchad-au-guera-une-lutte-contre-les-traditions-nuisibles-au-bien-etre-des-enfants"},"modified":"2022-08-23T17:34:04","modified_gmt":"2022-08-23T17:34:04","slug":"tchad-au-guera-une-lutte-contre-les-traditions-nuisibles-au-bien-etre-des-enfants","status":"publish","type":"post","link":"https:\/\/www.africa-press.net\/tchad\/toutes-les-actualites\/tchad-au-guera-une-lutte-contre-les-traditions-nuisibles-au-bien-etre-des-enfants","title":{"rendered":"Tchad : au Guera, une lutte contre les traditions nuisibles au bien-\u00eatre des enfants"},"content":{"rendered":"<p><span style=\"color: #ff6600\"><strong>Africa-Press &#8211; Tchad. <\/strong><\/span>La d\u00e9l\u00e9gation de la Femme, de la Famille et de la Protection de la petite enfance du Guera a lanc\u00e9 le 22 ao\u00fbt 2022, un atelier de formation de 20 animateurs et leaders, sur la communication pour le d\u00e9veloppement, \u00e0 travers des s\u00e9ances de dialogue communautaire.<\/p>\n<p>L&rsquo;objectif est de contribuer \u00e0 la pr\u00e9vention et \u00e0 la protection des enfants contre les mutilations g\u00e9nitales f\u00e9minines, le mariage d&rsquo;enfants et de promouvoir l&rsquo;enregistrement des naissances, gr\u00e2ce \u00e0 la communication pour le changement social et le changement de comportement au sein des populations.<\/p>\n<p>Il s\u2019agit \u00e9galement de renforcer les connaissances des participants, sur la communication pour le d\u00e9veloppement et le changement de comportement.<\/p>\n<p>Pour le d\u00e9l\u00e9gu\u00e9 provincial de la Femme, de la Famille et de la Protection de la petite enfance, Abdel-Aziz Al-Hadj Damalia, \u00ab prot\u00e9ger nos enfants, c&rsquo;est pr\u00e9venir et r\u00e9pondre aux s\u00e9vices, aux violences et aux abus faits \u00e0 l&rsquo;\u00e9gard de ceux-ci \u00bb. \u00ab Nous allons \u00e9galement lutter contre toutes les pratiques traditionnelles qui nuisent au bien-\u00eatre de nos enfants. Ces valeurs traditionnelles que nous avons conserv\u00e9es depuis des g\u00e9n\u00e9rations doivent disparaitre aux cas o\u00f9 elles freinent l&rsquo;\u00e9panouissement de nos enfants \u00bb, a-t-il dit.<\/p>\n<p>Salhadine Ahmat Mahamat, pr\u00e9fet du d\u00e9partement du Guera, rel\u00e8ve que la province rencontre fr\u00e9quemment des probl\u00e8mes de protection des femmes et des enfants. 64,1 % de femmes \u00e2g\u00e9es de 15 \u00e0 49 ans ont \u00e9t\u00e9 victimes des mutilations g\u00e9nitales f\u00e9minines dans cette province, contre 34.1 % au niveau national ; 62,5 % des femmes de 20 \u00e0 49 ans interrog\u00e9es (780) dans la province, ont d\u00e9clar\u00e9 \u00eatre mari\u00e9es avant l&rsquo;\u00e2ge de 18 ans, selon une enqu\u00eate de 2019.<\/p>\n<p>\u00c0 cela s&rsquo;ajoutent d&rsquo;autres types de violences dont les enfants sont le plus souvent victimes : sur 2 866 enfants de 1 \u00e0 14 ans interrog\u00e9s, 87,9 % ont d\u00e9clar\u00e9 avoir \u00e9t\u00e9 victimes d&rsquo;agressions\/violences psychologiques ou physiques.<\/p>\n<p>Enfin, seulement 36,8 % d&rsquo;enfants de moins de 5 ans sont enregistr\u00e9s \u00e0 l&rsquo;\u00e9tat civil. Plusieurs facteurs d&rsquo;ordre social, culturel, \u00e9conomique, politique ou religieux alimentent cette situation.<\/p>\n<p><strong>Pour plus d&rsquo;informations et d&rsquo;analyses sur la <a href=\"https:\/\/www.africa-press.net\/tchad\">Tchad<\/a>, suivez <a href=\"https:\/\/www.africa-press.net\/\">Africa-Press<\/a><\/strong><\/p>\n","protected":false},"excerpt":{"rendered":"<p>Africa-Press &#8211; Tchad. La d\u00e9l\u00e9gation de la Femme, de la Famille et de la Protection de la petite enfance du Guera a lanc\u00e9 le 22 ao\u00fbt 2022, un atelier de formation de 20 animateurs et leaders, sur la communication pour le d\u00e9veloppement, \u00e0 travers des s\u00e9ances de dialogue communautaire. L&rsquo;objectif est de contribuer \u00e0 la [&hellip;]<\/p>\n","protected":false},"author":82,"featured_media":31134,"comment_status":"open","ping_status":"closed","sticky":false,"template":"","format":"standard","meta":{"footnotes":""},"categories":[21,11,10],"tags":[37,292,29],"class_list":["post-31135","post","type-post","status-publish","format-standard","has-post-thumbnail","hentry","category-communaute","category-homepage-french","category-toutes-les-actualites","tag-africa-press","tag-africa-press-tchad","tag-tchad"],"yoast_head":"<!-- This site is optimized with the Yoast SEO Premium plugin v26.1 (Yoast SEO v27.0) - https:\/\/yoast.com\/product\/yoast-seo-premium-wordpress\/ -->\n<title>Tchad : au Guera, une lutte contre les traditions nuisibles au bien-\u00eatre des enfants - tchad<\/title>\n<meta name=\"description\" content=\"La d\u00e9l\u00e9gation de la Femme, de la Famille et de la Protection de la petite enfance du Guera a lanc\u00e9 le 22 ao\u00fbt 2022, un a ...\" \/>\n<meta name=\"robots\" content=\"index, follow, max-snippet:-1, max-image-preview:large, max-video-preview:-1\" \/>\n<link rel=\"canonical\" href=\"https:\/\/www.africa-press.net\/tchad\/toutes-les-actualites\/tchad-au-guera-une-lutte-contre-les-traditions-nuisibles-au-bien-etre-des-enfants\" \/>\n<meta property=\"og:locale\" content=\"fr_FR\" \/>\n<meta property=\"og:type\" content=\"article\" \/>\n<meta property=\"og:title\" content=\"Tchad : au Guera, une lutte contre les traditions nuisibles au bien-\u00eatre des enfants\" \/>\n<meta property=\"og:description\" content=\"La d\u00e9l\u00e9gation de la Femme, de la Famille et de la Protection de la petite enfance du Guera a lanc\u00e9 le 22 ao\u00fbt 2022, un a ...\" \/>\n<meta property=\"og:url\" content=\"https:\/\/www.africa-press.net\/tchad\/toutes-les-actualites\/tchad-au-guera-une-lutte-contre-les-traditions-nuisibles-au-bien-etre-des-enfants\" \/>\n<meta property=\"og:site_name\" content=\"tchad\" \/>\n<meta property=\"article:published_time\" content=\"2022-08-23T16:59:32+00:00\" \/>\n<meta property=\"article:modified_time\" content=\"2022-08-23T17:34:04+00:00\" \/>\n<meta property=\"og:image\" content=\"https:\/\/static.africa-press.net\/tchad\/sites\/41\/2022\/08\/postQueueImg_4-63050f7aaf2b4.jpg\" \/>\n\t<meta property=\"og:image:width\" content=\"960\" \/>\n\t<meta property=\"og:image:height\" content=\"540\" \/>\n\t<meta property=\"og:image:type\" content=\"image\/jpeg\" \/>\n<meta name=\"author\" content=\"cfeditorfr\" \/>\n<meta name=\"twitter:card\" content=\"summary_large_image\" \/>\n<meta name=\"twitter:label1\" content=\"\u00c9crit par\" \/>\n\t<meta name=\"twitter:data1\" content=\"cfeditorfr\" \/>\n\t<meta name=\"twitter:label2\" content=\"Dur\u00e9e de lecture estim\u00e9e\" \/>\n\t<meta name=\"twitter:data2\" content=\"2 minutes\" \/>\n<script type=\"application\/ld+json\" class=\"yoast-schema-graph\">{\"@context\":\"https:\/\/schema.org\",\"@graph\":[{\"@type\":\"Article\",\"@id\":\"https:\/\/www.africa-press.net\/tchad\/toutes-les-actualites\/tchad-au-guera-une-lutte-contre-les-traditions-nuisibles-au-bien-etre-des-enfants#article\",\"isPartOf\":{\"@id\":\"https:\/\/www.africa-press.net\/tchad\/toutes-les-actualites\/tchad-au-guera-une-lutte-contre-les-traditions-nuisibles-au-bien-etre-des-enfants\"},\"author\":{\"name\":\"cfeditorfr\",\"@id\":\"https:\/\/www.africa-press.net\/tchad\/#\/schema\/person\/2b1cf3cd81a31e3cd26889ca66d677f1\"},\"headline\":\"Tchad : au Guera, une lutte contre les traditions nuisibles au bien-\u00eatre des enfants\",\"datePublished\":\"2022-08-23T16:59:32+00:00\",\"dateModified\":\"2022-08-23T17:34:04+00:00\",\"mainEntityOfPage\":{\"@id\":\"https:\/\/www.africa-press.net\/tchad\/toutes-les-actualites\/tchad-au-guera-une-lutte-contre-les-traditions-nuisibles-au-bien-etre-des-enfants\"},\"wordCount\":373,\"commentCount\":0,\"image\":{\"@id\":\"https:\/\/www.africa-press.net\/tchad\/toutes-les-actualites\/tchad-au-guera-une-lutte-contre-les-traditions-nuisibles-au-bien-etre-des-enfants#primaryimage\"},\"thumbnailUrl\":\"https:\/\/static.africa-press.net\/tchad\/sites\/41\/2022\/08\/postQueueImg_4-63050f7aaf2b4.jpg\",\"keywords\":[\"Africa Press\",\"Africa Press-Tchad\",\"Tchad\"],\"articleSection\":[\"Communaut\u00e9\",\"homepage-french\",\"Toutes les actualit\u00e9s\"],\"inLanguage\":\"fr-FR\",\"potentialAction\":[{\"@type\":\"CommentAction\",\"name\":\"Comment\",\"target\":[\"https:\/\/www.africa-press.net\/tchad\/toutes-les-actualites\/tchad-au-guera-une-lutte-contre-les-traditions-nuisibles-au-bien-etre-des-enfants#respond\"]}]},{\"@type\":\"WebPage\",\"@id\":\"https:\/\/www.africa-press.net\/tchad\/toutes-les-actualites\/tchad-au-guera-une-lutte-contre-les-traditions-nuisibles-au-bien-etre-des-enfants\",\"url\":\"https:\/\/www.africa-press.net\/tchad\/toutes-les-actualites\/tchad-au-guera-une-lutte-contre-les-traditions-nuisibles-au-bien-etre-des-enfants\",\"name\":\"Tchad : au Guera, une lutte contre les traditions nuisibles au bien-\u00eatre des enfants - tchad\",\"isPartOf\":{\"@id\":\"https:\/\/www.africa-press.net\/tchad\/#website\"},\"primaryImageOfPage\":{\"@id\":\"https:\/\/www.africa-press.net\/tchad\/toutes-les-actualites\/tchad-au-guera-une-lutte-contre-les-traditions-nuisibles-au-bien-etre-des-enfants#primaryimage\"},\"image\":{\"@id\":\"https:\/\/www.africa-press.net\/tchad\/toutes-les-actualites\/tchad-au-guera-une-lutte-contre-les-traditions-nuisibles-au-bien-etre-des-enfants#primaryimage\"},\"thumbnailUrl\":\"https:\/\/static.africa-press.net\/tchad\/sites\/41\/2022\/08\/postQueueImg_4-63050f7aaf2b4.jpg\",\"datePublished\":\"2022-08-23T16:59:32+00:00\",\"dateModified\":\"2022-08-23T17:34:04+00:00\",\"author\":{\"@id\":\"https:\/\/www.africa-press.net\/tchad\/#\/schema\/person\/2b1cf3cd81a31e3cd26889ca66d677f1\"},\"description\":\"La d\u00e9l\u00e9gation de la Femme, de la Famille et de la Protection de la petite enfance du Guera a lanc\u00e9 le 22 ao\u00fbt 2022, un a ...\",\"breadcrumb\":{\"@id\":\"https:\/\/www.africa-press.net\/tchad\/toutes-les-actualites\/tchad-au-guera-une-lutte-contre-les-traditions-nuisibles-au-bien-etre-des-enfants#breadcrumb\"},\"inLanguage\":\"fr-FR\",\"potentialAction\":[{\"@type\":\"ReadAction\",\"target\":[\"https:\/\/www.africa-press.net\/tchad\/toutes-les-actualites\/tchad-au-guera-une-lutte-contre-les-traditions-nuisibles-au-bien-etre-des-enfants\"]}]},{\"@type\":\"ImageObject\",\"inLanguage\":\"fr-FR\",\"@id\":\"https:\/\/www.africa-press.net\/tchad\/toutes-les-actualites\/tchad-au-guera-une-lutte-contre-les-traditions-nuisibles-au-bien-etre-des-enfants#primaryimage\",\"url\":\"https:\/\/static.africa-press.net\/tchad\/sites\/41\/2022\/08\/postQueueImg_4-63050f7aaf2b4.jpg\",\"contentUrl\":\"https:\/\/static.africa-press.net\/tchad\/sites\/41\/2022\/08\/postQueueImg_4-63050f7aaf2b4.jpg\",\"width\":960,\"height\":540,\"caption\":\"Tchad : au Guera, une lutte contre les traditions nuisibles au bien-\u00eatre des enfants\"},{\"@type\":\"BreadcrumbList\",\"@id\":\"https:\/\/www.africa-press.net\/tchad\/toutes-les-actualites\/tchad-au-guera-une-lutte-contre-les-traditions-nuisibles-au-bien-etre-des-enfants#breadcrumb\",\"itemListElement\":[{\"@type\":\"ListItem\",\"position\":1,\"name\":\"Accueil\",\"item\":\"https:\/\/www.africa-press.net\/tchad\/\"},{\"@type\":\"ListItem\",\"position\":2,\"name\":\"Tchad : au Guera, une lutte contre les traditions nuisibles au bien-\u00eatre des enfants\"}]},{\"@type\":\"WebSite\",\"@id\":\"https:\/\/www.africa-press.net\/tchad\/#website\",\"url\":\"https:\/\/www.africa-press.net\/tchad\/\",\"name\":\"tchad\",\"description\":\"Just another Africa News Agency Sites site\",\"potentialAction\":[{\"@type\":\"SearchAction\",\"target\":{\"@type\":\"EntryPoint\",\"urlTemplate\":\"https:\/\/www.africa-press.net\/tchad\/?s={search_term_string}\"},\"query-input\":{\"@type\":\"PropertyValueSpecification\",\"valueRequired\":true,\"valueName\":\"search_term_string\"}}],\"inLanguage\":\"fr-FR\"},{\"@type\":\"Person\",\"@id\":\"https:\/\/www.africa-press.net\/tchad\/#\/schema\/person\/2b1cf3cd81a31e3cd26889ca66d677f1\",\"name\":\"cfeditorfr\"}]}<\/script>\n<!-- \/ Yoast SEO Premium plugin. -->","yoast_head_json":{"title":"Tchad : au Guera, une lutte contre les traditions nuisibles au bien-\u00eatre des enfants - tchad","description":"La d\u00e9l\u00e9gation de la Femme, de la Famille et de la Protection de la petite enfance du Guera a lanc\u00e9 le 22 ao\u00fbt 2022, un a ...","robots":{"index":"index","follow":"follow","max-snippet":"max-snippet:-1","max-image-preview":"max-image-preview:large","max-video-preview":"max-video-preview:-1"},"canonical":"https:\/\/www.africa-press.net\/tchad\/toutes-les-actualites\/tchad-au-guera-une-lutte-contre-les-traditions-nuisibles-au-bien-etre-des-enfants","og_locale":"fr_FR","og_type":"article","og_title":"Tchad : au Guera, une lutte contre les traditions nuisibles au bien-\u00eatre des enfants","og_description":"La d\u00e9l\u00e9gation de la Femme, de la Famille et de la Protection de la petite enfance du Guera a lanc\u00e9 le 22 ao\u00fbt 2022, un a ...","og_url":"https:\/\/www.africa-press.net\/tchad\/toutes-les-actualites\/tchad-au-guera-une-lutte-contre-les-traditions-nuisibles-au-bien-etre-des-enfants","og_site_name":"tchad","article_published_time":"2022-08-23T16:59:32+00:00","article_modified_time":"2022-08-23T17:34:04+00:00","og_image":[{"width":960,"height":540,"url":"https:\/\/static.africa-press.net\/tchad\/sites\/41\/2022\/08\/postQueueImg_4-63050f7aaf2b4.jpg","type":"image\/jpeg"}],"author":"cfeditorfr","twitter_card":"summary_large_image","twitter_misc":{"\u00c9crit par":"cfeditorfr","Dur\u00e9e de lecture estim\u00e9e":"2 minutes"},"schema":{"@context":"https:\/\/schema.org","@graph":[{"@type":"Article","@id":"https:\/\/www.africa-press.net\/tchad\/toutes-les-actualites\/tchad-au-guera-une-lutte-contre-les-traditions-nuisibles-au-bien-etre-des-enfants#article","isPartOf":{"@id":"https:\/\/www.africa-press.net\/tchad\/toutes-les-actualites\/tchad-au-guera-une-lutte-contre-les-traditions-nuisibles-au-bien-etre-des-enfants"},"author":{"name":"cfeditorfr","@id":"https:\/\/www.africa-press.net\/tchad\/#\/schema\/person\/2b1cf3cd81a31e3cd26889ca66d677f1"},"headline":"Tchad : au Guera, une lutte contre les traditions nuisibles au bien-\u00eatre des enfants","datePublished":"2022-08-23T16:59:32+00:00","dateModified":"2022-08-23T17:34:04+00:00","mainEntityOfPage":{"@id":"https:\/\/www.africa-press.net\/tchad\/toutes-les-actualites\/tchad-au-guera-une-lutte-contre-les-traditions-nuisibles-au-bien-etre-des-enfants"},"wordCount":373,"commentCount":0,"image":{"@id":"https:\/\/www.africa-press.net\/tchad\/toutes-les-actualites\/tchad-au-guera-une-lutte-contre-les-traditions-nuisibles-au-bien-etre-des-enfants#primaryimage"},"thumbnailUrl":"https:\/\/static.africa-press.net\/tchad\/sites\/41\/2022\/08\/postQueueImg_4-63050f7aaf2b4.jpg","keywords":["Africa Press","Africa Press-Tchad","Tchad"],"articleSection":["Communaut\u00e9","homepage-french","Toutes les actualit\u00e9s"],"inLanguage":"fr-FR","potentialAction":[{"@type":"CommentAction","name":"Comment","target":["https:\/\/www.africa-press.net\/tchad\/toutes-les-actualites\/tchad-au-guera-une-lutte-contre-les-traditions-nuisibles-au-bien-etre-des-enfants#respond"]}]},{"@type":"WebPage","@id":"https:\/\/www.africa-press.net\/tchad\/toutes-les-actualites\/tchad-au-guera-une-lutte-contre-les-traditions-nuisibles-au-bien-etre-des-enfants","url":"https:\/\/www.africa-press.net\/tchad\/toutes-les-actualites\/tchad-au-guera-une-lutte-contre-les-traditions-nuisibles-au-bien-etre-des-enfants","name":"Tchad : au Guera, une lutte contre les traditions nuisibles au bien-\u00eatre des enfants - tchad","isPartOf":{"@id":"https:\/\/www.africa-press.net\/tchad\/#website"},"primaryImageOfPage":{"@id":"https:\/\/www.africa-press.net\/tchad\/toutes-les-actualites\/tchad-au-guera-une-lutte-contre-les-traditions-nuisibles-au-bien-etre-des-enfants#primaryimage"},"image":{"@id":"https:\/\/www.africa-press.net\/tchad\/toutes-les-actualites\/tchad-au-guera-une-lutte-contre-les-traditions-nuisibles-au-bien-etre-des-enfants#primaryimage"},"thumbnailUrl":"https:\/\/static.africa-press.net\/tchad\/sites\/41\/2022\/08\/postQueueImg_4-63050f7aaf2b4.jpg","datePublished":"2022-08-23T16:59:32+00:00","dateModified":"2022-08-23T17:34:04+00:00","author":{"@id":"https:\/\/www.africa-press.net\/tchad\/#\/schema\/person\/2b1cf3cd81a31e3cd26889ca66d677f1"},"description":"La d\u00e9l\u00e9gation de la Femme, de la Famille et de la Protection de la petite enfance du Guera a lanc\u00e9 le 22 ao\u00fbt 2022, un a ...","breadcrumb":{"@id":"https:\/\/www.africa-press.net\/tchad\/toutes-les-actualites\/tchad-au-guera-une-lutte-contre-les-traditions-nuisibles-au-bien-etre-des-enfants#breadcrumb"},"inLanguage":"fr-FR","potentialAction":[{"@type":"ReadAction","target":["https:\/\/www.africa-press.net\/tchad\/toutes-les-actualites\/tchad-au-guera-une-lutte-contre-les-traditions-nuisibles-au-bien-etre-des-enfants"]}]},{"@type":"ImageObject","inLanguage":"fr-FR","@id":"https:\/\/www.africa-press.net\/tchad\/toutes-les-actualites\/tchad-au-guera-une-lutte-contre-les-traditions-nuisibles-au-bien-etre-des-enfants#primaryimage","url":"https:\/\/static.africa-press.net\/tchad\/sites\/41\/2022\/08\/postQueueImg_4-63050f7aaf2b4.jpg","contentUrl":"https:\/\/static.africa-press.net\/tchad\/sites\/41\/2022\/08\/postQueueImg_4-63050f7aaf2b4.jpg","width":960,"height":540,"caption":"Tchad : au Guera, une lutte contre les traditions nuisibles au bien-\u00eatre des enfants"},{"@type":"BreadcrumbList","@id":"https:\/\/www.africa-press.net\/tchad\/toutes-les-actualites\/tchad-au-guera-une-lutte-contre-les-traditions-nuisibles-au-bien-etre-des-enfants#breadcrumb","itemListElement":[{"@type":"ListItem","position":1,"name":"Accueil","item":"https:\/\/www.africa-press.net\/tchad\/"},{"@type":"ListItem","position":2,"name":"Tchad : au Guera, une lutte contre les traditions nuisibles au bien-\u00eatre des enfants"}]},{"@type":"WebSite","@id":"https:\/\/www.africa-press.net\/tchad\/#website","url":"https:\/\/www.africa-press.net\/tchad\/","name":"tchad","description":"Just another Africa News Agency Sites site","potentialAction":[{"@type":"SearchAction","target":{"@type":"EntryPoint","urlTemplate":"https:\/\/www.africa-press.net\/tchad\/?s={search_term_string}"},"query-input":{"@type":"PropertyValueSpecification","valueRequired":true,"valueName":"search_term_string"}}],"inLanguage":"fr-FR"},{"@type":"Person","@id":"https:\/\/www.africa-press.net\/tchad\/#\/schema\/person\/2b1cf3cd81a31e3cd26889ca66d677f1","name":"cfeditorfr"}]}},"_links":{"self":[{"href":"https:\/\/www.africa-press.net\/tchad\/wp-json\/wp\/v2\/posts\/31135","targetHints":{"allow":["GET"]}}],"collection":[{"href":"https:\/\/www.africa-press.net\/tchad\/wp-json\/wp\/v2\/posts"}],"about":[{"href":"https:\/\/www.africa-press.net\/tchad\/wp-json\/wp\/v2\/types\/post"}],"author":[{"embeddable":true,"href":"https:\/\/www.africa-press.net\/tchad\/wp-json\/wp\/v2\/users\/82"}],"replies":[{"embeddable":true,"href":"https:\/\/www.africa-press.net\/tchad\/wp-json\/wp\/v2\/comments?post=31135"}],"version-history":[{"count":0,"href":"https:\/\/www.africa-press.net\/tchad\/wp-json\/wp\/v2\/posts\/31135\/revisions"}],"wp:featuredmedia":[{"embeddable":true,"href":"https:\/\/www.africa-press.net\/tchad\/wp-json\/wp\/v2\/media\/31134"}],"wp:attachment":[{"href":"https:\/\/www.africa-press.net\/tchad\/wp-json\/wp\/v2\/media?parent=31135"}],"wp:term":[{"taxonomy":"category","embeddable":true,"href":"https:\/\/www.africa-press.net\/tchad\/wp-json\/wp\/v2\/categories?post=31135"},{"taxonomy":"post_tag","embeddable":true,"href":"https:\/\/www.africa-press.net\/tchad\/wp-json\/wp\/v2\/tags?post=31135"}],"curies":[{"name":"wp","href":"https:\/\/api.w.org\/{rel}","templated":true}]}}