{"id":31141,"date":"2022-08-23T17:00:12","date_gmt":"2022-08-23T17:00:12","guid":{"rendered":"https:\/\/www.africa-press.net\/tchad\/politique\/tchad-vers-un-reseau-national-des-industries-culturelles-et-creatives"},"modified":"2022-08-23T17:34:52","modified_gmt":"2022-08-23T17:34:52","slug":"tchad-vers-un-reseau-national-des-industries-culturelles-et-creatives","status":"publish","type":"post","link":"https:\/\/www.africa-press.net\/tchad\/culture-et-art\/tchad-vers-un-reseau-national-des-industries-culturelles-et-creatives","title":{"rendered":"Tchad : vers un r\u00e9seau national des industries culturelles et cr\u00e9atives"},"content":{"rendered":"<p><span style=\"color: #ff6600\"><strong>Africa-Press &#8211; Tchad. <\/strong><\/span>Le projet Programme de renforcement des industries culturelles et cr\u00e9atives d\u2019Afrique centrale (PRICCAC) a fait l&rsquo;objet d&rsquo;une deuxi\u00e8me rencontre pr\u00e9sid\u00e9 par Nguinambaye Ndoua Manass\u00e9, chef de file du projet PRICCAC, le 19 ao\u00fbt, \u00e0 la Biblioth\u00e8que nationale.<\/p>\n<p>En sa qualit\u00e9 de coordonnateur du RECAF et chef de file du projet PRICCAC, Nguinambaye Ndoua Manass\u00e9 a pr\u00e9sent\u00e9 le projet.<\/p>\n<p>Dans son intervention de circonstance, le chef de file du projet, pr\u00e9cise que le PRICCAC fait partie des 10 projets retenus, suite au premier appel \u00e0 proposition du \u00ab Programme ACP-EU Culture, Cr\u00e9er en Afrique centrale \u00bb, port\u00e9 par trois organisations de la soci\u00e9t\u00e9 civile culturelle de la sous-r\u00e9gion Afrique centrale : le R\u00e9seau Culturel et Artistique pour la Formation et la Francophonie (RECAF) du Tchad, le Collectif des Experts et Entrepreneurs Culturels (CODEC) du Cameroun, et la Compagnie MASSEKA Th\u00e9\u00e2tre de la R\u00e9publique centrafricaine.<\/p>\n<p>Selon lui, le projet Programme de renforcement des industries culturelles et cr\u00e9atives d\u2019Afrique centrale (PRICCAC) est une action de coop\u00e9ration et de solidarit\u00e9 sous-r\u00e9gionale, favorisant le renforcement des capacit\u00e9s des jeunes issus des structures impliqu\u00e9es. Il favorise la cr\u00e9ation d&rsquo;un partenariat durable et une synergie entre les diff\u00e9rentes structures de l\u2019Afrique centrale.<\/p>\n<p>Pour ce qui est de la vision du projet, le coordonnateur du RECAF informe que le futur r\u00e9seau sous-r\u00e9gional renforcera et permettra quant \u00e0 lui, les r\u00e9flexions autour du d\u00e9veloppement des ICC dans les pays et la sous-r\u00e9gion. Elle stimulera la recherche, le d\u00e9veloppement et la coop\u00e9ration sous-r\u00e9gionale, en termes de valorisation des ICC et du potentiel cr\u00e9atif des entrepreneurs.<\/p>\n<p>Une plateforme num\u00e9rique est disponible d\u00e8s maintenant afin d&rsquo;assurer \u00e0 long terme une continuit\u00e9, dans le renforcement des capacit\u00e9s des entrepreneurs, permettant ainsi d&rsquo;accro\u00eetre et de booster l\u2019offre des diff\u00e9rents pays sur le march\u00e9 local, sous-r\u00e9gional et international.<\/p>\n<p>La rencontre a marqu\u00e9 un pas suppl\u00e9mentaire, avec l\u2019engagement de chacun, conduisant ainsi \u00e0 la mise en place d\u2019un r\u00e9seau national des industries culturelles et cr\u00e9atives entre les entrepreneurs et promoteurs culturels au Tchad.<\/p>\n<p><strong>Pour plus d&rsquo;informations et d&rsquo;analyses sur la <a href=\"https:\/\/www.africa-press.net\/tchad\">Tchad<\/a>, suivez <a href=\"https:\/\/www.africa-press.net\/\">Africa-Press<\/a><\/strong><\/p>\n","protected":false},"excerpt":{"rendered":"<p>Africa-Press &#8211; Tchad. Le projet Programme de renforcement des industries culturelles et cr\u00e9atives d\u2019Afrique centrale (PRICCAC) a fait l&rsquo;objet d&rsquo;une deuxi\u00e8me rencontre pr\u00e9sid\u00e9 par Nguinambaye Ndoua Manass\u00e9, chef de file du projet PRICCAC, le 19 ao\u00fbt, \u00e0 la Biblioth\u00e8que nationale. En sa qualit\u00e9 de coordonnateur du RECAF et chef de file du projet PRICCAC, Nguinambaye [&hellip;]<\/p>\n","protected":false},"author":82,"featured_media":31140,"comment_status":"open","ping_status":"closed","sticky":false,"template":"","format":"standard","meta":{"footnotes":""},"categories":[5,11,10],"tags":[37,292,29],"class_list":["post-31141","post","type-post","status-publish","format-standard","has-post-thumbnail","hentry","category-culture-et-art","category-homepage-french","category-toutes-les-actualites","tag-africa-press","tag-africa-press-tchad","tag-tchad"],"yoast_head":"<!-- This site is optimized with the Yoast SEO Premium plugin v26.1 (Yoast SEO v27.0) - https:\/\/yoast.com\/product\/yoast-seo-premium-wordpress\/ -->\n<title>Tchad : vers un r\u00e9seau national des industries culturelles et cr\u00e9atives - tchad<\/title>\n<meta name=\"description\" content=\"Le projet Programme de renforcement des industries culturelles et cr\u00e9atives d\u2019Afrique centrale (PRICCAC) a fait l&#039;objet ...\" \/>\n<meta name=\"robots\" content=\"index, follow, max-snippet:-1, max-image-preview:large, max-video-preview:-1\" \/>\n<link rel=\"canonical\" href=\"https:\/\/www.africa-press.net\/tchad\/culture-et-art\/tchad-vers-un-reseau-national-des-industries-culturelles-et-creatives\" \/>\n<meta property=\"og:locale\" content=\"fr_FR\" \/>\n<meta property=\"og:type\" content=\"article\" \/>\n<meta property=\"og:title\" content=\"Tchad : vers un r\u00e9seau national des industries culturelles et cr\u00e9atives\" \/>\n<meta property=\"og:description\" content=\"Le projet Programme de renforcement des industries culturelles et cr\u00e9atives d\u2019Afrique centrale (PRICCAC) a fait l&#039;objet ...\" \/>\n<meta property=\"og:url\" content=\"https:\/\/www.africa-press.net\/tchad\/culture-et-art\/tchad-vers-un-reseau-national-des-industries-culturelles-et-creatives\" \/>\n<meta property=\"og:site_name\" content=\"tchad\" \/>\n<meta property=\"article:published_time\" content=\"2022-08-23T17:00:12+00:00\" \/>\n<meta property=\"article:modified_time\" content=\"2022-08-23T17:34:52+00:00\" \/>\n<meta property=\"og:image\" content=\"https:\/\/static.africa-press.net\/tchad\/sites\/41\/2022\/08\/postQueueImg_6-63050faab064d.jpg\" \/>\n\t<meta property=\"og:image:width\" content=\"810\" \/>\n\t<meta property=\"og:image:height\" content=\"540\" \/>\n\t<meta property=\"og:image:type\" content=\"image\/jpeg\" \/>\n<meta name=\"author\" content=\"cfeditorfr\" \/>\n<meta name=\"twitter:card\" content=\"summary_large_image\" \/>\n<meta name=\"twitter:label1\" content=\"\u00c9crit par\" \/>\n\t<meta name=\"twitter:data1\" content=\"cfeditorfr\" \/>\n\t<meta name=\"twitter:label2\" content=\"Dur\u00e9e de lecture estim\u00e9e\" \/>\n\t<meta name=\"twitter:data2\" content=\"2 minutes\" \/>\n<script type=\"application\/ld+json\" class=\"yoast-schema-graph\">{\"@context\":\"https:\/\/schema.org\",\"@graph\":[{\"@type\":\"Article\",\"@id\":\"https:\/\/www.africa-press.net\/tchad\/culture-et-art\/tchad-vers-un-reseau-national-des-industries-culturelles-et-creatives#article\",\"isPartOf\":{\"@id\":\"https:\/\/www.africa-press.net\/tchad\/culture-et-art\/tchad-vers-un-reseau-national-des-industries-culturelles-et-creatives\"},\"author\":{\"name\":\"cfeditorfr\",\"@id\":\"https:\/\/www.africa-press.net\/tchad\/#\/schema\/person\/2b1cf3cd81a31e3cd26889ca66d677f1\"},\"headline\":\"Tchad : vers un r\u00e9seau national des industries culturelles et cr\u00e9atives\",\"datePublished\":\"2022-08-23T17:00:12+00:00\",\"dateModified\":\"2022-08-23T17:34:52+00:00\",\"mainEntityOfPage\":{\"@id\":\"https:\/\/www.africa-press.net\/tchad\/culture-et-art\/tchad-vers-un-reseau-national-des-industries-culturelles-et-creatives\"},\"wordCount\":393,\"commentCount\":0,\"image\":{\"@id\":\"https:\/\/www.africa-press.net\/tchad\/culture-et-art\/tchad-vers-un-reseau-national-des-industries-culturelles-et-creatives#primaryimage\"},\"thumbnailUrl\":\"https:\/\/static.africa-press.net\/tchad\/sites\/41\/2022\/08\/postQueueImg_6-63050faab064d.jpg\",\"keywords\":[\"Africa Press\",\"Africa Press-Tchad\",\"Tchad\"],\"articleSection\":[\"Culture et Art\",\"homepage-french\",\"Toutes les actualit\u00e9s\"],\"inLanguage\":\"fr-FR\",\"potentialAction\":[{\"@type\":\"CommentAction\",\"name\":\"Comment\",\"target\":[\"https:\/\/www.africa-press.net\/tchad\/culture-et-art\/tchad-vers-un-reseau-national-des-industries-culturelles-et-creatives#respond\"]}]},{\"@type\":\"WebPage\",\"@id\":\"https:\/\/www.africa-press.net\/tchad\/culture-et-art\/tchad-vers-un-reseau-national-des-industries-culturelles-et-creatives\",\"url\":\"https:\/\/www.africa-press.net\/tchad\/culture-et-art\/tchad-vers-un-reseau-national-des-industries-culturelles-et-creatives\",\"name\":\"Tchad : vers un r\u00e9seau national des industries culturelles et cr\u00e9atives - tchad\",\"isPartOf\":{\"@id\":\"https:\/\/www.africa-press.net\/tchad\/#website\"},\"primaryImageOfPage\":{\"@id\":\"https:\/\/www.africa-press.net\/tchad\/culture-et-art\/tchad-vers-un-reseau-national-des-industries-culturelles-et-creatives#primaryimage\"},\"image\":{\"@id\":\"https:\/\/www.africa-press.net\/tchad\/culture-et-art\/tchad-vers-un-reseau-national-des-industries-culturelles-et-creatives#primaryimage\"},\"thumbnailUrl\":\"https:\/\/static.africa-press.net\/tchad\/sites\/41\/2022\/08\/postQueueImg_6-63050faab064d.jpg\",\"datePublished\":\"2022-08-23T17:00:12+00:00\",\"dateModified\":\"2022-08-23T17:34:52+00:00\",\"author\":{\"@id\":\"https:\/\/www.africa-press.net\/tchad\/#\/schema\/person\/2b1cf3cd81a31e3cd26889ca66d677f1\"},\"description\":\"Le projet Programme de renforcement des industries culturelles et cr\u00e9atives d\u2019Afrique centrale (PRICCAC) a fait l'objet ...\",\"breadcrumb\":{\"@id\":\"https:\/\/www.africa-press.net\/tchad\/culture-et-art\/tchad-vers-un-reseau-national-des-industries-culturelles-et-creatives#breadcrumb\"},\"inLanguage\":\"fr-FR\",\"potentialAction\":[{\"@type\":\"ReadAction\",\"target\":[\"https:\/\/www.africa-press.net\/tchad\/culture-et-art\/tchad-vers-un-reseau-national-des-industries-culturelles-et-creatives\"]}]},{\"@type\":\"ImageObject\",\"inLanguage\":\"fr-FR\",\"@id\":\"https:\/\/www.africa-press.net\/tchad\/culture-et-art\/tchad-vers-un-reseau-national-des-industries-culturelles-et-creatives#primaryimage\",\"url\":\"https:\/\/static.africa-press.net\/tchad\/sites\/41\/2022\/08\/postQueueImg_6-63050faab064d.jpg\",\"contentUrl\":\"https:\/\/static.africa-press.net\/tchad\/sites\/41\/2022\/08\/postQueueImg_6-63050faab064d.jpg\",\"width\":810,\"height\":540,\"caption\":\"Tchad : vers un r\u00e9seau national des industries culturelles et cr\u00e9atives\"},{\"@type\":\"BreadcrumbList\",\"@id\":\"https:\/\/www.africa-press.net\/tchad\/culture-et-art\/tchad-vers-un-reseau-national-des-industries-culturelles-et-creatives#breadcrumb\",\"itemListElement\":[{\"@type\":\"ListItem\",\"position\":1,\"name\":\"Accueil\",\"item\":\"https:\/\/www.africa-press.net\/tchad\/\"},{\"@type\":\"ListItem\",\"position\":2,\"name\":\"Tchad : vers un r\u00e9seau national des industries culturelles et cr\u00e9atives\"}]},{\"@type\":\"WebSite\",\"@id\":\"https:\/\/www.africa-press.net\/tchad\/#website\",\"url\":\"https:\/\/www.africa-press.net\/tchad\/\",\"name\":\"tchad\",\"description\":\"Just another Africa News Agency Sites site\",\"potentialAction\":[{\"@type\":\"SearchAction\",\"target\":{\"@type\":\"EntryPoint\",\"urlTemplate\":\"https:\/\/www.africa-press.net\/tchad\/?s={search_term_string}\"},\"query-input\":{\"@type\":\"PropertyValueSpecification\",\"valueRequired\":true,\"valueName\":\"search_term_string\"}}],\"inLanguage\":\"fr-FR\"},{\"@type\":\"Person\",\"@id\":\"https:\/\/www.africa-press.net\/tchad\/#\/schema\/person\/2b1cf3cd81a31e3cd26889ca66d677f1\",\"name\":\"cfeditorfr\"}]}<\/script>\n<!-- \/ Yoast SEO Premium plugin. -->","yoast_head_json":{"title":"Tchad : vers un r\u00e9seau national des industries culturelles et cr\u00e9atives - tchad","description":"Le projet Programme de renforcement des industries culturelles et cr\u00e9atives d\u2019Afrique centrale (PRICCAC) a fait l'objet ...","robots":{"index":"index","follow":"follow","max-snippet":"max-snippet:-1","max-image-preview":"max-image-preview:large","max-video-preview":"max-video-preview:-1"},"canonical":"https:\/\/www.africa-press.net\/tchad\/culture-et-art\/tchad-vers-un-reseau-national-des-industries-culturelles-et-creatives","og_locale":"fr_FR","og_type":"article","og_title":"Tchad : vers un r\u00e9seau national des industries culturelles et cr\u00e9atives","og_description":"Le projet Programme de renforcement des industries culturelles et cr\u00e9atives d\u2019Afrique centrale (PRICCAC) a fait l'objet ...","og_url":"https:\/\/www.africa-press.net\/tchad\/culture-et-art\/tchad-vers-un-reseau-national-des-industries-culturelles-et-creatives","og_site_name":"tchad","article_published_time":"2022-08-23T17:00:12+00:00","article_modified_time":"2022-08-23T17:34:52+00:00","og_image":[{"width":810,"height":540,"url":"https:\/\/static.africa-press.net\/tchad\/sites\/41\/2022\/08\/postQueueImg_6-63050faab064d.jpg","type":"image\/jpeg"}],"author":"cfeditorfr","twitter_card":"summary_large_image","twitter_misc":{"\u00c9crit par":"cfeditorfr","Dur\u00e9e de lecture estim\u00e9e":"2 minutes"},"schema":{"@context":"https:\/\/schema.org","@graph":[{"@type":"Article","@id":"https:\/\/www.africa-press.net\/tchad\/culture-et-art\/tchad-vers-un-reseau-national-des-industries-culturelles-et-creatives#article","isPartOf":{"@id":"https:\/\/www.africa-press.net\/tchad\/culture-et-art\/tchad-vers-un-reseau-national-des-industries-culturelles-et-creatives"},"author":{"name":"cfeditorfr","@id":"https:\/\/www.africa-press.net\/tchad\/#\/schema\/person\/2b1cf3cd81a31e3cd26889ca66d677f1"},"headline":"Tchad : vers un r\u00e9seau national des industries culturelles et cr\u00e9atives","datePublished":"2022-08-23T17:00:12+00:00","dateModified":"2022-08-23T17:34:52+00:00","mainEntityOfPage":{"@id":"https:\/\/www.africa-press.net\/tchad\/culture-et-art\/tchad-vers-un-reseau-national-des-industries-culturelles-et-creatives"},"wordCount":393,"commentCount":0,"image":{"@id":"https:\/\/www.africa-press.net\/tchad\/culture-et-art\/tchad-vers-un-reseau-national-des-industries-culturelles-et-creatives#primaryimage"},"thumbnailUrl":"https:\/\/static.africa-press.net\/tchad\/sites\/41\/2022\/08\/postQueueImg_6-63050faab064d.jpg","keywords":["Africa Press","Africa Press-Tchad","Tchad"],"articleSection":["Culture et Art","homepage-french","Toutes les actualit\u00e9s"],"inLanguage":"fr-FR","potentialAction":[{"@type":"CommentAction","name":"Comment","target":["https:\/\/www.africa-press.net\/tchad\/culture-et-art\/tchad-vers-un-reseau-national-des-industries-culturelles-et-creatives#respond"]}]},{"@type":"WebPage","@id":"https:\/\/www.africa-press.net\/tchad\/culture-et-art\/tchad-vers-un-reseau-national-des-industries-culturelles-et-creatives","url":"https:\/\/www.africa-press.net\/tchad\/culture-et-art\/tchad-vers-un-reseau-national-des-industries-culturelles-et-creatives","name":"Tchad : vers un r\u00e9seau national des industries culturelles et cr\u00e9atives - tchad","isPartOf":{"@id":"https:\/\/www.africa-press.net\/tchad\/#website"},"primaryImageOfPage":{"@id":"https:\/\/www.africa-press.net\/tchad\/culture-et-art\/tchad-vers-un-reseau-national-des-industries-culturelles-et-creatives#primaryimage"},"image":{"@id":"https:\/\/www.africa-press.net\/tchad\/culture-et-art\/tchad-vers-un-reseau-national-des-industries-culturelles-et-creatives#primaryimage"},"thumbnailUrl":"https:\/\/static.africa-press.net\/tchad\/sites\/41\/2022\/08\/postQueueImg_6-63050faab064d.jpg","datePublished":"2022-08-23T17:00:12+00:00","dateModified":"2022-08-23T17:34:52+00:00","author":{"@id":"https:\/\/www.africa-press.net\/tchad\/#\/schema\/person\/2b1cf3cd81a31e3cd26889ca66d677f1"},"description":"Le projet Programme de renforcement des industries culturelles et cr\u00e9atives d\u2019Afrique centrale (PRICCAC) a fait l'objet ...","breadcrumb":{"@id":"https:\/\/www.africa-press.net\/tchad\/culture-et-art\/tchad-vers-un-reseau-national-des-industries-culturelles-et-creatives#breadcrumb"},"inLanguage":"fr-FR","potentialAction":[{"@type":"ReadAction","target":["https:\/\/www.africa-press.net\/tchad\/culture-et-art\/tchad-vers-un-reseau-national-des-industries-culturelles-et-creatives"]}]},{"@type":"ImageObject","inLanguage":"fr-FR","@id":"https:\/\/www.africa-press.net\/tchad\/culture-et-art\/tchad-vers-un-reseau-national-des-industries-culturelles-et-creatives#primaryimage","url":"https:\/\/static.africa-press.net\/tchad\/sites\/41\/2022\/08\/postQueueImg_6-63050faab064d.jpg","contentUrl":"https:\/\/static.africa-press.net\/tchad\/sites\/41\/2022\/08\/postQueueImg_6-63050faab064d.jpg","width":810,"height":540,"caption":"Tchad : vers un r\u00e9seau national des industries culturelles et cr\u00e9atives"},{"@type":"BreadcrumbList","@id":"https:\/\/www.africa-press.net\/tchad\/culture-et-art\/tchad-vers-un-reseau-national-des-industries-culturelles-et-creatives#breadcrumb","itemListElement":[{"@type":"ListItem","position":1,"name":"Accueil","item":"https:\/\/www.africa-press.net\/tchad\/"},{"@type":"ListItem","position":2,"name":"Tchad : vers un r\u00e9seau national des industries culturelles et cr\u00e9atives"}]},{"@type":"WebSite","@id":"https:\/\/www.africa-press.net\/tchad\/#website","url":"https:\/\/www.africa-press.net\/tchad\/","name":"tchad","description":"Just another Africa News Agency Sites site","potentialAction":[{"@type":"SearchAction","target":{"@type":"EntryPoint","urlTemplate":"https:\/\/www.africa-press.net\/tchad\/?s={search_term_string}"},"query-input":{"@type":"PropertyValueSpecification","valueRequired":true,"valueName":"search_term_string"}}],"inLanguage":"fr-FR"},{"@type":"Person","@id":"https:\/\/www.africa-press.net\/tchad\/#\/schema\/person\/2b1cf3cd81a31e3cd26889ca66d677f1","name":"cfeditorfr"}]}},"_links":{"self":[{"href":"https:\/\/www.africa-press.net\/tchad\/wp-json\/wp\/v2\/posts\/31141","targetHints":{"allow":["GET"]}}],"collection":[{"href":"https:\/\/www.africa-press.net\/tchad\/wp-json\/wp\/v2\/posts"}],"about":[{"href":"https:\/\/www.africa-press.net\/tchad\/wp-json\/wp\/v2\/types\/post"}],"author":[{"embeddable":true,"href":"https:\/\/www.africa-press.net\/tchad\/wp-json\/wp\/v2\/users\/82"}],"replies":[{"embeddable":true,"href":"https:\/\/www.africa-press.net\/tchad\/wp-json\/wp\/v2\/comments?post=31141"}],"version-history":[{"count":0,"href":"https:\/\/www.africa-press.net\/tchad\/wp-json\/wp\/v2\/posts\/31141\/revisions"}],"wp:featuredmedia":[{"embeddable":true,"href":"https:\/\/www.africa-press.net\/tchad\/wp-json\/wp\/v2\/media\/31140"}],"wp:attachment":[{"href":"https:\/\/www.africa-press.net\/tchad\/wp-json\/wp\/v2\/media?parent=31141"}],"wp:term":[{"taxonomy":"category","embeddable":true,"href":"https:\/\/www.africa-press.net\/tchad\/wp-json\/wp\/v2\/categories?post=31141"},{"taxonomy":"post_tag","embeddable":true,"href":"https:\/\/www.africa-press.net\/tchad\/wp-json\/wp\/v2\/tags?post=31141"}],"curies":[{"name":"wp","href":"https:\/\/api.w.org\/{rel}","templated":true}]}}