{"id":31159,"date":"2022-08-23T17:07:56","date_gmt":"2022-08-23T17:07:56","guid":{"rendered":"https:\/\/www.africa-press.net\/tchad\/politique\/tchad-covid-19-le-port-du-masque-de-nouveau-obligatoire"},"modified":"2022-08-23T17:40:08","modified_gmt":"2022-08-23T17:40:08","slug":"tchad-covid-19-le-port-du-masque-de-nouveau-obligatoire","status":"publish","type":"post","link":"https:\/\/www.africa-press.net\/tchad\/toutes-les-actualites\/tchad-covid-19-le-port-du-masque-de-nouveau-obligatoire","title":{"rendered":"Tchad-Covid-19 : le port du masque de nouveau obligatoire"},"content":{"rendered":"<p><span style=\"color: #ff6600\"><strong>Africa-Press &#8211; Tchad. <\/strong><\/span>Le port du masque de protection contre le Coivid-19 est de nouveau obligatoire au Tchad. La d\u00e9cision a \u00e9t\u00e9 prise ce mardi 23 ao\u00fbt 2022, par le minist\u00e8re de la Sant\u00e9 publique.<\/p>\n<p>A travers un communiqu\u00e9, le Coordinateur nationale adjoint des Actions de lutte contre la Covid-19 r\u00e9it\u00e8re les mesures de lutte contre la pand\u00e9mie \u00e0 coronavirus au Tchad. Il fait savoir que la mesure fait suite \u00e0 l\u2019augmentation de la situation \u00e9pid\u00e9miologique cette derni\u00e8re semaine du mois.<\/p>\n<p>En effet dans la mise \u00e0 jour de la situation \u00e9pid\u00e9miologique hebdomadaire, publi\u00e9 le 22 ao\u00fbt 2022, 33 cas positifs ont \u00e9t\u00e9 signal\u00e9s. La ville de N\u2019Djamena seul a enregistr\u00e9 32 cas, l\u2019autre cas a \u00e9t\u00e9 signal\u00e9 dans la province du Mandoul. Ainsi : \u00ab toutes les mesures de pr\u00e9vention contre cette maladie, surtout le port de masque et la distanciation sociale doivent \u00eatre respect\u00e9s. \u00bb, pr\u00e9vient le minist\u00e8re de la Sant\u00e9.<\/p>\n<p>\u00ab Par contre le port des masques demeure obligatoire dans les lieux publics et lors des attroupements. \u00bb, insiste le communiqu\u00e9. La Coordination conseille par ailleurs, la vaccination contre la Covid-19 pour toute la population.<\/p>\n<p><strong>Pour plus d&rsquo;informations et d&rsquo;analyses sur la <a href=\"https:\/\/www.africa-press.net\/tchad\">Tchad<\/a>, suivez <a href=\"https:\/\/www.africa-press.net\/\">Africa-Press<\/a><\/strong><\/p>\n","protected":false},"excerpt":{"rendered":"<p>Africa-Press &#8211; Tchad. Le port du masque de protection contre le Coivid-19 est de nouveau obligatoire au Tchad. La d\u00e9cision a \u00e9t\u00e9 prise ce mardi 23 ao\u00fbt 2022, par le minist\u00e8re de la Sant\u00e9 publique. A travers un communiqu\u00e9, le Coordinateur nationale adjoint des Actions de lutte contre la Covid-19 r\u00e9it\u00e8re les mesures de lutte [&hellip;]<\/p>\n","protected":false},"author":82,"featured_media":31158,"comment_status":"open","ping_status":"closed","sticky":false,"template":"","format":"standard","meta":{"footnotes":""},"categories":[21,11,10],"tags":[37,292,29],"class_list":["post-31159","post","type-post","status-publish","format-standard","has-post-thumbnail","hentry","category-communaute","category-homepage-french","category-toutes-les-actualites","tag-africa-press","tag-africa-press-tchad","tag-tchad"],"yoast_head":"<!-- This site is optimized with the Yoast SEO Premium plugin v26.1 (Yoast SEO v27.0) - https:\/\/yoast.com\/product\/yoast-seo-premium-wordpress\/ -->\n<title>Tchad-Covid-19 : le port du masque de nouveau obligatoire - tchad<\/title>\n<meta name=\"description\" content=\"Le port du masque de protection contre le Coivid-19 est de nouveau obligatoire au Tchad. La d\u00e9cision a \u00e9t\u00e9 prise ce mard ...\" \/>\n<meta name=\"robots\" content=\"index, follow, max-snippet:-1, max-image-preview:large, max-video-preview:-1\" \/>\n<link rel=\"canonical\" href=\"https:\/\/www.africa-press.net\/tchad\/toutes-les-actualites\/tchad-covid-19-le-port-du-masque-de-nouveau-obligatoire\" \/>\n<meta property=\"og:locale\" content=\"fr_FR\" \/>\n<meta property=\"og:type\" content=\"article\" \/>\n<meta property=\"og:title\" content=\"Tchad-Covid-19 : le port du masque de nouveau obligatoire\" \/>\n<meta property=\"og:description\" content=\"Le port du masque de protection contre le Coivid-19 est de nouveau obligatoire au Tchad. La d\u00e9cision a \u00e9t\u00e9 prise ce mard ...\" \/>\n<meta property=\"og:url\" content=\"https:\/\/www.africa-press.net\/tchad\/toutes-les-actualites\/tchad-covid-19-le-port-du-masque-de-nouveau-obligatoire\" \/>\n<meta property=\"og:site_name\" content=\"tchad\" \/>\n<meta property=\"article:published_time\" content=\"2022-08-23T17:07:56+00:00\" \/>\n<meta property=\"article:modified_time\" content=\"2022-08-23T17:40:08+00:00\" \/>\n<meta property=\"og:image\" content=\"https:\/\/static.africa-press.net\/tchad\/sites\/41\/2022\/08\/postQueueImg_12-630510e52e492.jpg\" \/>\n\t<meta property=\"og:image:width\" content=\"780\" \/>\n\t<meta property=\"og:image:height\" content=\"440\" \/>\n\t<meta property=\"og:image:type\" content=\"image\/jpeg\" \/>\n<meta name=\"author\" content=\"cfeditorfr\" \/>\n<meta name=\"twitter:card\" content=\"summary_large_image\" \/>\n<meta name=\"twitter:label1\" content=\"\u00c9crit par\" \/>\n\t<meta name=\"twitter:data1\" content=\"cfeditorfr\" \/>\n\t<meta name=\"twitter:label2\" content=\"Dur\u00e9e de lecture estim\u00e9e\" \/>\n\t<meta name=\"twitter:data2\" content=\"1 minute\" \/>\n<script type=\"application\/ld+json\" class=\"yoast-schema-graph\">{\"@context\":\"https:\/\/schema.org\",\"@graph\":[{\"@type\":\"Article\",\"@id\":\"https:\/\/www.africa-press.net\/tchad\/toutes-les-actualites\/tchad-covid-19-le-port-du-masque-de-nouveau-obligatoire#article\",\"isPartOf\":{\"@id\":\"https:\/\/www.africa-press.net\/tchad\/toutes-les-actualites\/tchad-covid-19-le-port-du-masque-de-nouveau-obligatoire\"},\"author\":{\"name\":\"cfeditorfr\",\"@id\":\"https:\/\/www.africa-press.net\/tchad\/#\/schema\/person\/2b1cf3cd81a31e3cd26889ca66d677f1\"},\"headline\":\"Tchad-Covid-19 : le port du masque de nouveau obligatoire\",\"datePublished\":\"2022-08-23T17:07:56+00:00\",\"dateModified\":\"2022-08-23T17:40:08+00:00\",\"mainEntityOfPage\":{\"@id\":\"https:\/\/www.africa-press.net\/tchad\/toutes-les-actualites\/tchad-covid-19-le-port-du-masque-de-nouveau-obligatoire\"},\"wordCount\":212,\"commentCount\":0,\"image\":{\"@id\":\"https:\/\/www.africa-press.net\/tchad\/toutes-les-actualites\/tchad-covid-19-le-port-du-masque-de-nouveau-obligatoire#primaryimage\"},\"thumbnailUrl\":\"https:\/\/static.africa-press.net\/tchad\/sites\/41\/2022\/08\/postQueueImg_12-630510e52e492.jpg\",\"keywords\":[\"Africa Press\",\"Africa Press-Tchad\",\"Tchad\"],\"articleSection\":[\"Communaut\u00e9\",\"homepage-french\",\"Toutes les actualit\u00e9s\"],\"inLanguage\":\"fr-FR\",\"potentialAction\":[{\"@type\":\"CommentAction\",\"name\":\"Comment\",\"target\":[\"https:\/\/www.africa-press.net\/tchad\/toutes-les-actualites\/tchad-covid-19-le-port-du-masque-de-nouveau-obligatoire#respond\"]}]},{\"@type\":\"WebPage\",\"@id\":\"https:\/\/www.africa-press.net\/tchad\/toutes-les-actualites\/tchad-covid-19-le-port-du-masque-de-nouveau-obligatoire\",\"url\":\"https:\/\/www.africa-press.net\/tchad\/toutes-les-actualites\/tchad-covid-19-le-port-du-masque-de-nouveau-obligatoire\",\"name\":\"Tchad-Covid-19 : le port du masque de nouveau obligatoire - tchad\",\"isPartOf\":{\"@id\":\"https:\/\/www.africa-press.net\/tchad\/#website\"},\"primaryImageOfPage\":{\"@id\":\"https:\/\/www.africa-press.net\/tchad\/toutes-les-actualites\/tchad-covid-19-le-port-du-masque-de-nouveau-obligatoire#primaryimage\"},\"image\":{\"@id\":\"https:\/\/www.africa-press.net\/tchad\/toutes-les-actualites\/tchad-covid-19-le-port-du-masque-de-nouveau-obligatoire#primaryimage\"},\"thumbnailUrl\":\"https:\/\/static.africa-press.net\/tchad\/sites\/41\/2022\/08\/postQueueImg_12-630510e52e492.jpg\",\"datePublished\":\"2022-08-23T17:07:56+00:00\",\"dateModified\":\"2022-08-23T17:40:08+00:00\",\"author\":{\"@id\":\"https:\/\/www.africa-press.net\/tchad\/#\/schema\/person\/2b1cf3cd81a31e3cd26889ca66d677f1\"},\"description\":\"Le port du masque de protection contre le Coivid-19 est de nouveau obligatoire au Tchad. La d\u00e9cision a \u00e9t\u00e9 prise ce mard ...\",\"breadcrumb\":{\"@id\":\"https:\/\/www.africa-press.net\/tchad\/toutes-les-actualites\/tchad-covid-19-le-port-du-masque-de-nouveau-obligatoire#breadcrumb\"},\"inLanguage\":\"fr-FR\",\"potentialAction\":[{\"@type\":\"ReadAction\",\"target\":[\"https:\/\/www.africa-press.net\/tchad\/toutes-les-actualites\/tchad-covid-19-le-port-du-masque-de-nouveau-obligatoire\"]}]},{\"@type\":\"ImageObject\",\"inLanguage\":\"fr-FR\",\"@id\":\"https:\/\/www.africa-press.net\/tchad\/toutes-les-actualites\/tchad-covid-19-le-port-du-masque-de-nouveau-obligatoire#primaryimage\",\"url\":\"https:\/\/static.africa-press.net\/tchad\/sites\/41\/2022\/08\/postQueueImg_12-630510e52e492.jpg\",\"contentUrl\":\"https:\/\/static.africa-press.net\/tchad\/sites\/41\/2022\/08\/postQueueImg_12-630510e52e492.jpg\",\"width\":780,\"height\":440,\"caption\":\"Tchad-Covid-19 : le port du masque de nouveau obligatoire\"},{\"@type\":\"BreadcrumbList\",\"@id\":\"https:\/\/www.africa-press.net\/tchad\/toutes-les-actualites\/tchad-covid-19-le-port-du-masque-de-nouveau-obligatoire#breadcrumb\",\"itemListElement\":[{\"@type\":\"ListItem\",\"position\":1,\"name\":\"Accueil\",\"item\":\"https:\/\/www.africa-press.net\/tchad\/\"},{\"@type\":\"ListItem\",\"position\":2,\"name\":\"Tchad-Covid-19 : le port du masque de nouveau obligatoire\"}]},{\"@type\":\"WebSite\",\"@id\":\"https:\/\/www.africa-press.net\/tchad\/#website\",\"url\":\"https:\/\/www.africa-press.net\/tchad\/\",\"name\":\"tchad\",\"description\":\"Just another Africa News Agency Sites site\",\"potentialAction\":[{\"@type\":\"SearchAction\",\"target\":{\"@type\":\"EntryPoint\",\"urlTemplate\":\"https:\/\/www.africa-press.net\/tchad\/?s={search_term_string}\"},\"query-input\":{\"@type\":\"PropertyValueSpecification\",\"valueRequired\":true,\"valueName\":\"search_term_string\"}}],\"inLanguage\":\"fr-FR\"},{\"@type\":\"Person\",\"@id\":\"https:\/\/www.africa-press.net\/tchad\/#\/schema\/person\/2b1cf3cd81a31e3cd26889ca66d677f1\",\"name\":\"cfeditorfr\"}]}<\/script>\n<!-- \/ Yoast SEO Premium plugin. -->","yoast_head_json":{"title":"Tchad-Covid-19 : le port du masque de nouveau obligatoire - tchad","description":"Le port du masque de protection contre le Coivid-19 est de nouveau obligatoire au Tchad. La d\u00e9cision a \u00e9t\u00e9 prise ce mard ...","robots":{"index":"index","follow":"follow","max-snippet":"max-snippet:-1","max-image-preview":"max-image-preview:large","max-video-preview":"max-video-preview:-1"},"canonical":"https:\/\/www.africa-press.net\/tchad\/toutes-les-actualites\/tchad-covid-19-le-port-du-masque-de-nouveau-obligatoire","og_locale":"fr_FR","og_type":"article","og_title":"Tchad-Covid-19 : le port du masque de nouveau obligatoire","og_description":"Le port du masque de protection contre le Coivid-19 est de nouveau obligatoire au Tchad. La d\u00e9cision a \u00e9t\u00e9 prise ce mard ...","og_url":"https:\/\/www.africa-press.net\/tchad\/toutes-les-actualites\/tchad-covid-19-le-port-du-masque-de-nouveau-obligatoire","og_site_name":"tchad","article_published_time":"2022-08-23T17:07:56+00:00","article_modified_time":"2022-08-23T17:40:08+00:00","og_image":[{"width":780,"height":440,"url":"https:\/\/static.africa-press.net\/tchad\/sites\/41\/2022\/08\/postQueueImg_12-630510e52e492.jpg","type":"image\/jpeg"}],"author":"cfeditorfr","twitter_card":"summary_large_image","twitter_misc":{"\u00c9crit par":"cfeditorfr","Dur\u00e9e de lecture estim\u00e9e":"1 minute"},"schema":{"@context":"https:\/\/schema.org","@graph":[{"@type":"Article","@id":"https:\/\/www.africa-press.net\/tchad\/toutes-les-actualites\/tchad-covid-19-le-port-du-masque-de-nouveau-obligatoire#article","isPartOf":{"@id":"https:\/\/www.africa-press.net\/tchad\/toutes-les-actualites\/tchad-covid-19-le-port-du-masque-de-nouveau-obligatoire"},"author":{"name":"cfeditorfr","@id":"https:\/\/www.africa-press.net\/tchad\/#\/schema\/person\/2b1cf3cd81a31e3cd26889ca66d677f1"},"headline":"Tchad-Covid-19 : le port du masque de nouveau obligatoire","datePublished":"2022-08-23T17:07:56+00:00","dateModified":"2022-08-23T17:40:08+00:00","mainEntityOfPage":{"@id":"https:\/\/www.africa-press.net\/tchad\/toutes-les-actualites\/tchad-covid-19-le-port-du-masque-de-nouveau-obligatoire"},"wordCount":212,"commentCount":0,"image":{"@id":"https:\/\/www.africa-press.net\/tchad\/toutes-les-actualites\/tchad-covid-19-le-port-du-masque-de-nouveau-obligatoire#primaryimage"},"thumbnailUrl":"https:\/\/static.africa-press.net\/tchad\/sites\/41\/2022\/08\/postQueueImg_12-630510e52e492.jpg","keywords":["Africa Press","Africa Press-Tchad","Tchad"],"articleSection":["Communaut\u00e9","homepage-french","Toutes les actualit\u00e9s"],"inLanguage":"fr-FR","potentialAction":[{"@type":"CommentAction","name":"Comment","target":["https:\/\/www.africa-press.net\/tchad\/toutes-les-actualites\/tchad-covid-19-le-port-du-masque-de-nouveau-obligatoire#respond"]}]},{"@type":"WebPage","@id":"https:\/\/www.africa-press.net\/tchad\/toutes-les-actualites\/tchad-covid-19-le-port-du-masque-de-nouveau-obligatoire","url":"https:\/\/www.africa-press.net\/tchad\/toutes-les-actualites\/tchad-covid-19-le-port-du-masque-de-nouveau-obligatoire","name":"Tchad-Covid-19 : le port du masque de nouveau obligatoire - tchad","isPartOf":{"@id":"https:\/\/www.africa-press.net\/tchad\/#website"},"primaryImageOfPage":{"@id":"https:\/\/www.africa-press.net\/tchad\/toutes-les-actualites\/tchad-covid-19-le-port-du-masque-de-nouveau-obligatoire#primaryimage"},"image":{"@id":"https:\/\/www.africa-press.net\/tchad\/toutes-les-actualites\/tchad-covid-19-le-port-du-masque-de-nouveau-obligatoire#primaryimage"},"thumbnailUrl":"https:\/\/static.africa-press.net\/tchad\/sites\/41\/2022\/08\/postQueueImg_12-630510e52e492.jpg","datePublished":"2022-08-23T17:07:56+00:00","dateModified":"2022-08-23T17:40:08+00:00","author":{"@id":"https:\/\/www.africa-press.net\/tchad\/#\/schema\/person\/2b1cf3cd81a31e3cd26889ca66d677f1"},"description":"Le port du masque de protection contre le Coivid-19 est de nouveau obligatoire au Tchad. La d\u00e9cision a \u00e9t\u00e9 prise ce mard ...","breadcrumb":{"@id":"https:\/\/www.africa-press.net\/tchad\/toutes-les-actualites\/tchad-covid-19-le-port-du-masque-de-nouveau-obligatoire#breadcrumb"},"inLanguage":"fr-FR","potentialAction":[{"@type":"ReadAction","target":["https:\/\/www.africa-press.net\/tchad\/toutes-les-actualites\/tchad-covid-19-le-port-du-masque-de-nouveau-obligatoire"]}]},{"@type":"ImageObject","inLanguage":"fr-FR","@id":"https:\/\/www.africa-press.net\/tchad\/toutes-les-actualites\/tchad-covid-19-le-port-du-masque-de-nouveau-obligatoire#primaryimage","url":"https:\/\/static.africa-press.net\/tchad\/sites\/41\/2022\/08\/postQueueImg_12-630510e52e492.jpg","contentUrl":"https:\/\/static.africa-press.net\/tchad\/sites\/41\/2022\/08\/postQueueImg_12-630510e52e492.jpg","width":780,"height":440,"caption":"Tchad-Covid-19 : le port du masque de nouveau obligatoire"},{"@type":"BreadcrumbList","@id":"https:\/\/www.africa-press.net\/tchad\/toutes-les-actualites\/tchad-covid-19-le-port-du-masque-de-nouveau-obligatoire#breadcrumb","itemListElement":[{"@type":"ListItem","position":1,"name":"Accueil","item":"https:\/\/www.africa-press.net\/tchad\/"},{"@type":"ListItem","position":2,"name":"Tchad-Covid-19 : le port du masque de nouveau obligatoire"}]},{"@type":"WebSite","@id":"https:\/\/www.africa-press.net\/tchad\/#website","url":"https:\/\/www.africa-press.net\/tchad\/","name":"tchad","description":"Just another Africa News Agency Sites site","potentialAction":[{"@type":"SearchAction","target":{"@type":"EntryPoint","urlTemplate":"https:\/\/www.africa-press.net\/tchad\/?s={search_term_string}"},"query-input":{"@type":"PropertyValueSpecification","valueRequired":true,"valueName":"search_term_string"}}],"inLanguage":"fr-FR"},{"@type":"Person","@id":"https:\/\/www.africa-press.net\/tchad\/#\/schema\/person\/2b1cf3cd81a31e3cd26889ca66d677f1","name":"cfeditorfr"}]}},"_links":{"self":[{"href":"https:\/\/www.africa-press.net\/tchad\/wp-json\/wp\/v2\/posts\/31159","targetHints":{"allow":["GET"]}}],"collection":[{"href":"https:\/\/www.africa-press.net\/tchad\/wp-json\/wp\/v2\/posts"}],"about":[{"href":"https:\/\/www.africa-press.net\/tchad\/wp-json\/wp\/v2\/types\/post"}],"author":[{"embeddable":true,"href":"https:\/\/www.africa-press.net\/tchad\/wp-json\/wp\/v2\/users\/82"}],"replies":[{"embeddable":true,"href":"https:\/\/www.africa-press.net\/tchad\/wp-json\/wp\/v2\/comments?post=31159"}],"version-history":[{"count":0,"href":"https:\/\/www.africa-press.net\/tchad\/wp-json\/wp\/v2\/posts\/31159\/revisions"}],"wp:featuredmedia":[{"embeddable":true,"href":"https:\/\/www.africa-press.net\/tchad\/wp-json\/wp\/v2\/media\/31158"}],"wp:attachment":[{"href":"https:\/\/www.africa-press.net\/tchad\/wp-json\/wp\/v2\/media?parent=31159"}],"wp:term":[{"taxonomy":"category","embeddable":true,"href":"https:\/\/www.africa-press.net\/tchad\/wp-json\/wp\/v2\/categories?post=31159"},{"taxonomy":"post_tag","embeddable":true,"href":"https:\/\/www.africa-press.net\/tchad\/wp-json\/wp\/v2\/tags?post=31159"}],"curies":[{"name":"wp","href":"https:\/\/api.w.org\/{rel}","templated":true}]}}