{"id":31162,"date":"2022-08-23T17:10:35","date_gmt":"2022-08-23T17:10:35","guid":{"rendered":"https:\/\/www.africa-press.net\/tchad\/politique\/interview-du-maire-de-la-commune-urbaine-de-nguigmi-nous-avons-initie-des-journees-citoyennes-de-salubrite-dans-la-ville-ce-qui-a-permis-de-rendre-la-ville-propre"},"modified":"2022-08-23T17:40:34","modified_gmt":"2022-08-23T17:40:34","slug":"interview-du-maire-de-la-commune-urbaine-de-nguigmi-nous-avons-initie-des-journees-citoyennes-de-salubrite-dans-la-ville-ce-qui-a-permis-de-rendre-la-ville-propre","status":"publish","type":"post","link":"https:\/\/www.africa-press.net\/tchad\/toutes-les-actualites\/interview-du-maire-de-la-commune-urbaine-de-nguigmi-nous-avons-initie-des-journees-citoyennes-de-salubrite-dans-la-ville-ce-qui-a-permis-de-rendre-la-ville-propre","title":{"rendered":"Interview du Maire de la Commune Urbaine de N\u2019Guigmi\u00a0: \u00ab Nous avons initi\u00e9 des journ\u00e9es citoyennes de salubrit\u00e9 dans la ville, ce qui\u00a0 a permis de rendre la ville propre \u00bb, d\u00e9clare M. Oumar Malam Haladou"},"content":{"rendered":"<p><span style=\"color: #ff6600\"><strong>Africa-Press &#8211; Tchad. <\/strong><\/span>Monsieur le Maire, pouvez-vous nous pr\u00e9senter votre commune ?<\/p>\n<p>Permettez-moi d\u2019abord de vous souhaiter la chaleureuse bienvenue \u00e0 vous et votre \u00e9quipe dans la commune urbaine de N\u2019Guigmi, et de vous remercier au nom de la commune et \u00e0 mon nom propre pour cette occasion que vous m\u2019offrez, en vue de faire un tableau de la commune dans toutes ses dimensions. Il faut savoir que la Commune Urbaine de N\u2019Guigmi est cr\u00e9\u00e9e par la loi n\u00b0 2002-014 du 11 juin 2002. Elle est situ\u00e9e \u00e0 128 km \u00e0 l\u2019Est de Diffa, chef- lieu r\u00e9gion. Elle est limit\u00e9e \u00e0 l\u2019Est par la R\u00e9publique du Tchad, au Sud par la Commune Rurale de Bosso, \u00e0 l\u2019Ouest par la Commune Rurale de Kabl\u00e9wa et enfin au Nord par la Commune Rurale de N\u2019Gourti.<\/p>\n<p>La population de la Commune Urbaine de N\u2019Guigmi est estim\u00e9e \u00e0 environ 78.824 habitants selon le dernier recensement administratif de la population organis\u00e9 en Mai 2022 par la commune. Plusieurs groupes ethniques composent cette population \u00e0 savoir, les Kanouri, les Peuls, les Arabes, les Toubous, les Boudoumas et les Haoussas. La commune urbaine est compos\u00e9e administrativement de 262 quartiers, villages administratifs, tribus et hameaux qui lui sont rattach\u00e9s.<\/p>\n<p>Depuis les \u00e9lections de d\u00e9cembre 2020, le Conseil municipal de N\u2019Guigmi est compos\u00e9 de quinze (15) conseillers dont cinq (5) femmes, avec comme personnel, un Secr\u00e9taire g\u00e9n\u00e9ral, un Receveur municipal, un Secr\u00e9taire municipal, deux man\u0153uvres, un hygi\u00e9niste, une biblioth\u00e9caire, un planton, deux gardiens, deux agents de la police municipale et un chauffeur. Les activit\u00e9s \u00e9conomiques de la commune tournent autour de l\u2019agriculture, de l\u2019\u00e9levage, de la p\u00eache, des activit\u00e9s foresti\u00e8res et halieutiques, du commerce et de l\u2019artisanat.<\/p>\n<p>Quelles sont les actions que vous avez pu r\u00e9aliser en 2021 ?<\/p>\n<p>Depuis notre installation en Mai 2021, nous avons entrepris et r\u00e9alis\u00e9 plusieurs actions dans les diff\u00e9rents domaines conform\u00e9ment \u00e0 notre Budget et au Plan de D\u00e9veloppement Communal, avec le concours de l\u2019Etat et des partenaires techniques qui interviennent dans notre commune. Ainsi sur le plan administratif et organisationnel, nous avons organis\u00e9 un recensement administratif de la population afin d\u2019avoir une id\u00e9e claire de la situation d\u00e9mographique et ses variables. Dans le domaine de l\u2019hygi\u00e8ne et de l\u2019assainissement, nous avons initi\u00e9 des journ\u00e9es citoyennes de salubrit\u00e9 dans la ville, ce qui nous a permis de rendre la ville propre mais aussi d\u2019inculquer le civisme \u00e0 la population.<\/p>\n<p>Dans la m\u00eame lanc\u00e9e, nous avons nivel\u00e9 plusieurs rues de la ville et rendu praticables celles qui ne le sont pas pendant la saison hivernale. Sur le plan \u00e9conomique, et dans le cadre de l\u2019accompagnement de la politique du Pr\u00e9sident de la R\u00e9publique nous avons rouvert le march\u00e9 de poisson en permettant la commercialisation et le transport du poisson vers les pays voisins, ce qui concourt \u00e0 la relance \u00e9conomique de la commune mais aussi r\u00e9duit consid\u00e9rablement le ch\u00f4mage.<\/p>\n<p>Nous avons aussi, avec l\u2019appui des partenaires, appuy\u00e9 4.663 personnes r\u00e9parties dans 53 villages en cash AGR. Sur le plan social, il faut dire que plusieurs m\u00e9nages vuln\u00e9rables ont b\u00e9n\u00e9fici\u00e9 d\u2019appui alimentaire dans le cadre de la distribution gratuite et cibl\u00e9e des vivres. Avec l\u2019appui de l\u2019Etat 225 caprins et 75 boucs ont \u00e9t\u00e9 distribu\u00e9s \u00e0 plusieurs groupes des familles vuln\u00e9rables. Sur le plan \u00e9ducatif, nous avons cl\u00f4tur\u00e9 avec l\u2019appui des partenaires le coll\u00e8ge d\u2019enseignement g\u00e9n\u00e9ral de N\u2019Guigmi.<\/p>\n<p>Dans le cadre de l\u2019am\u00e9lioration des soins de sant\u00e9, nous avons pu transformer avec les partenaires le CSI de N\u2019Guigmi qui est de type 1 en CSI de type2 et r\u00e9habilit\u00e9 certains centres des villages administratifs. Dans le domaine de l\u2019hydraulique, nous avons pu r\u00e9aliser plusieurs infrastructures : les postes autonomes de Mayambou peulh, Oudi Kanori, Lanti Arabe ; des puits pastoraux \u00e0 Talatache Moussa Sabour et Kaya ; la r\u00e9habilitation des forages de champs de captage de la ville de N\u2019guigmi ; la r\u00e9habilitation des PEA de N\u2019gortogol, etc.<\/p>\n<p>Monsieur le Maire, quelles sont les perspectives d\u2019avenir pour votre commune en termes d\u2019actions et de r\u00e9alisations ?<\/p>\n<p>Dans le cadre de l\u2019am\u00e9lioration des conditions de vie des populations, nous avons pr\u00e9vu au cours de cette ann\u00e9e la r\u00e9habilitation de quinze classes de la commune ; la construction et l\u2019\u00e9quipement d\u2019une classe \u00e0 Birhilal ; l\u2019achat et la r\u00e9paration de 800 tables bancs ; la cl\u00f4ture du centre de sant\u00e9 2 de Nguigmi ; la mise en \u0153uvre du projet de l\u2019autonomisation des jeunes et des femmes ; la r\u00e9habilitation des infrastructures hydrauliques au niveau des sites mara\u00eechers de Maboutou et Garin dol\u00e9 ; l\u2019extension d\u2019eau dans plusieurs villages de la commune ; et le processus de jumelage avec des communes et villes fran\u00e7aises dans le cadre de la coop\u00e9ration d\u00e9centralis\u00e9e.<\/p>\n<p>Qu\u2019en est-il de la situation s\u00e9curitaire dans votre commune ?<\/p>\n<p>La situation s\u00e9curitaire est relativement calme, malgr\u00e9 quelques actes isol\u00e9s commis par des individus sans foi ni loi. Cette situation conna\u00eet une \u00e9volution positive avec la volont\u00e9 affich\u00e9e des plus hautes autorit\u00e9s de notre pays, notamment le Pr\u00e9sident de la R\u00e9publique Chef de l\u2019Etat SEM Mohamed Bazoum, qui a fait de la lutte contre le terrorisme son cheval de bataille pour donner un sourire \u00e0 la population de la r\u00e9gion de Diffa en g\u00e9n\u00e9ral et celle de la commune urbaine de Nguigmi en particulier.<\/p>\n<p>Sur le plan socio\u00e9conomique, nous avons enregistr\u00e9 une am\u00e9lioration des conditions de vie des populations \u00e0 travers le programme du Pr\u00e9sident de la R\u00e9publique dans le cadre de la distribution gratuite et cibl\u00e9e des vivres et de la vente \u00e0 prix mod\u00e9r\u00e9. Et avec la lev\u00e9e de l\u2019interdiction de la commercialisation des poissons, la situation \u00e9conomique conna\u00eet une nette am\u00e9lioration.<\/p>\n<p>Monsieur le Maire, avez-vous un message particulier \u00e0 l\u2019endroit de l\u2019Etat ou de vos administr\u00e9s ?<\/p>\n<p>Permettez-moi une fois de plus vous remercier et, \u00e0 travers vous, toute la Direction g\u00e9n\u00e9rale de l\u2019ONEP. Je profite de vos colonnes pour exprimer toute notre gratitude \u00e0 l\u2019endroit de plus hautes autorit\u00e9s de notre pays \u00e0 la t\u00eate desquelles SE. Mohamed Bazoum, Pr\u00e9sident de la R\u00e9publique Chef de l\u2019Etat, Chef supr\u00eame des Arm\u00e9es pour sa d\u00e9termination dans le cadre de lutte contre le terrorisme et sa politique pour le retour des populations dans leurs villages d\u2019origine. En effet, cette volont\u00e9 du Pr\u00e9sident de la R\u00e9publique concourt \u00e0 la stabilisation de la r\u00e9gion et \u00e0 sa relance \u00e9conomique. C\u2019est pourquoi, je lance un appel d\u2019abord \u00e0 l\u2019endroit des populations pour adh\u00e9rer pleinement \u00e0 ce processus, et \u00e0 l\u2019endroit des partenaires techniques et financiers pour accompagner ce processus pour une stabilisation r\u00e9gionale r\u00e9ussie.<\/p>\n<p>En outre, il faut rappeler que la campagne agro-sylvo-pastorale 2021 \u00e9tait d\u00e9ficitaire mais avec la ferme volont\u00e9 du Pr\u00e9sident de la R\u00e9publique, \u00e0 travers sa politique de distribution gratuite des vivres et la vente \u00e0 prix mod\u00e9r\u00e9 de plus de 100 tonnes de vivres dans notre commune, cela a permis \u00e0 la population d\u2019\u00eatre r\u00e9siliente. C\u2019est l\u2019occasion pour moi de remercier les partenaires techniques et financiers pour les interventions multiformes au b\u00e9n\u00e9fice de notre commune.<\/p>\n<p>Enfin, j\u2019implore Allah le Ma\u00eetre des Cieux et de la Terre pour qu\u2019il fasse descendre Sa Cl\u00e9mence et sa Gr\u00e2ce sur notre pays, qu\u2019il nous gratifie d\u2019un hivernage f\u00e9cond et que la paix r\u00e8gne sur le Niger en g\u00e9n\u00e9ral, dans la r\u00e9gion de diffa et la commune urbaine de Nguigmi en particulier.<\/p>\n<p><b>R\u00e9alis\u00e9e par Mato Adamou ONEP\/ Diffa<\/b><\/p>\n<p><strong>Pour plus d&rsquo;informations et d&rsquo;analyses sur la <a href=\"https:\/\/www.africa-press.net\/tchad\">Tchad<\/a>, suivez <a href=\"https:\/\/www.africa-press.net\/\">Africa-Press<\/a><\/strong><\/p>\n","protected":false},"excerpt":{"rendered":"<p>Africa-Press &#8211; Tchad. Monsieur le Maire, pouvez-vous nous pr\u00e9senter votre commune ? Permettez-moi d\u2019abord de vous souhaiter la chaleureuse bienvenue \u00e0 vous et votre \u00e9quipe dans la commune urbaine de N\u2019Guigmi, et de vous remercier au nom de la commune et \u00e0 mon nom propre pour cette occasion que vous m\u2019offrez, en vue de faire [&hellip;]<\/p>\n","protected":false},"author":82,"featured_media":31161,"comment_status":"open","ping_status":"closed","sticky":false,"template":"","format":"standard","meta":{"footnotes":""},"categories":[21,11,10],"tags":[37,292,29],"class_list":["post-31162","post","type-post","status-publish","format-standard","has-post-thumbnail","hentry","category-communaute","category-homepage-french","category-toutes-les-actualites","tag-africa-press","tag-africa-press-tchad","tag-tchad"],"yoast_head":"<!-- This site is optimized with the Yoast SEO Premium plugin v26.1 (Yoast SEO v27.0) - https:\/\/yoast.com\/product\/yoast-seo-premium-wordpress\/ -->\n<title>Interview du Maire de la Commune Urbaine de N\u2019Guigmi\u00a0: \u00ab Nous avons initi\u00e9 des journ\u00e9es citoyennes de salubrit\u00e9 dans la ville, ce qui\u00a0 a permis de rendre la ville propre \u00bb, d\u00e9clare M. Oumar Malam Haladou - tchad<\/title>\n<meta name=\"description\" content=\"Monsieur le Maire, pouvez-vous nous pr\u00e9senter votre commune ? Permettez-moi d\u2019abord de vous souhaiter la chaleureuse bi ...\" \/>\n<meta name=\"robots\" content=\"index, follow, max-snippet:-1, max-image-preview:large, max-video-preview:-1\" \/>\n<link rel=\"canonical\" href=\"https:\/\/www.africa-press.net\/tchad\/toutes-les-actualites\/interview-du-maire-de-la-commune-urbaine-de-nguigmi-nous-avons-initie-des-journees-citoyennes-de-salubrite-dans-la-ville-ce-qui-a-permis-de-rendre-la-ville-propre\" \/>\n<meta property=\"og:locale\" content=\"fr_FR\" \/>\n<meta property=\"og:type\" content=\"article\" \/>\n<meta property=\"og:title\" content=\"Interview du Maire de la Commune Urbaine de N\u2019Guigmi\u00a0: \u00ab Nous avons initi\u00e9 des journ\u00e9es citoyennes de salubrit\u00e9 dans la ville, ce qui\u00a0 a permis de rendre la ville propre \u00bb, d\u00e9clare M. Oumar Malam Haladou\" \/>\n<meta property=\"og:description\" content=\"Monsieur le Maire, pouvez-vous nous pr\u00e9senter votre commune ? Permettez-moi d\u2019abord de vous souhaiter la chaleureuse bi ...\" \/>\n<meta property=\"og:url\" content=\"https:\/\/www.africa-press.net\/tchad\/toutes-les-actualites\/interview-du-maire-de-la-commune-urbaine-de-nguigmi-nous-avons-initie-des-journees-citoyennes-de-salubrite-dans-la-ville-ce-qui-a-permis-de-rendre-la-ville-propre\" \/>\n<meta property=\"og:site_name\" content=\"tchad\" \/>\n<meta property=\"article:published_time\" content=\"2022-08-23T17:10:35+00:00\" \/>\n<meta property=\"article:modified_time\" content=\"2022-08-23T17:40:34+00:00\" \/>\n<meta property=\"og:image\" content=\"https:\/\/static.africa-press.net\/tchad\/sites\/41\/2022\/08\/postQueueImg_13-630510fddbfb1.jpg\" \/>\n\t<meta property=\"og:image:width\" content=\"1280\" \/>\n\t<meta property=\"og:image:height\" content=\"720\" \/>\n\t<meta property=\"og:image:type\" content=\"image\/jpeg\" \/>\n<meta name=\"author\" content=\"cfeditorfr\" \/>\n<meta name=\"twitter:card\" content=\"summary_large_image\" \/>\n<meta name=\"twitter:label1\" content=\"\u00c9crit par\" \/>\n\t<meta name=\"twitter:data1\" content=\"cfeditorfr\" \/>\n\t<meta name=\"twitter:label2\" content=\"Dur\u00e9e de lecture estim\u00e9e\" \/>\n\t<meta name=\"twitter:data2\" content=\"7 minutes\" \/>\n<script type=\"application\/ld+json\" class=\"yoast-schema-graph\">{\"@context\":\"https:\/\/schema.org\",\"@graph\":[{\"@type\":\"Article\",\"@id\":\"https:\/\/www.africa-press.net\/tchad\/toutes-les-actualites\/interview-du-maire-de-la-commune-urbaine-de-nguigmi-nous-avons-initie-des-journees-citoyennes-de-salubrite-dans-la-ville-ce-qui-a-permis-de-rendre-la-ville-propre#article\",\"isPartOf\":{\"@id\":\"https:\/\/www.africa-press.net\/tchad\/toutes-les-actualites\/interview-du-maire-de-la-commune-urbaine-de-nguigmi-nous-avons-initie-des-journees-citoyennes-de-salubrite-dans-la-ville-ce-qui-a-permis-de-rendre-la-ville-propre\"},\"author\":{\"name\":\"cfeditorfr\",\"@id\":\"https:\/\/www.africa-press.net\/tchad\/#\/schema\/person\/2b1cf3cd81a31e3cd26889ca66d677f1\"},\"headline\":\"Interview du Maire de la Commune Urbaine de N\u2019Guigmi\u00a0: \u00ab Nous avons initi\u00e9 des journ\u00e9es citoyennes de salubrit\u00e9 dans la ville, ce qui\u00a0 a permis de rendre la ville propre \u00bb, d\u00e9clare M. Oumar Malam Haladou\",\"datePublished\":\"2022-08-23T17:10:35+00:00\",\"dateModified\":\"2022-08-23T17:40:34+00:00\",\"mainEntityOfPage\":{\"@id\":\"https:\/\/www.africa-press.net\/tchad\/toutes-les-actualites\/interview-du-maire-de-la-commune-urbaine-de-nguigmi-nous-avons-initie-des-journees-citoyennes-de-salubrite-dans-la-ville-ce-qui-a-permis-de-rendre-la-ville-propre\"},\"wordCount\":1374,\"commentCount\":0,\"image\":{\"@id\":\"https:\/\/www.africa-press.net\/tchad\/toutes-les-actualites\/interview-du-maire-de-la-commune-urbaine-de-nguigmi-nous-avons-initie-des-journees-citoyennes-de-salubrite-dans-la-ville-ce-qui-a-permis-de-rendre-la-ville-propre#primaryimage\"},\"thumbnailUrl\":\"https:\/\/static.africa-press.net\/tchad\/sites\/41\/2022\/08\/postQueueImg_13-630510fddbfb1.jpg\",\"keywords\":[\"Africa Press\",\"Africa Press-Tchad\",\"Tchad\"],\"articleSection\":[\"Communaut\u00e9\",\"homepage-french\",\"Toutes les actualit\u00e9s\"],\"inLanguage\":\"fr-FR\",\"potentialAction\":[{\"@type\":\"CommentAction\",\"name\":\"Comment\",\"target\":[\"https:\/\/www.africa-press.net\/tchad\/toutes-les-actualites\/interview-du-maire-de-la-commune-urbaine-de-nguigmi-nous-avons-initie-des-journees-citoyennes-de-salubrite-dans-la-ville-ce-qui-a-permis-de-rendre-la-ville-propre#respond\"]}]},{\"@type\":\"WebPage\",\"@id\":\"https:\/\/www.africa-press.net\/tchad\/toutes-les-actualites\/interview-du-maire-de-la-commune-urbaine-de-nguigmi-nous-avons-initie-des-journees-citoyennes-de-salubrite-dans-la-ville-ce-qui-a-permis-de-rendre-la-ville-propre\",\"url\":\"https:\/\/www.africa-press.net\/tchad\/toutes-les-actualites\/interview-du-maire-de-la-commune-urbaine-de-nguigmi-nous-avons-initie-des-journees-citoyennes-de-salubrite-dans-la-ville-ce-qui-a-permis-de-rendre-la-ville-propre\",\"name\":\"Interview du Maire de la Commune Urbaine de N\u2019Guigmi\u00a0: \u00ab Nous avons initi\u00e9 des journ\u00e9es citoyennes de salubrit\u00e9 dans la ville, ce qui\u00a0 a permis de rendre la ville propre \u00bb, d\u00e9clare M. Oumar Malam Haladou - tchad\",\"isPartOf\":{\"@id\":\"https:\/\/www.africa-press.net\/tchad\/#website\"},\"primaryImageOfPage\":{\"@id\":\"https:\/\/www.africa-press.net\/tchad\/toutes-les-actualites\/interview-du-maire-de-la-commune-urbaine-de-nguigmi-nous-avons-initie-des-journees-citoyennes-de-salubrite-dans-la-ville-ce-qui-a-permis-de-rendre-la-ville-propre#primaryimage\"},\"image\":{\"@id\":\"https:\/\/www.africa-press.net\/tchad\/toutes-les-actualites\/interview-du-maire-de-la-commune-urbaine-de-nguigmi-nous-avons-initie-des-journees-citoyennes-de-salubrite-dans-la-ville-ce-qui-a-permis-de-rendre-la-ville-propre#primaryimage\"},\"thumbnailUrl\":\"https:\/\/static.africa-press.net\/tchad\/sites\/41\/2022\/08\/postQueueImg_13-630510fddbfb1.jpg\",\"datePublished\":\"2022-08-23T17:10:35+00:00\",\"dateModified\":\"2022-08-23T17:40:34+00:00\",\"author\":{\"@id\":\"https:\/\/www.africa-press.net\/tchad\/#\/schema\/person\/2b1cf3cd81a31e3cd26889ca66d677f1\"},\"description\":\"Monsieur le Maire, pouvez-vous nous pr\u00e9senter votre commune ? Permettez-moi d\u2019abord de vous souhaiter la chaleureuse bi ...\",\"breadcrumb\":{\"@id\":\"https:\/\/www.africa-press.net\/tchad\/toutes-les-actualites\/interview-du-maire-de-la-commune-urbaine-de-nguigmi-nous-avons-initie-des-journees-citoyennes-de-salubrite-dans-la-ville-ce-qui-a-permis-de-rendre-la-ville-propre#breadcrumb\"},\"inLanguage\":\"fr-FR\",\"potentialAction\":[{\"@type\":\"ReadAction\",\"target\":[\"https:\/\/www.africa-press.net\/tchad\/toutes-les-actualites\/interview-du-maire-de-la-commune-urbaine-de-nguigmi-nous-avons-initie-des-journees-citoyennes-de-salubrite-dans-la-ville-ce-qui-a-permis-de-rendre-la-ville-propre\"]}]},{\"@type\":\"ImageObject\",\"inLanguage\":\"fr-FR\",\"@id\":\"https:\/\/www.africa-press.net\/tchad\/toutes-les-actualites\/interview-du-maire-de-la-commune-urbaine-de-nguigmi-nous-avons-initie-des-journees-citoyennes-de-salubrite-dans-la-ville-ce-qui-a-permis-de-rendre-la-ville-propre#primaryimage\",\"url\":\"https:\/\/static.africa-press.net\/tchad\/sites\/41\/2022\/08\/postQueueImg_13-630510fddbfb1.jpg\",\"contentUrl\":\"https:\/\/static.africa-press.net\/tchad\/sites\/41\/2022\/08\/postQueueImg_13-630510fddbfb1.jpg\",\"width\":1280,\"height\":720,\"caption\":\"Interview du Maire de la Commune Urbaine de N\u2019Guigmi\u00a0: \u00ab Nous avons initi\u00e9 des journ\u00e9es citoyennes de salubrit\u00e9 dans la ville, ce qui\u00a0 a permis de rendre la ville propre \u00bb, d\u00e9clare M. Oumar Malam Haladou\"},{\"@type\":\"BreadcrumbList\",\"@id\":\"https:\/\/www.africa-press.net\/tchad\/toutes-les-actualites\/interview-du-maire-de-la-commune-urbaine-de-nguigmi-nous-avons-initie-des-journees-citoyennes-de-salubrite-dans-la-ville-ce-qui-a-permis-de-rendre-la-ville-propre#breadcrumb\",\"itemListElement\":[{\"@type\":\"ListItem\",\"position\":1,\"name\":\"Accueil\",\"item\":\"https:\/\/www.africa-press.net\/tchad\/\"},{\"@type\":\"ListItem\",\"position\":2,\"name\":\"Interview du Maire de la Commune Urbaine de N\u2019Guigmi\u00a0: \u00ab Nous avons initi\u00e9 des journ\u00e9es citoyennes de salubrit\u00e9 dans la ville, ce qui\u00a0 a permis de rendre la ville propre \u00bb, d\u00e9clare M. Oumar Malam Haladou\"}]},{\"@type\":\"WebSite\",\"@id\":\"https:\/\/www.africa-press.net\/tchad\/#website\",\"url\":\"https:\/\/www.africa-press.net\/tchad\/\",\"name\":\"tchad\",\"description\":\"Just another Africa News Agency Sites site\",\"potentialAction\":[{\"@type\":\"SearchAction\",\"target\":{\"@type\":\"EntryPoint\",\"urlTemplate\":\"https:\/\/www.africa-press.net\/tchad\/?s={search_term_string}\"},\"query-input\":{\"@type\":\"PropertyValueSpecification\",\"valueRequired\":true,\"valueName\":\"search_term_string\"}}],\"inLanguage\":\"fr-FR\"},{\"@type\":\"Person\",\"@id\":\"https:\/\/www.africa-press.net\/tchad\/#\/schema\/person\/2b1cf3cd81a31e3cd26889ca66d677f1\",\"name\":\"cfeditorfr\"}]}<\/script>\n<!-- \/ Yoast SEO Premium plugin. -->","yoast_head_json":{"title":"Interview du Maire de la Commune Urbaine de N\u2019Guigmi\u00a0: \u00ab Nous avons initi\u00e9 des journ\u00e9es citoyennes de salubrit\u00e9 dans la ville, ce qui\u00a0 a permis de rendre la ville propre \u00bb, d\u00e9clare M. Oumar Malam Haladou - tchad","description":"Monsieur le Maire, pouvez-vous nous pr\u00e9senter votre commune ? Permettez-moi d\u2019abord de vous souhaiter la chaleureuse bi ...","robots":{"index":"index","follow":"follow","max-snippet":"max-snippet:-1","max-image-preview":"max-image-preview:large","max-video-preview":"max-video-preview:-1"},"canonical":"https:\/\/www.africa-press.net\/tchad\/toutes-les-actualites\/interview-du-maire-de-la-commune-urbaine-de-nguigmi-nous-avons-initie-des-journees-citoyennes-de-salubrite-dans-la-ville-ce-qui-a-permis-de-rendre-la-ville-propre","og_locale":"fr_FR","og_type":"article","og_title":"Interview du Maire de la Commune Urbaine de N\u2019Guigmi\u00a0: \u00ab Nous avons initi\u00e9 des journ\u00e9es citoyennes de salubrit\u00e9 dans la ville, ce qui\u00a0 a permis de rendre la ville propre \u00bb, d\u00e9clare M. Oumar Malam Haladou","og_description":"Monsieur le Maire, pouvez-vous nous pr\u00e9senter votre commune ? Permettez-moi d\u2019abord de vous souhaiter la chaleureuse bi ...","og_url":"https:\/\/www.africa-press.net\/tchad\/toutes-les-actualites\/interview-du-maire-de-la-commune-urbaine-de-nguigmi-nous-avons-initie-des-journees-citoyennes-de-salubrite-dans-la-ville-ce-qui-a-permis-de-rendre-la-ville-propre","og_site_name":"tchad","article_published_time":"2022-08-23T17:10:35+00:00","article_modified_time":"2022-08-23T17:40:34+00:00","og_image":[{"width":1280,"height":720,"url":"https:\/\/static.africa-press.net\/tchad\/sites\/41\/2022\/08\/postQueueImg_13-630510fddbfb1.jpg","type":"image\/jpeg"}],"author":"cfeditorfr","twitter_card":"summary_large_image","twitter_misc":{"\u00c9crit par":"cfeditorfr","Dur\u00e9e de lecture estim\u00e9e":"7 minutes"},"schema":{"@context":"https:\/\/schema.org","@graph":[{"@type":"Article","@id":"https:\/\/www.africa-press.net\/tchad\/toutes-les-actualites\/interview-du-maire-de-la-commune-urbaine-de-nguigmi-nous-avons-initie-des-journees-citoyennes-de-salubrite-dans-la-ville-ce-qui-a-permis-de-rendre-la-ville-propre#article","isPartOf":{"@id":"https:\/\/www.africa-press.net\/tchad\/toutes-les-actualites\/interview-du-maire-de-la-commune-urbaine-de-nguigmi-nous-avons-initie-des-journees-citoyennes-de-salubrite-dans-la-ville-ce-qui-a-permis-de-rendre-la-ville-propre"},"author":{"name":"cfeditorfr","@id":"https:\/\/www.africa-press.net\/tchad\/#\/schema\/person\/2b1cf3cd81a31e3cd26889ca66d677f1"},"headline":"Interview du Maire de la Commune Urbaine de N\u2019Guigmi\u00a0: \u00ab Nous avons initi\u00e9 des journ\u00e9es citoyennes de salubrit\u00e9 dans la ville, ce qui\u00a0 a permis de rendre la ville propre \u00bb, d\u00e9clare M. Oumar Malam Haladou","datePublished":"2022-08-23T17:10:35+00:00","dateModified":"2022-08-23T17:40:34+00:00","mainEntityOfPage":{"@id":"https:\/\/www.africa-press.net\/tchad\/toutes-les-actualites\/interview-du-maire-de-la-commune-urbaine-de-nguigmi-nous-avons-initie-des-journees-citoyennes-de-salubrite-dans-la-ville-ce-qui-a-permis-de-rendre-la-ville-propre"},"wordCount":1374,"commentCount":0,"image":{"@id":"https:\/\/www.africa-press.net\/tchad\/toutes-les-actualites\/interview-du-maire-de-la-commune-urbaine-de-nguigmi-nous-avons-initie-des-journees-citoyennes-de-salubrite-dans-la-ville-ce-qui-a-permis-de-rendre-la-ville-propre#primaryimage"},"thumbnailUrl":"https:\/\/static.africa-press.net\/tchad\/sites\/41\/2022\/08\/postQueueImg_13-630510fddbfb1.jpg","keywords":["Africa Press","Africa Press-Tchad","Tchad"],"articleSection":["Communaut\u00e9","homepage-french","Toutes les actualit\u00e9s"],"inLanguage":"fr-FR","potentialAction":[{"@type":"CommentAction","name":"Comment","target":["https:\/\/www.africa-press.net\/tchad\/toutes-les-actualites\/interview-du-maire-de-la-commune-urbaine-de-nguigmi-nous-avons-initie-des-journees-citoyennes-de-salubrite-dans-la-ville-ce-qui-a-permis-de-rendre-la-ville-propre#respond"]}]},{"@type":"WebPage","@id":"https:\/\/www.africa-press.net\/tchad\/toutes-les-actualites\/interview-du-maire-de-la-commune-urbaine-de-nguigmi-nous-avons-initie-des-journees-citoyennes-de-salubrite-dans-la-ville-ce-qui-a-permis-de-rendre-la-ville-propre","url":"https:\/\/www.africa-press.net\/tchad\/toutes-les-actualites\/interview-du-maire-de-la-commune-urbaine-de-nguigmi-nous-avons-initie-des-journees-citoyennes-de-salubrite-dans-la-ville-ce-qui-a-permis-de-rendre-la-ville-propre","name":"Interview du Maire de la Commune Urbaine de N\u2019Guigmi\u00a0: \u00ab Nous avons initi\u00e9 des journ\u00e9es citoyennes de salubrit\u00e9 dans la ville, ce qui\u00a0 a permis de rendre la ville propre \u00bb, d\u00e9clare M. Oumar Malam Haladou - tchad","isPartOf":{"@id":"https:\/\/www.africa-press.net\/tchad\/#website"},"primaryImageOfPage":{"@id":"https:\/\/www.africa-press.net\/tchad\/toutes-les-actualites\/interview-du-maire-de-la-commune-urbaine-de-nguigmi-nous-avons-initie-des-journees-citoyennes-de-salubrite-dans-la-ville-ce-qui-a-permis-de-rendre-la-ville-propre#primaryimage"},"image":{"@id":"https:\/\/www.africa-press.net\/tchad\/toutes-les-actualites\/interview-du-maire-de-la-commune-urbaine-de-nguigmi-nous-avons-initie-des-journees-citoyennes-de-salubrite-dans-la-ville-ce-qui-a-permis-de-rendre-la-ville-propre#primaryimage"},"thumbnailUrl":"https:\/\/static.africa-press.net\/tchad\/sites\/41\/2022\/08\/postQueueImg_13-630510fddbfb1.jpg","datePublished":"2022-08-23T17:10:35+00:00","dateModified":"2022-08-23T17:40:34+00:00","author":{"@id":"https:\/\/www.africa-press.net\/tchad\/#\/schema\/person\/2b1cf3cd81a31e3cd26889ca66d677f1"},"description":"Monsieur le Maire, pouvez-vous nous pr\u00e9senter votre commune ? Permettez-moi d\u2019abord de vous souhaiter la chaleureuse bi ...","breadcrumb":{"@id":"https:\/\/www.africa-press.net\/tchad\/toutes-les-actualites\/interview-du-maire-de-la-commune-urbaine-de-nguigmi-nous-avons-initie-des-journees-citoyennes-de-salubrite-dans-la-ville-ce-qui-a-permis-de-rendre-la-ville-propre#breadcrumb"},"inLanguage":"fr-FR","potentialAction":[{"@type":"ReadAction","target":["https:\/\/www.africa-press.net\/tchad\/toutes-les-actualites\/interview-du-maire-de-la-commune-urbaine-de-nguigmi-nous-avons-initie-des-journees-citoyennes-de-salubrite-dans-la-ville-ce-qui-a-permis-de-rendre-la-ville-propre"]}]},{"@type":"ImageObject","inLanguage":"fr-FR","@id":"https:\/\/www.africa-press.net\/tchad\/toutes-les-actualites\/interview-du-maire-de-la-commune-urbaine-de-nguigmi-nous-avons-initie-des-journees-citoyennes-de-salubrite-dans-la-ville-ce-qui-a-permis-de-rendre-la-ville-propre#primaryimage","url":"https:\/\/static.africa-press.net\/tchad\/sites\/41\/2022\/08\/postQueueImg_13-630510fddbfb1.jpg","contentUrl":"https:\/\/static.africa-press.net\/tchad\/sites\/41\/2022\/08\/postQueueImg_13-630510fddbfb1.jpg","width":1280,"height":720,"caption":"Interview du Maire de la Commune Urbaine de N\u2019Guigmi\u00a0: \u00ab Nous avons initi\u00e9 des journ\u00e9es citoyennes de salubrit\u00e9 dans la ville, ce qui\u00a0 a permis de rendre la ville propre \u00bb, d\u00e9clare M. Oumar Malam Haladou"},{"@type":"BreadcrumbList","@id":"https:\/\/www.africa-press.net\/tchad\/toutes-les-actualites\/interview-du-maire-de-la-commune-urbaine-de-nguigmi-nous-avons-initie-des-journees-citoyennes-de-salubrite-dans-la-ville-ce-qui-a-permis-de-rendre-la-ville-propre#breadcrumb","itemListElement":[{"@type":"ListItem","position":1,"name":"Accueil","item":"https:\/\/www.africa-press.net\/tchad\/"},{"@type":"ListItem","position":2,"name":"Interview du Maire de la Commune Urbaine de N\u2019Guigmi\u00a0: \u00ab Nous avons initi\u00e9 des journ\u00e9es citoyennes de salubrit\u00e9 dans la ville, ce qui\u00a0 a permis de rendre la ville propre \u00bb, d\u00e9clare M. Oumar Malam Haladou"}]},{"@type":"WebSite","@id":"https:\/\/www.africa-press.net\/tchad\/#website","url":"https:\/\/www.africa-press.net\/tchad\/","name":"tchad","description":"Just another Africa News Agency Sites site","potentialAction":[{"@type":"SearchAction","target":{"@type":"EntryPoint","urlTemplate":"https:\/\/www.africa-press.net\/tchad\/?s={search_term_string}"},"query-input":{"@type":"PropertyValueSpecification","valueRequired":true,"valueName":"search_term_string"}}],"inLanguage":"fr-FR"},{"@type":"Person","@id":"https:\/\/www.africa-press.net\/tchad\/#\/schema\/person\/2b1cf3cd81a31e3cd26889ca66d677f1","name":"cfeditorfr"}]}},"_links":{"self":[{"href":"https:\/\/www.africa-press.net\/tchad\/wp-json\/wp\/v2\/posts\/31162","targetHints":{"allow":["GET"]}}],"collection":[{"href":"https:\/\/www.africa-press.net\/tchad\/wp-json\/wp\/v2\/posts"}],"about":[{"href":"https:\/\/www.africa-press.net\/tchad\/wp-json\/wp\/v2\/types\/post"}],"author":[{"embeddable":true,"href":"https:\/\/www.africa-press.net\/tchad\/wp-json\/wp\/v2\/users\/82"}],"replies":[{"embeddable":true,"href":"https:\/\/www.africa-press.net\/tchad\/wp-json\/wp\/v2\/comments?post=31162"}],"version-history":[{"count":0,"href":"https:\/\/www.africa-press.net\/tchad\/wp-json\/wp\/v2\/posts\/31162\/revisions"}],"wp:featuredmedia":[{"embeddable":true,"href":"https:\/\/www.africa-press.net\/tchad\/wp-json\/wp\/v2\/media\/31161"}],"wp:attachment":[{"href":"https:\/\/www.africa-press.net\/tchad\/wp-json\/wp\/v2\/media?parent=31162"}],"wp:term":[{"taxonomy":"category","embeddable":true,"href":"https:\/\/www.africa-press.net\/tchad\/wp-json\/wp\/v2\/categories?post=31162"},{"taxonomy":"post_tag","embeddable":true,"href":"https:\/\/www.africa-press.net\/tchad\/wp-json\/wp\/v2\/tags?post=31162"}],"curies":[{"name":"wp","href":"https:\/\/api.w.org\/{rel}","templated":true}]}}