{"id":31168,"date":"2022-08-23T17:24:25","date_gmt":"2022-08-23T17:24:25","guid":{"rendered":"https:\/\/www.africa-press.net\/tchad\/politique\/mercato-foot-d2-italienne-le-nouveau-challenge-de-abdoul-razack-guiebre"},"modified":"2022-08-23T17:56:07","modified_gmt":"2022-08-23T17:56:07","slug":"mercato-foot-d2-italienne-le-nouveau-challenge-de-abdoul-razack-guiebre","status":"publish","type":"post","link":"https:\/\/www.africa-press.net\/tchad\/sports\/mercato-foot-d2-italienne-le-nouveau-challenge-de-abdoul-razack-guiebre","title":{"rendered":"Mercato-foot : D2 italienne, le nouveau challenge de Abdoul Razack Guiebre"},"content":{"rendered":"<p><span style=\"color: #ff6600\"><strong>Africa-Press &#8211; Tchad. <\/strong><\/span><b>Abdoul Razack Guiebre, transite \u00e0 Modena FC( Serie B) jusqu\u2019en 2025. Le lat\u00e9ral gauche burkinab\u00e8 a sign\u00e9 ce contrat ce mardi 23 ao\u00fbt 2022 act\u00e9 par la note officielle de bienvenue lue par le pr\u00e9sident Carlo Rivetti et tout le Modena FC. <\/b><\/p>\n<p>Annonc\u00e9 au d\u00e9part \u00e0 Bari, Razack Guiebre quitte finalement la SS Monopoli 1966 (D3) et s\u2019engage avec le Modena FC, dans un autre club en s\u00e9rie B italienne jusqu\u2019en 2025.<\/p>\n<p>Originaire du Burkina Faso, l\u2019ailier gauche n\u00e9 le 17 juillet 1997 \u00e0 Bobo-Dioulasso, Abdoul Razack Guiebre a grandi dans le secteur des jeunes de Forl\u00ec, avant de rejoindre Meldola in Excellence. En 2016, il a \u00e9t\u00e9 achet\u00e9 par Rimini, o\u00f9 il a d\u2019abord remport\u00e9 le championnat d\u2019excellence puis celui de Serie D en tant que protagoniste, totalisant 39 apparitions et 4 buts.<\/p>\n<p>Apr\u00e8s avoir atterri en Lega Pro, lors de la saison 2018\/2019, il a disput\u00e9 37 matches marquant 2 buts. Au cours de la derni\u00e8re saison, jusqu\u2019en d\u00e9cembre 2019, Guiebre a disput\u00e9 12 matchs avec le maillot Rieti.<\/p>\n<p>&nbsp;<\/p>\n<p><strong>Pour plus d&rsquo;informations et d&rsquo;analyses sur la <a href=\"https:\/\/www.africa-press.net\/tchad\">Tchad<\/a>, suivez <a href=\"https:\/\/www.africa-press.net\/\">Africa-Press<\/a><\/strong><\/p>\n","protected":false},"excerpt":{"rendered":"<p>Africa-Press &#8211; Tchad. Abdoul Razack Guiebre, transite \u00e0 Modena FC( Serie B) jusqu\u2019en 2025. Le lat\u00e9ral gauche burkinab\u00e8 a sign\u00e9 ce contrat ce mardi 23 ao\u00fbt 2022 act\u00e9 par la note officielle de bienvenue lue par le pr\u00e9sident Carlo Rivetti et tout le Modena FC. Annonc\u00e9 au d\u00e9part \u00e0 Bari, Razack Guiebre quitte finalement la [&hellip;]<\/p>\n","protected":false},"author":82,"featured_media":31167,"comment_status":"open","ping_status":"closed","sticky":false,"template":"","format":"standard","meta":{"footnotes":""},"categories":[11,6,10],"tags":[37,292,29],"class_list":["post-31168","post","type-post","status-publish","format-standard","has-post-thumbnail","hentry","category-homepage-french","category-sports","category-toutes-les-actualites","tag-africa-press","tag-africa-press-tchad","tag-tchad"],"yoast_head":"<!-- This site is optimized with the Yoast SEO Premium plugin v26.1 (Yoast SEO v27.0) - https:\/\/yoast.com\/product\/yoast-seo-premium-wordpress\/ -->\n<title>Mercato-foot : D2 italienne, le nouveau challenge de Abdoul Razack Guiebre - tchad<\/title>\n<meta name=\"description\" content=\"Abdoul Razack Guiebre, transite \u00e0 Modena FC( Serie B) jusqu\u2019en 2025. Le lat\u00e9ral gauche burkinab\u00e8 a sign\u00e9 ce contrat c ...\" \/>\n<meta name=\"robots\" content=\"index, follow, max-snippet:-1, max-image-preview:large, max-video-preview:-1\" \/>\n<link rel=\"canonical\" href=\"https:\/\/www.africa-press.net\/tchad\/sports\/mercato-foot-d2-italienne-le-nouveau-challenge-de-abdoul-razack-guiebre\" \/>\n<meta property=\"og:locale\" content=\"fr_FR\" \/>\n<meta property=\"og:type\" content=\"article\" \/>\n<meta property=\"og:title\" content=\"Mercato-foot : D2 italienne, le nouveau challenge de Abdoul Razack Guiebre\" \/>\n<meta property=\"og:description\" content=\"Abdoul Razack Guiebre, transite \u00e0 Modena FC( Serie B) jusqu\u2019en 2025. Le lat\u00e9ral gauche burkinab\u00e8 a sign\u00e9 ce contrat c ...\" \/>\n<meta property=\"og:url\" content=\"https:\/\/www.africa-press.net\/tchad\/sports\/mercato-foot-d2-italienne-le-nouveau-challenge-de-abdoul-razack-guiebre\" \/>\n<meta property=\"og:site_name\" content=\"tchad\" \/>\n<meta property=\"article:published_time\" content=\"2022-08-23T17:24:25+00:00\" \/>\n<meta property=\"article:modified_time\" content=\"2022-08-23T17:56:07+00:00\" \/>\n<meta property=\"og:image\" content=\"https:\/\/static.africa-press.net\/tchad\/sites\/41\/2022\/08\/postQueueImg_35-630514a31f687.jpg\" \/>\n\t<meta property=\"og:image:width\" content=\"728\" \/>\n\t<meta property=\"og:image:height\" content=\"410\" \/>\n\t<meta property=\"og:image:type\" content=\"image\/jpeg\" \/>\n<meta name=\"author\" content=\"cfeditorfr\" \/>\n<meta name=\"twitter:card\" content=\"summary_large_image\" \/>\n<meta name=\"twitter:label1\" content=\"\u00c9crit par\" \/>\n\t<meta name=\"twitter:data1\" content=\"cfeditorfr\" \/>\n\t<meta name=\"twitter:label2\" content=\"Dur\u00e9e de lecture estim\u00e9e\" \/>\n\t<meta name=\"twitter:data2\" content=\"1 minute\" \/>\n<script type=\"application\/ld+json\" class=\"yoast-schema-graph\">{\"@context\":\"https:\/\/schema.org\",\"@graph\":[{\"@type\":\"Article\",\"@id\":\"https:\/\/www.africa-press.net\/tchad\/sports\/mercato-foot-d2-italienne-le-nouveau-challenge-de-abdoul-razack-guiebre#article\",\"isPartOf\":{\"@id\":\"https:\/\/www.africa-press.net\/tchad\/sports\/mercato-foot-d2-italienne-le-nouveau-challenge-de-abdoul-razack-guiebre\"},\"author\":{\"name\":\"cfeditorfr\",\"@id\":\"https:\/\/www.africa-press.net\/tchad\/#\/schema\/person\/2b1cf3cd81a31e3cd26889ca66d677f1\"},\"headline\":\"Mercato-foot : D2 italienne, le nouveau challenge de Abdoul Razack Guiebre\",\"datePublished\":\"2022-08-23T17:24:25+00:00\",\"dateModified\":\"2022-08-23T17:56:07+00:00\",\"mainEntityOfPage\":{\"@id\":\"https:\/\/www.africa-press.net\/tchad\/sports\/mercato-foot-d2-italienne-le-nouveau-challenge-de-abdoul-razack-guiebre\"},\"wordCount\":194,\"commentCount\":0,\"image\":{\"@id\":\"https:\/\/www.africa-press.net\/tchad\/sports\/mercato-foot-d2-italienne-le-nouveau-challenge-de-abdoul-razack-guiebre#primaryimage\"},\"thumbnailUrl\":\"https:\/\/static.africa-press.net\/tchad\/sites\/41\/2022\/08\/postQueueImg_35-630514a31f687.jpg\",\"keywords\":[\"Africa Press\",\"Africa Press-Tchad\",\"Tchad\"],\"articleSection\":[\"homepage-french\",\"Sports\",\"Toutes les actualit\u00e9s\"],\"inLanguage\":\"fr-FR\",\"potentialAction\":[{\"@type\":\"CommentAction\",\"name\":\"Comment\",\"target\":[\"https:\/\/www.africa-press.net\/tchad\/sports\/mercato-foot-d2-italienne-le-nouveau-challenge-de-abdoul-razack-guiebre#respond\"]}]},{\"@type\":\"WebPage\",\"@id\":\"https:\/\/www.africa-press.net\/tchad\/sports\/mercato-foot-d2-italienne-le-nouveau-challenge-de-abdoul-razack-guiebre\",\"url\":\"https:\/\/www.africa-press.net\/tchad\/sports\/mercato-foot-d2-italienne-le-nouveau-challenge-de-abdoul-razack-guiebre\",\"name\":\"Mercato-foot : D2 italienne, le nouveau challenge de Abdoul Razack Guiebre - tchad\",\"isPartOf\":{\"@id\":\"https:\/\/www.africa-press.net\/tchad\/#website\"},\"primaryImageOfPage\":{\"@id\":\"https:\/\/www.africa-press.net\/tchad\/sports\/mercato-foot-d2-italienne-le-nouveau-challenge-de-abdoul-razack-guiebre#primaryimage\"},\"image\":{\"@id\":\"https:\/\/www.africa-press.net\/tchad\/sports\/mercato-foot-d2-italienne-le-nouveau-challenge-de-abdoul-razack-guiebre#primaryimage\"},\"thumbnailUrl\":\"https:\/\/static.africa-press.net\/tchad\/sites\/41\/2022\/08\/postQueueImg_35-630514a31f687.jpg\",\"datePublished\":\"2022-08-23T17:24:25+00:00\",\"dateModified\":\"2022-08-23T17:56:07+00:00\",\"author\":{\"@id\":\"https:\/\/www.africa-press.net\/tchad\/#\/schema\/person\/2b1cf3cd81a31e3cd26889ca66d677f1\"},\"description\":\"Abdoul Razack Guiebre, transite \u00e0 Modena FC( Serie B) jusqu\u2019en 2025. Le lat\u00e9ral gauche burkinab\u00e8 a sign\u00e9 ce contrat c ...\",\"breadcrumb\":{\"@id\":\"https:\/\/www.africa-press.net\/tchad\/sports\/mercato-foot-d2-italienne-le-nouveau-challenge-de-abdoul-razack-guiebre#breadcrumb\"},\"inLanguage\":\"fr-FR\",\"potentialAction\":[{\"@type\":\"ReadAction\",\"target\":[\"https:\/\/www.africa-press.net\/tchad\/sports\/mercato-foot-d2-italienne-le-nouveau-challenge-de-abdoul-razack-guiebre\"]}]},{\"@type\":\"ImageObject\",\"inLanguage\":\"fr-FR\",\"@id\":\"https:\/\/www.africa-press.net\/tchad\/sports\/mercato-foot-d2-italienne-le-nouveau-challenge-de-abdoul-razack-guiebre#primaryimage\",\"url\":\"https:\/\/static.africa-press.net\/tchad\/sites\/41\/2022\/08\/postQueueImg_35-630514a31f687.jpg\",\"contentUrl\":\"https:\/\/static.africa-press.net\/tchad\/sites\/41\/2022\/08\/postQueueImg_35-630514a31f687.jpg\",\"width\":728,\"height\":410,\"caption\":\"Mercato-foot : D2 italienne, le nouveau challenge de Abdoul Razack Guiebre\"},{\"@type\":\"BreadcrumbList\",\"@id\":\"https:\/\/www.africa-press.net\/tchad\/sports\/mercato-foot-d2-italienne-le-nouveau-challenge-de-abdoul-razack-guiebre#breadcrumb\",\"itemListElement\":[{\"@type\":\"ListItem\",\"position\":1,\"name\":\"Accueil\",\"item\":\"https:\/\/www.africa-press.net\/tchad\/\"},{\"@type\":\"ListItem\",\"position\":2,\"name\":\"Mercato-foot : D2 italienne, le nouveau challenge de Abdoul Razack Guiebre\"}]},{\"@type\":\"WebSite\",\"@id\":\"https:\/\/www.africa-press.net\/tchad\/#website\",\"url\":\"https:\/\/www.africa-press.net\/tchad\/\",\"name\":\"tchad\",\"description\":\"Just another Africa News Agency Sites site\",\"potentialAction\":[{\"@type\":\"SearchAction\",\"target\":{\"@type\":\"EntryPoint\",\"urlTemplate\":\"https:\/\/www.africa-press.net\/tchad\/?s={search_term_string}\"},\"query-input\":{\"@type\":\"PropertyValueSpecification\",\"valueRequired\":true,\"valueName\":\"search_term_string\"}}],\"inLanguage\":\"fr-FR\"},{\"@type\":\"Person\",\"@id\":\"https:\/\/www.africa-press.net\/tchad\/#\/schema\/person\/2b1cf3cd81a31e3cd26889ca66d677f1\",\"name\":\"cfeditorfr\"}]}<\/script>\n<!-- \/ Yoast SEO Premium plugin. -->","yoast_head_json":{"title":"Mercato-foot : D2 italienne, le nouveau challenge de Abdoul Razack Guiebre - tchad","description":"Abdoul Razack Guiebre, transite \u00e0 Modena FC( Serie B) jusqu\u2019en 2025. Le lat\u00e9ral gauche burkinab\u00e8 a sign\u00e9 ce contrat c ...","robots":{"index":"index","follow":"follow","max-snippet":"max-snippet:-1","max-image-preview":"max-image-preview:large","max-video-preview":"max-video-preview:-1"},"canonical":"https:\/\/www.africa-press.net\/tchad\/sports\/mercato-foot-d2-italienne-le-nouveau-challenge-de-abdoul-razack-guiebre","og_locale":"fr_FR","og_type":"article","og_title":"Mercato-foot : D2 italienne, le nouveau challenge de Abdoul Razack Guiebre","og_description":"Abdoul Razack Guiebre, transite \u00e0 Modena FC( Serie B) jusqu\u2019en 2025. Le lat\u00e9ral gauche burkinab\u00e8 a sign\u00e9 ce contrat c ...","og_url":"https:\/\/www.africa-press.net\/tchad\/sports\/mercato-foot-d2-italienne-le-nouveau-challenge-de-abdoul-razack-guiebre","og_site_name":"tchad","article_published_time":"2022-08-23T17:24:25+00:00","article_modified_time":"2022-08-23T17:56:07+00:00","og_image":[{"width":728,"height":410,"url":"https:\/\/static.africa-press.net\/tchad\/sites\/41\/2022\/08\/postQueueImg_35-630514a31f687.jpg","type":"image\/jpeg"}],"author":"cfeditorfr","twitter_card":"summary_large_image","twitter_misc":{"\u00c9crit par":"cfeditorfr","Dur\u00e9e de lecture estim\u00e9e":"1 minute"},"schema":{"@context":"https:\/\/schema.org","@graph":[{"@type":"Article","@id":"https:\/\/www.africa-press.net\/tchad\/sports\/mercato-foot-d2-italienne-le-nouveau-challenge-de-abdoul-razack-guiebre#article","isPartOf":{"@id":"https:\/\/www.africa-press.net\/tchad\/sports\/mercato-foot-d2-italienne-le-nouveau-challenge-de-abdoul-razack-guiebre"},"author":{"name":"cfeditorfr","@id":"https:\/\/www.africa-press.net\/tchad\/#\/schema\/person\/2b1cf3cd81a31e3cd26889ca66d677f1"},"headline":"Mercato-foot : D2 italienne, le nouveau challenge de Abdoul Razack Guiebre","datePublished":"2022-08-23T17:24:25+00:00","dateModified":"2022-08-23T17:56:07+00:00","mainEntityOfPage":{"@id":"https:\/\/www.africa-press.net\/tchad\/sports\/mercato-foot-d2-italienne-le-nouveau-challenge-de-abdoul-razack-guiebre"},"wordCount":194,"commentCount":0,"image":{"@id":"https:\/\/www.africa-press.net\/tchad\/sports\/mercato-foot-d2-italienne-le-nouveau-challenge-de-abdoul-razack-guiebre#primaryimage"},"thumbnailUrl":"https:\/\/static.africa-press.net\/tchad\/sites\/41\/2022\/08\/postQueueImg_35-630514a31f687.jpg","keywords":["Africa Press","Africa Press-Tchad","Tchad"],"articleSection":["homepage-french","Sports","Toutes les actualit\u00e9s"],"inLanguage":"fr-FR","potentialAction":[{"@type":"CommentAction","name":"Comment","target":["https:\/\/www.africa-press.net\/tchad\/sports\/mercato-foot-d2-italienne-le-nouveau-challenge-de-abdoul-razack-guiebre#respond"]}]},{"@type":"WebPage","@id":"https:\/\/www.africa-press.net\/tchad\/sports\/mercato-foot-d2-italienne-le-nouveau-challenge-de-abdoul-razack-guiebre","url":"https:\/\/www.africa-press.net\/tchad\/sports\/mercato-foot-d2-italienne-le-nouveau-challenge-de-abdoul-razack-guiebre","name":"Mercato-foot : D2 italienne, le nouveau challenge de Abdoul Razack Guiebre - tchad","isPartOf":{"@id":"https:\/\/www.africa-press.net\/tchad\/#website"},"primaryImageOfPage":{"@id":"https:\/\/www.africa-press.net\/tchad\/sports\/mercato-foot-d2-italienne-le-nouveau-challenge-de-abdoul-razack-guiebre#primaryimage"},"image":{"@id":"https:\/\/www.africa-press.net\/tchad\/sports\/mercato-foot-d2-italienne-le-nouveau-challenge-de-abdoul-razack-guiebre#primaryimage"},"thumbnailUrl":"https:\/\/static.africa-press.net\/tchad\/sites\/41\/2022\/08\/postQueueImg_35-630514a31f687.jpg","datePublished":"2022-08-23T17:24:25+00:00","dateModified":"2022-08-23T17:56:07+00:00","author":{"@id":"https:\/\/www.africa-press.net\/tchad\/#\/schema\/person\/2b1cf3cd81a31e3cd26889ca66d677f1"},"description":"Abdoul Razack Guiebre, transite \u00e0 Modena FC( Serie B) jusqu\u2019en 2025. Le lat\u00e9ral gauche burkinab\u00e8 a sign\u00e9 ce contrat c ...","breadcrumb":{"@id":"https:\/\/www.africa-press.net\/tchad\/sports\/mercato-foot-d2-italienne-le-nouveau-challenge-de-abdoul-razack-guiebre#breadcrumb"},"inLanguage":"fr-FR","potentialAction":[{"@type":"ReadAction","target":["https:\/\/www.africa-press.net\/tchad\/sports\/mercato-foot-d2-italienne-le-nouveau-challenge-de-abdoul-razack-guiebre"]}]},{"@type":"ImageObject","inLanguage":"fr-FR","@id":"https:\/\/www.africa-press.net\/tchad\/sports\/mercato-foot-d2-italienne-le-nouveau-challenge-de-abdoul-razack-guiebre#primaryimage","url":"https:\/\/static.africa-press.net\/tchad\/sites\/41\/2022\/08\/postQueueImg_35-630514a31f687.jpg","contentUrl":"https:\/\/static.africa-press.net\/tchad\/sites\/41\/2022\/08\/postQueueImg_35-630514a31f687.jpg","width":728,"height":410,"caption":"Mercato-foot : D2 italienne, le nouveau challenge de Abdoul Razack Guiebre"},{"@type":"BreadcrumbList","@id":"https:\/\/www.africa-press.net\/tchad\/sports\/mercato-foot-d2-italienne-le-nouveau-challenge-de-abdoul-razack-guiebre#breadcrumb","itemListElement":[{"@type":"ListItem","position":1,"name":"Accueil","item":"https:\/\/www.africa-press.net\/tchad\/"},{"@type":"ListItem","position":2,"name":"Mercato-foot : D2 italienne, le nouveau challenge de Abdoul Razack Guiebre"}]},{"@type":"WebSite","@id":"https:\/\/www.africa-press.net\/tchad\/#website","url":"https:\/\/www.africa-press.net\/tchad\/","name":"tchad","description":"Just another Africa News Agency Sites site","potentialAction":[{"@type":"SearchAction","target":{"@type":"EntryPoint","urlTemplate":"https:\/\/www.africa-press.net\/tchad\/?s={search_term_string}"},"query-input":{"@type":"PropertyValueSpecification","valueRequired":true,"valueName":"search_term_string"}}],"inLanguage":"fr-FR"},{"@type":"Person","@id":"https:\/\/www.africa-press.net\/tchad\/#\/schema\/person\/2b1cf3cd81a31e3cd26889ca66d677f1","name":"cfeditorfr"}]}},"_links":{"self":[{"href":"https:\/\/www.africa-press.net\/tchad\/wp-json\/wp\/v2\/posts\/31168","targetHints":{"allow":["GET"]}}],"collection":[{"href":"https:\/\/www.africa-press.net\/tchad\/wp-json\/wp\/v2\/posts"}],"about":[{"href":"https:\/\/www.africa-press.net\/tchad\/wp-json\/wp\/v2\/types\/post"}],"author":[{"embeddable":true,"href":"https:\/\/www.africa-press.net\/tchad\/wp-json\/wp\/v2\/users\/82"}],"replies":[{"embeddable":true,"href":"https:\/\/www.africa-press.net\/tchad\/wp-json\/wp\/v2\/comments?post=31168"}],"version-history":[{"count":0,"href":"https:\/\/www.africa-press.net\/tchad\/wp-json\/wp\/v2\/posts\/31168\/revisions"}],"wp:featuredmedia":[{"embeddable":true,"href":"https:\/\/www.africa-press.net\/tchad\/wp-json\/wp\/v2\/media\/31167"}],"wp:attachment":[{"href":"https:\/\/www.africa-press.net\/tchad\/wp-json\/wp\/v2\/media?parent=31168"}],"wp:term":[{"taxonomy":"category","embeddable":true,"href":"https:\/\/www.africa-press.net\/tchad\/wp-json\/wp\/v2\/categories?post=31168"},{"taxonomy":"post_tag","embeddable":true,"href":"https:\/\/www.africa-press.net\/tchad\/wp-json\/wp\/v2\/tags?post=31168"}],"curies":[{"name":"wp","href":"https:\/\/api.w.org\/{rel}","templated":true}]}}