{"id":31192,"date":"2022-08-24T17:41:03","date_gmt":"2022-08-24T17:41:03","guid":{"rendered":"https:\/\/www.africa-press.net\/tchad\/politique\/tchad-pas-encore-daccord-avec-wakit-tamma-et-les-transformateurs-malgre-la-mediation"},"modified":"2022-08-24T18:08:45","modified_gmt":"2022-08-24T18:08:45","slug":"tchad-pas-encore-daccord-avec-wakit-tamma-et-les-transformateurs-malgre-la-mediation","status":"publish","type":"post","link":"https:\/\/www.africa-press.net\/tchad\/politique\/tchad-pas-encore-daccord-avec-wakit-tamma-et-les-transformateurs-malgre-la-mediation","title":{"rendered":"Tchad : pas (encore) d&rsquo;accord avec Wakit Tamma et Les Transformateurs, malgr\u00e9 la m\u00e9diation"},"content":{"rendered":"<p><span style=\"color: #ff6600\"><strong>Africa-Press &#8211; Tchad. <\/strong><\/span>Trois chefs religieux (Conseil Sup\u00e9rieur des Affaires Islamiques,\u00c9glise Catholique et \u00c9glise Protestante), des m\u00e9diateurs des accords de Doha et le conseiller \u00e0 la s\u00e9curit\u00e9 nationale de l&rsquo;\u00c9mir du Qatar ont rencontr\u00e9 Dr. Succes Masra et Me. Max Loalngar.<\/p>\n<p>\u200bDr. Succes Masra, leader des Transformateurs, affirme vouloir prendre part au dialogue mais sous conditions. Il exige notamment une r\u00e9elle inclusivit\u00e9 dans les quotas de r\u00e9partition.<\/p>\n<p><b>\u00ab\u00a0Dans la transparence, les \u00e9changes ont commenc\u00e9 et tout en restant disponibles pour la suite, il est utile de noter qu&rsquo;il n&rsquo;y a pas encore d&rsquo;accord \u00e0 date\u00a0\u00bb<\/b>, pr\u00e9cise-t-il. Dr. Succes Masra sollicite une suspension d&rsquo;une semaine \u00e0 10 jours \u00ab\u00a0pour donner la chance aux d\u00e9marches de facilitation d&rsquo;aboutir\u00a0\u00bb.<\/p>\n<p><strong>Pour plus d&rsquo;informations et d&rsquo;analyses sur la <a href=\"https:\/\/www.africa-press.net\/tchad\">Tchad<\/a>, suivez <a href=\"https:\/\/www.africa-press.net\/\">Africa-Press<\/a><\/strong><\/p>\n","protected":false},"excerpt":{"rendered":"<p>Africa-Press &#8211; Tchad. Trois chefs religieux (Conseil Sup\u00e9rieur des Affaires Islamiques,\u00c9glise Catholique et \u00c9glise Protestante), des m\u00e9diateurs des accords de Doha et le conseiller \u00e0 la s\u00e9curit\u00e9 nationale de l&rsquo;\u00c9mir du Qatar ont rencontr\u00e9 Dr. Succes Masra et Me. Max Loalngar. \u200bDr. Succes Masra, leader des Transformateurs, affirme vouloir prendre part au dialogue mais sous [&hellip;]<\/p>\n","protected":false},"author":82,"featured_media":31191,"comment_status":"open","ping_status":"closed","sticky":false,"template":"","format":"standard","meta":{"footnotes":""},"categories":[11,2,10],"tags":[37,292,29],"class_list":["post-31192","post","type-post","status-publish","format-standard","has-post-thumbnail","hentry","category-homepage-french","category-politique","category-toutes-les-actualites","tag-africa-press","tag-africa-press-tchad","tag-tchad"],"yoast_head":"<!-- This site is optimized with the Yoast SEO Premium plugin v26.1 (Yoast SEO v27.0) - https:\/\/yoast.com\/product\/yoast-seo-premium-wordpress\/ -->\n<title>Tchad : pas (encore) d&#039;accord avec Wakit Tamma et Les Transformateurs, malgr\u00e9 la m\u00e9diation - tchad<\/title>\n<meta name=\"description\" content=\"Trois chefs religieux (Conseil Sup\u00e9rieur des Affaires Islamiques,\u00c9glise Catholique et \u00c9glise Protestante), des m\u00e9diateur ...\" \/>\n<meta name=\"robots\" content=\"index, follow, max-snippet:-1, max-image-preview:large, max-video-preview:-1\" \/>\n<link rel=\"canonical\" href=\"https:\/\/www.africa-press.net\/tchad\/politique\/tchad-pas-encore-daccord-avec-wakit-tamma-et-les-transformateurs-malgre-la-mediation\" \/>\n<meta property=\"og:locale\" content=\"fr_FR\" \/>\n<meta property=\"og:type\" content=\"article\" \/>\n<meta property=\"og:title\" content=\"Tchad : pas (encore) d&#039;accord avec Wakit Tamma et Les Transformateurs, malgr\u00e9 la m\u00e9diation\" \/>\n<meta property=\"og:description\" content=\"Trois chefs religieux (Conseil Sup\u00e9rieur des Affaires Islamiques,\u00c9glise Catholique et \u00c9glise Protestante), des m\u00e9diateur ...\" \/>\n<meta property=\"og:url\" content=\"https:\/\/www.africa-press.net\/tchad\/politique\/tchad-pas-encore-daccord-avec-wakit-tamma-et-les-transformateurs-malgre-la-mediation\" \/>\n<meta property=\"og:site_name\" content=\"tchad\" \/>\n<meta property=\"article:published_time\" content=\"2022-08-24T17:41:03+00:00\" \/>\n<meta property=\"article:modified_time\" content=\"2022-08-24T18:08:45+00:00\" \/>\n<meta property=\"og:image\" content=\"https:\/\/static.africa-press.net\/tchad\/sites\/41\/2022\/08\/postQueueImg_14-630668fc419f8.jpg\" \/>\n\t<meta property=\"og:image:width\" content=\"960\" \/>\n\t<meta property=\"og:image:height\" content=\"720\" \/>\n\t<meta property=\"og:image:type\" content=\"image\/jpeg\" \/>\n<meta name=\"author\" content=\"cfeditorfr\" \/>\n<meta name=\"twitter:card\" content=\"summary_large_image\" \/>\n<meta name=\"twitter:label1\" content=\"\u00c9crit par\" \/>\n\t<meta name=\"twitter:data1\" content=\"cfeditorfr\" \/>\n\t<meta name=\"twitter:label2\" content=\"Dur\u00e9e de lecture estim\u00e9e\" \/>\n\t<meta name=\"twitter:data2\" content=\"1 minute\" \/>\n<script type=\"application\/ld+json\" class=\"yoast-schema-graph\">{\"@context\":\"https:\/\/schema.org\",\"@graph\":[{\"@type\":\"Article\",\"@id\":\"https:\/\/www.africa-press.net\/tchad\/politique\/tchad-pas-encore-daccord-avec-wakit-tamma-et-les-transformateurs-malgre-la-mediation#article\",\"isPartOf\":{\"@id\":\"https:\/\/www.africa-press.net\/tchad\/politique\/tchad-pas-encore-daccord-avec-wakit-tamma-et-les-transformateurs-malgre-la-mediation\"},\"author\":{\"name\":\"cfeditorfr\",\"@id\":\"https:\/\/www.africa-press.net\/tchad\/#\/schema\/person\/2b1cf3cd81a31e3cd26889ca66d677f1\"},\"headline\":\"Tchad : pas (encore) d&rsquo;accord avec Wakit Tamma et Les Transformateurs, malgr\u00e9 la m\u00e9diation\",\"datePublished\":\"2022-08-24T17:41:03+00:00\",\"dateModified\":\"2022-08-24T18:08:45+00:00\",\"mainEntityOfPage\":{\"@id\":\"https:\/\/www.africa-press.net\/tchad\/politique\/tchad-pas-encore-daccord-avec-wakit-tamma-et-les-transformateurs-malgre-la-mediation\"},\"wordCount\":153,\"commentCount\":0,\"image\":{\"@id\":\"https:\/\/www.africa-press.net\/tchad\/politique\/tchad-pas-encore-daccord-avec-wakit-tamma-et-les-transformateurs-malgre-la-mediation#primaryimage\"},\"thumbnailUrl\":\"https:\/\/static.africa-press.net\/tchad\/sites\/41\/2022\/08\/postQueueImg_14-630668fc419f8.jpg\",\"keywords\":[\"Africa Press\",\"Africa Press-Tchad\",\"Tchad\"],\"articleSection\":[\"homepage-french\",\"Politique\",\"Toutes les actualit\u00e9s\"],\"inLanguage\":\"fr-FR\",\"potentialAction\":[{\"@type\":\"CommentAction\",\"name\":\"Comment\",\"target\":[\"https:\/\/www.africa-press.net\/tchad\/politique\/tchad-pas-encore-daccord-avec-wakit-tamma-et-les-transformateurs-malgre-la-mediation#respond\"]}]},{\"@type\":\"WebPage\",\"@id\":\"https:\/\/www.africa-press.net\/tchad\/politique\/tchad-pas-encore-daccord-avec-wakit-tamma-et-les-transformateurs-malgre-la-mediation\",\"url\":\"https:\/\/www.africa-press.net\/tchad\/politique\/tchad-pas-encore-daccord-avec-wakit-tamma-et-les-transformateurs-malgre-la-mediation\",\"name\":\"Tchad : pas (encore) d'accord avec Wakit Tamma et Les Transformateurs, malgr\u00e9 la m\u00e9diation - tchad\",\"isPartOf\":{\"@id\":\"https:\/\/www.africa-press.net\/tchad\/#website\"},\"primaryImageOfPage\":{\"@id\":\"https:\/\/www.africa-press.net\/tchad\/politique\/tchad-pas-encore-daccord-avec-wakit-tamma-et-les-transformateurs-malgre-la-mediation#primaryimage\"},\"image\":{\"@id\":\"https:\/\/www.africa-press.net\/tchad\/politique\/tchad-pas-encore-daccord-avec-wakit-tamma-et-les-transformateurs-malgre-la-mediation#primaryimage\"},\"thumbnailUrl\":\"https:\/\/static.africa-press.net\/tchad\/sites\/41\/2022\/08\/postQueueImg_14-630668fc419f8.jpg\",\"datePublished\":\"2022-08-24T17:41:03+00:00\",\"dateModified\":\"2022-08-24T18:08:45+00:00\",\"author\":{\"@id\":\"https:\/\/www.africa-press.net\/tchad\/#\/schema\/person\/2b1cf3cd81a31e3cd26889ca66d677f1\"},\"description\":\"Trois chefs religieux (Conseil Sup\u00e9rieur des Affaires Islamiques,\u00c9glise Catholique et \u00c9glise Protestante), des m\u00e9diateur ...\",\"breadcrumb\":{\"@id\":\"https:\/\/www.africa-press.net\/tchad\/politique\/tchad-pas-encore-daccord-avec-wakit-tamma-et-les-transformateurs-malgre-la-mediation#breadcrumb\"},\"inLanguage\":\"fr-FR\",\"potentialAction\":[{\"@type\":\"ReadAction\",\"target\":[\"https:\/\/www.africa-press.net\/tchad\/politique\/tchad-pas-encore-daccord-avec-wakit-tamma-et-les-transformateurs-malgre-la-mediation\"]}]},{\"@type\":\"ImageObject\",\"inLanguage\":\"fr-FR\",\"@id\":\"https:\/\/www.africa-press.net\/tchad\/politique\/tchad-pas-encore-daccord-avec-wakit-tamma-et-les-transformateurs-malgre-la-mediation#primaryimage\",\"url\":\"https:\/\/static.africa-press.net\/tchad\/sites\/41\/2022\/08\/postQueueImg_14-630668fc419f8.jpg\",\"contentUrl\":\"https:\/\/static.africa-press.net\/tchad\/sites\/41\/2022\/08\/postQueueImg_14-630668fc419f8.jpg\",\"width\":960,\"height\":720,\"caption\":\"Tchad : pas (encore) d'accord avec Wakit Tamma et Les Transformateurs, malgr\u00e9 la m\u00e9diation\"},{\"@type\":\"BreadcrumbList\",\"@id\":\"https:\/\/www.africa-press.net\/tchad\/politique\/tchad-pas-encore-daccord-avec-wakit-tamma-et-les-transformateurs-malgre-la-mediation#breadcrumb\",\"itemListElement\":[{\"@type\":\"ListItem\",\"position\":1,\"name\":\"Accueil\",\"item\":\"https:\/\/www.africa-press.net\/tchad\/\"},{\"@type\":\"ListItem\",\"position\":2,\"name\":\"Tchad : pas (encore) d&#8217;accord avec Wakit Tamma et Les Transformateurs, malgr\u00e9 la m\u00e9diation\"}]},{\"@type\":\"WebSite\",\"@id\":\"https:\/\/www.africa-press.net\/tchad\/#website\",\"url\":\"https:\/\/www.africa-press.net\/tchad\/\",\"name\":\"tchad\",\"description\":\"Just another Africa News Agency Sites site\",\"potentialAction\":[{\"@type\":\"SearchAction\",\"target\":{\"@type\":\"EntryPoint\",\"urlTemplate\":\"https:\/\/www.africa-press.net\/tchad\/?s={search_term_string}\"},\"query-input\":{\"@type\":\"PropertyValueSpecification\",\"valueRequired\":true,\"valueName\":\"search_term_string\"}}],\"inLanguage\":\"fr-FR\"},{\"@type\":\"Person\",\"@id\":\"https:\/\/www.africa-press.net\/tchad\/#\/schema\/person\/2b1cf3cd81a31e3cd26889ca66d677f1\",\"name\":\"cfeditorfr\"}]}<\/script>\n<!-- \/ Yoast SEO Premium plugin. -->","yoast_head_json":{"title":"Tchad : pas (encore) d'accord avec Wakit Tamma et Les Transformateurs, malgr\u00e9 la m\u00e9diation - tchad","description":"Trois chefs religieux (Conseil Sup\u00e9rieur des Affaires Islamiques,\u00c9glise Catholique et \u00c9glise Protestante), des m\u00e9diateur ...","robots":{"index":"index","follow":"follow","max-snippet":"max-snippet:-1","max-image-preview":"max-image-preview:large","max-video-preview":"max-video-preview:-1"},"canonical":"https:\/\/www.africa-press.net\/tchad\/politique\/tchad-pas-encore-daccord-avec-wakit-tamma-et-les-transformateurs-malgre-la-mediation","og_locale":"fr_FR","og_type":"article","og_title":"Tchad : pas (encore) d'accord avec Wakit Tamma et Les Transformateurs, malgr\u00e9 la m\u00e9diation","og_description":"Trois chefs religieux (Conseil Sup\u00e9rieur des Affaires Islamiques,\u00c9glise Catholique et \u00c9glise Protestante), des m\u00e9diateur ...","og_url":"https:\/\/www.africa-press.net\/tchad\/politique\/tchad-pas-encore-daccord-avec-wakit-tamma-et-les-transformateurs-malgre-la-mediation","og_site_name":"tchad","article_published_time":"2022-08-24T17:41:03+00:00","article_modified_time":"2022-08-24T18:08:45+00:00","og_image":[{"width":960,"height":720,"url":"https:\/\/static.africa-press.net\/tchad\/sites\/41\/2022\/08\/postQueueImg_14-630668fc419f8.jpg","type":"image\/jpeg"}],"author":"cfeditorfr","twitter_card":"summary_large_image","twitter_misc":{"\u00c9crit par":"cfeditorfr","Dur\u00e9e de lecture estim\u00e9e":"1 minute"},"schema":{"@context":"https:\/\/schema.org","@graph":[{"@type":"Article","@id":"https:\/\/www.africa-press.net\/tchad\/politique\/tchad-pas-encore-daccord-avec-wakit-tamma-et-les-transformateurs-malgre-la-mediation#article","isPartOf":{"@id":"https:\/\/www.africa-press.net\/tchad\/politique\/tchad-pas-encore-daccord-avec-wakit-tamma-et-les-transformateurs-malgre-la-mediation"},"author":{"name":"cfeditorfr","@id":"https:\/\/www.africa-press.net\/tchad\/#\/schema\/person\/2b1cf3cd81a31e3cd26889ca66d677f1"},"headline":"Tchad : pas (encore) d&rsquo;accord avec Wakit Tamma et Les Transformateurs, malgr\u00e9 la m\u00e9diation","datePublished":"2022-08-24T17:41:03+00:00","dateModified":"2022-08-24T18:08:45+00:00","mainEntityOfPage":{"@id":"https:\/\/www.africa-press.net\/tchad\/politique\/tchad-pas-encore-daccord-avec-wakit-tamma-et-les-transformateurs-malgre-la-mediation"},"wordCount":153,"commentCount":0,"image":{"@id":"https:\/\/www.africa-press.net\/tchad\/politique\/tchad-pas-encore-daccord-avec-wakit-tamma-et-les-transformateurs-malgre-la-mediation#primaryimage"},"thumbnailUrl":"https:\/\/static.africa-press.net\/tchad\/sites\/41\/2022\/08\/postQueueImg_14-630668fc419f8.jpg","keywords":["Africa Press","Africa Press-Tchad","Tchad"],"articleSection":["homepage-french","Politique","Toutes les actualit\u00e9s"],"inLanguage":"fr-FR","potentialAction":[{"@type":"CommentAction","name":"Comment","target":["https:\/\/www.africa-press.net\/tchad\/politique\/tchad-pas-encore-daccord-avec-wakit-tamma-et-les-transformateurs-malgre-la-mediation#respond"]}]},{"@type":"WebPage","@id":"https:\/\/www.africa-press.net\/tchad\/politique\/tchad-pas-encore-daccord-avec-wakit-tamma-et-les-transformateurs-malgre-la-mediation","url":"https:\/\/www.africa-press.net\/tchad\/politique\/tchad-pas-encore-daccord-avec-wakit-tamma-et-les-transformateurs-malgre-la-mediation","name":"Tchad : pas (encore) d'accord avec Wakit Tamma et Les Transformateurs, malgr\u00e9 la m\u00e9diation - tchad","isPartOf":{"@id":"https:\/\/www.africa-press.net\/tchad\/#website"},"primaryImageOfPage":{"@id":"https:\/\/www.africa-press.net\/tchad\/politique\/tchad-pas-encore-daccord-avec-wakit-tamma-et-les-transformateurs-malgre-la-mediation#primaryimage"},"image":{"@id":"https:\/\/www.africa-press.net\/tchad\/politique\/tchad-pas-encore-daccord-avec-wakit-tamma-et-les-transformateurs-malgre-la-mediation#primaryimage"},"thumbnailUrl":"https:\/\/static.africa-press.net\/tchad\/sites\/41\/2022\/08\/postQueueImg_14-630668fc419f8.jpg","datePublished":"2022-08-24T17:41:03+00:00","dateModified":"2022-08-24T18:08:45+00:00","author":{"@id":"https:\/\/www.africa-press.net\/tchad\/#\/schema\/person\/2b1cf3cd81a31e3cd26889ca66d677f1"},"description":"Trois chefs religieux (Conseil Sup\u00e9rieur des Affaires Islamiques,\u00c9glise Catholique et \u00c9glise Protestante), des m\u00e9diateur ...","breadcrumb":{"@id":"https:\/\/www.africa-press.net\/tchad\/politique\/tchad-pas-encore-daccord-avec-wakit-tamma-et-les-transformateurs-malgre-la-mediation#breadcrumb"},"inLanguage":"fr-FR","potentialAction":[{"@type":"ReadAction","target":["https:\/\/www.africa-press.net\/tchad\/politique\/tchad-pas-encore-daccord-avec-wakit-tamma-et-les-transformateurs-malgre-la-mediation"]}]},{"@type":"ImageObject","inLanguage":"fr-FR","@id":"https:\/\/www.africa-press.net\/tchad\/politique\/tchad-pas-encore-daccord-avec-wakit-tamma-et-les-transformateurs-malgre-la-mediation#primaryimage","url":"https:\/\/static.africa-press.net\/tchad\/sites\/41\/2022\/08\/postQueueImg_14-630668fc419f8.jpg","contentUrl":"https:\/\/static.africa-press.net\/tchad\/sites\/41\/2022\/08\/postQueueImg_14-630668fc419f8.jpg","width":960,"height":720,"caption":"Tchad : pas (encore) d'accord avec Wakit Tamma et Les Transformateurs, malgr\u00e9 la m\u00e9diation"},{"@type":"BreadcrumbList","@id":"https:\/\/www.africa-press.net\/tchad\/politique\/tchad-pas-encore-daccord-avec-wakit-tamma-et-les-transformateurs-malgre-la-mediation#breadcrumb","itemListElement":[{"@type":"ListItem","position":1,"name":"Accueil","item":"https:\/\/www.africa-press.net\/tchad\/"},{"@type":"ListItem","position":2,"name":"Tchad : pas (encore) d&#8217;accord avec Wakit Tamma et Les Transformateurs, malgr\u00e9 la m\u00e9diation"}]},{"@type":"WebSite","@id":"https:\/\/www.africa-press.net\/tchad\/#website","url":"https:\/\/www.africa-press.net\/tchad\/","name":"tchad","description":"Just another Africa News Agency Sites site","potentialAction":[{"@type":"SearchAction","target":{"@type":"EntryPoint","urlTemplate":"https:\/\/www.africa-press.net\/tchad\/?s={search_term_string}"},"query-input":{"@type":"PropertyValueSpecification","valueRequired":true,"valueName":"search_term_string"}}],"inLanguage":"fr-FR"},{"@type":"Person","@id":"https:\/\/www.africa-press.net\/tchad\/#\/schema\/person\/2b1cf3cd81a31e3cd26889ca66d677f1","name":"cfeditorfr"}]}},"_links":{"self":[{"href":"https:\/\/www.africa-press.net\/tchad\/wp-json\/wp\/v2\/posts\/31192","targetHints":{"allow":["GET"]}}],"collection":[{"href":"https:\/\/www.africa-press.net\/tchad\/wp-json\/wp\/v2\/posts"}],"about":[{"href":"https:\/\/www.africa-press.net\/tchad\/wp-json\/wp\/v2\/types\/post"}],"author":[{"embeddable":true,"href":"https:\/\/www.africa-press.net\/tchad\/wp-json\/wp\/v2\/users\/82"}],"replies":[{"embeddable":true,"href":"https:\/\/www.africa-press.net\/tchad\/wp-json\/wp\/v2\/comments?post=31192"}],"version-history":[{"count":0,"href":"https:\/\/www.africa-press.net\/tchad\/wp-json\/wp\/v2\/posts\/31192\/revisions"}],"wp:featuredmedia":[{"embeddable":true,"href":"https:\/\/www.africa-press.net\/tchad\/wp-json\/wp\/v2\/media\/31191"}],"wp:attachment":[{"href":"https:\/\/www.africa-press.net\/tchad\/wp-json\/wp\/v2\/media?parent=31192"}],"wp:term":[{"taxonomy":"category","embeddable":true,"href":"https:\/\/www.africa-press.net\/tchad\/wp-json\/wp\/v2\/categories?post=31192"},{"taxonomy":"post_tag","embeddable":true,"href":"https:\/\/www.africa-press.net\/tchad\/wp-json\/wp\/v2\/tags?post=31192"}],"curies":[{"name":"wp","href":"https:\/\/api.w.org\/{rel}","templated":true}]}}