{"id":31198,"date":"2022-08-24T17:41:41","date_gmt":"2022-08-24T17:41:41","guid":{"rendered":"https:\/\/www.africa-press.net\/tchad\/politique\/la-france-salue-louverture-du-dialogue-national-inclusif-et-souverain-au-tchad"},"modified":"2022-08-24T18:10:43","modified_gmt":"2022-08-24T18:10:43","slug":"la-france-salue-louverture-du-dialogue-national-inclusif-et-souverain-au-tchad","status":"publish","type":"post","link":"https:\/\/www.africa-press.net\/tchad\/politique\/la-france-salue-louverture-du-dialogue-national-inclusif-et-souverain-au-tchad","title":{"rendered":"La France salue l\u2019ouverture du dialogue national inclusif et souverain au Tchad"},"content":{"rendered":"<p><span style=\"color: #ff6600\"><strong>Africa-Press &#8211; Tchad. <\/strong><\/span>A travers un communiqu\u00e9 du 23 ao\u00fbt 2022, la France se dit disponible \u00e0 accompagner le processus de transition en vue de permettre le retour \u00e0 l\u2019ordre constitutionnel au Tchad.<\/p>\n<p>La France salue l\u2019ouverture, samedi dernier \u00e0 N\u2019Djamena, du dialogue national inclusif et souverain. Il s\u2019agit d\u2019une \u00e9tape majeure pour la transition tchadienne, en vue de d\u00e9finir un nouveau contrat social au b\u00e9n\u00e9fice de tous les Tchadiens.<\/p>\n<p>La France appelle tous les acteurs tchadiens qui ont vocation \u00e0 rejoindre cette concertation sur l\u2019avenir du pays \u00e0 y participer, et toutes les parties prenantes \u00e0 faire preuve d\u2019esprit de responsabilit\u00e9 pour en garantir le succ\u00e8s.<\/p>\n<p>Avec l\u2019ensemble des partenaires internationaux du Tchad, la France rappelle sa disponibilit\u00e9 \u00e0 continuer d\u2019accompagner le processus de transition en vue de permettre le retour \u00e0 l\u2019ordre constitutionnel et la tenue d\u2019\u00e9lections libres et transparentes.<\/p>\n<p><strong>Pour plus d&rsquo;informations et d&rsquo;analyses sur la <a href=\"https:\/\/www.africa-press.net\/tchad\">Tchad<\/a>, suivez <a href=\"https:\/\/www.africa-press.net\/\">Africa-Press<\/a><\/strong><\/p>\n","protected":false},"excerpt":{"rendered":"<p>Africa-Press &#8211; Tchad. A travers un communiqu\u00e9 du 23 ao\u00fbt 2022, la France se dit disponible \u00e0 accompagner le processus de transition en vue de permettre le retour \u00e0 l\u2019ordre constitutionnel au Tchad. La France salue l\u2019ouverture, samedi dernier \u00e0 N\u2019Djamena, du dialogue national inclusif et souverain. Il s\u2019agit d\u2019une \u00e9tape majeure pour la transition [&hellip;]<\/p>\n","protected":false},"author":82,"featured_media":31197,"comment_status":"open","ping_status":"closed","sticky":false,"template":"","format":"standard","meta":{"footnotes":""},"categories":[11,2,20,10],"tags":[37,292,29],"class_list":["post-31198","post","type-post","status-publish","format-standard","has-post-thumbnail","hentry","category-homepage-french","category-politique","category-top-nouvelles","category-toutes-les-actualites","tag-africa-press","tag-africa-press-tchad","tag-tchad"],"yoast_head":"<!-- This site is optimized with the Yoast SEO Premium plugin v26.1 (Yoast SEO v27.0) - https:\/\/yoast.com\/product\/yoast-seo-premium-wordpress\/ -->\n<title>La France salue l\u2019ouverture du dialogue national inclusif et souverain au Tchad - tchad<\/title>\n<meta name=\"description\" content=\"A travers un communiqu\u00e9 du 23 ao\u00fbt 2022, la France se dit disponible \u00e0 accompagner le processus de transition en vue de ...\" \/>\n<meta name=\"robots\" content=\"index, follow, max-snippet:-1, max-image-preview:large, max-video-preview:-1\" \/>\n<link rel=\"canonical\" href=\"https:\/\/www.africa-press.net\/tchad\/politique\/la-france-salue-louverture-du-dialogue-national-inclusif-et-souverain-au-tchad\" \/>\n<meta property=\"og:locale\" content=\"fr_FR\" \/>\n<meta property=\"og:type\" content=\"article\" \/>\n<meta property=\"og:title\" content=\"La France salue l\u2019ouverture du dialogue national inclusif et souverain au Tchad\" \/>\n<meta property=\"og:description\" content=\"A travers un communiqu\u00e9 du 23 ao\u00fbt 2022, la France se dit disponible \u00e0 accompagner le processus de transition en vue de ...\" \/>\n<meta property=\"og:url\" content=\"https:\/\/www.africa-press.net\/tchad\/politique\/la-france-salue-louverture-du-dialogue-national-inclusif-et-souverain-au-tchad\" \/>\n<meta property=\"og:site_name\" content=\"tchad\" \/>\n<meta property=\"article:published_time\" content=\"2022-08-24T17:41:41+00:00\" \/>\n<meta property=\"article:modified_time\" content=\"2022-08-24T18:10:43+00:00\" \/>\n<meta property=\"og:image\" content=\"https:\/\/static.africa-press.net\/tchad\/sites\/41\/2022\/08\/postQueueImg_16-6306697059584.jpg\" \/>\n\t<meta property=\"og:image:width\" content=\"780\" \/>\n\t<meta property=\"og:image:height\" content=\"440\" \/>\n\t<meta property=\"og:image:type\" content=\"image\/jpeg\" \/>\n<meta name=\"author\" content=\"cfeditorfr\" \/>\n<meta name=\"twitter:card\" content=\"summary_large_image\" \/>\n<meta name=\"twitter:label1\" content=\"\u00c9crit par\" \/>\n\t<meta name=\"twitter:data1\" content=\"cfeditorfr\" \/>\n\t<meta name=\"twitter:label2\" content=\"Dur\u00e9e de lecture estim\u00e9e\" \/>\n\t<meta name=\"twitter:data2\" content=\"1 minute\" \/>\n<script type=\"application\/ld+json\" class=\"yoast-schema-graph\">{\"@context\":\"https:\/\/schema.org\",\"@graph\":[{\"@type\":\"Article\",\"@id\":\"https:\/\/www.africa-press.net\/tchad\/politique\/la-france-salue-louverture-du-dialogue-national-inclusif-et-souverain-au-tchad#article\",\"isPartOf\":{\"@id\":\"https:\/\/www.africa-press.net\/tchad\/politique\/la-france-salue-louverture-du-dialogue-national-inclusif-et-souverain-au-tchad\"},\"author\":{\"name\":\"cfeditorfr\",\"@id\":\"https:\/\/www.africa-press.net\/tchad\/#\/schema\/person\/2b1cf3cd81a31e3cd26889ca66d677f1\"},\"headline\":\"La France salue l\u2019ouverture du dialogue national inclusif et souverain au Tchad\",\"datePublished\":\"2022-08-24T17:41:41+00:00\",\"dateModified\":\"2022-08-24T18:10:43+00:00\",\"mainEntityOfPage\":{\"@id\":\"https:\/\/www.africa-press.net\/tchad\/politique\/la-france-salue-louverture-du-dialogue-national-inclusif-et-souverain-au-tchad\"},\"wordCount\":173,\"commentCount\":0,\"image\":{\"@id\":\"https:\/\/www.africa-press.net\/tchad\/politique\/la-france-salue-louverture-du-dialogue-national-inclusif-et-souverain-au-tchad#primaryimage\"},\"thumbnailUrl\":\"https:\/\/static.africa-press.net\/tchad\/sites\/41\/2022\/08\/postQueueImg_16-6306697059584.jpg\",\"keywords\":[\"Africa Press\",\"Africa Press-Tchad\",\"Tchad\"],\"articleSection\":[\"homepage-french\",\"Politique\",\"Top Nouvelles\",\"Toutes les actualit\u00e9s\"],\"inLanguage\":\"fr-FR\",\"potentialAction\":[{\"@type\":\"CommentAction\",\"name\":\"Comment\",\"target\":[\"https:\/\/www.africa-press.net\/tchad\/politique\/la-france-salue-louverture-du-dialogue-national-inclusif-et-souverain-au-tchad#respond\"]}]},{\"@type\":\"WebPage\",\"@id\":\"https:\/\/www.africa-press.net\/tchad\/politique\/la-france-salue-louverture-du-dialogue-national-inclusif-et-souverain-au-tchad\",\"url\":\"https:\/\/www.africa-press.net\/tchad\/politique\/la-france-salue-louverture-du-dialogue-national-inclusif-et-souverain-au-tchad\",\"name\":\"La France salue l\u2019ouverture du dialogue national inclusif et souverain au Tchad - tchad\",\"isPartOf\":{\"@id\":\"https:\/\/www.africa-press.net\/tchad\/#website\"},\"primaryImageOfPage\":{\"@id\":\"https:\/\/www.africa-press.net\/tchad\/politique\/la-france-salue-louverture-du-dialogue-national-inclusif-et-souverain-au-tchad#primaryimage\"},\"image\":{\"@id\":\"https:\/\/www.africa-press.net\/tchad\/politique\/la-france-salue-louverture-du-dialogue-national-inclusif-et-souverain-au-tchad#primaryimage\"},\"thumbnailUrl\":\"https:\/\/static.africa-press.net\/tchad\/sites\/41\/2022\/08\/postQueueImg_16-6306697059584.jpg\",\"datePublished\":\"2022-08-24T17:41:41+00:00\",\"dateModified\":\"2022-08-24T18:10:43+00:00\",\"author\":{\"@id\":\"https:\/\/www.africa-press.net\/tchad\/#\/schema\/person\/2b1cf3cd81a31e3cd26889ca66d677f1\"},\"description\":\"A travers un communiqu\u00e9 du 23 ao\u00fbt 2022, la France se dit disponible \u00e0 accompagner le processus de transition en vue de ...\",\"breadcrumb\":{\"@id\":\"https:\/\/www.africa-press.net\/tchad\/politique\/la-france-salue-louverture-du-dialogue-national-inclusif-et-souverain-au-tchad#breadcrumb\"},\"inLanguage\":\"fr-FR\",\"potentialAction\":[{\"@type\":\"ReadAction\",\"target\":[\"https:\/\/www.africa-press.net\/tchad\/politique\/la-france-salue-louverture-du-dialogue-national-inclusif-et-souverain-au-tchad\"]}]},{\"@type\":\"ImageObject\",\"inLanguage\":\"fr-FR\",\"@id\":\"https:\/\/www.africa-press.net\/tchad\/politique\/la-france-salue-louverture-du-dialogue-national-inclusif-et-souverain-au-tchad#primaryimage\",\"url\":\"https:\/\/static.africa-press.net\/tchad\/sites\/41\/2022\/08\/postQueueImg_16-6306697059584.jpg\",\"contentUrl\":\"https:\/\/static.africa-press.net\/tchad\/sites\/41\/2022\/08\/postQueueImg_16-6306697059584.jpg\",\"width\":780,\"height\":440,\"caption\":\"La France salue l\u2019ouverture du dialogue national inclusif et souverain au Tchad\"},{\"@type\":\"BreadcrumbList\",\"@id\":\"https:\/\/www.africa-press.net\/tchad\/politique\/la-france-salue-louverture-du-dialogue-national-inclusif-et-souverain-au-tchad#breadcrumb\",\"itemListElement\":[{\"@type\":\"ListItem\",\"position\":1,\"name\":\"Accueil\",\"item\":\"https:\/\/www.africa-press.net\/tchad\/\"},{\"@type\":\"ListItem\",\"position\":2,\"name\":\"La France salue l\u2019ouverture du dialogue national inclusif et souverain au Tchad\"}]},{\"@type\":\"WebSite\",\"@id\":\"https:\/\/www.africa-press.net\/tchad\/#website\",\"url\":\"https:\/\/www.africa-press.net\/tchad\/\",\"name\":\"tchad\",\"description\":\"Just another Africa News Agency Sites site\",\"potentialAction\":[{\"@type\":\"SearchAction\",\"target\":{\"@type\":\"EntryPoint\",\"urlTemplate\":\"https:\/\/www.africa-press.net\/tchad\/?s={search_term_string}\"},\"query-input\":{\"@type\":\"PropertyValueSpecification\",\"valueRequired\":true,\"valueName\":\"search_term_string\"}}],\"inLanguage\":\"fr-FR\"},{\"@type\":\"Person\",\"@id\":\"https:\/\/www.africa-press.net\/tchad\/#\/schema\/person\/2b1cf3cd81a31e3cd26889ca66d677f1\",\"name\":\"cfeditorfr\"}]}<\/script>\n<!-- \/ Yoast SEO Premium plugin. -->","yoast_head_json":{"title":"La France salue l\u2019ouverture du dialogue national inclusif et souverain au Tchad - tchad","description":"A travers un communiqu\u00e9 du 23 ao\u00fbt 2022, la France se dit disponible \u00e0 accompagner le processus de transition en vue de ...","robots":{"index":"index","follow":"follow","max-snippet":"max-snippet:-1","max-image-preview":"max-image-preview:large","max-video-preview":"max-video-preview:-1"},"canonical":"https:\/\/www.africa-press.net\/tchad\/politique\/la-france-salue-louverture-du-dialogue-national-inclusif-et-souverain-au-tchad","og_locale":"fr_FR","og_type":"article","og_title":"La France salue l\u2019ouverture du dialogue national inclusif et souverain au Tchad","og_description":"A travers un communiqu\u00e9 du 23 ao\u00fbt 2022, la France se dit disponible \u00e0 accompagner le processus de transition en vue de ...","og_url":"https:\/\/www.africa-press.net\/tchad\/politique\/la-france-salue-louverture-du-dialogue-national-inclusif-et-souverain-au-tchad","og_site_name":"tchad","article_published_time":"2022-08-24T17:41:41+00:00","article_modified_time":"2022-08-24T18:10:43+00:00","og_image":[{"width":780,"height":440,"url":"https:\/\/static.africa-press.net\/tchad\/sites\/41\/2022\/08\/postQueueImg_16-6306697059584.jpg","type":"image\/jpeg"}],"author":"cfeditorfr","twitter_card":"summary_large_image","twitter_misc":{"\u00c9crit par":"cfeditorfr","Dur\u00e9e de lecture estim\u00e9e":"1 minute"},"schema":{"@context":"https:\/\/schema.org","@graph":[{"@type":"Article","@id":"https:\/\/www.africa-press.net\/tchad\/politique\/la-france-salue-louverture-du-dialogue-national-inclusif-et-souverain-au-tchad#article","isPartOf":{"@id":"https:\/\/www.africa-press.net\/tchad\/politique\/la-france-salue-louverture-du-dialogue-national-inclusif-et-souverain-au-tchad"},"author":{"name":"cfeditorfr","@id":"https:\/\/www.africa-press.net\/tchad\/#\/schema\/person\/2b1cf3cd81a31e3cd26889ca66d677f1"},"headline":"La France salue l\u2019ouverture du dialogue national inclusif et souverain au Tchad","datePublished":"2022-08-24T17:41:41+00:00","dateModified":"2022-08-24T18:10:43+00:00","mainEntityOfPage":{"@id":"https:\/\/www.africa-press.net\/tchad\/politique\/la-france-salue-louverture-du-dialogue-national-inclusif-et-souverain-au-tchad"},"wordCount":173,"commentCount":0,"image":{"@id":"https:\/\/www.africa-press.net\/tchad\/politique\/la-france-salue-louverture-du-dialogue-national-inclusif-et-souverain-au-tchad#primaryimage"},"thumbnailUrl":"https:\/\/static.africa-press.net\/tchad\/sites\/41\/2022\/08\/postQueueImg_16-6306697059584.jpg","keywords":["Africa Press","Africa Press-Tchad","Tchad"],"articleSection":["homepage-french","Politique","Top Nouvelles","Toutes les actualit\u00e9s"],"inLanguage":"fr-FR","potentialAction":[{"@type":"CommentAction","name":"Comment","target":["https:\/\/www.africa-press.net\/tchad\/politique\/la-france-salue-louverture-du-dialogue-national-inclusif-et-souverain-au-tchad#respond"]}]},{"@type":"WebPage","@id":"https:\/\/www.africa-press.net\/tchad\/politique\/la-france-salue-louverture-du-dialogue-national-inclusif-et-souverain-au-tchad","url":"https:\/\/www.africa-press.net\/tchad\/politique\/la-france-salue-louverture-du-dialogue-national-inclusif-et-souverain-au-tchad","name":"La France salue l\u2019ouverture du dialogue national inclusif et souverain au Tchad - tchad","isPartOf":{"@id":"https:\/\/www.africa-press.net\/tchad\/#website"},"primaryImageOfPage":{"@id":"https:\/\/www.africa-press.net\/tchad\/politique\/la-france-salue-louverture-du-dialogue-national-inclusif-et-souverain-au-tchad#primaryimage"},"image":{"@id":"https:\/\/www.africa-press.net\/tchad\/politique\/la-france-salue-louverture-du-dialogue-national-inclusif-et-souverain-au-tchad#primaryimage"},"thumbnailUrl":"https:\/\/static.africa-press.net\/tchad\/sites\/41\/2022\/08\/postQueueImg_16-6306697059584.jpg","datePublished":"2022-08-24T17:41:41+00:00","dateModified":"2022-08-24T18:10:43+00:00","author":{"@id":"https:\/\/www.africa-press.net\/tchad\/#\/schema\/person\/2b1cf3cd81a31e3cd26889ca66d677f1"},"description":"A travers un communiqu\u00e9 du 23 ao\u00fbt 2022, la France se dit disponible \u00e0 accompagner le processus de transition en vue de ...","breadcrumb":{"@id":"https:\/\/www.africa-press.net\/tchad\/politique\/la-france-salue-louverture-du-dialogue-national-inclusif-et-souverain-au-tchad#breadcrumb"},"inLanguage":"fr-FR","potentialAction":[{"@type":"ReadAction","target":["https:\/\/www.africa-press.net\/tchad\/politique\/la-france-salue-louverture-du-dialogue-national-inclusif-et-souverain-au-tchad"]}]},{"@type":"ImageObject","inLanguage":"fr-FR","@id":"https:\/\/www.africa-press.net\/tchad\/politique\/la-france-salue-louverture-du-dialogue-national-inclusif-et-souverain-au-tchad#primaryimage","url":"https:\/\/static.africa-press.net\/tchad\/sites\/41\/2022\/08\/postQueueImg_16-6306697059584.jpg","contentUrl":"https:\/\/static.africa-press.net\/tchad\/sites\/41\/2022\/08\/postQueueImg_16-6306697059584.jpg","width":780,"height":440,"caption":"La France salue l\u2019ouverture du dialogue national inclusif et souverain au Tchad"},{"@type":"BreadcrumbList","@id":"https:\/\/www.africa-press.net\/tchad\/politique\/la-france-salue-louverture-du-dialogue-national-inclusif-et-souverain-au-tchad#breadcrumb","itemListElement":[{"@type":"ListItem","position":1,"name":"Accueil","item":"https:\/\/www.africa-press.net\/tchad\/"},{"@type":"ListItem","position":2,"name":"La France salue l\u2019ouverture du dialogue national inclusif et souverain au Tchad"}]},{"@type":"WebSite","@id":"https:\/\/www.africa-press.net\/tchad\/#website","url":"https:\/\/www.africa-press.net\/tchad\/","name":"tchad","description":"Just another Africa News Agency Sites site","potentialAction":[{"@type":"SearchAction","target":{"@type":"EntryPoint","urlTemplate":"https:\/\/www.africa-press.net\/tchad\/?s={search_term_string}"},"query-input":{"@type":"PropertyValueSpecification","valueRequired":true,"valueName":"search_term_string"}}],"inLanguage":"fr-FR"},{"@type":"Person","@id":"https:\/\/www.africa-press.net\/tchad\/#\/schema\/person\/2b1cf3cd81a31e3cd26889ca66d677f1","name":"cfeditorfr"}]}},"_links":{"self":[{"href":"https:\/\/www.africa-press.net\/tchad\/wp-json\/wp\/v2\/posts\/31198","targetHints":{"allow":["GET"]}}],"collection":[{"href":"https:\/\/www.africa-press.net\/tchad\/wp-json\/wp\/v2\/posts"}],"about":[{"href":"https:\/\/www.africa-press.net\/tchad\/wp-json\/wp\/v2\/types\/post"}],"author":[{"embeddable":true,"href":"https:\/\/www.africa-press.net\/tchad\/wp-json\/wp\/v2\/users\/82"}],"replies":[{"embeddable":true,"href":"https:\/\/www.africa-press.net\/tchad\/wp-json\/wp\/v2\/comments?post=31198"}],"version-history":[{"count":0,"href":"https:\/\/www.africa-press.net\/tchad\/wp-json\/wp\/v2\/posts\/31198\/revisions"}],"wp:featuredmedia":[{"embeddable":true,"href":"https:\/\/www.africa-press.net\/tchad\/wp-json\/wp\/v2\/media\/31197"}],"wp:attachment":[{"href":"https:\/\/www.africa-press.net\/tchad\/wp-json\/wp\/v2\/media?parent=31198"}],"wp:term":[{"taxonomy":"category","embeddable":true,"href":"https:\/\/www.africa-press.net\/tchad\/wp-json\/wp\/v2\/categories?post=31198"},{"taxonomy":"post_tag","embeddable":true,"href":"https:\/\/www.africa-press.net\/tchad\/wp-json\/wp\/v2\/tags?post=31198"}],"curies":[{"name":"wp","href":"https:\/\/api.w.org\/{rel}","templated":true}]}}