{"id":31207,"date":"2022-08-24T17:43:15","date_gmt":"2022-08-24T17:43:15","guid":{"rendered":"https:\/\/www.africa-press.net\/tchad\/politique\/dialogue-national-au-tchad-qui-sera-a-la-tete-du-presidium"},"modified":"2022-08-24T18:13:30","modified_gmt":"2022-08-24T18:13:30","slug":"dialogue-national-au-tchad-qui-sera-a-la-tete-du-presidium","status":"publish","type":"post","link":"https:\/\/www.africa-press.net\/tchad\/politique\/dialogue-national-au-tchad-qui-sera-a-la-tete-du-presidium","title":{"rendered":"Dialogue national au Tchad : qui sera \u00e0 la t\u00eate du Pr\u00e9sidium ?"},"content":{"rendered":"<p><span style=\"color: #ff6600\"><strong>Africa-Press &#8211; Tchad. <\/strong><\/span>Aux yeux de l&rsquo;opinion publique, la composition du Pr\u00e9sidium est un indicateur important pour l&rsquo;orientation des d\u00e9bats et la souverainet\u00e9 des assises. Car un Pr\u00e9sidium majoritairement acquis \u00e0 un bord politique sera forc\u00e9ment influenc\u00e9.<\/p>\n<p>Les tchadiens se rappellent encore du Pr\u00e9sidium du 2\u00e8me forum national inclusif -pr\u00e9sid\u00e9 par Mariam Mahamat Nour- qui est all\u00e9 contre l&rsquo;avis de l&rsquo;assembl\u00e9e sur la question de l&rsquo;\u00e2ge de candidature \u00e0 la pr\u00e9sidentielle. Lors de son dernier meeting du 20 ao\u00fbt, Dr. Succes Masra a d&rsquo;ailleurs adress\u00e9 une mise en garde subliminale en affirmant : <b>\u00ab\u00a0La moyenne de 25 et 30 n&rsquo;est pas \u00e9gale \u00e0 40\u00a0\u00bb, <\/b>ce qui a suscit\u00e9 des rires dans la foule.<\/p>\n<p>Si des rumeurs et pronostics circulent \u00e7a et l\u00e0 depuis quelques jours, rien n&rsquo;a filtr\u00e9 sur d&rsquo;\u00e9ventuelles pr\u00e9-compositions \u00e0 ce stade. L&rsquo;avant projet de r\u00e8glement int\u00e9rieur pr\u00e9voit toutefois que le Pr\u00e9sidium sera compos\u00e9 de 21 membres d\u00e9sign\u00e9s par l\u2019assembl\u00e9e pl\u00e9ni\u00e8re. Parmi eux : un pr\u00e9sident, cinq vice-pr\u00e9sidents, des tr\u00e9soriers, des rapporteurs, des conseillers, des carillonneurs et quatre membres.<\/p>\n<p><b>Quel est le r\u00f4le du Pr\u00e9sidium ?<\/b><\/p>\n<p>Le Pr\u00e9sidium sera l\u2019instance de direction des d\u00e9bats et des travaux du dialogue national. Il est charg\u00e9 de la gestion des assises et de faire respecter le r\u00e8glement int\u00e9rieur (qui sera adopt\u00e9 juste avant la composition du Pr\u00e9sidium).<\/p>\n<p>En plus des responsabilit\u00e9s g\u00e9n\u00e9rales, d\u2019autres plus sp\u00e9cifiques sont d\u00e9volues au Pr\u00e9sidium, notamment :<\/p>\n<p>&#8211; le rappel aux participants de leurs r\u00f4les, responsabilit\u00e9s ainsi que les diverses attributions des organes du Dialogue ;<\/p>\n<p>&#8211; le rappel du respect des r\u00e8gles de proc\u00e9dure et de conduite des participants au DNIS;<\/p>\n<p>&#8211; la conduite des discussions pour parvenir \u00e0 des d\u00e9lib\u00e9rations consensuelles ;<\/p>\n<p>&#8211; la supervision et la coordination du travail du secr\u00e9tariat, des Commissions th\u00e9matiques et des Commissions Ad-hoc.<\/p>\n<p><strong>Pour plus d&rsquo;informations et d&rsquo;analyses sur la <a href=\"https:\/\/www.africa-press.net\/tchad\">Tchad<\/a>, suivez <a href=\"https:\/\/www.africa-press.net\/\">Africa-Press<\/a><\/strong><\/p>\n","protected":false},"excerpt":{"rendered":"<p>Africa-Press &#8211; Tchad. Aux yeux de l&rsquo;opinion publique, la composition du Pr\u00e9sidium est un indicateur important pour l&rsquo;orientation des d\u00e9bats et la souverainet\u00e9 des assises. Car un Pr\u00e9sidium majoritairement acquis \u00e0 un bord politique sera forc\u00e9ment influenc\u00e9. Les tchadiens se rappellent encore du Pr\u00e9sidium du 2\u00e8me forum national inclusif -pr\u00e9sid\u00e9 par Mariam Mahamat Nour- qui [&hellip;]<\/p>\n","protected":false},"author":82,"featured_media":31206,"comment_status":"open","ping_status":"closed","sticky":false,"template":"","format":"standard","meta":{"footnotes":""},"categories":[11,2,20,10],"tags":[37,292,29],"class_list":["post-31207","post","type-post","status-publish","format-standard","has-post-thumbnail","hentry","category-homepage-french","category-politique","category-top-nouvelles","category-toutes-les-actualites","tag-africa-press","tag-africa-press-tchad","tag-tchad"],"yoast_head":"<!-- This site is optimized with the Yoast SEO Premium plugin v26.1 (Yoast SEO v27.0) - https:\/\/yoast.com\/product\/yoast-seo-premium-wordpress\/ -->\n<title>Dialogue national au Tchad : qui sera \u00e0 la t\u00eate du Pr\u00e9sidium ? - tchad<\/title>\n<meta name=\"description\" content=\"Aux yeux de l&#039;opinion publique, la composition du Pr\u00e9sidium est un indicateur important pour l&#039;orientation des d\u00e9bats et ...\" \/>\n<meta name=\"robots\" content=\"index, follow, max-snippet:-1, max-image-preview:large, max-video-preview:-1\" \/>\n<link rel=\"canonical\" href=\"https:\/\/www.africa-press.net\/tchad\/politique\/dialogue-national-au-tchad-qui-sera-a-la-tete-du-presidium\" \/>\n<meta property=\"og:locale\" content=\"fr_FR\" \/>\n<meta property=\"og:type\" content=\"article\" \/>\n<meta property=\"og:title\" content=\"Dialogue national au Tchad : qui sera \u00e0 la t\u00eate du Pr\u00e9sidium ?\" \/>\n<meta property=\"og:description\" content=\"Aux yeux de l&#039;opinion publique, la composition du Pr\u00e9sidium est un indicateur important pour l&#039;orientation des d\u00e9bats et ...\" \/>\n<meta property=\"og:url\" content=\"https:\/\/www.africa-press.net\/tchad\/politique\/dialogue-national-au-tchad-qui-sera-a-la-tete-du-presidium\" \/>\n<meta property=\"og:site_name\" content=\"tchad\" \/>\n<meta property=\"article:published_time\" content=\"2022-08-24T17:43:15+00:00\" \/>\n<meta property=\"article:modified_time\" content=\"2022-08-24T18:13:30+00:00\" \/>\n<meta property=\"og:image\" content=\"https:\/\/static.africa-press.net\/tchad\/sites\/41\/2022\/08\/postQueueImg_19-63066a1a0519a.jpg\" \/>\n\t<meta property=\"og:image:width\" content=\"1007\" \/>\n\t<meta property=\"og:image:height\" content=\"426\" \/>\n\t<meta property=\"og:image:type\" content=\"image\/jpeg\" \/>\n<meta name=\"author\" content=\"cfeditorfr\" \/>\n<meta name=\"twitter:card\" content=\"summary_large_image\" \/>\n<meta name=\"twitter:label1\" content=\"\u00c9crit par\" \/>\n\t<meta name=\"twitter:data1\" content=\"cfeditorfr\" \/>\n\t<meta name=\"twitter:label2\" content=\"Dur\u00e9e de lecture estim\u00e9e\" \/>\n\t<meta name=\"twitter:data2\" content=\"2 minutes\" \/>\n<script type=\"application\/ld+json\" class=\"yoast-schema-graph\">{\"@context\":\"https:\/\/schema.org\",\"@graph\":[{\"@type\":\"Article\",\"@id\":\"https:\/\/www.africa-press.net\/tchad\/politique\/dialogue-national-au-tchad-qui-sera-a-la-tete-du-presidium#article\",\"isPartOf\":{\"@id\":\"https:\/\/www.africa-press.net\/tchad\/politique\/dialogue-national-au-tchad-qui-sera-a-la-tete-du-presidium\"},\"author\":{\"name\":\"cfeditorfr\",\"@id\":\"https:\/\/www.africa-press.net\/tchad\/#\/schema\/person\/2b1cf3cd81a31e3cd26889ca66d677f1\"},\"headline\":\"Dialogue national au Tchad : qui sera \u00e0 la t\u00eate du Pr\u00e9sidium ?\",\"datePublished\":\"2022-08-24T17:43:15+00:00\",\"dateModified\":\"2022-08-24T18:13:30+00:00\",\"mainEntityOfPage\":{\"@id\":\"https:\/\/www.africa-press.net\/tchad\/politique\/dialogue-national-au-tchad-qui-sera-a-la-tete-du-presidium\"},\"wordCount\":358,\"commentCount\":0,\"image\":{\"@id\":\"https:\/\/www.africa-press.net\/tchad\/politique\/dialogue-national-au-tchad-qui-sera-a-la-tete-du-presidium#primaryimage\"},\"thumbnailUrl\":\"https:\/\/static.africa-press.net\/tchad\/sites\/41\/2022\/08\/postQueueImg_19-63066a1a0519a.jpg\",\"keywords\":[\"Africa Press\",\"Africa Press-Tchad\",\"Tchad\"],\"articleSection\":[\"homepage-french\",\"Politique\",\"Top Nouvelles\",\"Toutes les actualit\u00e9s\"],\"inLanguage\":\"fr-FR\",\"potentialAction\":[{\"@type\":\"CommentAction\",\"name\":\"Comment\",\"target\":[\"https:\/\/www.africa-press.net\/tchad\/politique\/dialogue-national-au-tchad-qui-sera-a-la-tete-du-presidium#respond\"]}]},{\"@type\":\"WebPage\",\"@id\":\"https:\/\/www.africa-press.net\/tchad\/politique\/dialogue-national-au-tchad-qui-sera-a-la-tete-du-presidium\",\"url\":\"https:\/\/www.africa-press.net\/tchad\/politique\/dialogue-national-au-tchad-qui-sera-a-la-tete-du-presidium\",\"name\":\"Dialogue national au Tchad : qui sera \u00e0 la t\u00eate du Pr\u00e9sidium ? - tchad\",\"isPartOf\":{\"@id\":\"https:\/\/www.africa-press.net\/tchad\/#website\"},\"primaryImageOfPage\":{\"@id\":\"https:\/\/www.africa-press.net\/tchad\/politique\/dialogue-national-au-tchad-qui-sera-a-la-tete-du-presidium#primaryimage\"},\"image\":{\"@id\":\"https:\/\/www.africa-press.net\/tchad\/politique\/dialogue-national-au-tchad-qui-sera-a-la-tete-du-presidium#primaryimage\"},\"thumbnailUrl\":\"https:\/\/static.africa-press.net\/tchad\/sites\/41\/2022\/08\/postQueueImg_19-63066a1a0519a.jpg\",\"datePublished\":\"2022-08-24T17:43:15+00:00\",\"dateModified\":\"2022-08-24T18:13:30+00:00\",\"author\":{\"@id\":\"https:\/\/www.africa-press.net\/tchad\/#\/schema\/person\/2b1cf3cd81a31e3cd26889ca66d677f1\"},\"description\":\"Aux yeux de l'opinion publique, la composition du Pr\u00e9sidium est un indicateur important pour l'orientation des d\u00e9bats et ...\",\"breadcrumb\":{\"@id\":\"https:\/\/www.africa-press.net\/tchad\/politique\/dialogue-national-au-tchad-qui-sera-a-la-tete-du-presidium#breadcrumb\"},\"inLanguage\":\"fr-FR\",\"potentialAction\":[{\"@type\":\"ReadAction\",\"target\":[\"https:\/\/www.africa-press.net\/tchad\/politique\/dialogue-national-au-tchad-qui-sera-a-la-tete-du-presidium\"]}]},{\"@type\":\"ImageObject\",\"inLanguage\":\"fr-FR\",\"@id\":\"https:\/\/www.africa-press.net\/tchad\/politique\/dialogue-national-au-tchad-qui-sera-a-la-tete-du-presidium#primaryimage\",\"url\":\"https:\/\/static.africa-press.net\/tchad\/sites\/41\/2022\/08\/postQueueImg_19-63066a1a0519a.jpg\",\"contentUrl\":\"https:\/\/static.africa-press.net\/tchad\/sites\/41\/2022\/08\/postQueueImg_19-63066a1a0519a.jpg\",\"width\":1007,\"height\":426,\"caption\":\"Dialogue national au Tchad : qui sera \u00e0 la t\u00eate du Pr\u00e9sidium ?\"},{\"@type\":\"BreadcrumbList\",\"@id\":\"https:\/\/www.africa-press.net\/tchad\/politique\/dialogue-national-au-tchad-qui-sera-a-la-tete-du-presidium#breadcrumb\",\"itemListElement\":[{\"@type\":\"ListItem\",\"position\":1,\"name\":\"Accueil\",\"item\":\"https:\/\/www.africa-press.net\/tchad\/\"},{\"@type\":\"ListItem\",\"position\":2,\"name\":\"Dialogue national au Tchad : qui sera \u00e0 la t\u00eate du Pr\u00e9sidium ?\"}]},{\"@type\":\"WebSite\",\"@id\":\"https:\/\/www.africa-press.net\/tchad\/#website\",\"url\":\"https:\/\/www.africa-press.net\/tchad\/\",\"name\":\"tchad\",\"description\":\"Just another Africa News Agency Sites site\",\"potentialAction\":[{\"@type\":\"SearchAction\",\"target\":{\"@type\":\"EntryPoint\",\"urlTemplate\":\"https:\/\/www.africa-press.net\/tchad\/?s={search_term_string}\"},\"query-input\":{\"@type\":\"PropertyValueSpecification\",\"valueRequired\":true,\"valueName\":\"search_term_string\"}}],\"inLanguage\":\"fr-FR\"},{\"@type\":\"Person\",\"@id\":\"https:\/\/www.africa-press.net\/tchad\/#\/schema\/person\/2b1cf3cd81a31e3cd26889ca66d677f1\",\"name\":\"cfeditorfr\"}]}<\/script>\n<!-- \/ Yoast SEO Premium plugin. -->","yoast_head_json":{"title":"Dialogue national au Tchad : qui sera \u00e0 la t\u00eate du Pr\u00e9sidium ? - tchad","description":"Aux yeux de l'opinion publique, la composition du Pr\u00e9sidium est un indicateur important pour l'orientation des d\u00e9bats et ...","robots":{"index":"index","follow":"follow","max-snippet":"max-snippet:-1","max-image-preview":"max-image-preview:large","max-video-preview":"max-video-preview:-1"},"canonical":"https:\/\/www.africa-press.net\/tchad\/politique\/dialogue-national-au-tchad-qui-sera-a-la-tete-du-presidium","og_locale":"fr_FR","og_type":"article","og_title":"Dialogue national au Tchad : qui sera \u00e0 la t\u00eate du Pr\u00e9sidium ?","og_description":"Aux yeux de l'opinion publique, la composition du Pr\u00e9sidium est un indicateur important pour l'orientation des d\u00e9bats et ...","og_url":"https:\/\/www.africa-press.net\/tchad\/politique\/dialogue-national-au-tchad-qui-sera-a-la-tete-du-presidium","og_site_name":"tchad","article_published_time":"2022-08-24T17:43:15+00:00","article_modified_time":"2022-08-24T18:13:30+00:00","og_image":[{"width":1007,"height":426,"url":"https:\/\/static.africa-press.net\/tchad\/sites\/41\/2022\/08\/postQueueImg_19-63066a1a0519a.jpg","type":"image\/jpeg"}],"author":"cfeditorfr","twitter_card":"summary_large_image","twitter_misc":{"\u00c9crit par":"cfeditorfr","Dur\u00e9e de lecture estim\u00e9e":"2 minutes"},"schema":{"@context":"https:\/\/schema.org","@graph":[{"@type":"Article","@id":"https:\/\/www.africa-press.net\/tchad\/politique\/dialogue-national-au-tchad-qui-sera-a-la-tete-du-presidium#article","isPartOf":{"@id":"https:\/\/www.africa-press.net\/tchad\/politique\/dialogue-national-au-tchad-qui-sera-a-la-tete-du-presidium"},"author":{"name":"cfeditorfr","@id":"https:\/\/www.africa-press.net\/tchad\/#\/schema\/person\/2b1cf3cd81a31e3cd26889ca66d677f1"},"headline":"Dialogue national au Tchad : qui sera \u00e0 la t\u00eate du Pr\u00e9sidium ?","datePublished":"2022-08-24T17:43:15+00:00","dateModified":"2022-08-24T18:13:30+00:00","mainEntityOfPage":{"@id":"https:\/\/www.africa-press.net\/tchad\/politique\/dialogue-national-au-tchad-qui-sera-a-la-tete-du-presidium"},"wordCount":358,"commentCount":0,"image":{"@id":"https:\/\/www.africa-press.net\/tchad\/politique\/dialogue-national-au-tchad-qui-sera-a-la-tete-du-presidium#primaryimage"},"thumbnailUrl":"https:\/\/static.africa-press.net\/tchad\/sites\/41\/2022\/08\/postQueueImg_19-63066a1a0519a.jpg","keywords":["Africa Press","Africa Press-Tchad","Tchad"],"articleSection":["homepage-french","Politique","Top Nouvelles","Toutes les actualit\u00e9s"],"inLanguage":"fr-FR","potentialAction":[{"@type":"CommentAction","name":"Comment","target":["https:\/\/www.africa-press.net\/tchad\/politique\/dialogue-national-au-tchad-qui-sera-a-la-tete-du-presidium#respond"]}]},{"@type":"WebPage","@id":"https:\/\/www.africa-press.net\/tchad\/politique\/dialogue-national-au-tchad-qui-sera-a-la-tete-du-presidium","url":"https:\/\/www.africa-press.net\/tchad\/politique\/dialogue-national-au-tchad-qui-sera-a-la-tete-du-presidium","name":"Dialogue national au Tchad : qui sera \u00e0 la t\u00eate du Pr\u00e9sidium ? - tchad","isPartOf":{"@id":"https:\/\/www.africa-press.net\/tchad\/#website"},"primaryImageOfPage":{"@id":"https:\/\/www.africa-press.net\/tchad\/politique\/dialogue-national-au-tchad-qui-sera-a-la-tete-du-presidium#primaryimage"},"image":{"@id":"https:\/\/www.africa-press.net\/tchad\/politique\/dialogue-national-au-tchad-qui-sera-a-la-tete-du-presidium#primaryimage"},"thumbnailUrl":"https:\/\/static.africa-press.net\/tchad\/sites\/41\/2022\/08\/postQueueImg_19-63066a1a0519a.jpg","datePublished":"2022-08-24T17:43:15+00:00","dateModified":"2022-08-24T18:13:30+00:00","author":{"@id":"https:\/\/www.africa-press.net\/tchad\/#\/schema\/person\/2b1cf3cd81a31e3cd26889ca66d677f1"},"description":"Aux yeux de l'opinion publique, la composition du Pr\u00e9sidium est un indicateur important pour l'orientation des d\u00e9bats et ...","breadcrumb":{"@id":"https:\/\/www.africa-press.net\/tchad\/politique\/dialogue-national-au-tchad-qui-sera-a-la-tete-du-presidium#breadcrumb"},"inLanguage":"fr-FR","potentialAction":[{"@type":"ReadAction","target":["https:\/\/www.africa-press.net\/tchad\/politique\/dialogue-national-au-tchad-qui-sera-a-la-tete-du-presidium"]}]},{"@type":"ImageObject","inLanguage":"fr-FR","@id":"https:\/\/www.africa-press.net\/tchad\/politique\/dialogue-national-au-tchad-qui-sera-a-la-tete-du-presidium#primaryimage","url":"https:\/\/static.africa-press.net\/tchad\/sites\/41\/2022\/08\/postQueueImg_19-63066a1a0519a.jpg","contentUrl":"https:\/\/static.africa-press.net\/tchad\/sites\/41\/2022\/08\/postQueueImg_19-63066a1a0519a.jpg","width":1007,"height":426,"caption":"Dialogue national au Tchad : qui sera \u00e0 la t\u00eate du Pr\u00e9sidium ?"},{"@type":"BreadcrumbList","@id":"https:\/\/www.africa-press.net\/tchad\/politique\/dialogue-national-au-tchad-qui-sera-a-la-tete-du-presidium#breadcrumb","itemListElement":[{"@type":"ListItem","position":1,"name":"Accueil","item":"https:\/\/www.africa-press.net\/tchad\/"},{"@type":"ListItem","position":2,"name":"Dialogue national au Tchad : qui sera \u00e0 la t\u00eate du Pr\u00e9sidium ?"}]},{"@type":"WebSite","@id":"https:\/\/www.africa-press.net\/tchad\/#website","url":"https:\/\/www.africa-press.net\/tchad\/","name":"tchad","description":"Just another Africa News Agency Sites site","potentialAction":[{"@type":"SearchAction","target":{"@type":"EntryPoint","urlTemplate":"https:\/\/www.africa-press.net\/tchad\/?s={search_term_string}"},"query-input":{"@type":"PropertyValueSpecification","valueRequired":true,"valueName":"search_term_string"}}],"inLanguage":"fr-FR"},{"@type":"Person","@id":"https:\/\/www.africa-press.net\/tchad\/#\/schema\/person\/2b1cf3cd81a31e3cd26889ca66d677f1","name":"cfeditorfr"}]}},"_links":{"self":[{"href":"https:\/\/www.africa-press.net\/tchad\/wp-json\/wp\/v2\/posts\/31207","targetHints":{"allow":["GET"]}}],"collection":[{"href":"https:\/\/www.africa-press.net\/tchad\/wp-json\/wp\/v2\/posts"}],"about":[{"href":"https:\/\/www.africa-press.net\/tchad\/wp-json\/wp\/v2\/types\/post"}],"author":[{"embeddable":true,"href":"https:\/\/www.africa-press.net\/tchad\/wp-json\/wp\/v2\/users\/82"}],"replies":[{"embeddable":true,"href":"https:\/\/www.africa-press.net\/tchad\/wp-json\/wp\/v2\/comments?post=31207"}],"version-history":[{"count":0,"href":"https:\/\/www.africa-press.net\/tchad\/wp-json\/wp\/v2\/posts\/31207\/revisions"}],"wp:featuredmedia":[{"embeddable":true,"href":"https:\/\/www.africa-press.net\/tchad\/wp-json\/wp\/v2\/media\/31206"}],"wp:attachment":[{"href":"https:\/\/www.africa-press.net\/tchad\/wp-json\/wp\/v2\/media?parent=31207"}],"wp:term":[{"taxonomy":"category","embeddable":true,"href":"https:\/\/www.africa-press.net\/tchad\/wp-json\/wp\/v2\/categories?post=31207"},{"taxonomy":"post_tag","embeddable":true,"href":"https:\/\/www.africa-press.net\/tchad\/wp-json\/wp\/v2\/tags?post=31207"}],"curies":[{"name":"wp","href":"https:\/\/api.w.org\/{rel}","templated":true}]}}