{"id":31213,"date":"2022-08-24T17:28:38","date_gmt":"2022-08-24T17:28:38","guid":{"rendered":"https:\/\/www.africa-press.net\/tchad\/politique\/tchad-un-arrete-dintegration-des-ressortissants-du-nord-et-du-mayo-kebbi"},"modified":"2022-08-24T18:15:17","modified_gmt":"2022-08-24T18:15:17","slug":"tchad-un-arrete-dintegration-des-ressortissants-du-nord-et-du-mayo-kebbi","status":"publish","type":"post","link":"https:\/\/www.africa-press.net\/tchad\/politique\/tchad-un-arrete-dintegration-des-ressortissants-du-nord-et-du-mayo-kebbi","title":{"rendered":"\u200bTchad : un arr\u00eat\u00e9 d\u2019int\u00e9gration des ressortissants du Nord et du Mayo Kebbi"},"content":{"rendered":"<p><span style=\"color: #ff6600\"><strong>Africa-Press &#8211; Tchad. <\/strong><\/span>Le dernier arr\u00eat\u00e9 d\u2019int\u00e9gration est discriminatoire, car il ne respecte pas \u201cla r\u00e9partition g\u00e9ographique\u2019\u2019 estime Rongone L\u00e9opold, coordonnateur du Mouvement de r\u00e9volution de jeunes pour un Tchad nouveau (MRJTN) lors d\u2019un point-presse.<\/p>\n<p>\u201cSur 635 laur\u00e9ats int\u00e9gr\u00e9s pour le compte du minist\u00e8re de l\u2019\u00e9ducation, seulement 171 sont ressortissants du sud, soit 26,9%\u2019\u2019, d\u00e9nonce Rongone L\u00e9opold. Quant aux 409 places du minist\u00e8re de la sant\u00e9 publique, 230 places sont \u201caccord\u00e9es au Mayo Kebbi seul\u2019\u2019.<\/p>\n<p>Rongone L\u00e9opold d\u00e9nonce aussi les man\u0153uvres des membres de la commission d\u2019int\u00e9gration. Ceux-ci prennent en compte quelques laur\u00e9ats qui descendent dans les rues et compl\u00e8tent la liste des noms de leurs parents. \u201cQue cela cesse\u2019\u2019, plaide-t-il.<\/p>\n<p><strong>Pour plus d&rsquo;informations et d&rsquo;analyses sur la <a href=\"https:\/\/www.africa-press.net\/tchad\">Tchad<\/a>, suivez <a href=\"https:\/\/www.africa-press.net\/\">Africa-Press<\/a><\/strong><\/p>\n","protected":false},"excerpt":{"rendered":"<p>Africa-Press &#8211; Tchad. Le dernier arr\u00eat\u00e9 d\u2019int\u00e9gration est discriminatoire, car il ne respecte pas \u201cla r\u00e9partition g\u00e9ographique\u2019\u2019 estime Rongone L\u00e9opold, coordonnateur du Mouvement de r\u00e9volution de jeunes pour un Tchad nouveau (MRJTN) lors d\u2019un point-presse. \u201cSur 635 laur\u00e9ats int\u00e9gr\u00e9s pour le compte du minist\u00e8re de l\u2019\u00e9ducation, seulement 171 sont ressortissants du sud, soit 26,9%\u2019\u2019, d\u00e9nonce [&hellip;]<\/p>\n","protected":false},"author":82,"featured_media":31212,"comment_status":"open","ping_status":"closed","sticky":false,"template":"","format":"standard","meta":{"footnotes":""},"categories":[11,2,10],"tags":[37,292,29],"class_list":["post-31213","post","type-post","status-publish","format-standard","has-post-thumbnail","hentry","category-homepage-french","category-politique","category-toutes-les-actualites","tag-africa-press","tag-africa-press-tchad","tag-tchad"],"yoast_head":"<!-- This site is optimized with the Yoast SEO Premium plugin v26.1 (Yoast SEO v27.0) - https:\/\/yoast.com\/product\/yoast-seo-premium-wordpress\/ -->\n<title>\u200bTchad : un arr\u00eat\u00e9 d\u2019int\u00e9gration des ressortissants du Nord et du Mayo Kebbi - tchad<\/title>\n<meta name=\"description\" content=\"Le dernier arr\u00eat\u00e9 d\u2019int\u00e9gration est discriminatoire, car il ne respecte pas \u201cla r\u00e9partition g\u00e9ographique\u2019\u2019 estime Rongon ...\" \/>\n<meta name=\"robots\" content=\"index, follow, max-snippet:-1, max-image-preview:large, max-video-preview:-1\" \/>\n<link rel=\"canonical\" href=\"https:\/\/www.africa-press.net\/tchad\/politique\/tchad-un-arrete-dintegration-des-ressortissants-du-nord-et-du-mayo-kebbi\" \/>\n<meta property=\"og:locale\" content=\"fr_FR\" \/>\n<meta property=\"og:type\" content=\"article\" \/>\n<meta property=\"og:title\" content=\"\u200bTchad : un arr\u00eat\u00e9 d\u2019int\u00e9gration des ressortissants du Nord et du Mayo Kebbi\" \/>\n<meta property=\"og:description\" content=\"Le dernier arr\u00eat\u00e9 d\u2019int\u00e9gration est discriminatoire, car il ne respecte pas \u201cla r\u00e9partition g\u00e9ographique\u2019\u2019 estime Rongon ...\" \/>\n<meta property=\"og:url\" content=\"https:\/\/www.africa-press.net\/tchad\/politique\/tchad-un-arrete-dintegration-des-ressortissants-du-nord-et-du-mayo-kebbi\" \/>\n<meta property=\"og:site_name\" content=\"tchad\" \/>\n<meta property=\"article:published_time\" content=\"2022-08-24T17:28:38+00:00\" \/>\n<meta property=\"article:modified_time\" content=\"2022-08-24T18:15:17+00:00\" \/>\n<meta property=\"og:image\" content=\"https:\/\/static.africa-press.net\/tchad\/sites\/41\/2022\/08\/postQueueImg_21-63066a866ce7c.jpg\" \/>\n\t<meta property=\"og:image:width\" content=\"1080\" \/>\n\t<meta property=\"og:image:height\" content=\"810\" \/>\n\t<meta property=\"og:image:type\" content=\"image\/jpeg\" \/>\n<meta name=\"author\" content=\"cfeditorfr\" \/>\n<meta name=\"twitter:card\" content=\"summary_large_image\" \/>\n<meta name=\"twitter:label1\" content=\"\u00c9crit par\" \/>\n\t<meta name=\"twitter:data1\" content=\"cfeditorfr\" \/>\n\t<meta name=\"twitter:label2\" content=\"Dur\u00e9e de lecture estim\u00e9e\" \/>\n\t<meta name=\"twitter:data2\" content=\"1 minute\" \/>\n<script type=\"application\/ld+json\" class=\"yoast-schema-graph\">{\"@context\":\"https:\/\/schema.org\",\"@graph\":[{\"@type\":\"Article\",\"@id\":\"https:\/\/www.africa-press.net\/tchad\/politique\/tchad-un-arrete-dintegration-des-ressortissants-du-nord-et-du-mayo-kebbi#article\",\"isPartOf\":{\"@id\":\"https:\/\/www.africa-press.net\/tchad\/politique\/tchad-un-arrete-dintegration-des-ressortissants-du-nord-et-du-mayo-kebbi\"},\"author\":{\"name\":\"cfeditorfr\",\"@id\":\"https:\/\/www.africa-press.net\/tchad\/#\/schema\/person\/2b1cf3cd81a31e3cd26889ca66d677f1\"},\"headline\":\"\u200bTchad : un arr\u00eat\u00e9 d\u2019int\u00e9gration des ressortissants du Nord et du Mayo Kebbi\",\"datePublished\":\"2022-08-24T17:28:38+00:00\",\"dateModified\":\"2022-08-24T18:15:17+00:00\",\"mainEntityOfPage\":{\"@id\":\"https:\/\/www.africa-press.net\/tchad\/politique\/tchad-un-arrete-dintegration-des-ressortissants-du-nord-et-du-mayo-kebbi\"},\"wordCount\":157,\"commentCount\":0,\"image\":{\"@id\":\"https:\/\/www.africa-press.net\/tchad\/politique\/tchad-un-arrete-dintegration-des-ressortissants-du-nord-et-du-mayo-kebbi#primaryimage\"},\"thumbnailUrl\":\"https:\/\/static.africa-press.net\/tchad\/sites\/41\/2022\/08\/postQueueImg_21-63066a866ce7c.jpg\",\"keywords\":[\"Africa Press\",\"Africa Press-Tchad\",\"Tchad\"],\"articleSection\":[\"homepage-french\",\"Politique\",\"Toutes les actualit\u00e9s\"],\"inLanguage\":\"fr-FR\",\"potentialAction\":[{\"@type\":\"CommentAction\",\"name\":\"Comment\",\"target\":[\"https:\/\/www.africa-press.net\/tchad\/politique\/tchad-un-arrete-dintegration-des-ressortissants-du-nord-et-du-mayo-kebbi#respond\"]}]},{\"@type\":\"WebPage\",\"@id\":\"https:\/\/www.africa-press.net\/tchad\/politique\/tchad-un-arrete-dintegration-des-ressortissants-du-nord-et-du-mayo-kebbi\",\"url\":\"https:\/\/www.africa-press.net\/tchad\/politique\/tchad-un-arrete-dintegration-des-ressortissants-du-nord-et-du-mayo-kebbi\",\"name\":\"\u200bTchad : un arr\u00eat\u00e9 d\u2019int\u00e9gration des ressortissants du Nord et du Mayo Kebbi - tchad\",\"isPartOf\":{\"@id\":\"https:\/\/www.africa-press.net\/tchad\/#website\"},\"primaryImageOfPage\":{\"@id\":\"https:\/\/www.africa-press.net\/tchad\/politique\/tchad-un-arrete-dintegration-des-ressortissants-du-nord-et-du-mayo-kebbi#primaryimage\"},\"image\":{\"@id\":\"https:\/\/www.africa-press.net\/tchad\/politique\/tchad-un-arrete-dintegration-des-ressortissants-du-nord-et-du-mayo-kebbi#primaryimage\"},\"thumbnailUrl\":\"https:\/\/static.africa-press.net\/tchad\/sites\/41\/2022\/08\/postQueueImg_21-63066a866ce7c.jpg\",\"datePublished\":\"2022-08-24T17:28:38+00:00\",\"dateModified\":\"2022-08-24T18:15:17+00:00\",\"author\":{\"@id\":\"https:\/\/www.africa-press.net\/tchad\/#\/schema\/person\/2b1cf3cd81a31e3cd26889ca66d677f1\"},\"description\":\"Le dernier arr\u00eat\u00e9 d\u2019int\u00e9gration est discriminatoire, car il ne respecte pas \u201cla r\u00e9partition g\u00e9ographique\u2019\u2019 estime Rongon ...\",\"breadcrumb\":{\"@id\":\"https:\/\/www.africa-press.net\/tchad\/politique\/tchad-un-arrete-dintegration-des-ressortissants-du-nord-et-du-mayo-kebbi#breadcrumb\"},\"inLanguage\":\"fr-FR\",\"potentialAction\":[{\"@type\":\"ReadAction\",\"target\":[\"https:\/\/www.africa-press.net\/tchad\/politique\/tchad-un-arrete-dintegration-des-ressortissants-du-nord-et-du-mayo-kebbi\"]}]},{\"@type\":\"ImageObject\",\"inLanguage\":\"fr-FR\",\"@id\":\"https:\/\/www.africa-press.net\/tchad\/politique\/tchad-un-arrete-dintegration-des-ressortissants-du-nord-et-du-mayo-kebbi#primaryimage\",\"url\":\"https:\/\/static.africa-press.net\/tchad\/sites\/41\/2022\/08\/postQueueImg_21-63066a866ce7c.jpg\",\"contentUrl\":\"https:\/\/static.africa-press.net\/tchad\/sites\/41\/2022\/08\/postQueueImg_21-63066a866ce7c.jpg\",\"width\":1080,\"height\":810,\"caption\":\"\u200bTchad : un arr\u00eat\u00e9 d\u2019int\u00e9gration des ressortissants du Nord et du Mayo Kebbi\"},{\"@type\":\"BreadcrumbList\",\"@id\":\"https:\/\/www.africa-press.net\/tchad\/politique\/tchad-un-arrete-dintegration-des-ressortissants-du-nord-et-du-mayo-kebbi#breadcrumb\",\"itemListElement\":[{\"@type\":\"ListItem\",\"position\":1,\"name\":\"Accueil\",\"item\":\"https:\/\/www.africa-press.net\/tchad\/\"},{\"@type\":\"ListItem\",\"position\":2,\"name\":\"\u200bTchad : un arr\u00eat\u00e9 d\u2019int\u00e9gration des ressortissants du Nord et du Mayo Kebbi\"}]},{\"@type\":\"WebSite\",\"@id\":\"https:\/\/www.africa-press.net\/tchad\/#website\",\"url\":\"https:\/\/www.africa-press.net\/tchad\/\",\"name\":\"tchad\",\"description\":\"Just another Africa News Agency Sites site\",\"potentialAction\":[{\"@type\":\"SearchAction\",\"target\":{\"@type\":\"EntryPoint\",\"urlTemplate\":\"https:\/\/www.africa-press.net\/tchad\/?s={search_term_string}\"},\"query-input\":{\"@type\":\"PropertyValueSpecification\",\"valueRequired\":true,\"valueName\":\"search_term_string\"}}],\"inLanguage\":\"fr-FR\"},{\"@type\":\"Person\",\"@id\":\"https:\/\/www.africa-press.net\/tchad\/#\/schema\/person\/2b1cf3cd81a31e3cd26889ca66d677f1\",\"name\":\"cfeditorfr\"}]}<\/script>\n<!-- \/ Yoast SEO Premium plugin. -->","yoast_head_json":{"title":"\u200bTchad : un arr\u00eat\u00e9 d\u2019int\u00e9gration des ressortissants du Nord et du Mayo Kebbi - tchad","description":"Le dernier arr\u00eat\u00e9 d\u2019int\u00e9gration est discriminatoire, car il ne respecte pas \u201cla r\u00e9partition g\u00e9ographique\u2019\u2019 estime Rongon ...","robots":{"index":"index","follow":"follow","max-snippet":"max-snippet:-1","max-image-preview":"max-image-preview:large","max-video-preview":"max-video-preview:-1"},"canonical":"https:\/\/www.africa-press.net\/tchad\/politique\/tchad-un-arrete-dintegration-des-ressortissants-du-nord-et-du-mayo-kebbi","og_locale":"fr_FR","og_type":"article","og_title":"\u200bTchad : un arr\u00eat\u00e9 d\u2019int\u00e9gration des ressortissants du Nord et du Mayo Kebbi","og_description":"Le dernier arr\u00eat\u00e9 d\u2019int\u00e9gration est discriminatoire, car il ne respecte pas \u201cla r\u00e9partition g\u00e9ographique\u2019\u2019 estime Rongon ...","og_url":"https:\/\/www.africa-press.net\/tchad\/politique\/tchad-un-arrete-dintegration-des-ressortissants-du-nord-et-du-mayo-kebbi","og_site_name":"tchad","article_published_time":"2022-08-24T17:28:38+00:00","article_modified_time":"2022-08-24T18:15:17+00:00","og_image":[{"width":1080,"height":810,"url":"https:\/\/static.africa-press.net\/tchad\/sites\/41\/2022\/08\/postQueueImg_21-63066a866ce7c.jpg","type":"image\/jpeg"}],"author":"cfeditorfr","twitter_card":"summary_large_image","twitter_misc":{"\u00c9crit par":"cfeditorfr","Dur\u00e9e de lecture estim\u00e9e":"1 minute"},"schema":{"@context":"https:\/\/schema.org","@graph":[{"@type":"Article","@id":"https:\/\/www.africa-press.net\/tchad\/politique\/tchad-un-arrete-dintegration-des-ressortissants-du-nord-et-du-mayo-kebbi#article","isPartOf":{"@id":"https:\/\/www.africa-press.net\/tchad\/politique\/tchad-un-arrete-dintegration-des-ressortissants-du-nord-et-du-mayo-kebbi"},"author":{"name":"cfeditorfr","@id":"https:\/\/www.africa-press.net\/tchad\/#\/schema\/person\/2b1cf3cd81a31e3cd26889ca66d677f1"},"headline":"\u200bTchad : un arr\u00eat\u00e9 d\u2019int\u00e9gration des ressortissants du Nord et du Mayo Kebbi","datePublished":"2022-08-24T17:28:38+00:00","dateModified":"2022-08-24T18:15:17+00:00","mainEntityOfPage":{"@id":"https:\/\/www.africa-press.net\/tchad\/politique\/tchad-un-arrete-dintegration-des-ressortissants-du-nord-et-du-mayo-kebbi"},"wordCount":157,"commentCount":0,"image":{"@id":"https:\/\/www.africa-press.net\/tchad\/politique\/tchad-un-arrete-dintegration-des-ressortissants-du-nord-et-du-mayo-kebbi#primaryimage"},"thumbnailUrl":"https:\/\/static.africa-press.net\/tchad\/sites\/41\/2022\/08\/postQueueImg_21-63066a866ce7c.jpg","keywords":["Africa Press","Africa Press-Tchad","Tchad"],"articleSection":["homepage-french","Politique","Toutes les actualit\u00e9s"],"inLanguage":"fr-FR","potentialAction":[{"@type":"CommentAction","name":"Comment","target":["https:\/\/www.africa-press.net\/tchad\/politique\/tchad-un-arrete-dintegration-des-ressortissants-du-nord-et-du-mayo-kebbi#respond"]}]},{"@type":"WebPage","@id":"https:\/\/www.africa-press.net\/tchad\/politique\/tchad-un-arrete-dintegration-des-ressortissants-du-nord-et-du-mayo-kebbi","url":"https:\/\/www.africa-press.net\/tchad\/politique\/tchad-un-arrete-dintegration-des-ressortissants-du-nord-et-du-mayo-kebbi","name":"\u200bTchad : un arr\u00eat\u00e9 d\u2019int\u00e9gration des ressortissants du Nord et du Mayo Kebbi - tchad","isPartOf":{"@id":"https:\/\/www.africa-press.net\/tchad\/#website"},"primaryImageOfPage":{"@id":"https:\/\/www.africa-press.net\/tchad\/politique\/tchad-un-arrete-dintegration-des-ressortissants-du-nord-et-du-mayo-kebbi#primaryimage"},"image":{"@id":"https:\/\/www.africa-press.net\/tchad\/politique\/tchad-un-arrete-dintegration-des-ressortissants-du-nord-et-du-mayo-kebbi#primaryimage"},"thumbnailUrl":"https:\/\/static.africa-press.net\/tchad\/sites\/41\/2022\/08\/postQueueImg_21-63066a866ce7c.jpg","datePublished":"2022-08-24T17:28:38+00:00","dateModified":"2022-08-24T18:15:17+00:00","author":{"@id":"https:\/\/www.africa-press.net\/tchad\/#\/schema\/person\/2b1cf3cd81a31e3cd26889ca66d677f1"},"description":"Le dernier arr\u00eat\u00e9 d\u2019int\u00e9gration est discriminatoire, car il ne respecte pas \u201cla r\u00e9partition g\u00e9ographique\u2019\u2019 estime Rongon ...","breadcrumb":{"@id":"https:\/\/www.africa-press.net\/tchad\/politique\/tchad-un-arrete-dintegration-des-ressortissants-du-nord-et-du-mayo-kebbi#breadcrumb"},"inLanguage":"fr-FR","potentialAction":[{"@type":"ReadAction","target":["https:\/\/www.africa-press.net\/tchad\/politique\/tchad-un-arrete-dintegration-des-ressortissants-du-nord-et-du-mayo-kebbi"]}]},{"@type":"ImageObject","inLanguage":"fr-FR","@id":"https:\/\/www.africa-press.net\/tchad\/politique\/tchad-un-arrete-dintegration-des-ressortissants-du-nord-et-du-mayo-kebbi#primaryimage","url":"https:\/\/static.africa-press.net\/tchad\/sites\/41\/2022\/08\/postQueueImg_21-63066a866ce7c.jpg","contentUrl":"https:\/\/static.africa-press.net\/tchad\/sites\/41\/2022\/08\/postQueueImg_21-63066a866ce7c.jpg","width":1080,"height":810,"caption":"\u200bTchad : un arr\u00eat\u00e9 d\u2019int\u00e9gration des ressortissants du Nord et du Mayo Kebbi"},{"@type":"BreadcrumbList","@id":"https:\/\/www.africa-press.net\/tchad\/politique\/tchad-un-arrete-dintegration-des-ressortissants-du-nord-et-du-mayo-kebbi#breadcrumb","itemListElement":[{"@type":"ListItem","position":1,"name":"Accueil","item":"https:\/\/www.africa-press.net\/tchad\/"},{"@type":"ListItem","position":2,"name":"\u200bTchad : un arr\u00eat\u00e9 d\u2019int\u00e9gration des ressortissants du Nord et du Mayo Kebbi"}]},{"@type":"WebSite","@id":"https:\/\/www.africa-press.net\/tchad\/#website","url":"https:\/\/www.africa-press.net\/tchad\/","name":"tchad","description":"Just another Africa News Agency Sites site","potentialAction":[{"@type":"SearchAction","target":{"@type":"EntryPoint","urlTemplate":"https:\/\/www.africa-press.net\/tchad\/?s={search_term_string}"},"query-input":{"@type":"PropertyValueSpecification","valueRequired":true,"valueName":"search_term_string"}}],"inLanguage":"fr-FR"},{"@type":"Person","@id":"https:\/\/www.africa-press.net\/tchad\/#\/schema\/person\/2b1cf3cd81a31e3cd26889ca66d677f1","name":"cfeditorfr"}]}},"_links":{"self":[{"href":"https:\/\/www.africa-press.net\/tchad\/wp-json\/wp\/v2\/posts\/31213","targetHints":{"allow":["GET"]}}],"collection":[{"href":"https:\/\/www.africa-press.net\/tchad\/wp-json\/wp\/v2\/posts"}],"about":[{"href":"https:\/\/www.africa-press.net\/tchad\/wp-json\/wp\/v2\/types\/post"}],"author":[{"embeddable":true,"href":"https:\/\/www.africa-press.net\/tchad\/wp-json\/wp\/v2\/users\/82"}],"replies":[{"embeddable":true,"href":"https:\/\/www.africa-press.net\/tchad\/wp-json\/wp\/v2\/comments?post=31213"}],"version-history":[{"count":0,"href":"https:\/\/www.africa-press.net\/tchad\/wp-json\/wp\/v2\/posts\/31213\/revisions"}],"wp:featuredmedia":[{"embeddable":true,"href":"https:\/\/www.africa-press.net\/tchad\/wp-json\/wp\/v2\/media\/31212"}],"wp:attachment":[{"href":"https:\/\/www.africa-press.net\/tchad\/wp-json\/wp\/v2\/media?parent=31213"}],"wp:term":[{"taxonomy":"category","embeddable":true,"href":"https:\/\/www.africa-press.net\/tchad\/wp-json\/wp\/v2\/categories?post=31213"},{"taxonomy":"post_tag","embeddable":true,"href":"https:\/\/www.africa-press.net\/tchad\/wp-json\/wp\/v2\/tags?post=31213"}],"curies":[{"name":"wp","href":"https:\/\/api.w.org\/{rel}","templated":true}]}}