{"id":31216,"date":"2022-08-24T17:45:21","date_gmt":"2022-08-24T17:45:21","guid":{"rendered":"https:\/\/www.africa-press.net\/tchad\/politique\/reprise-des-travaux-du-dialogue-national-inclusif-et-souverain"},"modified":"2022-08-24T18:16:13","modified_gmt":"2022-08-24T18:16:13","slug":"reprise-des-travaux-du-dialogue-national-inclusif-et-souverain","status":"publish","type":"post","link":"https:\/\/www.africa-press.net\/tchad\/politique\/reprise-des-travaux-du-dialogue-national-inclusif-et-souverain","title":{"rendered":"reprise des travaux du dialogue national inclusif et souverain"},"content":{"rendered":"<p><span style=\"color: #ff6600\"><strong>Africa-Press &#8211; Tchad. <\/strong><\/span><b>Les travaux du dialogue national inclusif et souverain viennent de reprendre, ce mercredi 24 ao\u00fbt apr\u00e8s trois jours de suspension. Le projet de r\u00e8glement int\u00e9rieur a \u00e9t\u00e9 remis aux participants.<\/b><\/p>\n<p>Ouvert le 20 ao\u00fbt dernier, le dialogue national inclusif et souverain a repris ce 24 ao\u00fbt 2022 au Palais du 15 janvier. Apr\u00e8s une br\u00e8ve prise de parole de certains participants, le Comit\u00e9 d\u2019organisation a proc\u00e9d\u00e9 \u00e0 la lecture des grandes articulations du projet de r\u00e8glement int\u00e9rieur. Ledit r\u00e8glement a \u00e9t\u00e9 remis aux participants dans un kit. L\u2019examen de ce projet de r\u00e8glement int\u00e9rieur se d\u00e9roulera demain apr\u00e8s que les participants aient pris connaissance du contenu. Apr\u00e8s l\u2019examen, ils proc\u00e9deront \u00e0 la validation du r\u00e8glement int\u00e9rieur.<\/p>\n<p>Certains participants ont regrett\u00e9 d\u00e8s l\u2019entame des travaux, l\u2019absence des membres du FACT et de certains partis politiques de l\u2019opposition. Apr\u00e8s l\u2019\u00e9valuation et l\u2019adoption du r\u00e8glement int\u00e9rieur, l\u2019\u00e9tape suivante sera la mise sur pied du pr\u00e9sidium.<\/p>\n<p>Les participants au dialogue national jouissent d\u2019une immunit\u00e9 de poursuite. Toutefois, des sanctions graduelles sont pr\u00e9vues par la police de gestion des travaux, fait savoir le comit\u00e9 d\u2019organisation du dialogue national inclusif et souverain.<\/p>\n<p><strong>Pour plus d&rsquo;informations et d&rsquo;analyses sur la <a href=\"https:\/\/www.africa-press.net\/tchad\">Tchad<\/a>, suivez <a href=\"https:\/\/www.africa-press.net\/\">Africa-Press<\/a><\/strong><\/p>\n","protected":false},"excerpt":{"rendered":"<p>Africa-Press &#8211; Tchad. Les travaux du dialogue national inclusif et souverain viennent de reprendre, ce mercredi 24 ao\u00fbt apr\u00e8s trois jours de suspension. Le projet de r\u00e8glement int\u00e9rieur a \u00e9t\u00e9 remis aux participants. Ouvert le 20 ao\u00fbt dernier, le dialogue national inclusif et souverain a repris ce 24 ao\u00fbt 2022 au Palais du 15 janvier. [&hellip;]<\/p>\n","protected":false},"author":82,"featured_media":31215,"comment_status":"open","ping_status":"closed","sticky":false,"template":"","format":"standard","meta":{"footnotes":""},"categories":[11,2,20,10],"tags":[37,292,29],"class_list":["post-31216","post","type-post","status-publish","format-standard","has-post-thumbnail","hentry","category-homepage-french","category-politique","category-top-nouvelles","category-toutes-les-actualites","tag-africa-press","tag-africa-press-tchad","tag-tchad"],"yoast_head":"<!-- This site is optimized with the Yoast SEO Premium plugin v26.1 (Yoast SEO v27.0) - https:\/\/yoast.com\/product\/yoast-seo-premium-wordpress\/ -->\n<title>reprise des travaux du dialogue national inclusif et souverain - tchad<\/title>\n<meta name=\"description\" content=\"Les travaux du dialogue national inclusif et souverain viennent de reprendre, ce mercredi 24 ao\u00fbt apr\u00e8s trois jours d ...\" \/>\n<meta name=\"robots\" content=\"index, follow, max-snippet:-1, max-image-preview:large, max-video-preview:-1\" \/>\n<link rel=\"canonical\" href=\"https:\/\/www.africa-press.net\/tchad\/politique\/reprise-des-travaux-du-dialogue-national-inclusif-et-souverain\" \/>\n<meta property=\"og:locale\" content=\"fr_FR\" \/>\n<meta property=\"og:type\" content=\"article\" \/>\n<meta property=\"og:title\" content=\"reprise des travaux du dialogue national inclusif et souverain\" \/>\n<meta property=\"og:description\" content=\"Les travaux du dialogue national inclusif et souverain viennent de reprendre, ce mercredi 24 ao\u00fbt apr\u00e8s trois jours d ...\" \/>\n<meta property=\"og:url\" content=\"https:\/\/www.africa-press.net\/tchad\/politique\/reprise-des-travaux-du-dialogue-national-inclusif-et-souverain\" \/>\n<meta property=\"og:site_name\" content=\"tchad\" \/>\n<meta property=\"article:published_time\" content=\"2022-08-24T17:45:21+00:00\" \/>\n<meta property=\"article:modified_time\" content=\"2022-08-24T18:16:13+00:00\" \/>\n<meta property=\"og:image\" content=\"https:\/\/static.africa-press.net\/tchad\/sites\/41\/2022\/08\/postQueueImg_22-63066abb23c2f.jpg\" \/>\n\t<meta property=\"og:image:width\" content=\"780\" \/>\n\t<meta property=\"og:image:height\" content=\"440\" \/>\n\t<meta property=\"og:image:type\" content=\"image\/jpeg\" \/>\n<meta name=\"author\" content=\"cfeditorfr\" \/>\n<meta name=\"twitter:card\" content=\"summary_large_image\" \/>\n<meta name=\"twitter:label1\" content=\"\u00c9crit par\" \/>\n\t<meta name=\"twitter:data1\" content=\"cfeditorfr\" \/>\n\t<meta name=\"twitter:label2\" content=\"Dur\u00e9e de lecture estim\u00e9e\" \/>\n\t<meta name=\"twitter:data2\" content=\"2 minutes\" \/>\n<script type=\"application\/ld+json\" class=\"yoast-schema-graph\">{\"@context\":\"https:\/\/schema.org\",\"@graph\":[{\"@type\":\"Article\",\"@id\":\"https:\/\/www.africa-press.net\/tchad\/politique\/reprise-des-travaux-du-dialogue-national-inclusif-et-souverain#article\",\"isPartOf\":{\"@id\":\"https:\/\/www.africa-press.net\/tchad\/politique\/reprise-des-travaux-du-dialogue-national-inclusif-et-souverain\"},\"author\":{\"name\":\"cfeditorfr\",\"@id\":\"https:\/\/www.africa-press.net\/tchad\/#\/schema\/person\/2b1cf3cd81a31e3cd26889ca66d677f1\"},\"headline\":\"reprise des travaux du dialogue national inclusif et souverain\",\"datePublished\":\"2022-08-24T17:45:21+00:00\",\"dateModified\":\"2022-08-24T18:16:13+00:00\",\"mainEntityOfPage\":{\"@id\":\"https:\/\/www.africa-press.net\/tchad\/politique\/reprise-des-travaux-du-dialogue-national-inclusif-et-souverain\"},\"wordCount\":240,\"commentCount\":0,\"image\":{\"@id\":\"https:\/\/www.africa-press.net\/tchad\/politique\/reprise-des-travaux-du-dialogue-national-inclusif-et-souverain#primaryimage\"},\"thumbnailUrl\":\"https:\/\/static.africa-press.net\/tchad\/sites\/41\/2022\/08\/postQueueImg_22-63066abb23c2f.jpg\",\"keywords\":[\"Africa Press\",\"Africa Press-Tchad\",\"Tchad\"],\"articleSection\":[\"homepage-french\",\"Politique\",\"Top Nouvelles\",\"Toutes les actualit\u00e9s\"],\"inLanguage\":\"fr-FR\",\"potentialAction\":[{\"@type\":\"CommentAction\",\"name\":\"Comment\",\"target\":[\"https:\/\/www.africa-press.net\/tchad\/politique\/reprise-des-travaux-du-dialogue-national-inclusif-et-souverain#respond\"]}]},{\"@type\":\"WebPage\",\"@id\":\"https:\/\/www.africa-press.net\/tchad\/politique\/reprise-des-travaux-du-dialogue-national-inclusif-et-souverain\",\"url\":\"https:\/\/www.africa-press.net\/tchad\/politique\/reprise-des-travaux-du-dialogue-national-inclusif-et-souverain\",\"name\":\"reprise des travaux du dialogue national inclusif et souverain - tchad\",\"isPartOf\":{\"@id\":\"https:\/\/www.africa-press.net\/tchad\/#website\"},\"primaryImageOfPage\":{\"@id\":\"https:\/\/www.africa-press.net\/tchad\/politique\/reprise-des-travaux-du-dialogue-national-inclusif-et-souverain#primaryimage\"},\"image\":{\"@id\":\"https:\/\/www.africa-press.net\/tchad\/politique\/reprise-des-travaux-du-dialogue-national-inclusif-et-souverain#primaryimage\"},\"thumbnailUrl\":\"https:\/\/static.africa-press.net\/tchad\/sites\/41\/2022\/08\/postQueueImg_22-63066abb23c2f.jpg\",\"datePublished\":\"2022-08-24T17:45:21+00:00\",\"dateModified\":\"2022-08-24T18:16:13+00:00\",\"author\":{\"@id\":\"https:\/\/www.africa-press.net\/tchad\/#\/schema\/person\/2b1cf3cd81a31e3cd26889ca66d677f1\"},\"description\":\"Les travaux du dialogue national inclusif et souverain viennent de reprendre, ce mercredi 24 ao\u00fbt apr\u00e8s trois jours d ...\",\"breadcrumb\":{\"@id\":\"https:\/\/www.africa-press.net\/tchad\/politique\/reprise-des-travaux-du-dialogue-national-inclusif-et-souverain#breadcrumb\"},\"inLanguage\":\"fr-FR\",\"potentialAction\":[{\"@type\":\"ReadAction\",\"target\":[\"https:\/\/www.africa-press.net\/tchad\/politique\/reprise-des-travaux-du-dialogue-national-inclusif-et-souverain\"]}]},{\"@type\":\"ImageObject\",\"inLanguage\":\"fr-FR\",\"@id\":\"https:\/\/www.africa-press.net\/tchad\/politique\/reprise-des-travaux-du-dialogue-national-inclusif-et-souverain#primaryimage\",\"url\":\"https:\/\/static.africa-press.net\/tchad\/sites\/41\/2022\/08\/postQueueImg_22-63066abb23c2f.jpg\",\"contentUrl\":\"https:\/\/static.africa-press.net\/tchad\/sites\/41\/2022\/08\/postQueueImg_22-63066abb23c2f.jpg\",\"width\":780,\"height\":440,\"caption\":\"reprise des travaux du dialogue national inclusif et souverain\"},{\"@type\":\"BreadcrumbList\",\"@id\":\"https:\/\/www.africa-press.net\/tchad\/politique\/reprise-des-travaux-du-dialogue-national-inclusif-et-souverain#breadcrumb\",\"itemListElement\":[{\"@type\":\"ListItem\",\"position\":1,\"name\":\"Accueil\",\"item\":\"https:\/\/www.africa-press.net\/tchad\/\"},{\"@type\":\"ListItem\",\"position\":2,\"name\":\"reprise des travaux du dialogue national inclusif et souverain\"}]},{\"@type\":\"WebSite\",\"@id\":\"https:\/\/www.africa-press.net\/tchad\/#website\",\"url\":\"https:\/\/www.africa-press.net\/tchad\/\",\"name\":\"tchad\",\"description\":\"Just another Africa News Agency Sites site\",\"potentialAction\":[{\"@type\":\"SearchAction\",\"target\":{\"@type\":\"EntryPoint\",\"urlTemplate\":\"https:\/\/www.africa-press.net\/tchad\/?s={search_term_string}\"},\"query-input\":{\"@type\":\"PropertyValueSpecification\",\"valueRequired\":true,\"valueName\":\"search_term_string\"}}],\"inLanguage\":\"fr-FR\"},{\"@type\":\"Person\",\"@id\":\"https:\/\/www.africa-press.net\/tchad\/#\/schema\/person\/2b1cf3cd81a31e3cd26889ca66d677f1\",\"name\":\"cfeditorfr\"}]}<\/script>\n<!-- \/ Yoast SEO Premium plugin. -->","yoast_head_json":{"title":"reprise des travaux du dialogue national inclusif et souverain - tchad","description":"Les travaux du dialogue national inclusif et souverain viennent de reprendre, ce mercredi 24 ao\u00fbt apr\u00e8s trois jours d ...","robots":{"index":"index","follow":"follow","max-snippet":"max-snippet:-1","max-image-preview":"max-image-preview:large","max-video-preview":"max-video-preview:-1"},"canonical":"https:\/\/www.africa-press.net\/tchad\/politique\/reprise-des-travaux-du-dialogue-national-inclusif-et-souverain","og_locale":"fr_FR","og_type":"article","og_title":"reprise des travaux du dialogue national inclusif et souverain","og_description":"Les travaux du dialogue national inclusif et souverain viennent de reprendre, ce mercredi 24 ao\u00fbt apr\u00e8s trois jours d ...","og_url":"https:\/\/www.africa-press.net\/tchad\/politique\/reprise-des-travaux-du-dialogue-national-inclusif-et-souverain","og_site_name":"tchad","article_published_time":"2022-08-24T17:45:21+00:00","article_modified_time":"2022-08-24T18:16:13+00:00","og_image":[{"width":780,"height":440,"url":"https:\/\/static.africa-press.net\/tchad\/sites\/41\/2022\/08\/postQueueImg_22-63066abb23c2f.jpg","type":"image\/jpeg"}],"author":"cfeditorfr","twitter_card":"summary_large_image","twitter_misc":{"\u00c9crit par":"cfeditorfr","Dur\u00e9e de lecture estim\u00e9e":"2 minutes"},"schema":{"@context":"https:\/\/schema.org","@graph":[{"@type":"Article","@id":"https:\/\/www.africa-press.net\/tchad\/politique\/reprise-des-travaux-du-dialogue-national-inclusif-et-souverain#article","isPartOf":{"@id":"https:\/\/www.africa-press.net\/tchad\/politique\/reprise-des-travaux-du-dialogue-national-inclusif-et-souverain"},"author":{"name":"cfeditorfr","@id":"https:\/\/www.africa-press.net\/tchad\/#\/schema\/person\/2b1cf3cd81a31e3cd26889ca66d677f1"},"headline":"reprise des travaux du dialogue national inclusif et souverain","datePublished":"2022-08-24T17:45:21+00:00","dateModified":"2022-08-24T18:16:13+00:00","mainEntityOfPage":{"@id":"https:\/\/www.africa-press.net\/tchad\/politique\/reprise-des-travaux-du-dialogue-national-inclusif-et-souverain"},"wordCount":240,"commentCount":0,"image":{"@id":"https:\/\/www.africa-press.net\/tchad\/politique\/reprise-des-travaux-du-dialogue-national-inclusif-et-souverain#primaryimage"},"thumbnailUrl":"https:\/\/static.africa-press.net\/tchad\/sites\/41\/2022\/08\/postQueueImg_22-63066abb23c2f.jpg","keywords":["Africa Press","Africa Press-Tchad","Tchad"],"articleSection":["homepage-french","Politique","Top Nouvelles","Toutes les actualit\u00e9s"],"inLanguage":"fr-FR","potentialAction":[{"@type":"CommentAction","name":"Comment","target":["https:\/\/www.africa-press.net\/tchad\/politique\/reprise-des-travaux-du-dialogue-national-inclusif-et-souverain#respond"]}]},{"@type":"WebPage","@id":"https:\/\/www.africa-press.net\/tchad\/politique\/reprise-des-travaux-du-dialogue-national-inclusif-et-souverain","url":"https:\/\/www.africa-press.net\/tchad\/politique\/reprise-des-travaux-du-dialogue-national-inclusif-et-souverain","name":"reprise des travaux du dialogue national inclusif et souverain - tchad","isPartOf":{"@id":"https:\/\/www.africa-press.net\/tchad\/#website"},"primaryImageOfPage":{"@id":"https:\/\/www.africa-press.net\/tchad\/politique\/reprise-des-travaux-du-dialogue-national-inclusif-et-souverain#primaryimage"},"image":{"@id":"https:\/\/www.africa-press.net\/tchad\/politique\/reprise-des-travaux-du-dialogue-national-inclusif-et-souverain#primaryimage"},"thumbnailUrl":"https:\/\/static.africa-press.net\/tchad\/sites\/41\/2022\/08\/postQueueImg_22-63066abb23c2f.jpg","datePublished":"2022-08-24T17:45:21+00:00","dateModified":"2022-08-24T18:16:13+00:00","author":{"@id":"https:\/\/www.africa-press.net\/tchad\/#\/schema\/person\/2b1cf3cd81a31e3cd26889ca66d677f1"},"description":"Les travaux du dialogue national inclusif et souverain viennent de reprendre, ce mercredi 24 ao\u00fbt apr\u00e8s trois jours d ...","breadcrumb":{"@id":"https:\/\/www.africa-press.net\/tchad\/politique\/reprise-des-travaux-du-dialogue-national-inclusif-et-souverain#breadcrumb"},"inLanguage":"fr-FR","potentialAction":[{"@type":"ReadAction","target":["https:\/\/www.africa-press.net\/tchad\/politique\/reprise-des-travaux-du-dialogue-national-inclusif-et-souverain"]}]},{"@type":"ImageObject","inLanguage":"fr-FR","@id":"https:\/\/www.africa-press.net\/tchad\/politique\/reprise-des-travaux-du-dialogue-national-inclusif-et-souverain#primaryimage","url":"https:\/\/static.africa-press.net\/tchad\/sites\/41\/2022\/08\/postQueueImg_22-63066abb23c2f.jpg","contentUrl":"https:\/\/static.africa-press.net\/tchad\/sites\/41\/2022\/08\/postQueueImg_22-63066abb23c2f.jpg","width":780,"height":440,"caption":"reprise des travaux du dialogue national inclusif et souverain"},{"@type":"BreadcrumbList","@id":"https:\/\/www.africa-press.net\/tchad\/politique\/reprise-des-travaux-du-dialogue-national-inclusif-et-souverain#breadcrumb","itemListElement":[{"@type":"ListItem","position":1,"name":"Accueil","item":"https:\/\/www.africa-press.net\/tchad\/"},{"@type":"ListItem","position":2,"name":"reprise des travaux du dialogue national inclusif et souverain"}]},{"@type":"WebSite","@id":"https:\/\/www.africa-press.net\/tchad\/#website","url":"https:\/\/www.africa-press.net\/tchad\/","name":"tchad","description":"Just another Africa News Agency Sites site","potentialAction":[{"@type":"SearchAction","target":{"@type":"EntryPoint","urlTemplate":"https:\/\/www.africa-press.net\/tchad\/?s={search_term_string}"},"query-input":{"@type":"PropertyValueSpecification","valueRequired":true,"valueName":"search_term_string"}}],"inLanguage":"fr-FR"},{"@type":"Person","@id":"https:\/\/www.africa-press.net\/tchad\/#\/schema\/person\/2b1cf3cd81a31e3cd26889ca66d677f1","name":"cfeditorfr"}]}},"_links":{"self":[{"href":"https:\/\/www.africa-press.net\/tchad\/wp-json\/wp\/v2\/posts\/31216","targetHints":{"allow":["GET"]}}],"collection":[{"href":"https:\/\/www.africa-press.net\/tchad\/wp-json\/wp\/v2\/posts"}],"about":[{"href":"https:\/\/www.africa-press.net\/tchad\/wp-json\/wp\/v2\/types\/post"}],"author":[{"embeddable":true,"href":"https:\/\/www.africa-press.net\/tchad\/wp-json\/wp\/v2\/users\/82"}],"replies":[{"embeddable":true,"href":"https:\/\/www.africa-press.net\/tchad\/wp-json\/wp\/v2\/comments?post=31216"}],"version-history":[{"count":0,"href":"https:\/\/www.africa-press.net\/tchad\/wp-json\/wp\/v2\/posts\/31216\/revisions"}],"wp:featuredmedia":[{"embeddable":true,"href":"https:\/\/www.africa-press.net\/tchad\/wp-json\/wp\/v2\/media\/31215"}],"wp:attachment":[{"href":"https:\/\/www.africa-press.net\/tchad\/wp-json\/wp\/v2\/media?parent=31216"}],"wp:term":[{"taxonomy":"category","embeddable":true,"href":"https:\/\/www.africa-press.net\/tchad\/wp-json\/wp\/v2\/categories?post=31216"},{"taxonomy":"post_tag","embeddable":true,"href":"https:\/\/www.africa-press.net\/tchad\/wp-json\/wp\/v2\/tags?post=31216"}],"curies":[{"name":"wp","href":"https:\/\/api.w.org\/{rel}","templated":true}]}}