{"id":31222,"date":"2022-08-25T13:29:00","date_gmt":"2022-08-25T13:29:00","guid":{"rendered":"https:\/\/www.africa-press.net\/tchad\/politique\/darmanin-annonce-se-rendre-en-afrique-de-louest"},"modified":"2022-08-25T13:37:09","modified_gmt":"2022-08-25T13:37:09","slug":"darmanin-annonce-se-rendre-en-afrique-de-louest","status":"publish","type":"post","link":"https:\/\/www.africa-press.net\/tchad\/politique\/darmanin-annonce-se-rendre-en-afrique-de-louest","title":{"rendered":"Darmanin annonce se rendre en Afrique de l&rsquo;Ouest"},"content":{"rendered":"<p><span style=\"color: #ff6600\"><strong>Africa-Press &#8211; Tchad. <\/strong><\/span>Apr\u00e8s les visites d\u2019Emmanuel Macron en Afrique, c\u2019est maintenant G\u00e9rald Darmanin qui se pr\u00e9pare \u00e0 y aller, notamment dans l&rsquo;Ouest du continent. Le ministre l\u2019a annonc\u00e9 comme l\u2019une des mesures de lutte contre le crack \u00e0 Paris.<\/p>\n<p>Se pronon\u00e7ant le 24 ao\u00fbt lors de la c\u00e9r\u00e9monie du 78\u00e8me anniversaire de la lib\u00e9ration de Paris \u00e0 la Pr\u00e9fecture de police, le ministre de l&rsquo;Int\u00e9rieur s&rsquo;est f\u00e9licit\u00e9 du bilan du dossier br\u00fblant du crack dans la capitale avec 128 arrestations en un mois.<\/p>\n<p>Appelant \u00e0 \u00ab\u00a0frapper beaucoup plus fort\u00a0\u00bb, il a m\u00eame pr\u00e9vu de se rendre en Afrique de l\u2019Ouest pour trouver un moyen de bloquer le trafic \u00e0 sa source.<\/p>\n<p>\u00ab\u00a0Il faut d\u00e9manteler les fili\u00e8res, je me rendrai bient\u00f4t en Afrique de l&rsquo;Ouest pour avoir un dialogue franc avec les pays concern\u00e9s et cr\u00e9er les conditions de reconduite tr\u00e8s rapide des trafiquants dans leurs pays d&rsquo;origine\u00a0\u00bb, a annonc\u00e9 M. Darmanin, ajoutant vouloir interpeller les consommateurs dans les rues.<\/p>\n<p>Une r\u00e9union entre le pr\u00e9fet de police de l\u2019\u00cele-de-France et les parties prenantes du plan crack sera \u00e9galement organis\u00e9e dans quelques jours.<\/p>\n<p><strong>Pour plus d&rsquo;informations et d&rsquo;analyses sur la <a href=\"https:\/\/www.africa-press.net\/tchad\">Tchad<\/a>, suivez <a href=\"https:\/\/www.africa-press.net\/\">Africa-Press<\/a><\/strong><\/p>\n","protected":false},"excerpt":{"rendered":"<p>Africa-Press &#8211; Tchad. Apr\u00e8s les visites d\u2019Emmanuel Macron en Afrique, c\u2019est maintenant G\u00e9rald Darmanin qui se pr\u00e9pare \u00e0 y aller, notamment dans l&rsquo;Ouest du continent. Le ministre l\u2019a annonc\u00e9 comme l\u2019une des mesures de lutte contre le crack \u00e0 Paris. Se pronon\u00e7ant le 24 ao\u00fbt lors de la c\u00e9r\u00e9monie du 78\u00e8me anniversaire de la lib\u00e9ration [&hellip;]<\/p>\n","protected":false},"author":82,"featured_media":31221,"comment_status":"open","ping_status":"closed","sticky":false,"template":"","format":"standard","meta":{"footnotes":""},"categories":[11,2,10],"tags":[37,292,29],"class_list":["post-31222","post","type-post","status-publish","format-standard","has-post-thumbnail","hentry","category-homepage-french","category-politique","category-toutes-les-actualites","tag-africa-press","tag-africa-press-tchad","tag-tchad"],"yoast_head":"<!-- This site is optimized with the Yoast SEO Premium plugin v26.1 (Yoast SEO v27.0) - https:\/\/yoast.com\/product\/yoast-seo-premium-wordpress\/ -->\n<title>Darmanin annonce se rendre en Afrique de l&#039;Ouest - tchad<\/title>\n<meta name=\"description\" content=\"Apr\u00e8s les visites d\u2019Emmanuel Macron en Afrique, c\u2019est maintenant G\u00e9rald Darmanin qui se pr\u00e9pare \u00e0 y aller, notamment dan ...\" \/>\n<meta name=\"robots\" content=\"index, follow, max-snippet:-1, max-image-preview:large, max-video-preview:-1\" \/>\n<link rel=\"canonical\" href=\"https:\/\/www.africa-press.net\/tchad\/politique\/darmanin-annonce-se-rendre-en-afrique-de-louest\" \/>\n<meta property=\"og:locale\" content=\"fr_FR\" \/>\n<meta property=\"og:type\" content=\"article\" \/>\n<meta property=\"og:title\" content=\"Darmanin annonce se rendre en Afrique de l&#039;Ouest\" \/>\n<meta property=\"og:description\" content=\"Apr\u00e8s les visites d\u2019Emmanuel Macron en Afrique, c\u2019est maintenant G\u00e9rald Darmanin qui se pr\u00e9pare \u00e0 y aller, notamment dan ...\" \/>\n<meta property=\"og:url\" content=\"https:\/\/www.africa-press.net\/tchad\/politique\/darmanin-annonce-se-rendre-en-afrique-de-louest\" \/>\n<meta property=\"og:site_name\" content=\"tchad\" \/>\n<meta property=\"article:published_time\" content=\"2022-08-25T13:29:00+00:00\" \/>\n<meta property=\"article:modified_time\" content=\"2022-08-25T13:37:09+00:00\" \/>\n<meta property=\"og:image\" content=\"https:\/\/static.africa-press.net\/tchad\/sites\/41\/2022\/08\/postQueueImg_1-63077aedaed46.jpg\" \/>\n\t<meta property=\"og:image:width\" content=\"1920\" \/>\n\t<meta property=\"og:image:height\" content=\"1080\" \/>\n\t<meta property=\"og:image:type\" content=\"image\/jpeg\" \/>\n<meta name=\"author\" content=\"cfeditorfr\" \/>\n<meta name=\"twitter:card\" content=\"summary_large_image\" \/>\n<meta name=\"twitter:label1\" content=\"\u00c9crit par\" \/>\n\t<meta name=\"twitter:data1\" content=\"cfeditorfr\" \/>\n\t<meta name=\"twitter:label2\" content=\"Dur\u00e9e de lecture estim\u00e9e\" \/>\n\t<meta name=\"twitter:data2\" content=\"1 minute\" \/>\n<script type=\"application\/ld+json\" class=\"yoast-schema-graph\">{\"@context\":\"https:\/\/schema.org\",\"@graph\":[{\"@type\":\"Article\",\"@id\":\"https:\/\/www.africa-press.net\/tchad\/politique\/darmanin-annonce-se-rendre-en-afrique-de-louest#article\",\"isPartOf\":{\"@id\":\"https:\/\/www.africa-press.net\/tchad\/politique\/darmanin-annonce-se-rendre-en-afrique-de-louest\"},\"author\":{\"name\":\"cfeditorfr\",\"@id\":\"https:\/\/www.africa-press.net\/tchad\/#\/schema\/person\/2b1cf3cd81a31e3cd26889ca66d677f1\"},\"headline\":\"Darmanin annonce se rendre en Afrique de l&rsquo;Ouest\",\"datePublished\":\"2022-08-25T13:29:00+00:00\",\"dateModified\":\"2022-08-25T13:37:09+00:00\",\"mainEntityOfPage\":{\"@id\":\"https:\/\/www.africa-press.net\/tchad\/politique\/darmanin-annonce-se-rendre-en-afrique-de-louest\"},\"wordCount\":230,\"commentCount\":0,\"image\":{\"@id\":\"https:\/\/www.africa-press.net\/tchad\/politique\/darmanin-annonce-se-rendre-en-afrique-de-louest#primaryimage\"},\"thumbnailUrl\":\"https:\/\/static.africa-press.net\/tchad\/sites\/41\/2022\/08\/postQueueImg_1-63077aedaed46.jpg\",\"keywords\":[\"Africa Press\",\"Africa Press-Tchad\",\"Tchad\"],\"articleSection\":[\"homepage-french\",\"Politique\",\"Toutes les actualit\u00e9s\"],\"inLanguage\":\"fr-FR\",\"potentialAction\":[{\"@type\":\"CommentAction\",\"name\":\"Comment\",\"target\":[\"https:\/\/www.africa-press.net\/tchad\/politique\/darmanin-annonce-se-rendre-en-afrique-de-louest#respond\"]}]},{\"@type\":\"WebPage\",\"@id\":\"https:\/\/www.africa-press.net\/tchad\/politique\/darmanin-annonce-se-rendre-en-afrique-de-louest\",\"url\":\"https:\/\/www.africa-press.net\/tchad\/politique\/darmanin-annonce-se-rendre-en-afrique-de-louest\",\"name\":\"Darmanin annonce se rendre en Afrique de l'Ouest - tchad\",\"isPartOf\":{\"@id\":\"https:\/\/www.africa-press.net\/tchad\/#website\"},\"primaryImageOfPage\":{\"@id\":\"https:\/\/www.africa-press.net\/tchad\/politique\/darmanin-annonce-se-rendre-en-afrique-de-louest#primaryimage\"},\"image\":{\"@id\":\"https:\/\/www.africa-press.net\/tchad\/politique\/darmanin-annonce-se-rendre-en-afrique-de-louest#primaryimage\"},\"thumbnailUrl\":\"https:\/\/static.africa-press.net\/tchad\/sites\/41\/2022\/08\/postQueueImg_1-63077aedaed46.jpg\",\"datePublished\":\"2022-08-25T13:29:00+00:00\",\"dateModified\":\"2022-08-25T13:37:09+00:00\",\"author\":{\"@id\":\"https:\/\/www.africa-press.net\/tchad\/#\/schema\/person\/2b1cf3cd81a31e3cd26889ca66d677f1\"},\"description\":\"Apr\u00e8s les visites d\u2019Emmanuel Macron en Afrique, c\u2019est maintenant G\u00e9rald Darmanin qui se pr\u00e9pare \u00e0 y aller, notamment dan ...\",\"breadcrumb\":{\"@id\":\"https:\/\/www.africa-press.net\/tchad\/politique\/darmanin-annonce-se-rendre-en-afrique-de-louest#breadcrumb\"},\"inLanguage\":\"fr-FR\",\"potentialAction\":[{\"@type\":\"ReadAction\",\"target\":[\"https:\/\/www.africa-press.net\/tchad\/politique\/darmanin-annonce-se-rendre-en-afrique-de-louest\"]}]},{\"@type\":\"ImageObject\",\"inLanguage\":\"fr-FR\",\"@id\":\"https:\/\/www.africa-press.net\/tchad\/politique\/darmanin-annonce-se-rendre-en-afrique-de-louest#primaryimage\",\"url\":\"https:\/\/static.africa-press.net\/tchad\/sites\/41\/2022\/08\/postQueueImg_1-63077aedaed46.jpg\",\"contentUrl\":\"https:\/\/static.africa-press.net\/tchad\/sites\/41\/2022\/08\/postQueueImg_1-63077aedaed46.jpg\",\"width\":1920,\"height\":1080,\"caption\":\"Darmanin annonce se rendre en Afrique de l'Ouest\"},{\"@type\":\"BreadcrumbList\",\"@id\":\"https:\/\/www.africa-press.net\/tchad\/politique\/darmanin-annonce-se-rendre-en-afrique-de-louest#breadcrumb\",\"itemListElement\":[{\"@type\":\"ListItem\",\"position\":1,\"name\":\"Accueil\",\"item\":\"https:\/\/www.africa-press.net\/tchad\/\"},{\"@type\":\"ListItem\",\"position\":2,\"name\":\"Darmanin annonce se rendre en Afrique de l&#8217;Ouest\"}]},{\"@type\":\"WebSite\",\"@id\":\"https:\/\/www.africa-press.net\/tchad\/#website\",\"url\":\"https:\/\/www.africa-press.net\/tchad\/\",\"name\":\"tchad\",\"description\":\"Just another Africa News Agency Sites site\",\"potentialAction\":[{\"@type\":\"SearchAction\",\"target\":{\"@type\":\"EntryPoint\",\"urlTemplate\":\"https:\/\/www.africa-press.net\/tchad\/?s={search_term_string}\"},\"query-input\":{\"@type\":\"PropertyValueSpecification\",\"valueRequired\":true,\"valueName\":\"search_term_string\"}}],\"inLanguage\":\"fr-FR\"},{\"@type\":\"Person\",\"@id\":\"https:\/\/www.africa-press.net\/tchad\/#\/schema\/person\/2b1cf3cd81a31e3cd26889ca66d677f1\",\"name\":\"cfeditorfr\"}]}<\/script>\n<!-- \/ Yoast SEO Premium plugin. -->","yoast_head_json":{"title":"Darmanin annonce se rendre en Afrique de l'Ouest - tchad","description":"Apr\u00e8s les visites d\u2019Emmanuel Macron en Afrique, c\u2019est maintenant G\u00e9rald Darmanin qui se pr\u00e9pare \u00e0 y aller, notamment dan ...","robots":{"index":"index","follow":"follow","max-snippet":"max-snippet:-1","max-image-preview":"max-image-preview:large","max-video-preview":"max-video-preview:-1"},"canonical":"https:\/\/www.africa-press.net\/tchad\/politique\/darmanin-annonce-se-rendre-en-afrique-de-louest","og_locale":"fr_FR","og_type":"article","og_title":"Darmanin annonce se rendre en Afrique de l'Ouest","og_description":"Apr\u00e8s les visites d\u2019Emmanuel Macron en Afrique, c\u2019est maintenant G\u00e9rald Darmanin qui se pr\u00e9pare \u00e0 y aller, notamment dan ...","og_url":"https:\/\/www.africa-press.net\/tchad\/politique\/darmanin-annonce-se-rendre-en-afrique-de-louest","og_site_name":"tchad","article_published_time":"2022-08-25T13:29:00+00:00","article_modified_time":"2022-08-25T13:37:09+00:00","og_image":[{"width":1920,"height":1080,"url":"https:\/\/static.africa-press.net\/tchad\/sites\/41\/2022\/08\/postQueueImg_1-63077aedaed46.jpg","type":"image\/jpeg"}],"author":"cfeditorfr","twitter_card":"summary_large_image","twitter_misc":{"\u00c9crit par":"cfeditorfr","Dur\u00e9e de lecture estim\u00e9e":"1 minute"},"schema":{"@context":"https:\/\/schema.org","@graph":[{"@type":"Article","@id":"https:\/\/www.africa-press.net\/tchad\/politique\/darmanin-annonce-se-rendre-en-afrique-de-louest#article","isPartOf":{"@id":"https:\/\/www.africa-press.net\/tchad\/politique\/darmanin-annonce-se-rendre-en-afrique-de-louest"},"author":{"name":"cfeditorfr","@id":"https:\/\/www.africa-press.net\/tchad\/#\/schema\/person\/2b1cf3cd81a31e3cd26889ca66d677f1"},"headline":"Darmanin annonce se rendre en Afrique de l&rsquo;Ouest","datePublished":"2022-08-25T13:29:00+00:00","dateModified":"2022-08-25T13:37:09+00:00","mainEntityOfPage":{"@id":"https:\/\/www.africa-press.net\/tchad\/politique\/darmanin-annonce-se-rendre-en-afrique-de-louest"},"wordCount":230,"commentCount":0,"image":{"@id":"https:\/\/www.africa-press.net\/tchad\/politique\/darmanin-annonce-se-rendre-en-afrique-de-louest#primaryimage"},"thumbnailUrl":"https:\/\/static.africa-press.net\/tchad\/sites\/41\/2022\/08\/postQueueImg_1-63077aedaed46.jpg","keywords":["Africa Press","Africa Press-Tchad","Tchad"],"articleSection":["homepage-french","Politique","Toutes les actualit\u00e9s"],"inLanguage":"fr-FR","potentialAction":[{"@type":"CommentAction","name":"Comment","target":["https:\/\/www.africa-press.net\/tchad\/politique\/darmanin-annonce-se-rendre-en-afrique-de-louest#respond"]}]},{"@type":"WebPage","@id":"https:\/\/www.africa-press.net\/tchad\/politique\/darmanin-annonce-se-rendre-en-afrique-de-louest","url":"https:\/\/www.africa-press.net\/tchad\/politique\/darmanin-annonce-se-rendre-en-afrique-de-louest","name":"Darmanin annonce se rendre en Afrique de l'Ouest - tchad","isPartOf":{"@id":"https:\/\/www.africa-press.net\/tchad\/#website"},"primaryImageOfPage":{"@id":"https:\/\/www.africa-press.net\/tchad\/politique\/darmanin-annonce-se-rendre-en-afrique-de-louest#primaryimage"},"image":{"@id":"https:\/\/www.africa-press.net\/tchad\/politique\/darmanin-annonce-se-rendre-en-afrique-de-louest#primaryimage"},"thumbnailUrl":"https:\/\/static.africa-press.net\/tchad\/sites\/41\/2022\/08\/postQueueImg_1-63077aedaed46.jpg","datePublished":"2022-08-25T13:29:00+00:00","dateModified":"2022-08-25T13:37:09+00:00","author":{"@id":"https:\/\/www.africa-press.net\/tchad\/#\/schema\/person\/2b1cf3cd81a31e3cd26889ca66d677f1"},"description":"Apr\u00e8s les visites d\u2019Emmanuel Macron en Afrique, c\u2019est maintenant G\u00e9rald Darmanin qui se pr\u00e9pare \u00e0 y aller, notamment dan ...","breadcrumb":{"@id":"https:\/\/www.africa-press.net\/tchad\/politique\/darmanin-annonce-se-rendre-en-afrique-de-louest#breadcrumb"},"inLanguage":"fr-FR","potentialAction":[{"@type":"ReadAction","target":["https:\/\/www.africa-press.net\/tchad\/politique\/darmanin-annonce-se-rendre-en-afrique-de-louest"]}]},{"@type":"ImageObject","inLanguage":"fr-FR","@id":"https:\/\/www.africa-press.net\/tchad\/politique\/darmanin-annonce-se-rendre-en-afrique-de-louest#primaryimage","url":"https:\/\/static.africa-press.net\/tchad\/sites\/41\/2022\/08\/postQueueImg_1-63077aedaed46.jpg","contentUrl":"https:\/\/static.africa-press.net\/tchad\/sites\/41\/2022\/08\/postQueueImg_1-63077aedaed46.jpg","width":1920,"height":1080,"caption":"Darmanin annonce se rendre en Afrique de l'Ouest"},{"@type":"BreadcrumbList","@id":"https:\/\/www.africa-press.net\/tchad\/politique\/darmanin-annonce-se-rendre-en-afrique-de-louest#breadcrumb","itemListElement":[{"@type":"ListItem","position":1,"name":"Accueil","item":"https:\/\/www.africa-press.net\/tchad\/"},{"@type":"ListItem","position":2,"name":"Darmanin annonce se rendre en Afrique de l&#8217;Ouest"}]},{"@type":"WebSite","@id":"https:\/\/www.africa-press.net\/tchad\/#website","url":"https:\/\/www.africa-press.net\/tchad\/","name":"tchad","description":"Just another Africa News Agency Sites site","potentialAction":[{"@type":"SearchAction","target":{"@type":"EntryPoint","urlTemplate":"https:\/\/www.africa-press.net\/tchad\/?s={search_term_string}"},"query-input":{"@type":"PropertyValueSpecification","valueRequired":true,"valueName":"search_term_string"}}],"inLanguage":"fr-FR"},{"@type":"Person","@id":"https:\/\/www.africa-press.net\/tchad\/#\/schema\/person\/2b1cf3cd81a31e3cd26889ca66d677f1","name":"cfeditorfr"}]}},"_links":{"self":[{"href":"https:\/\/www.africa-press.net\/tchad\/wp-json\/wp\/v2\/posts\/31222","targetHints":{"allow":["GET"]}}],"collection":[{"href":"https:\/\/www.africa-press.net\/tchad\/wp-json\/wp\/v2\/posts"}],"about":[{"href":"https:\/\/www.africa-press.net\/tchad\/wp-json\/wp\/v2\/types\/post"}],"author":[{"embeddable":true,"href":"https:\/\/www.africa-press.net\/tchad\/wp-json\/wp\/v2\/users\/82"}],"replies":[{"embeddable":true,"href":"https:\/\/www.africa-press.net\/tchad\/wp-json\/wp\/v2\/comments?post=31222"}],"version-history":[{"count":0,"href":"https:\/\/www.africa-press.net\/tchad\/wp-json\/wp\/v2\/posts\/31222\/revisions"}],"wp:featuredmedia":[{"embeddable":true,"href":"https:\/\/www.africa-press.net\/tchad\/wp-json\/wp\/v2\/media\/31221"}],"wp:attachment":[{"href":"https:\/\/www.africa-press.net\/tchad\/wp-json\/wp\/v2\/media?parent=31222"}],"wp:term":[{"taxonomy":"category","embeddable":true,"href":"https:\/\/www.africa-press.net\/tchad\/wp-json\/wp\/v2\/categories?post=31222"},{"taxonomy":"post_tag","embeddable":true,"href":"https:\/\/www.africa-press.net\/tchad\/wp-json\/wp\/v2\/tags?post=31222"}],"curies":[{"name":"wp","href":"https:\/\/api.w.org\/{rel}","templated":true}]}}