{"id":31243,"date":"2022-08-25T17:23:07","date_gmt":"2022-08-25T17:23:07","guid":{"rendered":"https:\/\/www.africa-press.net\/tchad\/politique\/tchad-des-assoiffes-du-pouvoir-se-reunissent-pour-faire-la-paix-le-peuple-crie-famine"},"modified":"2022-08-25T17:39:47","modified_gmt":"2022-08-25T17:39:47","slug":"tchad-des-assoiffes-du-pouvoir-se-reunissent-pour-faire-la-paix-le-peuple-crie-famine","status":"publish","type":"post","link":"https:\/\/www.africa-press.net\/tchad\/toutes-les-actualites\/tchad-des-assoiffes-du-pouvoir-se-reunissent-pour-faire-la-paix-le-peuple-crie-famine","title":{"rendered":"Tchad : des assoiff\u00e9s du pouvoir se r\u00e9unissent pour faire la paix, le peuple crie famine"},"content":{"rendered":"<p><span style=\"color: #ff6600\"><strong>Africa-Press &#8211; Tchad. <\/strong><\/span>Au moment o\u00f9 le peuple fait face \u00e0 la chert\u00e9 de vie, la p\u00e9nurie de gaz et aux inondations, les m\u00eames t\u00eates se r\u00e9unissent pour discuter d&rsquo;un Tchad meilleur. Pourtant, c&rsquo;est eux-m\u00eames qui sont \u00e0 l&rsquo;origine de cette vie de mis\u00e8re que vivent les populations.<\/p>\n<p>Sur les visages de beaucoup de Tchadiens, se lit le sentiment de regret d&rsquo;avoir cette nationalit\u00e9. Certains proposent de vendre le Tchad et de distribuer \u00e0 chacun ce qui lui revient afin d&rsquo;aller vivre ailleurs. Les femmes, hommes et enfants ne savent plus \u00e0 quel saint se vouer, pour leur repas quotidien.<\/p>\n<p>Car aujourd&rsquo;hui, le simple repas est devenu un luxe pour beaucoup des m\u00e9nages. Et le repas bourratif fait place au repas de qualit\u00e9. Au march\u00e9, l&rsquo;on peut apercevoir des bons aliments. Malheureusement, on ne peut demander le prix, d\u00e9plore Nicole, m\u00e8re de 3 enfants. La situation devient insupportable, un nouveau mode de vie s&rsquo;impose, car il est difficile de remplir l&rsquo;estomac. Sans \u00e9voquer l&rsquo;endurance pour la recherche du gaz domestique.<\/p>\n<p>Le pire, certains m\u00e9nages se nourrissent gr\u00e2ce \u00e0 la solidarit\u00e9 du voisinage. Mais quelle souffrance ? Aucune raison ne peut justifier la hausse des prix des denr\u00e9es alimentaires sur le march\u00e9. M\u00eame si certains justifient cela par le conflit en Ukraine, c&rsquo;est du pur mensonge. Il faut reconna\u00eetre que l&rsquo;\u00c9tat ne contr\u00f4le rien sur le march\u00e9.<\/p>\n<p>Et face \u00e0 une population qui ignore ses droits, cela n&rsquo;arrange pas les choses. L&rsquo;exemple simple est que le gaz, dont le co\u00fbt est plafonn\u00e9 \u00e0 2000 FCFA, est vendu \u00e0 2500 FCFA. Et voil\u00e0 aujourd&rsquo;hui, c&rsquo;est les m\u00eames voleurs qui se r\u00e9unissent au m\u00eame lieu, m\u00eame accoutrement, voire m\u00eame id\u00e9ologie conservatrice du pouvoir, pour discuter du sort de ce peuple qui vit dans la mis\u00e8re depuis plus de 32 ans.<\/p>\n<p>Malgr\u00e9 diverses ressources, quelle honte face \u00e0 cette situation ! Tout est clair d\u00e9j\u00e0 \u00e0 l&rsquo;ouverture de cette r\u00e9union familiale, certains s&rsquo;en foutent en sommeillant. \u00c0 l&rsquo;entame des assises, des leaders religieux sont venus pour prier ; mais ce qui int\u00e9resse les vieux loups de la politique, c&rsquo;est le partage du pouvoir.<\/p>\n<p><strong>Pour plus d&rsquo;informations et d&rsquo;analyses sur la <a href=\"https:\/\/www.africa-press.net\/tchad\">Tchad<\/a>, suivez <a href=\"https:\/\/www.africa-press.net\/\">Africa-Press<\/a><\/strong><\/p>\n","protected":false},"excerpt":{"rendered":"<p>Africa-Press &#8211; Tchad. Au moment o\u00f9 le peuple fait face \u00e0 la chert\u00e9 de vie, la p\u00e9nurie de gaz et aux inondations, les m\u00eames t\u00eates se r\u00e9unissent pour discuter d&rsquo;un Tchad meilleur. Pourtant, c&rsquo;est eux-m\u00eames qui sont \u00e0 l&rsquo;origine de cette vie de mis\u00e8re que vivent les populations. Sur les visages de beaucoup de Tchadiens, [&hellip;]<\/p>\n","protected":false},"author":82,"featured_media":31242,"comment_status":"open","ping_status":"closed","sticky":false,"template":"","format":"standard","meta":{"footnotes":""},"categories":[21,11,10],"tags":[37,292,29],"class_list":["post-31243","post","type-post","status-publish","format-standard","has-post-thumbnail","hentry","category-communaute","category-homepage-french","category-toutes-les-actualites","tag-africa-press","tag-africa-press-tchad","tag-tchad"],"yoast_head":"<!-- This site is optimized with the Yoast SEO Premium plugin v26.1 (Yoast SEO v27.0) - https:\/\/yoast.com\/product\/yoast-seo-premium-wordpress\/ -->\n<title>Tchad : des assoiff\u00e9s du pouvoir se r\u00e9unissent pour faire la paix, le peuple crie famine - tchad<\/title>\n<meta name=\"description\" content=\"Au moment o\u00f9 le peuple fait face \u00e0 la chert\u00e9 de vie, la p\u00e9nurie de gaz et aux inondations, les m\u00eames t\u00eates se r\u00e9unissent ...\" \/>\n<meta name=\"robots\" content=\"index, follow, max-snippet:-1, max-image-preview:large, max-video-preview:-1\" \/>\n<link rel=\"canonical\" href=\"https:\/\/www.africa-press.net\/tchad\/toutes-les-actualites\/tchad-des-assoiffes-du-pouvoir-se-reunissent-pour-faire-la-paix-le-peuple-crie-famine\" \/>\n<meta property=\"og:locale\" content=\"fr_FR\" \/>\n<meta property=\"og:type\" content=\"article\" \/>\n<meta property=\"og:title\" content=\"Tchad : des assoiff\u00e9s du pouvoir se r\u00e9unissent pour faire la paix, le peuple crie famine\" \/>\n<meta property=\"og:description\" content=\"Au moment o\u00f9 le peuple fait face \u00e0 la chert\u00e9 de vie, la p\u00e9nurie de gaz et aux inondations, les m\u00eames t\u00eates se r\u00e9unissent ...\" \/>\n<meta property=\"og:url\" content=\"https:\/\/www.africa-press.net\/tchad\/toutes-les-actualites\/tchad-des-assoiffes-du-pouvoir-se-reunissent-pour-faire-la-paix-le-peuple-crie-famine\" \/>\n<meta property=\"og:site_name\" content=\"tchad\" \/>\n<meta property=\"article:published_time\" content=\"2022-08-25T17:23:07+00:00\" \/>\n<meta property=\"article:modified_time\" content=\"2022-08-25T17:39:47+00:00\" \/>\n<meta property=\"og:image\" content=\"https:\/\/static.africa-press.net\/tchad\/sites\/41\/2022\/08\/postQueueImg_10-6307b3ccd5fa2.jpg\" \/>\n\t<meta property=\"og:image:width\" content=\"1280\" \/>\n\t<meta property=\"og:image:height\" content=\"720\" \/>\n\t<meta property=\"og:image:type\" content=\"image\/jpeg\" \/>\n<meta name=\"author\" content=\"cfeditorfr\" \/>\n<meta name=\"twitter:card\" content=\"summary_large_image\" \/>\n<meta name=\"twitter:label1\" content=\"\u00c9crit par\" \/>\n\t<meta name=\"twitter:data1\" content=\"cfeditorfr\" \/>\n\t<meta name=\"twitter:label2\" content=\"Dur\u00e9e de lecture estim\u00e9e\" \/>\n\t<meta name=\"twitter:data2\" content=\"2 minutes\" \/>\n<script type=\"application\/ld+json\" class=\"yoast-schema-graph\">{\"@context\":\"https:\/\/schema.org\",\"@graph\":[{\"@type\":\"Article\",\"@id\":\"https:\/\/www.africa-press.net\/tchad\/toutes-les-actualites\/tchad-des-assoiffes-du-pouvoir-se-reunissent-pour-faire-la-paix-le-peuple-crie-famine#article\",\"isPartOf\":{\"@id\":\"https:\/\/www.africa-press.net\/tchad\/toutes-les-actualites\/tchad-des-assoiffes-du-pouvoir-se-reunissent-pour-faire-la-paix-le-peuple-crie-famine\"},\"author\":{\"name\":\"cfeditorfr\",\"@id\":\"https:\/\/www.africa-press.net\/tchad\/#\/schema\/person\/2b1cf3cd81a31e3cd26889ca66d677f1\"},\"headline\":\"Tchad : des assoiff\u00e9s du pouvoir se r\u00e9unissent pour faire la paix, le peuple crie famine\",\"datePublished\":\"2022-08-25T17:23:07+00:00\",\"dateModified\":\"2022-08-25T17:39:47+00:00\",\"mainEntityOfPage\":{\"@id\":\"https:\/\/www.africa-press.net\/tchad\/toutes-les-actualites\/tchad-des-assoiffes-du-pouvoir-se-reunissent-pour-faire-la-paix-le-peuple-crie-famine\"},\"wordCount\":406,\"commentCount\":0,\"image\":{\"@id\":\"https:\/\/www.africa-press.net\/tchad\/toutes-les-actualites\/tchad-des-assoiffes-du-pouvoir-se-reunissent-pour-faire-la-paix-le-peuple-crie-famine#primaryimage\"},\"thumbnailUrl\":\"https:\/\/static.africa-press.net\/tchad\/sites\/41\/2022\/08\/postQueueImg_10-6307b3ccd5fa2.jpg\",\"keywords\":[\"Africa Press\",\"Africa Press-Tchad\",\"Tchad\"],\"articleSection\":[\"Communaut\u00e9\",\"homepage-french\",\"Toutes les actualit\u00e9s\"],\"inLanguage\":\"fr-FR\",\"potentialAction\":[{\"@type\":\"CommentAction\",\"name\":\"Comment\",\"target\":[\"https:\/\/www.africa-press.net\/tchad\/toutes-les-actualites\/tchad-des-assoiffes-du-pouvoir-se-reunissent-pour-faire-la-paix-le-peuple-crie-famine#respond\"]}]},{\"@type\":\"WebPage\",\"@id\":\"https:\/\/www.africa-press.net\/tchad\/toutes-les-actualites\/tchad-des-assoiffes-du-pouvoir-se-reunissent-pour-faire-la-paix-le-peuple-crie-famine\",\"url\":\"https:\/\/www.africa-press.net\/tchad\/toutes-les-actualites\/tchad-des-assoiffes-du-pouvoir-se-reunissent-pour-faire-la-paix-le-peuple-crie-famine\",\"name\":\"Tchad : des assoiff\u00e9s du pouvoir se r\u00e9unissent pour faire la paix, le peuple crie famine - tchad\",\"isPartOf\":{\"@id\":\"https:\/\/www.africa-press.net\/tchad\/#website\"},\"primaryImageOfPage\":{\"@id\":\"https:\/\/www.africa-press.net\/tchad\/toutes-les-actualites\/tchad-des-assoiffes-du-pouvoir-se-reunissent-pour-faire-la-paix-le-peuple-crie-famine#primaryimage\"},\"image\":{\"@id\":\"https:\/\/www.africa-press.net\/tchad\/toutes-les-actualites\/tchad-des-assoiffes-du-pouvoir-se-reunissent-pour-faire-la-paix-le-peuple-crie-famine#primaryimage\"},\"thumbnailUrl\":\"https:\/\/static.africa-press.net\/tchad\/sites\/41\/2022\/08\/postQueueImg_10-6307b3ccd5fa2.jpg\",\"datePublished\":\"2022-08-25T17:23:07+00:00\",\"dateModified\":\"2022-08-25T17:39:47+00:00\",\"author\":{\"@id\":\"https:\/\/www.africa-press.net\/tchad\/#\/schema\/person\/2b1cf3cd81a31e3cd26889ca66d677f1\"},\"description\":\"Au moment o\u00f9 le peuple fait face \u00e0 la chert\u00e9 de vie, la p\u00e9nurie de gaz et aux inondations, les m\u00eames t\u00eates se r\u00e9unissent ...\",\"breadcrumb\":{\"@id\":\"https:\/\/www.africa-press.net\/tchad\/toutes-les-actualites\/tchad-des-assoiffes-du-pouvoir-se-reunissent-pour-faire-la-paix-le-peuple-crie-famine#breadcrumb\"},\"inLanguage\":\"fr-FR\",\"potentialAction\":[{\"@type\":\"ReadAction\",\"target\":[\"https:\/\/www.africa-press.net\/tchad\/toutes-les-actualites\/tchad-des-assoiffes-du-pouvoir-se-reunissent-pour-faire-la-paix-le-peuple-crie-famine\"]}]},{\"@type\":\"ImageObject\",\"inLanguage\":\"fr-FR\",\"@id\":\"https:\/\/www.africa-press.net\/tchad\/toutes-les-actualites\/tchad-des-assoiffes-du-pouvoir-se-reunissent-pour-faire-la-paix-le-peuple-crie-famine#primaryimage\",\"url\":\"https:\/\/static.africa-press.net\/tchad\/sites\/41\/2022\/08\/postQueueImg_10-6307b3ccd5fa2.jpg\",\"contentUrl\":\"https:\/\/static.africa-press.net\/tchad\/sites\/41\/2022\/08\/postQueueImg_10-6307b3ccd5fa2.jpg\",\"width\":1280,\"height\":720,\"caption\":\"Tchad : des assoiff\u00e9s du pouvoir se r\u00e9unissent pour faire la paix, le peuple crie famine\"},{\"@type\":\"BreadcrumbList\",\"@id\":\"https:\/\/www.africa-press.net\/tchad\/toutes-les-actualites\/tchad-des-assoiffes-du-pouvoir-se-reunissent-pour-faire-la-paix-le-peuple-crie-famine#breadcrumb\",\"itemListElement\":[{\"@type\":\"ListItem\",\"position\":1,\"name\":\"Accueil\",\"item\":\"https:\/\/www.africa-press.net\/tchad\/\"},{\"@type\":\"ListItem\",\"position\":2,\"name\":\"Tchad : des assoiff\u00e9s du pouvoir se r\u00e9unissent pour faire la paix, le peuple crie famine\"}]},{\"@type\":\"WebSite\",\"@id\":\"https:\/\/www.africa-press.net\/tchad\/#website\",\"url\":\"https:\/\/www.africa-press.net\/tchad\/\",\"name\":\"tchad\",\"description\":\"Just another Africa News Agency Sites site\",\"potentialAction\":[{\"@type\":\"SearchAction\",\"target\":{\"@type\":\"EntryPoint\",\"urlTemplate\":\"https:\/\/www.africa-press.net\/tchad\/?s={search_term_string}\"},\"query-input\":{\"@type\":\"PropertyValueSpecification\",\"valueRequired\":true,\"valueName\":\"search_term_string\"}}],\"inLanguage\":\"fr-FR\"},{\"@type\":\"Person\",\"@id\":\"https:\/\/www.africa-press.net\/tchad\/#\/schema\/person\/2b1cf3cd81a31e3cd26889ca66d677f1\",\"name\":\"cfeditorfr\"}]}<\/script>\n<!-- \/ Yoast SEO Premium plugin. -->","yoast_head_json":{"title":"Tchad : des assoiff\u00e9s du pouvoir se r\u00e9unissent pour faire la paix, le peuple crie famine - tchad","description":"Au moment o\u00f9 le peuple fait face \u00e0 la chert\u00e9 de vie, la p\u00e9nurie de gaz et aux inondations, les m\u00eames t\u00eates se r\u00e9unissent ...","robots":{"index":"index","follow":"follow","max-snippet":"max-snippet:-1","max-image-preview":"max-image-preview:large","max-video-preview":"max-video-preview:-1"},"canonical":"https:\/\/www.africa-press.net\/tchad\/toutes-les-actualites\/tchad-des-assoiffes-du-pouvoir-se-reunissent-pour-faire-la-paix-le-peuple-crie-famine","og_locale":"fr_FR","og_type":"article","og_title":"Tchad : des assoiff\u00e9s du pouvoir se r\u00e9unissent pour faire la paix, le peuple crie famine","og_description":"Au moment o\u00f9 le peuple fait face \u00e0 la chert\u00e9 de vie, la p\u00e9nurie de gaz et aux inondations, les m\u00eames t\u00eates se r\u00e9unissent ...","og_url":"https:\/\/www.africa-press.net\/tchad\/toutes-les-actualites\/tchad-des-assoiffes-du-pouvoir-se-reunissent-pour-faire-la-paix-le-peuple-crie-famine","og_site_name":"tchad","article_published_time":"2022-08-25T17:23:07+00:00","article_modified_time":"2022-08-25T17:39:47+00:00","og_image":[{"width":1280,"height":720,"url":"https:\/\/static.africa-press.net\/tchad\/sites\/41\/2022\/08\/postQueueImg_10-6307b3ccd5fa2.jpg","type":"image\/jpeg"}],"author":"cfeditorfr","twitter_card":"summary_large_image","twitter_misc":{"\u00c9crit par":"cfeditorfr","Dur\u00e9e de lecture estim\u00e9e":"2 minutes"},"schema":{"@context":"https:\/\/schema.org","@graph":[{"@type":"Article","@id":"https:\/\/www.africa-press.net\/tchad\/toutes-les-actualites\/tchad-des-assoiffes-du-pouvoir-se-reunissent-pour-faire-la-paix-le-peuple-crie-famine#article","isPartOf":{"@id":"https:\/\/www.africa-press.net\/tchad\/toutes-les-actualites\/tchad-des-assoiffes-du-pouvoir-se-reunissent-pour-faire-la-paix-le-peuple-crie-famine"},"author":{"name":"cfeditorfr","@id":"https:\/\/www.africa-press.net\/tchad\/#\/schema\/person\/2b1cf3cd81a31e3cd26889ca66d677f1"},"headline":"Tchad : des assoiff\u00e9s du pouvoir se r\u00e9unissent pour faire la paix, le peuple crie famine","datePublished":"2022-08-25T17:23:07+00:00","dateModified":"2022-08-25T17:39:47+00:00","mainEntityOfPage":{"@id":"https:\/\/www.africa-press.net\/tchad\/toutes-les-actualites\/tchad-des-assoiffes-du-pouvoir-se-reunissent-pour-faire-la-paix-le-peuple-crie-famine"},"wordCount":406,"commentCount":0,"image":{"@id":"https:\/\/www.africa-press.net\/tchad\/toutes-les-actualites\/tchad-des-assoiffes-du-pouvoir-se-reunissent-pour-faire-la-paix-le-peuple-crie-famine#primaryimage"},"thumbnailUrl":"https:\/\/static.africa-press.net\/tchad\/sites\/41\/2022\/08\/postQueueImg_10-6307b3ccd5fa2.jpg","keywords":["Africa Press","Africa Press-Tchad","Tchad"],"articleSection":["Communaut\u00e9","homepage-french","Toutes les actualit\u00e9s"],"inLanguage":"fr-FR","potentialAction":[{"@type":"CommentAction","name":"Comment","target":["https:\/\/www.africa-press.net\/tchad\/toutes-les-actualites\/tchad-des-assoiffes-du-pouvoir-se-reunissent-pour-faire-la-paix-le-peuple-crie-famine#respond"]}]},{"@type":"WebPage","@id":"https:\/\/www.africa-press.net\/tchad\/toutes-les-actualites\/tchad-des-assoiffes-du-pouvoir-se-reunissent-pour-faire-la-paix-le-peuple-crie-famine","url":"https:\/\/www.africa-press.net\/tchad\/toutes-les-actualites\/tchad-des-assoiffes-du-pouvoir-se-reunissent-pour-faire-la-paix-le-peuple-crie-famine","name":"Tchad : des assoiff\u00e9s du pouvoir se r\u00e9unissent pour faire la paix, le peuple crie famine - tchad","isPartOf":{"@id":"https:\/\/www.africa-press.net\/tchad\/#website"},"primaryImageOfPage":{"@id":"https:\/\/www.africa-press.net\/tchad\/toutes-les-actualites\/tchad-des-assoiffes-du-pouvoir-se-reunissent-pour-faire-la-paix-le-peuple-crie-famine#primaryimage"},"image":{"@id":"https:\/\/www.africa-press.net\/tchad\/toutes-les-actualites\/tchad-des-assoiffes-du-pouvoir-se-reunissent-pour-faire-la-paix-le-peuple-crie-famine#primaryimage"},"thumbnailUrl":"https:\/\/static.africa-press.net\/tchad\/sites\/41\/2022\/08\/postQueueImg_10-6307b3ccd5fa2.jpg","datePublished":"2022-08-25T17:23:07+00:00","dateModified":"2022-08-25T17:39:47+00:00","author":{"@id":"https:\/\/www.africa-press.net\/tchad\/#\/schema\/person\/2b1cf3cd81a31e3cd26889ca66d677f1"},"description":"Au moment o\u00f9 le peuple fait face \u00e0 la chert\u00e9 de vie, la p\u00e9nurie de gaz et aux inondations, les m\u00eames t\u00eates se r\u00e9unissent ...","breadcrumb":{"@id":"https:\/\/www.africa-press.net\/tchad\/toutes-les-actualites\/tchad-des-assoiffes-du-pouvoir-se-reunissent-pour-faire-la-paix-le-peuple-crie-famine#breadcrumb"},"inLanguage":"fr-FR","potentialAction":[{"@type":"ReadAction","target":["https:\/\/www.africa-press.net\/tchad\/toutes-les-actualites\/tchad-des-assoiffes-du-pouvoir-se-reunissent-pour-faire-la-paix-le-peuple-crie-famine"]}]},{"@type":"ImageObject","inLanguage":"fr-FR","@id":"https:\/\/www.africa-press.net\/tchad\/toutes-les-actualites\/tchad-des-assoiffes-du-pouvoir-se-reunissent-pour-faire-la-paix-le-peuple-crie-famine#primaryimage","url":"https:\/\/static.africa-press.net\/tchad\/sites\/41\/2022\/08\/postQueueImg_10-6307b3ccd5fa2.jpg","contentUrl":"https:\/\/static.africa-press.net\/tchad\/sites\/41\/2022\/08\/postQueueImg_10-6307b3ccd5fa2.jpg","width":1280,"height":720,"caption":"Tchad : des assoiff\u00e9s du pouvoir se r\u00e9unissent pour faire la paix, le peuple crie famine"},{"@type":"BreadcrumbList","@id":"https:\/\/www.africa-press.net\/tchad\/toutes-les-actualites\/tchad-des-assoiffes-du-pouvoir-se-reunissent-pour-faire-la-paix-le-peuple-crie-famine#breadcrumb","itemListElement":[{"@type":"ListItem","position":1,"name":"Accueil","item":"https:\/\/www.africa-press.net\/tchad\/"},{"@type":"ListItem","position":2,"name":"Tchad : des assoiff\u00e9s du pouvoir se r\u00e9unissent pour faire la paix, le peuple crie famine"}]},{"@type":"WebSite","@id":"https:\/\/www.africa-press.net\/tchad\/#website","url":"https:\/\/www.africa-press.net\/tchad\/","name":"tchad","description":"Just another Africa News Agency Sites site","potentialAction":[{"@type":"SearchAction","target":{"@type":"EntryPoint","urlTemplate":"https:\/\/www.africa-press.net\/tchad\/?s={search_term_string}"},"query-input":{"@type":"PropertyValueSpecification","valueRequired":true,"valueName":"search_term_string"}}],"inLanguage":"fr-FR"},{"@type":"Person","@id":"https:\/\/www.africa-press.net\/tchad\/#\/schema\/person\/2b1cf3cd81a31e3cd26889ca66d677f1","name":"cfeditorfr"}]}},"_links":{"self":[{"href":"https:\/\/www.africa-press.net\/tchad\/wp-json\/wp\/v2\/posts\/31243","targetHints":{"allow":["GET"]}}],"collection":[{"href":"https:\/\/www.africa-press.net\/tchad\/wp-json\/wp\/v2\/posts"}],"about":[{"href":"https:\/\/www.africa-press.net\/tchad\/wp-json\/wp\/v2\/types\/post"}],"author":[{"embeddable":true,"href":"https:\/\/www.africa-press.net\/tchad\/wp-json\/wp\/v2\/users\/82"}],"replies":[{"embeddable":true,"href":"https:\/\/www.africa-press.net\/tchad\/wp-json\/wp\/v2\/comments?post=31243"}],"version-history":[{"count":0,"href":"https:\/\/www.africa-press.net\/tchad\/wp-json\/wp\/v2\/posts\/31243\/revisions"}],"wp:featuredmedia":[{"embeddable":true,"href":"https:\/\/www.africa-press.net\/tchad\/wp-json\/wp\/v2\/media\/31242"}],"wp:attachment":[{"href":"https:\/\/www.africa-press.net\/tchad\/wp-json\/wp\/v2\/media?parent=31243"}],"wp:term":[{"taxonomy":"category","embeddable":true,"href":"https:\/\/www.africa-press.net\/tchad\/wp-json\/wp\/v2\/categories?post=31243"},{"taxonomy":"post_tag","embeddable":true,"href":"https:\/\/www.africa-press.net\/tchad\/wp-json\/wp\/v2\/tags?post=31243"}],"curies":[{"name":"wp","href":"https:\/\/api.w.org\/{rel}","templated":true}]}}