{"id":31246,"date":"2022-08-25T17:24:14","date_gmt":"2022-08-25T17:24:14","guid":{"rendered":"https:\/\/www.africa-press.net\/tchad\/politique\/le-concours-interne-dentree-au-second-cycle-de-lenass-ouvert"},"modified":"2022-08-25T17:40:19","modified_gmt":"2022-08-25T17:40:19","slug":"le-concours-interne-dentree-au-second-cycle-de-lenass-ouvert","status":"publish","type":"post","link":"https:\/\/www.africa-press.net\/tchad\/toutes-les-actualites\/le-concours-interne-dentree-au-second-cycle-de-lenass-ouvert","title":{"rendered":"le concours interne d\u2019entr\u00e9e au second cycle de l\u2019ENASS ouvert"},"content":{"rendered":"<p><span style=\"color: #ff6600\"><strong>Africa-Press &#8211; Tchad. <\/strong><\/span>Un communiqu\u00e9 officiel du minist\u00e8re de la Sant\u00e9 publique, ouvre le concours d\u2019entr\u00e9e au second cycle de l\u2019Ecole Nationale des Agents sanitaires (ENASS), pour le compte de l\u2019ann\u00e9e 2022-2023.<\/p>\n<p>Ce concours concerne les \u00e9coles provinciales de Sant\u00e9 de Biltine, d\u2019Ab\u00e9ch\u00e9, de Moundou et de Sarh. Les \u00e9preuves se d\u00e9rouleront dans ces quatre centres. Le nombre total de places est fix\u00e9 \u00e0 255 pour l\u2019ensemble du pays. Soit, 155 places pour la section des infirmiers dipl\u00f4m\u00e9s d\u2019Etat (1DE) et 100 places pour la section des Sages-femmes Dipl\u00f4m\u00e9es d\u2019Etat (SFDE).<\/p>\n<p>Les candidats doivent remplir les conditions suivantes, avoir accompli au moins cinq (5) ans d\u2019anciennet\u00e9 dans le grade d\u2019Agent et ou Agent technique de sante accoucheuse de la FID au<\/p>\n<p>1er janvier 2022. Faire l\u2019objet d\u2019un avis favorable du Chef hi\u00e9rarchique.<\/p>\n<p><strong>Pour plus d&rsquo;informations et d&rsquo;analyses sur la <a href=\"https:\/\/www.africa-press.net\/tchad\">Tchad<\/a>, suivez <a href=\"https:\/\/www.africa-press.net\/\">Africa-Press<\/a><\/strong><\/p>\n","protected":false},"excerpt":{"rendered":"<p>Africa-Press &#8211; Tchad. Un communiqu\u00e9 officiel du minist\u00e8re de la Sant\u00e9 publique, ouvre le concours d\u2019entr\u00e9e au second cycle de l\u2019Ecole Nationale des Agents sanitaires (ENASS), pour le compte de l\u2019ann\u00e9e 2022-2023. Ce concours concerne les \u00e9coles provinciales de Sant\u00e9 de Biltine, d\u2019Ab\u00e9ch\u00e9, de Moundou et de Sarh. Les \u00e9preuves se d\u00e9rouleront dans ces quatre [&hellip;]<\/p>\n","protected":false},"author":82,"featured_media":31245,"comment_status":"open","ping_status":"closed","sticky":false,"template":"","format":"standard","meta":{"footnotes":""},"categories":[21,11,10],"tags":[37,292,29],"class_list":["post-31246","post","type-post","status-publish","format-standard","has-post-thumbnail","hentry","category-communaute","category-homepage-french","category-toutes-les-actualites","tag-africa-press","tag-africa-press-tchad","tag-tchad"],"yoast_head":"<!-- This site is optimized with the Yoast SEO Premium plugin v26.1 (Yoast SEO v27.0) - https:\/\/yoast.com\/product\/yoast-seo-premium-wordpress\/ -->\n<title>le concours interne d\u2019entr\u00e9e au second cycle de l\u2019ENASS ouvert - tchad<\/title>\n<meta name=\"description\" content=\"Un communiqu\u00e9 officiel du minist\u00e8re de la Sant\u00e9 publique, ouvre le concours d\u2019entr\u00e9e au second cycle de l\u2019Ecole National ...\" \/>\n<meta name=\"robots\" content=\"index, follow, max-snippet:-1, max-image-preview:large, max-video-preview:-1\" \/>\n<link rel=\"canonical\" href=\"https:\/\/www.africa-press.net\/tchad\/toutes-les-actualites\/le-concours-interne-dentree-au-second-cycle-de-lenass-ouvert\" \/>\n<meta property=\"og:locale\" content=\"fr_FR\" \/>\n<meta property=\"og:type\" content=\"article\" \/>\n<meta property=\"og:title\" content=\"le concours interne d\u2019entr\u00e9e au second cycle de l\u2019ENASS ouvert\" \/>\n<meta property=\"og:description\" content=\"Un communiqu\u00e9 officiel du minist\u00e8re de la Sant\u00e9 publique, ouvre le concours d\u2019entr\u00e9e au second cycle de l\u2019Ecole National ...\" \/>\n<meta property=\"og:url\" content=\"https:\/\/www.africa-press.net\/tchad\/toutes-les-actualites\/le-concours-interne-dentree-au-second-cycle-de-lenass-ouvert\" \/>\n<meta property=\"og:site_name\" content=\"tchad\" \/>\n<meta property=\"article:published_time\" content=\"2022-08-25T17:24:14+00:00\" \/>\n<meta property=\"article:modified_time\" content=\"2022-08-25T17:40:19+00:00\" \/>\n<meta property=\"og:image\" content=\"https:\/\/static.africa-press.net\/tchad\/sites\/41\/2022\/08\/postQueueImg_11-6307b3e92b097.jpg\" \/>\n\t<meta property=\"og:image:width\" content=\"780\" \/>\n\t<meta property=\"og:image:height\" content=\"440\" \/>\n\t<meta property=\"og:image:type\" content=\"image\/jpeg\" \/>\n<meta name=\"author\" content=\"cfeditorfr\" \/>\n<meta name=\"twitter:card\" content=\"summary_large_image\" \/>\n<meta name=\"twitter:label1\" content=\"\u00c9crit par\" \/>\n\t<meta name=\"twitter:data1\" content=\"cfeditorfr\" \/>\n\t<meta name=\"twitter:label2\" content=\"Dur\u00e9e de lecture estim\u00e9e\" \/>\n\t<meta name=\"twitter:data2\" content=\"1 minute\" \/>\n<script type=\"application\/ld+json\" class=\"yoast-schema-graph\">{\"@context\":\"https:\/\/schema.org\",\"@graph\":[{\"@type\":\"Article\",\"@id\":\"https:\/\/www.africa-press.net\/tchad\/toutes-les-actualites\/le-concours-interne-dentree-au-second-cycle-de-lenass-ouvert#article\",\"isPartOf\":{\"@id\":\"https:\/\/www.africa-press.net\/tchad\/toutes-les-actualites\/le-concours-interne-dentree-au-second-cycle-de-lenass-ouvert\"},\"author\":{\"name\":\"cfeditorfr\",\"@id\":\"https:\/\/www.africa-press.net\/tchad\/#\/schema\/person\/2b1cf3cd81a31e3cd26889ca66d677f1\"},\"headline\":\"le concours interne d\u2019entr\u00e9e au second cycle de l\u2019ENASS ouvert\",\"datePublished\":\"2022-08-25T17:24:14+00:00\",\"dateModified\":\"2022-08-25T17:40:19+00:00\",\"mainEntityOfPage\":{\"@id\":\"https:\/\/www.africa-press.net\/tchad\/toutes-les-actualites\/le-concours-interne-dentree-au-second-cycle-de-lenass-ouvert\"},\"wordCount\":172,\"commentCount\":0,\"image\":{\"@id\":\"https:\/\/www.africa-press.net\/tchad\/toutes-les-actualites\/le-concours-interne-dentree-au-second-cycle-de-lenass-ouvert#primaryimage\"},\"thumbnailUrl\":\"https:\/\/static.africa-press.net\/tchad\/sites\/41\/2022\/08\/postQueueImg_11-6307b3e92b097.jpg\",\"keywords\":[\"Africa Press\",\"Africa Press-Tchad\",\"Tchad\"],\"articleSection\":[\"Communaut\u00e9\",\"homepage-french\",\"Toutes les actualit\u00e9s\"],\"inLanguage\":\"fr-FR\",\"potentialAction\":[{\"@type\":\"CommentAction\",\"name\":\"Comment\",\"target\":[\"https:\/\/www.africa-press.net\/tchad\/toutes-les-actualites\/le-concours-interne-dentree-au-second-cycle-de-lenass-ouvert#respond\"]}]},{\"@type\":\"WebPage\",\"@id\":\"https:\/\/www.africa-press.net\/tchad\/toutes-les-actualites\/le-concours-interne-dentree-au-second-cycle-de-lenass-ouvert\",\"url\":\"https:\/\/www.africa-press.net\/tchad\/toutes-les-actualites\/le-concours-interne-dentree-au-second-cycle-de-lenass-ouvert\",\"name\":\"le concours interne d\u2019entr\u00e9e au second cycle de l\u2019ENASS ouvert - tchad\",\"isPartOf\":{\"@id\":\"https:\/\/www.africa-press.net\/tchad\/#website\"},\"primaryImageOfPage\":{\"@id\":\"https:\/\/www.africa-press.net\/tchad\/toutes-les-actualites\/le-concours-interne-dentree-au-second-cycle-de-lenass-ouvert#primaryimage\"},\"image\":{\"@id\":\"https:\/\/www.africa-press.net\/tchad\/toutes-les-actualites\/le-concours-interne-dentree-au-second-cycle-de-lenass-ouvert#primaryimage\"},\"thumbnailUrl\":\"https:\/\/static.africa-press.net\/tchad\/sites\/41\/2022\/08\/postQueueImg_11-6307b3e92b097.jpg\",\"datePublished\":\"2022-08-25T17:24:14+00:00\",\"dateModified\":\"2022-08-25T17:40:19+00:00\",\"author\":{\"@id\":\"https:\/\/www.africa-press.net\/tchad\/#\/schema\/person\/2b1cf3cd81a31e3cd26889ca66d677f1\"},\"description\":\"Un communiqu\u00e9 officiel du minist\u00e8re de la Sant\u00e9 publique, ouvre le concours d\u2019entr\u00e9e au second cycle de l\u2019Ecole National ...\",\"breadcrumb\":{\"@id\":\"https:\/\/www.africa-press.net\/tchad\/toutes-les-actualites\/le-concours-interne-dentree-au-second-cycle-de-lenass-ouvert#breadcrumb\"},\"inLanguage\":\"fr-FR\",\"potentialAction\":[{\"@type\":\"ReadAction\",\"target\":[\"https:\/\/www.africa-press.net\/tchad\/toutes-les-actualites\/le-concours-interne-dentree-au-second-cycle-de-lenass-ouvert\"]}]},{\"@type\":\"ImageObject\",\"inLanguage\":\"fr-FR\",\"@id\":\"https:\/\/www.africa-press.net\/tchad\/toutes-les-actualites\/le-concours-interne-dentree-au-second-cycle-de-lenass-ouvert#primaryimage\",\"url\":\"https:\/\/static.africa-press.net\/tchad\/sites\/41\/2022\/08\/postQueueImg_11-6307b3e92b097.jpg\",\"contentUrl\":\"https:\/\/static.africa-press.net\/tchad\/sites\/41\/2022\/08\/postQueueImg_11-6307b3e92b097.jpg\",\"width\":780,\"height\":440,\"caption\":\"le concours interne d\u2019entr\u00e9e au second cycle de l\u2019ENASS ouvert\"},{\"@type\":\"BreadcrumbList\",\"@id\":\"https:\/\/www.africa-press.net\/tchad\/toutes-les-actualites\/le-concours-interne-dentree-au-second-cycle-de-lenass-ouvert#breadcrumb\",\"itemListElement\":[{\"@type\":\"ListItem\",\"position\":1,\"name\":\"Accueil\",\"item\":\"https:\/\/www.africa-press.net\/tchad\/\"},{\"@type\":\"ListItem\",\"position\":2,\"name\":\"le concours interne d\u2019entr\u00e9e au second cycle de l\u2019ENASS ouvert\"}]},{\"@type\":\"WebSite\",\"@id\":\"https:\/\/www.africa-press.net\/tchad\/#website\",\"url\":\"https:\/\/www.africa-press.net\/tchad\/\",\"name\":\"tchad\",\"description\":\"Just another Africa News Agency Sites site\",\"potentialAction\":[{\"@type\":\"SearchAction\",\"target\":{\"@type\":\"EntryPoint\",\"urlTemplate\":\"https:\/\/www.africa-press.net\/tchad\/?s={search_term_string}\"},\"query-input\":{\"@type\":\"PropertyValueSpecification\",\"valueRequired\":true,\"valueName\":\"search_term_string\"}}],\"inLanguage\":\"fr-FR\"},{\"@type\":\"Person\",\"@id\":\"https:\/\/www.africa-press.net\/tchad\/#\/schema\/person\/2b1cf3cd81a31e3cd26889ca66d677f1\",\"name\":\"cfeditorfr\"}]}<\/script>\n<!-- \/ Yoast SEO Premium plugin. -->","yoast_head_json":{"title":"le concours interne d\u2019entr\u00e9e au second cycle de l\u2019ENASS ouvert - tchad","description":"Un communiqu\u00e9 officiel du minist\u00e8re de la Sant\u00e9 publique, ouvre le concours d\u2019entr\u00e9e au second cycle de l\u2019Ecole National ...","robots":{"index":"index","follow":"follow","max-snippet":"max-snippet:-1","max-image-preview":"max-image-preview:large","max-video-preview":"max-video-preview:-1"},"canonical":"https:\/\/www.africa-press.net\/tchad\/toutes-les-actualites\/le-concours-interne-dentree-au-second-cycle-de-lenass-ouvert","og_locale":"fr_FR","og_type":"article","og_title":"le concours interne d\u2019entr\u00e9e au second cycle de l\u2019ENASS ouvert","og_description":"Un communiqu\u00e9 officiel du minist\u00e8re de la Sant\u00e9 publique, ouvre le concours d\u2019entr\u00e9e au second cycle de l\u2019Ecole National ...","og_url":"https:\/\/www.africa-press.net\/tchad\/toutes-les-actualites\/le-concours-interne-dentree-au-second-cycle-de-lenass-ouvert","og_site_name":"tchad","article_published_time":"2022-08-25T17:24:14+00:00","article_modified_time":"2022-08-25T17:40:19+00:00","og_image":[{"width":780,"height":440,"url":"https:\/\/static.africa-press.net\/tchad\/sites\/41\/2022\/08\/postQueueImg_11-6307b3e92b097.jpg","type":"image\/jpeg"}],"author":"cfeditorfr","twitter_card":"summary_large_image","twitter_misc":{"\u00c9crit par":"cfeditorfr","Dur\u00e9e de lecture estim\u00e9e":"1 minute"},"schema":{"@context":"https:\/\/schema.org","@graph":[{"@type":"Article","@id":"https:\/\/www.africa-press.net\/tchad\/toutes-les-actualites\/le-concours-interne-dentree-au-second-cycle-de-lenass-ouvert#article","isPartOf":{"@id":"https:\/\/www.africa-press.net\/tchad\/toutes-les-actualites\/le-concours-interne-dentree-au-second-cycle-de-lenass-ouvert"},"author":{"name":"cfeditorfr","@id":"https:\/\/www.africa-press.net\/tchad\/#\/schema\/person\/2b1cf3cd81a31e3cd26889ca66d677f1"},"headline":"le concours interne d\u2019entr\u00e9e au second cycle de l\u2019ENASS ouvert","datePublished":"2022-08-25T17:24:14+00:00","dateModified":"2022-08-25T17:40:19+00:00","mainEntityOfPage":{"@id":"https:\/\/www.africa-press.net\/tchad\/toutes-les-actualites\/le-concours-interne-dentree-au-second-cycle-de-lenass-ouvert"},"wordCount":172,"commentCount":0,"image":{"@id":"https:\/\/www.africa-press.net\/tchad\/toutes-les-actualites\/le-concours-interne-dentree-au-second-cycle-de-lenass-ouvert#primaryimage"},"thumbnailUrl":"https:\/\/static.africa-press.net\/tchad\/sites\/41\/2022\/08\/postQueueImg_11-6307b3e92b097.jpg","keywords":["Africa Press","Africa Press-Tchad","Tchad"],"articleSection":["Communaut\u00e9","homepage-french","Toutes les actualit\u00e9s"],"inLanguage":"fr-FR","potentialAction":[{"@type":"CommentAction","name":"Comment","target":["https:\/\/www.africa-press.net\/tchad\/toutes-les-actualites\/le-concours-interne-dentree-au-second-cycle-de-lenass-ouvert#respond"]}]},{"@type":"WebPage","@id":"https:\/\/www.africa-press.net\/tchad\/toutes-les-actualites\/le-concours-interne-dentree-au-second-cycle-de-lenass-ouvert","url":"https:\/\/www.africa-press.net\/tchad\/toutes-les-actualites\/le-concours-interne-dentree-au-second-cycle-de-lenass-ouvert","name":"le concours interne d\u2019entr\u00e9e au second cycle de l\u2019ENASS ouvert - tchad","isPartOf":{"@id":"https:\/\/www.africa-press.net\/tchad\/#website"},"primaryImageOfPage":{"@id":"https:\/\/www.africa-press.net\/tchad\/toutes-les-actualites\/le-concours-interne-dentree-au-second-cycle-de-lenass-ouvert#primaryimage"},"image":{"@id":"https:\/\/www.africa-press.net\/tchad\/toutes-les-actualites\/le-concours-interne-dentree-au-second-cycle-de-lenass-ouvert#primaryimage"},"thumbnailUrl":"https:\/\/static.africa-press.net\/tchad\/sites\/41\/2022\/08\/postQueueImg_11-6307b3e92b097.jpg","datePublished":"2022-08-25T17:24:14+00:00","dateModified":"2022-08-25T17:40:19+00:00","author":{"@id":"https:\/\/www.africa-press.net\/tchad\/#\/schema\/person\/2b1cf3cd81a31e3cd26889ca66d677f1"},"description":"Un communiqu\u00e9 officiel du minist\u00e8re de la Sant\u00e9 publique, ouvre le concours d\u2019entr\u00e9e au second cycle de l\u2019Ecole National ...","breadcrumb":{"@id":"https:\/\/www.africa-press.net\/tchad\/toutes-les-actualites\/le-concours-interne-dentree-au-second-cycle-de-lenass-ouvert#breadcrumb"},"inLanguage":"fr-FR","potentialAction":[{"@type":"ReadAction","target":["https:\/\/www.africa-press.net\/tchad\/toutes-les-actualites\/le-concours-interne-dentree-au-second-cycle-de-lenass-ouvert"]}]},{"@type":"ImageObject","inLanguage":"fr-FR","@id":"https:\/\/www.africa-press.net\/tchad\/toutes-les-actualites\/le-concours-interne-dentree-au-second-cycle-de-lenass-ouvert#primaryimage","url":"https:\/\/static.africa-press.net\/tchad\/sites\/41\/2022\/08\/postQueueImg_11-6307b3e92b097.jpg","contentUrl":"https:\/\/static.africa-press.net\/tchad\/sites\/41\/2022\/08\/postQueueImg_11-6307b3e92b097.jpg","width":780,"height":440,"caption":"le concours interne d\u2019entr\u00e9e au second cycle de l\u2019ENASS ouvert"},{"@type":"BreadcrumbList","@id":"https:\/\/www.africa-press.net\/tchad\/toutes-les-actualites\/le-concours-interne-dentree-au-second-cycle-de-lenass-ouvert#breadcrumb","itemListElement":[{"@type":"ListItem","position":1,"name":"Accueil","item":"https:\/\/www.africa-press.net\/tchad\/"},{"@type":"ListItem","position":2,"name":"le concours interne d\u2019entr\u00e9e au second cycle de l\u2019ENASS ouvert"}]},{"@type":"WebSite","@id":"https:\/\/www.africa-press.net\/tchad\/#website","url":"https:\/\/www.africa-press.net\/tchad\/","name":"tchad","description":"Just another Africa News Agency Sites site","potentialAction":[{"@type":"SearchAction","target":{"@type":"EntryPoint","urlTemplate":"https:\/\/www.africa-press.net\/tchad\/?s={search_term_string}"},"query-input":{"@type":"PropertyValueSpecification","valueRequired":true,"valueName":"search_term_string"}}],"inLanguage":"fr-FR"},{"@type":"Person","@id":"https:\/\/www.africa-press.net\/tchad\/#\/schema\/person\/2b1cf3cd81a31e3cd26889ca66d677f1","name":"cfeditorfr"}]}},"_links":{"self":[{"href":"https:\/\/www.africa-press.net\/tchad\/wp-json\/wp\/v2\/posts\/31246","targetHints":{"allow":["GET"]}}],"collection":[{"href":"https:\/\/www.africa-press.net\/tchad\/wp-json\/wp\/v2\/posts"}],"about":[{"href":"https:\/\/www.africa-press.net\/tchad\/wp-json\/wp\/v2\/types\/post"}],"author":[{"embeddable":true,"href":"https:\/\/www.africa-press.net\/tchad\/wp-json\/wp\/v2\/users\/82"}],"replies":[{"embeddable":true,"href":"https:\/\/www.africa-press.net\/tchad\/wp-json\/wp\/v2\/comments?post=31246"}],"version-history":[{"count":0,"href":"https:\/\/www.africa-press.net\/tchad\/wp-json\/wp\/v2\/posts\/31246\/revisions"}],"wp:featuredmedia":[{"embeddable":true,"href":"https:\/\/www.africa-press.net\/tchad\/wp-json\/wp\/v2\/media\/31245"}],"wp:attachment":[{"href":"https:\/\/www.africa-press.net\/tchad\/wp-json\/wp\/v2\/media?parent=31246"}],"wp:term":[{"taxonomy":"category","embeddable":true,"href":"https:\/\/www.africa-press.net\/tchad\/wp-json\/wp\/v2\/categories?post=31246"},{"taxonomy":"post_tag","embeddable":true,"href":"https:\/\/www.africa-press.net\/tchad\/wp-json\/wp\/v2\/tags?post=31246"}],"curies":[{"name":"wp","href":"https:\/\/api.w.org\/{rel}","templated":true}]}}