{"id":31252,"date":"2022-08-25T17:25:21","date_gmt":"2022-08-25T17:25:21","guid":{"rendered":"https:\/\/www.africa-press.net\/tchad\/politique\/moussa-faki-a-creuse-sur-la-tombe-du-marechal-idriss-deby"},"modified":"2022-08-25T17:41:15","modified_gmt":"2022-08-25T17:41:15","slug":"moussa-faki-a-creuse-sur-la-tombe-du-marechal-idriss-deby","status":"publish","type":"post","link":"https:\/\/www.africa-press.net\/tchad\/politique\/moussa-faki-a-creuse-sur-la-tombe-du-marechal-idriss-deby","title":{"rendered":"Moussa Faki a creus\u00e9 sur la tombe du Mar\u00e9chal Idriss Deby"},"content":{"rendered":"<p><span style=\"color: #ff6600\"><strong>Africa-Press &#8211; Tchad. <\/strong><\/span>Le discours du pr\u00e9sident de la commission de l&rsquo;Union Africaine, lors de l&rsquo;ouverture du Dialogue national inclusif et souverain, continue de faire couler beaucoup d\u2019encre et de salive, et fait tache d&rsquo;huile au sein des narcissiques du pouvoir.<\/p>\n<p>Ce discours muscl\u00e9 s&rsquo;est transform\u00e9 en joie pour certains opposants et une grande partie de la population. Malheureusement, c&rsquo;est un coup tranchant au sein de l&rsquo;entourage de Mahamat Idriss D\u00e9by Itno.<\/p>\n<p>Pourquoi un tel discours lors d\u2019une rencontre de r\u00e9conciliation ? De qui se moque-t-il ? Ne fait-il pas partie du clan ? Pourtant il fut Premier ministre de 2003 \u00e0 2005 et ministre des Affaires \u00e9trang\u00e8res de 2008 \u00e0 2017. Et, il a eu le soutien total et confiance du d\u00e9funt Idriss Deby Itno pour grimper au sommeil de l&rsquo;UA.<\/p>\n<p>Quelle est donc la raison de ce discours ? A-t-il choisi son camp ? Rien ne peut justifier ce discours pointu \u00e0 l&rsquo;endroit de son cercle. Ce n&rsquo;est pas un r\u00e8glement de compte, l&rsquo;on se souvient du limogeage du petit fr\u00e8re de Moussa Faki Mahamat, Annour Mahamat Hassan \u00e0 la t\u00eate BEAC nationale en 2011.<\/p>\n<p>De l&rsquo;ange des t\u00e9n\u00e8bres en d\u00e9guisant \u00e0 l&rsquo;ange de lumi\u00e8re, Moussa Faki Mahamat a fait r\u00e9agir Dr Abdoulaye Sabre Fadoul qui n&rsquo;a pu garder sa langue, rappelant \u00e0 Faki les jouissances d&rsquo;un mal acquis orchestr\u00e9 par leur mentor d\u00e9funt. N&rsquo;est-ce pas qui se sent morveux se mouche ? Dr Abdoulaye Sabre Fadoul fait partie de ceux-l\u00e0, qui ont impos\u00e9 au peuple tchadien l&rsquo;application des 16 mesures (\u00ab p\u00e9riode de vache maigre \u00bb.<\/p>\n<p>Le pire, c\u2019est Hassan Mahamat Hassan, victime de ce discours teint\u00e9 de v\u00e9rit\u00e9. Perdant son poste de m\u00e9decin personnel du chef de l&rsquo;\u00c9tat qu&rsquo;il occupait depuis le temps de Deby p\u00e8re. M\u00eame si Mahamat Idriss D\u00e9by Itno est le fruit d&rsquo;un destin inattendu, un tel discours est une atteinte \u00e0 la m\u00e9moire de son p\u00e8re. Cependant, la v\u00e9rit\u00e9 est bonne \u00e0 dire mais le moment est mal choisi.<\/p>\n<p>Car un discours proph\u00e9tique pour qui veut s&rsquo;accrocher au pouvoir, seul le cercueil sera la r\u00e9ponse. Le voile des adeptes est tomb\u00e9 : pas plus tard qu&rsquo;hier, ceux-l\u00e0 se sont f\u00e9licit\u00e9s de la gestion du pays depuis 32 ans. Quelle que soit l&rsquo;intention de ce discours, Moussa Faki Mahamat a lav\u00e9 le p\u00e9ch\u00e9 de son clan.<\/p>\n<p>D\u00e9sormais, la question de long\u00e9vit\u00e9 au pouvoir sera inscrite dans l&rsquo;agenda de ceux qui vont diriger le Tchad de demain. \u00c7a fait mal certes, mais le choix est clair, le Tchad a besoin des hommes v\u00e9ridiques.<\/p>\n<p>D&rsquo;autant plus que Moussa Mahamat Faki semble intangible sur ses positions, au point d&rsquo;avoir refus\u00e9 la proposition d&rsquo;un groupe de t\u00e9nors visant \u00e0 aller \u00ab pr\u00e9senter des excuses \u00bb au chef de la transition Mahamat Idriss Deby.<\/p>\n<p><strong>Pour plus d&rsquo;informations et d&rsquo;analyses sur la <a href=\"https:\/\/www.africa-press.net\/tchad\">Tchad<\/a>, suivez <a href=\"https:\/\/www.africa-press.net\/\">Africa-Press<\/a><\/strong><\/p>\n","protected":false},"excerpt":{"rendered":"<p>Africa-Press &#8211; Tchad. Le discours du pr\u00e9sident de la commission de l&rsquo;Union Africaine, lors de l&rsquo;ouverture du Dialogue national inclusif et souverain, continue de faire couler beaucoup d\u2019encre et de salive, et fait tache d&rsquo;huile au sein des narcissiques du pouvoir. Ce discours muscl\u00e9 s&rsquo;est transform\u00e9 en joie pour certains opposants et une grande partie [&hellip;]<\/p>\n","protected":false},"author":82,"featured_media":31251,"comment_status":"open","ping_status":"closed","sticky":false,"template":"","format":"standard","meta":{"footnotes":""},"categories":[11,2,10],"tags":[37,292,29],"class_list":["post-31252","post","type-post","status-publish","format-standard","has-post-thumbnail","hentry","category-homepage-french","category-politique","category-toutes-les-actualites","tag-africa-press","tag-africa-press-tchad","tag-tchad"],"yoast_head":"<!-- This site is optimized with the Yoast SEO Premium plugin v26.1 (Yoast SEO v27.0) - https:\/\/yoast.com\/product\/yoast-seo-premium-wordpress\/ -->\n<title>Moussa Faki a creus\u00e9 sur la tombe du Mar\u00e9chal Idriss Deby - tchad<\/title>\n<meta name=\"description\" content=\"Le discours du pr\u00e9sident de la commission de l&#039;Union Africaine, lors de l&#039;ouverture du Dialogue national inclusif et sou ...\" \/>\n<meta name=\"robots\" content=\"index, follow, max-snippet:-1, max-image-preview:large, max-video-preview:-1\" \/>\n<link rel=\"canonical\" href=\"https:\/\/www.africa-press.net\/tchad\/politique\/moussa-faki-a-creuse-sur-la-tombe-du-marechal-idriss-deby\" \/>\n<meta property=\"og:locale\" content=\"fr_FR\" \/>\n<meta property=\"og:type\" content=\"article\" \/>\n<meta property=\"og:title\" content=\"Moussa Faki a creus\u00e9 sur la tombe du Mar\u00e9chal Idriss Deby\" \/>\n<meta property=\"og:description\" content=\"Le discours du pr\u00e9sident de la commission de l&#039;Union Africaine, lors de l&#039;ouverture du Dialogue national inclusif et sou ...\" \/>\n<meta property=\"og:url\" content=\"https:\/\/www.africa-press.net\/tchad\/politique\/moussa-faki-a-creuse-sur-la-tombe-du-marechal-idriss-deby\" \/>\n<meta property=\"og:site_name\" content=\"tchad\" \/>\n<meta property=\"article:published_time\" content=\"2022-08-25T17:25:21+00:00\" \/>\n<meta property=\"article:modified_time\" content=\"2022-08-25T17:41:15+00:00\" \/>\n<meta property=\"og:image\" content=\"https:\/\/static.africa-press.net\/tchad\/sites\/41\/2022\/08\/postQueueImg_13-6307b42868be7.jpg\" \/>\n\t<meta property=\"og:image:width\" content=\"1024\" \/>\n\t<meta property=\"og:image:height\" content=\"750\" \/>\n\t<meta property=\"og:image:type\" content=\"image\/jpeg\" \/>\n<meta name=\"author\" content=\"cfeditorfr\" \/>\n<meta name=\"twitter:card\" content=\"summary_large_image\" \/>\n<meta name=\"twitter:label1\" content=\"\u00c9crit par\" \/>\n\t<meta name=\"twitter:data1\" content=\"cfeditorfr\" \/>\n\t<meta name=\"twitter:label2\" content=\"Dur\u00e9e de lecture estim\u00e9e\" \/>\n\t<meta name=\"twitter:data2\" content=\"3 minutes\" \/>\n<script type=\"application\/ld+json\" class=\"yoast-schema-graph\">{\"@context\":\"https:\/\/schema.org\",\"@graph\":[{\"@type\":\"Article\",\"@id\":\"https:\/\/www.africa-press.net\/tchad\/politique\/moussa-faki-a-creuse-sur-la-tombe-du-marechal-idriss-deby#article\",\"isPartOf\":{\"@id\":\"https:\/\/www.africa-press.net\/tchad\/politique\/moussa-faki-a-creuse-sur-la-tombe-du-marechal-idriss-deby\"},\"author\":{\"name\":\"cfeditorfr\",\"@id\":\"https:\/\/www.africa-press.net\/tchad\/#\/schema\/person\/2b1cf3cd81a31e3cd26889ca66d677f1\"},\"headline\":\"Moussa Faki a creus\u00e9 sur la tombe du Mar\u00e9chal Idriss Deby\",\"datePublished\":\"2022-08-25T17:25:21+00:00\",\"dateModified\":\"2022-08-25T17:41:15+00:00\",\"mainEntityOfPage\":{\"@id\":\"https:\/\/www.africa-press.net\/tchad\/politique\/moussa-faki-a-creuse-sur-la-tombe-du-marechal-idriss-deby\"},\"wordCount\":515,\"commentCount\":0,\"image\":{\"@id\":\"https:\/\/www.africa-press.net\/tchad\/politique\/moussa-faki-a-creuse-sur-la-tombe-du-marechal-idriss-deby#primaryimage\"},\"thumbnailUrl\":\"https:\/\/static.africa-press.net\/tchad\/sites\/41\/2022\/08\/postQueueImg_13-6307b42868be7.jpg\",\"keywords\":[\"Africa Press\",\"Africa Press-Tchad\",\"Tchad\"],\"articleSection\":[\"homepage-french\",\"Politique\",\"Toutes les actualit\u00e9s\"],\"inLanguage\":\"fr-FR\",\"potentialAction\":[{\"@type\":\"CommentAction\",\"name\":\"Comment\",\"target\":[\"https:\/\/www.africa-press.net\/tchad\/politique\/moussa-faki-a-creuse-sur-la-tombe-du-marechal-idriss-deby#respond\"]}]},{\"@type\":\"WebPage\",\"@id\":\"https:\/\/www.africa-press.net\/tchad\/politique\/moussa-faki-a-creuse-sur-la-tombe-du-marechal-idriss-deby\",\"url\":\"https:\/\/www.africa-press.net\/tchad\/politique\/moussa-faki-a-creuse-sur-la-tombe-du-marechal-idriss-deby\",\"name\":\"Moussa Faki a creus\u00e9 sur la tombe du Mar\u00e9chal Idriss Deby - tchad\",\"isPartOf\":{\"@id\":\"https:\/\/www.africa-press.net\/tchad\/#website\"},\"primaryImageOfPage\":{\"@id\":\"https:\/\/www.africa-press.net\/tchad\/politique\/moussa-faki-a-creuse-sur-la-tombe-du-marechal-idriss-deby#primaryimage\"},\"image\":{\"@id\":\"https:\/\/www.africa-press.net\/tchad\/politique\/moussa-faki-a-creuse-sur-la-tombe-du-marechal-idriss-deby#primaryimage\"},\"thumbnailUrl\":\"https:\/\/static.africa-press.net\/tchad\/sites\/41\/2022\/08\/postQueueImg_13-6307b42868be7.jpg\",\"datePublished\":\"2022-08-25T17:25:21+00:00\",\"dateModified\":\"2022-08-25T17:41:15+00:00\",\"author\":{\"@id\":\"https:\/\/www.africa-press.net\/tchad\/#\/schema\/person\/2b1cf3cd81a31e3cd26889ca66d677f1\"},\"description\":\"Le discours du pr\u00e9sident de la commission de l'Union Africaine, lors de l'ouverture du Dialogue national inclusif et sou ...\",\"breadcrumb\":{\"@id\":\"https:\/\/www.africa-press.net\/tchad\/politique\/moussa-faki-a-creuse-sur-la-tombe-du-marechal-idriss-deby#breadcrumb\"},\"inLanguage\":\"fr-FR\",\"potentialAction\":[{\"@type\":\"ReadAction\",\"target\":[\"https:\/\/www.africa-press.net\/tchad\/politique\/moussa-faki-a-creuse-sur-la-tombe-du-marechal-idriss-deby\"]}]},{\"@type\":\"ImageObject\",\"inLanguage\":\"fr-FR\",\"@id\":\"https:\/\/www.africa-press.net\/tchad\/politique\/moussa-faki-a-creuse-sur-la-tombe-du-marechal-idriss-deby#primaryimage\",\"url\":\"https:\/\/static.africa-press.net\/tchad\/sites\/41\/2022\/08\/postQueueImg_13-6307b42868be7.jpg\",\"contentUrl\":\"https:\/\/static.africa-press.net\/tchad\/sites\/41\/2022\/08\/postQueueImg_13-6307b42868be7.jpg\",\"width\":1024,\"height\":750,\"caption\":\"Moussa Faki a creus\u00e9 sur la tombe du Mar\u00e9chal Idriss Deby\"},{\"@type\":\"BreadcrumbList\",\"@id\":\"https:\/\/www.africa-press.net\/tchad\/politique\/moussa-faki-a-creuse-sur-la-tombe-du-marechal-idriss-deby#breadcrumb\",\"itemListElement\":[{\"@type\":\"ListItem\",\"position\":1,\"name\":\"Accueil\",\"item\":\"https:\/\/www.africa-press.net\/tchad\/\"},{\"@type\":\"ListItem\",\"position\":2,\"name\":\"Moussa Faki a creus\u00e9 sur la tombe du Mar\u00e9chal Idriss Deby\"}]},{\"@type\":\"WebSite\",\"@id\":\"https:\/\/www.africa-press.net\/tchad\/#website\",\"url\":\"https:\/\/www.africa-press.net\/tchad\/\",\"name\":\"tchad\",\"description\":\"Just another Africa News Agency Sites site\",\"potentialAction\":[{\"@type\":\"SearchAction\",\"target\":{\"@type\":\"EntryPoint\",\"urlTemplate\":\"https:\/\/www.africa-press.net\/tchad\/?s={search_term_string}\"},\"query-input\":{\"@type\":\"PropertyValueSpecification\",\"valueRequired\":true,\"valueName\":\"search_term_string\"}}],\"inLanguage\":\"fr-FR\"},{\"@type\":\"Person\",\"@id\":\"https:\/\/www.africa-press.net\/tchad\/#\/schema\/person\/2b1cf3cd81a31e3cd26889ca66d677f1\",\"name\":\"cfeditorfr\"}]}<\/script>\n<!-- \/ Yoast SEO Premium plugin. -->","yoast_head_json":{"title":"Moussa Faki a creus\u00e9 sur la tombe du Mar\u00e9chal Idriss Deby - tchad","description":"Le discours du pr\u00e9sident de la commission de l'Union Africaine, lors de l'ouverture du Dialogue national inclusif et sou ...","robots":{"index":"index","follow":"follow","max-snippet":"max-snippet:-1","max-image-preview":"max-image-preview:large","max-video-preview":"max-video-preview:-1"},"canonical":"https:\/\/www.africa-press.net\/tchad\/politique\/moussa-faki-a-creuse-sur-la-tombe-du-marechal-idriss-deby","og_locale":"fr_FR","og_type":"article","og_title":"Moussa Faki a creus\u00e9 sur la tombe du Mar\u00e9chal Idriss Deby","og_description":"Le discours du pr\u00e9sident de la commission de l'Union Africaine, lors de l'ouverture du Dialogue national inclusif et sou ...","og_url":"https:\/\/www.africa-press.net\/tchad\/politique\/moussa-faki-a-creuse-sur-la-tombe-du-marechal-idriss-deby","og_site_name":"tchad","article_published_time":"2022-08-25T17:25:21+00:00","article_modified_time":"2022-08-25T17:41:15+00:00","og_image":[{"width":1024,"height":750,"url":"https:\/\/static.africa-press.net\/tchad\/sites\/41\/2022\/08\/postQueueImg_13-6307b42868be7.jpg","type":"image\/jpeg"}],"author":"cfeditorfr","twitter_card":"summary_large_image","twitter_misc":{"\u00c9crit par":"cfeditorfr","Dur\u00e9e de lecture estim\u00e9e":"3 minutes"},"schema":{"@context":"https:\/\/schema.org","@graph":[{"@type":"Article","@id":"https:\/\/www.africa-press.net\/tchad\/politique\/moussa-faki-a-creuse-sur-la-tombe-du-marechal-idriss-deby#article","isPartOf":{"@id":"https:\/\/www.africa-press.net\/tchad\/politique\/moussa-faki-a-creuse-sur-la-tombe-du-marechal-idriss-deby"},"author":{"name":"cfeditorfr","@id":"https:\/\/www.africa-press.net\/tchad\/#\/schema\/person\/2b1cf3cd81a31e3cd26889ca66d677f1"},"headline":"Moussa Faki a creus\u00e9 sur la tombe du Mar\u00e9chal Idriss Deby","datePublished":"2022-08-25T17:25:21+00:00","dateModified":"2022-08-25T17:41:15+00:00","mainEntityOfPage":{"@id":"https:\/\/www.africa-press.net\/tchad\/politique\/moussa-faki-a-creuse-sur-la-tombe-du-marechal-idriss-deby"},"wordCount":515,"commentCount":0,"image":{"@id":"https:\/\/www.africa-press.net\/tchad\/politique\/moussa-faki-a-creuse-sur-la-tombe-du-marechal-idriss-deby#primaryimage"},"thumbnailUrl":"https:\/\/static.africa-press.net\/tchad\/sites\/41\/2022\/08\/postQueueImg_13-6307b42868be7.jpg","keywords":["Africa Press","Africa Press-Tchad","Tchad"],"articleSection":["homepage-french","Politique","Toutes les actualit\u00e9s"],"inLanguage":"fr-FR","potentialAction":[{"@type":"CommentAction","name":"Comment","target":["https:\/\/www.africa-press.net\/tchad\/politique\/moussa-faki-a-creuse-sur-la-tombe-du-marechal-idriss-deby#respond"]}]},{"@type":"WebPage","@id":"https:\/\/www.africa-press.net\/tchad\/politique\/moussa-faki-a-creuse-sur-la-tombe-du-marechal-idriss-deby","url":"https:\/\/www.africa-press.net\/tchad\/politique\/moussa-faki-a-creuse-sur-la-tombe-du-marechal-idriss-deby","name":"Moussa Faki a creus\u00e9 sur la tombe du Mar\u00e9chal Idriss Deby - tchad","isPartOf":{"@id":"https:\/\/www.africa-press.net\/tchad\/#website"},"primaryImageOfPage":{"@id":"https:\/\/www.africa-press.net\/tchad\/politique\/moussa-faki-a-creuse-sur-la-tombe-du-marechal-idriss-deby#primaryimage"},"image":{"@id":"https:\/\/www.africa-press.net\/tchad\/politique\/moussa-faki-a-creuse-sur-la-tombe-du-marechal-idriss-deby#primaryimage"},"thumbnailUrl":"https:\/\/static.africa-press.net\/tchad\/sites\/41\/2022\/08\/postQueueImg_13-6307b42868be7.jpg","datePublished":"2022-08-25T17:25:21+00:00","dateModified":"2022-08-25T17:41:15+00:00","author":{"@id":"https:\/\/www.africa-press.net\/tchad\/#\/schema\/person\/2b1cf3cd81a31e3cd26889ca66d677f1"},"description":"Le discours du pr\u00e9sident de la commission de l'Union Africaine, lors de l'ouverture du Dialogue national inclusif et sou ...","breadcrumb":{"@id":"https:\/\/www.africa-press.net\/tchad\/politique\/moussa-faki-a-creuse-sur-la-tombe-du-marechal-idriss-deby#breadcrumb"},"inLanguage":"fr-FR","potentialAction":[{"@type":"ReadAction","target":["https:\/\/www.africa-press.net\/tchad\/politique\/moussa-faki-a-creuse-sur-la-tombe-du-marechal-idriss-deby"]}]},{"@type":"ImageObject","inLanguage":"fr-FR","@id":"https:\/\/www.africa-press.net\/tchad\/politique\/moussa-faki-a-creuse-sur-la-tombe-du-marechal-idriss-deby#primaryimage","url":"https:\/\/static.africa-press.net\/tchad\/sites\/41\/2022\/08\/postQueueImg_13-6307b42868be7.jpg","contentUrl":"https:\/\/static.africa-press.net\/tchad\/sites\/41\/2022\/08\/postQueueImg_13-6307b42868be7.jpg","width":1024,"height":750,"caption":"Moussa Faki a creus\u00e9 sur la tombe du Mar\u00e9chal Idriss Deby"},{"@type":"BreadcrumbList","@id":"https:\/\/www.africa-press.net\/tchad\/politique\/moussa-faki-a-creuse-sur-la-tombe-du-marechal-idriss-deby#breadcrumb","itemListElement":[{"@type":"ListItem","position":1,"name":"Accueil","item":"https:\/\/www.africa-press.net\/tchad\/"},{"@type":"ListItem","position":2,"name":"Moussa Faki a creus\u00e9 sur la tombe du Mar\u00e9chal Idriss Deby"}]},{"@type":"WebSite","@id":"https:\/\/www.africa-press.net\/tchad\/#website","url":"https:\/\/www.africa-press.net\/tchad\/","name":"tchad","description":"Just another Africa News Agency Sites site","potentialAction":[{"@type":"SearchAction","target":{"@type":"EntryPoint","urlTemplate":"https:\/\/www.africa-press.net\/tchad\/?s={search_term_string}"},"query-input":{"@type":"PropertyValueSpecification","valueRequired":true,"valueName":"search_term_string"}}],"inLanguage":"fr-FR"},{"@type":"Person","@id":"https:\/\/www.africa-press.net\/tchad\/#\/schema\/person\/2b1cf3cd81a31e3cd26889ca66d677f1","name":"cfeditorfr"}]}},"_links":{"self":[{"href":"https:\/\/www.africa-press.net\/tchad\/wp-json\/wp\/v2\/posts\/31252","targetHints":{"allow":["GET"]}}],"collection":[{"href":"https:\/\/www.africa-press.net\/tchad\/wp-json\/wp\/v2\/posts"}],"about":[{"href":"https:\/\/www.africa-press.net\/tchad\/wp-json\/wp\/v2\/types\/post"}],"author":[{"embeddable":true,"href":"https:\/\/www.africa-press.net\/tchad\/wp-json\/wp\/v2\/users\/82"}],"replies":[{"embeddable":true,"href":"https:\/\/www.africa-press.net\/tchad\/wp-json\/wp\/v2\/comments?post=31252"}],"version-history":[{"count":0,"href":"https:\/\/www.africa-press.net\/tchad\/wp-json\/wp\/v2\/posts\/31252\/revisions"}],"wp:featuredmedia":[{"embeddable":true,"href":"https:\/\/www.africa-press.net\/tchad\/wp-json\/wp\/v2\/media\/31251"}],"wp:attachment":[{"href":"https:\/\/www.africa-press.net\/tchad\/wp-json\/wp\/v2\/media?parent=31252"}],"wp:term":[{"taxonomy":"category","embeddable":true,"href":"https:\/\/www.africa-press.net\/tchad\/wp-json\/wp\/v2\/categories?post=31252"},{"taxonomy":"post_tag","embeddable":true,"href":"https:\/\/www.africa-press.net\/tchad\/wp-json\/wp\/v2\/tags?post=31252"}],"curies":[{"name":"wp","href":"https:\/\/api.w.org\/{rel}","templated":true}]}}