{"id":31258,"date":"2022-08-25T17:26:43","date_gmt":"2022-08-25T17:26:43","guid":{"rendered":"https:\/\/www.africa-press.net\/tchad\/politique\/les-ordres-nationaux-professionnels-entendent-se-retirer-du-dialogue-en-cours"},"modified":"2022-08-25T17:42:09","modified_gmt":"2022-08-25T17:42:09","slug":"les-ordres-nationaux-professionnels-entendent-se-retirer-du-dialogue-en-cours","status":"publish","type":"post","link":"https:\/\/www.africa-press.net\/tchad\/politique\/les-ordres-nationaux-professionnels-entendent-se-retirer-du-dialogue-en-cours","title":{"rendered":"les Ordres nationaux professionnels entendent se retirer du dialogue en cours"},"content":{"rendered":"<p><span style=\"color: #ff6600\"><strong>Africa-Press &#8211; Tchad. <\/strong><\/span><b>Plac\u00e9s au balcon du Palais de la culture, o\u00f9 se d\u00e9roulent les travaux du dialogue national inclusif et souverain, la conf\u00e9d\u00e9ration constitu\u00e9e des Ordres nationaux professionnels ne se sent pas tr\u00e8s impliqu\u00e9e.<\/b><\/p>\n<p>C\u2019est dans une note adress\u00e9 au pr\u00e9sident du comit\u00e9 d\u2019organisation du dialogue national inclusif et souverain que les pr\u00e9sidents des Ordres nationaux professionnels ont manifest\u00e9 leur ras-le-bol. Ils estiment qu\u2019ils ne sont pas assez valoris\u00e9s ni impliqu\u00e9s dans les activit\u00e9s. \u00ab<\/p>\n<p>Cependant, nous avons constat\u00e9 que la place r\u00e9serv\u00e9e aux Ordres Nationaux Professionnels au balcon d\u2019une part et d\u2019autre part leur rang protocolaire ne sont pas de nature \u00e0 leur permettre d\u2019apporter des contributions techniques significatives lors de ces assises. \u00bb, Peut-on lire dans la note.<\/p>\n<p>Ils demandent aux organisateurs d\u2019 : \u00ab instruire les services du Protocole de rem\u00e9dier \u00e0 cet \u00e9tat de fait en repla\u00e7ant les Ordres Nationaux Professionnels au sein de la salle principale et dans le c\u0153ur du d\u00e9bat. \u00bb \u00ab L\u2019importance de nos m\u00e9tiers, et notre qualit\u00e9 d\u2019organes consultatifs du Gouvemement \u00e0 travers les diff\u00e9rents D\u00e9partements Minist\u00e9riels requi\u00e8rent notre pr\u00e9sence dans toutes les instances y compris le Pr\u00e9sidium. \u00bb, poursuivent les pr\u00e9sidents des ordres nationaux.<\/p>\n<p>\u00ab Les Ordres Nationaux Professionnels se r\u00e9servent le droit de se retirer du dialogue en cas de non satisfaction. Le CODNI en assumera l\u2019enti\u00e8re responsabilit\u00e9. \u00bb met en garde la conf\u00e9d\u00e9ration<\/p>\n<p><b>Les signataires<\/b><\/p>\n<p>Le document a \u00e9t\u00e9 sign\u00e9 par L\u2019Ordre national des m\u00e9decins ; L\u2019Ordre national des pharmaciens ; L\u2019Ordre national des techniciens de la sant\u00e9 ; L\u2019Ordre national des administrateurs de sant\u00e9 ;<\/p>\n<p>L\u2019Ordre national des v\u00e9t\u00e9rinaires ; L\u2019Ordre national des avocats ; L\u2019Ordre national des notaires ; La Chambre nationale des huissiers-commissaires de justice du Tchad ; L\u2019Ordre national des experts comptables ; L\u2019Ordre national des architectes du Tchad ; L\u2019Ordres national des ing\u00e9nieurs civils du Tchad.<\/p>\n<p><strong>Pour plus d&rsquo;informations et d&rsquo;analyses sur la <a href=\"https:\/\/www.africa-press.net\/tchad\">Tchad<\/a>, suivez <a href=\"https:\/\/www.africa-press.net\/\">Africa-Press<\/a><\/strong><\/p>\n","protected":false},"excerpt":{"rendered":"<p>Africa-Press &#8211; Tchad. Plac\u00e9s au balcon du Palais de la culture, o\u00f9 se d\u00e9roulent les travaux du dialogue national inclusif et souverain, la conf\u00e9d\u00e9ration constitu\u00e9e des Ordres nationaux professionnels ne se sent pas tr\u00e8s impliqu\u00e9e. C\u2019est dans une note adress\u00e9 au pr\u00e9sident du comit\u00e9 d\u2019organisation du dialogue national inclusif et souverain que les pr\u00e9sidents des [&hellip;]<\/p>\n","protected":false},"author":82,"featured_media":31257,"comment_status":"open","ping_status":"closed","sticky":false,"template":"","format":"standard","meta":{"footnotes":""},"categories":[11,2,20,10],"tags":[37,292,29],"class_list":["post-31258","post","type-post","status-publish","format-standard","has-post-thumbnail","hentry","category-homepage-french","category-politique","category-top-nouvelles","category-toutes-les-actualites","tag-africa-press","tag-africa-press-tchad","tag-tchad"],"yoast_head":"<!-- This site is optimized with the Yoast SEO Premium plugin v26.1 (Yoast SEO v27.0) - https:\/\/yoast.com\/product\/yoast-seo-premium-wordpress\/ -->\n<title>les Ordres nationaux professionnels entendent se retirer du dialogue en cours - tchad<\/title>\n<meta name=\"description\" content=\"Plac\u00e9s au balcon du Palais de la culture, o\u00f9 se d\u00e9roulent les travaux du dialogue national inclusif et souverain, la ...\" \/>\n<meta name=\"robots\" content=\"index, follow, max-snippet:-1, max-image-preview:large, max-video-preview:-1\" \/>\n<link rel=\"canonical\" href=\"https:\/\/www.africa-press.net\/tchad\/politique\/les-ordres-nationaux-professionnels-entendent-se-retirer-du-dialogue-en-cours\" \/>\n<meta property=\"og:locale\" content=\"fr_FR\" \/>\n<meta property=\"og:type\" content=\"article\" \/>\n<meta property=\"og:title\" content=\"les Ordres nationaux professionnels entendent se retirer du dialogue en cours\" \/>\n<meta property=\"og:description\" content=\"Plac\u00e9s au balcon du Palais de la culture, o\u00f9 se d\u00e9roulent les travaux du dialogue national inclusif et souverain, la ...\" \/>\n<meta property=\"og:url\" content=\"https:\/\/www.africa-press.net\/tchad\/politique\/les-ordres-nationaux-professionnels-entendent-se-retirer-du-dialogue-en-cours\" \/>\n<meta property=\"og:site_name\" content=\"tchad\" \/>\n<meta property=\"article:published_time\" content=\"2022-08-25T17:26:43+00:00\" \/>\n<meta property=\"article:modified_time\" content=\"2022-08-25T17:42:09+00:00\" \/>\n<meta property=\"og:image\" content=\"https:\/\/static.africa-press.net\/tchad\/sites\/41\/2022\/08\/postQueueImg_15-6307b45b15660.jpg\" \/>\n\t<meta property=\"og:image:width\" content=\"780\" \/>\n\t<meta property=\"og:image:height\" content=\"440\" \/>\n\t<meta property=\"og:image:type\" content=\"image\/jpeg\" \/>\n<meta name=\"author\" content=\"cfeditorfr\" \/>\n<meta name=\"twitter:card\" content=\"summary_large_image\" \/>\n<meta name=\"twitter:label1\" content=\"\u00c9crit par\" \/>\n\t<meta name=\"twitter:data1\" content=\"cfeditorfr\" \/>\n\t<meta name=\"twitter:label2\" content=\"Dur\u00e9e de lecture estim\u00e9e\" \/>\n\t<meta name=\"twitter:data2\" content=\"2 minutes\" \/>\n<script type=\"application\/ld+json\" class=\"yoast-schema-graph\">{\"@context\":\"https:\/\/schema.org\",\"@graph\":[{\"@type\":\"Article\",\"@id\":\"https:\/\/www.africa-press.net\/tchad\/politique\/les-ordres-nationaux-professionnels-entendent-se-retirer-du-dialogue-en-cours#article\",\"isPartOf\":{\"@id\":\"https:\/\/www.africa-press.net\/tchad\/politique\/les-ordres-nationaux-professionnels-entendent-se-retirer-du-dialogue-en-cours\"},\"author\":{\"name\":\"cfeditorfr\",\"@id\":\"https:\/\/www.africa-press.net\/tchad\/#\/schema\/person\/2b1cf3cd81a31e3cd26889ca66d677f1\"},\"headline\":\"les Ordres nationaux professionnels entendent se retirer du dialogue en cours\",\"datePublished\":\"2022-08-25T17:26:43+00:00\",\"dateModified\":\"2022-08-25T17:42:09+00:00\",\"mainEntityOfPage\":{\"@id\":\"https:\/\/www.africa-press.net\/tchad\/politique\/les-ordres-nationaux-professionnels-entendent-se-retirer-du-dialogue-en-cours\"},\"wordCount\":358,\"commentCount\":0,\"image\":{\"@id\":\"https:\/\/www.africa-press.net\/tchad\/politique\/les-ordres-nationaux-professionnels-entendent-se-retirer-du-dialogue-en-cours#primaryimage\"},\"thumbnailUrl\":\"https:\/\/static.africa-press.net\/tchad\/sites\/41\/2022\/08\/postQueueImg_15-6307b45b15660.jpg\",\"keywords\":[\"Africa Press\",\"Africa Press-Tchad\",\"Tchad\"],\"articleSection\":[\"homepage-french\",\"Politique\",\"Top Nouvelles\",\"Toutes les actualit\u00e9s\"],\"inLanguage\":\"fr-FR\",\"potentialAction\":[{\"@type\":\"CommentAction\",\"name\":\"Comment\",\"target\":[\"https:\/\/www.africa-press.net\/tchad\/politique\/les-ordres-nationaux-professionnels-entendent-se-retirer-du-dialogue-en-cours#respond\"]}]},{\"@type\":\"WebPage\",\"@id\":\"https:\/\/www.africa-press.net\/tchad\/politique\/les-ordres-nationaux-professionnels-entendent-se-retirer-du-dialogue-en-cours\",\"url\":\"https:\/\/www.africa-press.net\/tchad\/politique\/les-ordres-nationaux-professionnels-entendent-se-retirer-du-dialogue-en-cours\",\"name\":\"les Ordres nationaux professionnels entendent se retirer du dialogue en cours - tchad\",\"isPartOf\":{\"@id\":\"https:\/\/www.africa-press.net\/tchad\/#website\"},\"primaryImageOfPage\":{\"@id\":\"https:\/\/www.africa-press.net\/tchad\/politique\/les-ordres-nationaux-professionnels-entendent-se-retirer-du-dialogue-en-cours#primaryimage\"},\"image\":{\"@id\":\"https:\/\/www.africa-press.net\/tchad\/politique\/les-ordres-nationaux-professionnels-entendent-se-retirer-du-dialogue-en-cours#primaryimage\"},\"thumbnailUrl\":\"https:\/\/static.africa-press.net\/tchad\/sites\/41\/2022\/08\/postQueueImg_15-6307b45b15660.jpg\",\"datePublished\":\"2022-08-25T17:26:43+00:00\",\"dateModified\":\"2022-08-25T17:42:09+00:00\",\"author\":{\"@id\":\"https:\/\/www.africa-press.net\/tchad\/#\/schema\/person\/2b1cf3cd81a31e3cd26889ca66d677f1\"},\"description\":\"Plac\u00e9s au balcon du Palais de la culture, o\u00f9 se d\u00e9roulent les travaux du dialogue national inclusif et souverain, la ...\",\"breadcrumb\":{\"@id\":\"https:\/\/www.africa-press.net\/tchad\/politique\/les-ordres-nationaux-professionnels-entendent-se-retirer-du-dialogue-en-cours#breadcrumb\"},\"inLanguage\":\"fr-FR\",\"potentialAction\":[{\"@type\":\"ReadAction\",\"target\":[\"https:\/\/www.africa-press.net\/tchad\/politique\/les-ordres-nationaux-professionnels-entendent-se-retirer-du-dialogue-en-cours\"]}]},{\"@type\":\"ImageObject\",\"inLanguage\":\"fr-FR\",\"@id\":\"https:\/\/www.africa-press.net\/tchad\/politique\/les-ordres-nationaux-professionnels-entendent-se-retirer-du-dialogue-en-cours#primaryimage\",\"url\":\"https:\/\/static.africa-press.net\/tchad\/sites\/41\/2022\/08\/postQueueImg_15-6307b45b15660.jpg\",\"contentUrl\":\"https:\/\/static.africa-press.net\/tchad\/sites\/41\/2022\/08\/postQueueImg_15-6307b45b15660.jpg\",\"width\":780,\"height\":440,\"caption\":\"les Ordres nationaux professionnels entendent se retirer du dialogue en cours\"},{\"@type\":\"BreadcrumbList\",\"@id\":\"https:\/\/www.africa-press.net\/tchad\/politique\/les-ordres-nationaux-professionnels-entendent-se-retirer-du-dialogue-en-cours#breadcrumb\",\"itemListElement\":[{\"@type\":\"ListItem\",\"position\":1,\"name\":\"Accueil\",\"item\":\"https:\/\/www.africa-press.net\/tchad\/\"},{\"@type\":\"ListItem\",\"position\":2,\"name\":\"les Ordres nationaux professionnels entendent se retirer du dialogue en cours\"}]},{\"@type\":\"WebSite\",\"@id\":\"https:\/\/www.africa-press.net\/tchad\/#website\",\"url\":\"https:\/\/www.africa-press.net\/tchad\/\",\"name\":\"tchad\",\"description\":\"Just another Africa News Agency Sites site\",\"potentialAction\":[{\"@type\":\"SearchAction\",\"target\":{\"@type\":\"EntryPoint\",\"urlTemplate\":\"https:\/\/www.africa-press.net\/tchad\/?s={search_term_string}\"},\"query-input\":{\"@type\":\"PropertyValueSpecification\",\"valueRequired\":true,\"valueName\":\"search_term_string\"}}],\"inLanguage\":\"fr-FR\"},{\"@type\":\"Person\",\"@id\":\"https:\/\/www.africa-press.net\/tchad\/#\/schema\/person\/2b1cf3cd81a31e3cd26889ca66d677f1\",\"name\":\"cfeditorfr\"}]}<\/script>\n<!-- \/ Yoast SEO Premium plugin. -->","yoast_head_json":{"title":"les Ordres nationaux professionnels entendent se retirer du dialogue en cours - tchad","description":"Plac\u00e9s au balcon du Palais de la culture, o\u00f9 se d\u00e9roulent les travaux du dialogue national inclusif et souverain, la ...","robots":{"index":"index","follow":"follow","max-snippet":"max-snippet:-1","max-image-preview":"max-image-preview:large","max-video-preview":"max-video-preview:-1"},"canonical":"https:\/\/www.africa-press.net\/tchad\/politique\/les-ordres-nationaux-professionnels-entendent-se-retirer-du-dialogue-en-cours","og_locale":"fr_FR","og_type":"article","og_title":"les Ordres nationaux professionnels entendent se retirer du dialogue en cours","og_description":"Plac\u00e9s au balcon du Palais de la culture, o\u00f9 se d\u00e9roulent les travaux du dialogue national inclusif et souverain, la ...","og_url":"https:\/\/www.africa-press.net\/tchad\/politique\/les-ordres-nationaux-professionnels-entendent-se-retirer-du-dialogue-en-cours","og_site_name":"tchad","article_published_time":"2022-08-25T17:26:43+00:00","article_modified_time":"2022-08-25T17:42:09+00:00","og_image":[{"width":780,"height":440,"url":"https:\/\/static.africa-press.net\/tchad\/sites\/41\/2022\/08\/postQueueImg_15-6307b45b15660.jpg","type":"image\/jpeg"}],"author":"cfeditorfr","twitter_card":"summary_large_image","twitter_misc":{"\u00c9crit par":"cfeditorfr","Dur\u00e9e de lecture estim\u00e9e":"2 minutes"},"schema":{"@context":"https:\/\/schema.org","@graph":[{"@type":"Article","@id":"https:\/\/www.africa-press.net\/tchad\/politique\/les-ordres-nationaux-professionnels-entendent-se-retirer-du-dialogue-en-cours#article","isPartOf":{"@id":"https:\/\/www.africa-press.net\/tchad\/politique\/les-ordres-nationaux-professionnels-entendent-se-retirer-du-dialogue-en-cours"},"author":{"name":"cfeditorfr","@id":"https:\/\/www.africa-press.net\/tchad\/#\/schema\/person\/2b1cf3cd81a31e3cd26889ca66d677f1"},"headline":"les Ordres nationaux professionnels entendent se retirer du dialogue en cours","datePublished":"2022-08-25T17:26:43+00:00","dateModified":"2022-08-25T17:42:09+00:00","mainEntityOfPage":{"@id":"https:\/\/www.africa-press.net\/tchad\/politique\/les-ordres-nationaux-professionnels-entendent-se-retirer-du-dialogue-en-cours"},"wordCount":358,"commentCount":0,"image":{"@id":"https:\/\/www.africa-press.net\/tchad\/politique\/les-ordres-nationaux-professionnels-entendent-se-retirer-du-dialogue-en-cours#primaryimage"},"thumbnailUrl":"https:\/\/static.africa-press.net\/tchad\/sites\/41\/2022\/08\/postQueueImg_15-6307b45b15660.jpg","keywords":["Africa Press","Africa Press-Tchad","Tchad"],"articleSection":["homepage-french","Politique","Top Nouvelles","Toutes les actualit\u00e9s"],"inLanguage":"fr-FR","potentialAction":[{"@type":"CommentAction","name":"Comment","target":["https:\/\/www.africa-press.net\/tchad\/politique\/les-ordres-nationaux-professionnels-entendent-se-retirer-du-dialogue-en-cours#respond"]}]},{"@type":"WebPage","@id":"https:\/\/www.africa-press.net\/tchad\/politique\/les-ordres-nationaux-professionnels-entendent-se-retirer-du-dialogue-en-cours","url":"https:\/\/www.africa-press.net\/tchad\/politique\/les-ordres-nationaux-professionnels-entendent-se-retirer-du-dialogue-en-cours","name":"les Ordres nationaux professionnels entendent se retirer du dialogue en cours - tchad","isPartOf":{"@id":"https:\/\/www.africa-press.net\/tchad\/#website"},"primaryImageOfPage":{"@id":"https:\/\/www.africa-press.net\/tchad\/politique\/les-ordres-nationaux-professionnels-entendent-se-retirer-du-dialogue-en-cours#primaryimage"},"image":{"@id":"https:\/\/www.africa-press.net\/tchad\/politique\/les-ordres-nationaux-professionnels-entendent-se-retirer-du-dialogue-en-cours#primaryimage"},"thumbnailUrl":"https:\/\/static.africa-press.net\/tchad\/sites\/41\/2022\/08\/postQueueImg_15-6307b45b15660.jpg","datePublished":"2022-08-25T17:26:43+00:00","dateModified":"2022-08-25T17:42:09+00:00","author":{"@id":"https:\/\/www.africa-press.net\/tchad\/#\/schema\/person\/2b1cf3cd81a31e3cd26889ca66d677f1"},"description":"Plac\u00e9s au balcon du Palais de la culture, o\u00f9 se d\u00e9roulent les travaux du dialogue national inclusif et souverain, la ...","breadcrumb":{"@id":"https:\/\/www.africa-press.net\/tchad\/politique\/les-ordres-nationaux-professionnels-entendent-se-retirer-du-dialogue-en-cours#breadcrumb"},"inLanguage":"fr-FR","potentialAction":[{"@type":"ReadAction","target":["https:\/\/www.africa-press.net\/tchad\/politique\/les-ordres-nationaux-professionnels-entendent-se-retirer-du-dialogue-en-cours"]}]},{"@type":"ImageObject","inLanguage":"fr-FR","@id":"https:\/\/www.africa-press.net\/tchad\/politique\/les-ordres-nationaux-professionnels-entendent-se-retirer-du-dialogue-en-cours#primaryimage","url":"https:\/\/static.africa-press.net\/tchad\/sites\/41\/2022\/08\/postQueueImg_15-6307b45b15660.jpg","contentUrl":"https:\/\/static.africa-press.net\/tchad\/sites\/41\/2022\/08\/postQueueImg_15-6307b45b15660.jpg","width":780,"height":440,"caption":"les Ordres nationaux professionnels entendent se retirer du dialogue en cours"},{"@type":"BreadcrumbList","@id":"https:\/\/www.africa-press.net\/tchad\/politique\/les-ordres-nationaux-professionnels-entendent-se-retirer-du-dialogue-en-cours#breadcrumb","itemListElement":[{"@type":"ListItem","position":1,"name":"Accueil","item":"https:\/\/www.africa-press.net\/tchad\/"},{"@type":"ListItem","position":2,"name":"les Ordres nationaux professionnels entendent se retirer du dialogue en cours"}]},{"@type":"WebSite","@id":"https:\/\/www.africa-press.net\/tchad\/#website","url":"https:\/\/www.africa-press.net\/tchad\/","name":"tchad","description":"Just another Africa News Agency Sites site","potentialAction":[{"@type":"SearchAction","target":{"@type":"EntryPoint","urlTemplate":"https:\/\/www.africa-press.net\/tchad\/?s={search_term_string}"},"query-input":{"@type":"PropertyValueSpecification","valueRequired":true,"valueName":"search_term_string"}}],"inLanguage":"fr-FR"},{"@type":"Person","@id":"https:\/\/www.africa-press.net\/tchad\/#\/schema\/person\/2b1cf3cd81a31e3cd26889ca66d677f1","name":"cfeditorfr"}]}},"_links":{"self":[{"href":"https:\/\/www.africa-press.net\/tchad\/wp-json\/wp\/v2\/posts\/31258","targetHints":{"allow":["GET"]}}],"collection":[{"href":"https:\/\/www.africa-press.net\/tchad\/wp-json\/wp\/v2\/posts"}],"about":[{"href":"https:\/\/www.africa-press.net\/tchad\/wp-json\/wp\/v2\/types\/post"}],"author":[{"embeddable":true,"href":"https:\/\/www.africa-press.net\/tchad\/wp-json\/wp\/v2\/users\/82"}],"replies":[{"embeddable":true,"href":"https:\/\/www.africa-press.net\/tchad\/wp-json\/wp\/v2\/comments?post=31258"}],"version-history":[{"count":0,"href":"https:\/\/www.africa-press.net\/tchad\/wp-json\/wp\/v2\/posts\/31258\/revisions"}],"wp:featuredmedia":[{"embeddable":true,"href":"https:\/\/www.africa-press.net\/tchad\/wp-json\/wp\/v2\/media\/31257"}],"wp:attachment":[{"href":"https:\/\/www.africa-press.net\/tchad\/wp-json\/wp\/v2\/media?parent=31258"}],"wp:term":[{"taxonomy":"category","embeddable":true,"href":"https:\/\/www.africa-press.net\/tchad\/wp-json\/wp\/v2\/categories?post=31258"},{"taxonomy":"post_tag","embeddable":true,"href":"https:\/\/www.africa-press.net\/tchad\/wp-json\/wp\/v2\/tags?post=31258"}],"curies":[{"name":"wp","href":"https:\/\/api.w.org\/{rel}","templated":true}]}}