{"id":31261,"date":"2022-08-25T17:27:20","date_gmt":"2022-08-25T17:27:20","guid":{"rendered":"https:\/\/www.africa-press.net\/tchad\/politique\/tchad-moussa-faki-prepare-son-retour-a-la-fin-de-son-mandat"},"modified":"2022-08-25T17:42:34","modified_gmt":"2022-08-25T17:42:34","slug":"tchad-moussa-faki-prepare-son-retour-a-la-fin-de-son-mandat","status":"publish","type":"post","link":"https:\/\/www.africa-press.net\/tchad\/politique\/tchad-moussa-faki-prepare-son-retour-a-la-fin-de-son-mandat","title":{"rendered":"Tchad : \u00ab Moussa Faki pr\u00e9pare son retour \u00e0 la fin de son mandat \u00bb"},"content":{"rendered":"<p><span style=\"color: #ff6600\"><strong>Africa-Press &#8211; Tchad. <\/strong><\/span>En r\u00e9action au discours du pr\u00e9sident de la Commission de l&rsquo;Union Africaine, lors de l&rsquo;ouverture du Dialogue National Souverain et Inclusif, le politologue et juriste, Dr Maoundonodji Gilbert, affirme que le bilan fait par Moussa Faki Mahamat est partag\u00e9 par tout le monde, apr\u00e8s trois d\u00e9cennies de r\u00e8gne du r\u00e9gime MPS \u00ab car le pays ne tourne qu&rsquo;en rond \u00bb.<\/p>\n<p>Pour Dr Maoundonodji Gilbert, bien que Moussa Mahamat Faki a prononc\u00e9 un discours de v\u00e9rit\u00e9, il n&rsquo;a pas assum\u00e9 clairement le bilan du d\u00e9funt pr\u00e9sident Deby, puisqu&rsquo;il a \u00e9t\u00e9 plusieurs fois ministre sous Deby p\u00e8re.<\/p>\n<p>\u00ab Pourtant, il a \u00e9t\u00e9 un des artisans de ce r\u00e9gime, puisque qu&rsquo;il a \u00e9t\u00e9 plusieurs fois ministre et m\u00eame Premier ministre \u00bb, rel\u00e8ve le politologue.<\/p>\n<p>Dr Maoundonodji Gilbert souligne que le pr\u00e9sident de la Commission de l&rsquo;UA cherche un positionnement dans le nouveau paysage politique qui se dessine, et qui va se dessiner m\u00eame apr\u00e8s le Dialogue National Inclusif, car avec les prochaines \u00e9ch\u00e9ances \u00e9lectorales \u00e0 venir, peut-\u00eatre qu&rsquo;il pr\u00e9pare son retour au pays, \u00e0 la fin de son mandat \u00e0 la t\u00eate de l&rsquo;instance africaine.<\/p>\n<p><strong>Pour plus d&rsquo;informations et d&rsquo;analyses sur la <a href=\"https:\/\/www.africa-press.net\/tchad\">Tchad<\/a>, suivez <a href=\"https:\/\/www.africa-press.net\/\">Africa-Press<\/a><\/strong><\/p>\n","protected":false},"excerpt":{"rendered":"<p>Africa-Press &#8211; Tchad. En r\u00e9action au discours du pr\u00e9sident de la Commission de l&rsquo;Union Africaine, lors de l&rsquo;ouverture du Dialogue National Souverain et Inclusif, le politologue et juriste, Dr Maoundonodji Gilbert, affirme que le bilan fait par Moussa Faki Mahamat est partag\u00e9 par tout le monde, apr\u00e8s trois d\u00e9cennies de r\u00e8gne du r\u00e9gime MPS \u00ab [&hellip;]<\/p>\n","protected":false},"author":82,"featured_media":31260,"comment_status":"open","ping_status":"closed","sticky":false,"template":"","format":"standard","meta":{"footnotes":""},"categories":[11,2,10],"tags":[37,292,29],"class_list":["post-31261","post","type-post","status-publish","format-standard","has-post-thumbnail","hentry","category-homepage-french","category-politique","category-toutes-les-actualites","tag-africa-press","tag-africa-press-tchad","tag-tchad"],"yoast_head":"<!-- This site is optimized with the Yoast SEO Premium plugin v26.1 (Yoast SEO v27.0) - https:\/\/yoast.com\/product\/yoast-seo-premium-wordpress\/ -->\n<title>Tchad : \u00ab Moussa Faki pr\u00e9pare son retour \u00e0 la fin de son mandat \u00bb - tchad<\/title>\n<meta name=\"description\" content=\"En r\u00e9action au discours du pr\u00e9sident de la Commission de l&#039;Union Africaine, lors de l&#039;ouverture du Dialogue National Sou ...\" \/>\n<meta name=\"robots\" content=\"index, follow, max-snippet:-1, max-image-preview:large, max-video-preview:-1\" \/>\n<link rel=\"canonical\" href=\"https:\/\/www.africa-press.net\/tchad\/politique\/tchad-moussa-faki-prepare-son-retour-a-la-fin-de-son-mandat\" \/>\n<meta property=\"og:locale\" content=\"fr_FR\" \/>\n<meta property=\"og:type\" content=\"article\" \/>\n<meta property=\"og:title\" content=\"Tchad : \u00ab Moussa Faki pr\u00e9pare son retour \u00e0 la fin de son mandat \u00bb\" \/>\n<meta property=\"og:description\" content=\"En r\u00e9action au discours du pr\u00e9sident de la Commission de l&#039;Union Africaine, lors de l&#039;ouverture du Dialogue National Sou ...\" \/>\n<meta property=\"og:url\" content=\"https:\/\/www.africa-press.net\/tchad\/politique\/tchad-moussa-faki-prepare-son-retour-a-la-fin-de-son-mandat\" \/>\n<meta property=\"og:site_name\" content=\"tchad\" \/>\n<meta property=\"article:published_time\" content=\"2022-08-25T17:27:20+00:00\" \/>\n<meta property=\"article:modified_time\" content=\"2022-08-25T17:42:34+00:00\" \/>\n<meta property=\"og:image\" content=\"https:\/\/static.africa-press.net\/tchad\/sites\/41\/2022\/08\/postQueueImg_16-6307b476b3b4d.jpg\" \/>\n\t<meta property=\"og:image:width\" content=\"1080\" \/>\n\t<meta property=\"og:image:height\" content=\"718\" \/>\n\t<meta property=\"og:image:type\" content=\"image\/jpeg\" \/>\n<meta name=\"author\" content=\"cfeditorfr\" \/>\n<meta name=\"twitter:card\" content=\"summary_large_image\" \/>\n<meta name=\"twitter:label1\" content=\"\u00c9crit par\" \/>\n\t<meta name=\"twitter:data1\" content=\"cfeditorfr\" \/>\n\t<meta name=\"twitter:label2\" content=\"Dur\u00e9e de lecture estim\u00e9e\" \/>\n\t<meta name=\"twitter:data2\" content=\"1 minute\" \/>\n<script type=\"application\/ld+json\" class=\"yoast-schema-graph\">{\"@context\":\"https:\/\/schema.org\",\"@graph\":[{\"@type\":\"Article\",\"@id\":\"https:\/\/www.africa-press.net\/tchad\/politique\/tchad-moussa-faki-prepare-son-retour-a-la-fin-de-son-mandat#article\",\"isPartOf\":{\"@id\":\"https:\/\/www.africa-press.net\/tchad\/politique\/tchad-moussa-faki-prepare-son-retour-a-la-fin-de-son-mandat\"},\"author\":{\"name\":\"cfeditorfr\",\"@id\":\"https:\/\/www.africa-press.net\/tchad\/#\/schema\/person\/2b1cf3cd81a31e3cd26889ca66d677f1\"},\"headline\":\"Tchad : \u00ab Moussa Faki pr\u00e9pare son retour \u00e0 la fin de son mandat \u00bb\",\"datePublished\":\"2022-08-25T17:27:20+00:00\",\"dateModified\":\"2022-08-25T17:42:34+00:00\",\"mainEntityOfPage\":{\"@id\":\"https:\/\/www.africa-press.net\/tchad\/politique\/tchad-moussa-faki-prepare-son-retour-a-la-fin-de-son-mandat\"},\"wordCount\":231,\"commentCount\":0,\"image\":{\"@id\":\"https:\/\/www.africa-press.net\/tchad\/politique\/tchad-moussa-faki-prepare-son-retour-a-la-fin-de-son-mandat#primaryimage\"},\"thumbnailUrl\":\"https:\/\/static.africa-press.net\/tchad\/sites\/41\/2022\/08\/postQueueImg_16-6307b476b3b4d.jpg\",\"keywords\":[\"Africa Press\",\"Africa Press-Tchad\",\"Tchad\"],\"articleSection\":[\"homepage-french\",\"Politique\",\"Toutes les actualit\u00e9s\"],\"inLanguage\":\"fr-FR\",\"potentialAction\":[{\"@type\":\"CommentAction\",\"name\":\"Comment\",\"target\":[\"https:\/\/www.africa-press.net\/tchad\/politique\/tchad-moussa-faki-prepare-son-retour-a-la-fin-de-son-mandat#respond\"]}]},{\"@type\":\"WebPage\",\"@id\":\"https:\/\/www.africa-press.net\/tchad\/politique\/tchad-moussa-faki-prepare-son-retour-a-la-fin-de-son-mandat\",\"url\":\"https:\/\/www.africa-press.net\/tchad\/politique\/tchad-moussa-faki-prepare-son-retour-a-la-fin-de-son-mandat\",\"name\":\"Tchad : \u00ab Moussa Faki pr\u00e9pare son retour \u00e0 la fin de son mandat \u00bb - tchad\",\"isPartOf\":{\"@id\":\"https:\/\/www.africa-press.net\/tchad\/#website\"},\"primaryImageOfPage\":{\"@id\":\"https:\/\/www.africa-press.net\/tchad\/politique\/tchad-moussa-faki-prepare-son-retour-a-la-fin-de-son-mandat#primaryimage\"},\"image\":{\"@id\":\"https:\/\/www.africa-press.net\/tchad\/politique\/tchad-moussa-faki-prepare-son-retour-a-la-fin-de-son-mandat#primaryimage\"},\"thumbnailUrl\":\"https:\/\/static.africa-press.net\/tchad\/sites\/41\/2022\/08\/postQueueImg_16-6307b476b3b4d.jpg\",\"datePublished\":\"2022-08-25T17:27:20+00:00\",\"dateModified\":\"2022-08-25T17:42:34+00:00\",\"author\":{\"@id\":\"https:\/\/www.africa-press.net\/tchad\/#\/schema\/person\/2b1cf3cd81a31e3cd26889ca66d677f1\"},\"description\":\"En r\u00e9action au discours du pr\u00e9sident de la Commission de l'Union Africaine, lors de l'ouverture du Dialogue National Sou ...\",\"breadcrumb\":{\"@id\":\"https:\/\/www.africa-press.net\/tchad\/politique\/tchad-moussa-faki-prepare-son-retour-a-la-fin-de-son-mandat#breadcrumb\"},\"inLanguage\":\"fr-FR\",\"potentialAction\":[{\"@type\":\"ReadAction\",\"target\":[\"https:\/\/www.africa-press.net\/tchad\/politique\/tchad-moussa-faki-prepare-son-retour-a-la-fin-de-son-mandat\"]}]},{\"@type\":\"ImageObject\",\"inLanguage\":\"fr-FR\",\"@id\":\"https:\/\/www.africa-press.net\/tchad\/politique\/tchad-moussa-faki-prepare-son-retour-a-la-fin-de-son-mandat#primaryimage\",\"url\":\"https:\/\/static.africa-press.net\/tchad\/sites\/41\/2022\/08\/postQueueImg_16-6307b476b3b4d.jpg\",\"contentUrl\":\"https:\/\/static.africa-press.net\/tchad\/sites\/41\/2022\/08\/postQueueImg_16-6307b476b3b4d.jpg\",\"width\":1080,\"height\":718,\"caption\":\"Tchad : \u00ab Moussa Faki pr\u00e9pare son retour \u00e0 la fin de son mandat \u00bb\"},{\"@type\":\"BreadcrumbList\",\"@id\":\"https:\/\/www.africa-press.net\/tchad\/politique\/tchad-moussa-faki-prepare-son-retour-a-la-fin-de-son-mandat#breadcrumb\",\"itemListElement\":[{\"@type\":\"ListItem\",\"position\":1,\"name\":\"Accueil\",\"item\":\"https:\/\/www.africa-press.net\/tchad\/\"},{\"@type\":\"ListItem\",\"position\":2,\"name\":\"Tchad : \u00ab Moussa Faki pr\u00e9pare son retour \u00e0 la fin de son mandat \u00bb\"}]},{\"@type\":\"WebSite\",\"@id\":\"https:\/\/www.africa-press.net\/tchad\/#website\",\"url\":\"https:\/\/www.africa-press.net\/tchad\/\",\"name\":\"tchad\",\"description\":\"Just another Africa News Agency Sites site\",\"potentialAction\":[{\"@type\":\"SearchAction\",\"target\":{\"@type\":\"EntryPoint\",\"urlTemplate\":\"https:\/\/www.africa-press.net\/tchad\/?s={search_term_string}\"},\"query-input\":{\"@type\":\"PropertyValueSpecification\",\"valueRequired\":true,\"valueName\":\"search_term_string\"}}],\"inLanguage\":\"fr-FR\"},{\"@type\":\"Person\",\"@id\":\"https:\/\/www.africa-press.net\/tchad\/#\/schema\/person\/2b1cf3cd81a31e3cd26889ca66d677f1\",\"name\":\"cfeditorfr\"}]}<\/script>\n<!-- \/ Yoast SEO Premium plugin. -->","yoast_head_json":{"title":"Tchad : \u00ab Moussa Faki pr\u00e9pare son retour \u00e0 la fin de son mandat \u00bb - tchad","description":"En r\u00e9action au discours du pr\u00e9sident de la Commission de l'Union Africaine, lors de l'ouverture du Dialogue National Sou ...","robots":{"index":"index","follow":"follow","max-snippet":"max-snippet:-1","max-image-preview":"max-image-preview:large","max-video-preview":"max-video-preview:-1"},"canonical":"https:\/\/www.africa-press.net\/tchad\/politique\/tchad-moussa-faki-prepare-son-retour-a-la-fin-de-son-mandat","og_locale":"fr_FR","og_type":"article","og_title":"Tchad : \u00ab Moussa Faki pr\u00e9pare son retour \u00e0 la fin de son mandat \u00bb","og_description":"En r\u00e9action au discours du pr\u00e9sident de la Commission de l'Union Africaine, lors de l'ouverture du Dialogue National Sou ...","og_url":"https:\/\/www.africa-press.net\/tchad\/politique\/tchad-moussa-faki-prepare-son-retour-a-la-fin-de-son-mandat","og_site_name":"tchad","article_published_time":"2022-08-25T17:27:20+00:00","article_modified_time":"2022-08-25T17:42:34+00:00","og_image":[{"width":1080,"height":718,"url":"https:\/\/static.africa-press.net\/tchad\/sites\/41\/2022\/08\/postQueueImg_16-6307b476b3b4d.jpg","type":"image\/jpeg"}],"author":"cfeditorfr","twitter_card":"summary_large_image","twitter_misc":{"\u00c9crit par":"cfeditorfr","Dur\u00e9e de lecture estim\u00e9e":"1 minute"},"schema":{"@context":"https:\/\/schema.org","@graph":[{"@type":"Article","@id":"https:\/\/www.africa-press.net\/tchad\/politique\/tchad-moussa-faki-prepare-son-retour-a-la-fin-de-son-mandat#article","isPartOf":{"@id":"https:\/\/www.africa-press.net\/tchad\/politique\/tchad-moussa-faki-prepare-son-retour-a-la-fin-de-son-mandat"},"author":{"name":"cfeditorfr","@id":"https:\/\/www.africa-press.net\/tchad\/#\/schema\/person\/2b1cf3cd81a31e3cd26889ca66d677f1"},"headline":"Tchad : \u00ab Moussa Faki pr\u00e9pare son retour \u00e0 la fin de son mandat \u00bb","datePublished":"2022-08-25T17:27:20+00:00","dateModified":"2022-08-25T17:42:34+00:00","mainEntityOfPage":{"@id":"https:\/\/www.africa-press.net\/tchad\/politique\/tchad-moussa-faki-prepare-son-retour-a-la-fin-de-son-mandat"},"wordCount":231,"commentCount":0,"image":{"@id":"https:\/\/www.africa-press.net\/tchad\/politique\/tchad-moussa-faki-prepare-son-retour-a-la-fin-de-son-mandat#primaryimage"},"thumbnailUrl":"https:\/\/static.africa-press.net\/tchad\/sites\/41\/2022\/08\/postQueueImg_16-6307b476b3b4d.jpg","keywords":["Africa Press","Africa Press-Tchad","Tchad"],"articleSection":["homepage-french","Politique","Toutes les actualit\u00e9s"],"inLanguage":"fr-FR","potentialAction":[{"@type":"CommentAction","name":"Comment","target":["https:\/\/www.africa-press.net\/tchad\/politique\/tchad-moussa-faki-prepare-son-retour-a-la-fin-de-son-mandat#respond"]}]},{"@type":"WebPage","@id":"https:\/\/www.africa-press.net\/tchad\/politique\/tchad-moussa-faki-prepare-son-retour-a-la-fin-de-son-mandat","url":"https:\/\/www.africa-press.net\/tchad\/politique\/tchad-moussa-faki-prepare-son-retour-a-la-fin-de-son-mandat","name":"Tchad : \u00ab Moussa Faki pr\u00e9pare son retour \u00e0 la fin de son mandat \u00bb - tchad","isPartOf":{"@id":"https:\/\/www.africa-press.net\/tchad\/#website"},"primaryImageOfPage":{"@id":"https:\/\/www.africa-press.net\/tchad\/politique\/tchad-moussa-faki-prepare-son-retour-a-la-fin-de-son-mandat#primaryimage"},"image":{"@id":"https:\/\/www.africa-press.net\/tchad\/politique\/tchad-moussa-faki-prepare-son-retour-a-la-fin-de-son-mandat#primaryimage"},"thumbnailUrl":"https:\/\/static.africa-press.net\/tchad\/sites\/41\/2022\/08\/postQueueImg_16-6307b476b3b4d.jpg","datePublished":"2022-08-25T17:27:20+00:00","dateModified":"2022-08-25T17:42:34+00:00","author":{"@id":"https:\/\/www.africa-press.net\/tchad\/#\/schema\/person\/2b1cf3cd81a31e3cd26889ca66d677f1"},"description":"En r\u00e9action au discours du pr\u00e9sident de la Commission de l'Union Africaine, lors de l'ouverture du Dialogue National Sou ...","breadcrumb":{"@id":"https:\/\/www.africa-press.net\/tchad\/politique\/tchad-moussa-faki-prepare-son-retour-a-la-fin-de-son-mandat#breadcrumb"},"inLanguage":"fr-FR","potentialAction":[{"@type":"ReadAction","target":["https:\/\/www.africa-press.net\/tchad\/politique\/tchad-moussa-faki-prepare-son-retour-a-la-fin-de-son-mandat"]}]},{"@type":"ImageObject","inLanguage":"fr-FR","@id":"https:\/\/www.africa-press.net\/tchad\/politique\/tchad-moussa-faki-prepare-son-retour-a-la-fin-de-son-mandat#primaryimage","url":"https:\/\/static.africa-press.net\/tchad\/sites\/41\/2022\/08\/postQueueImg_16-6307b476b3b4d.jpg","contentUrl":"https:\/\/static.africa-press.net\/tchad\/sites\/41\/2022\/08\/postQueueImg_16-6307b476b3b4d.jpg","width":1080,"height":718,"caption":"Tchad : \u00ab Moussa Faki pr\u00e9pare son retour \u00e0 la fin de son mandat \u00bb"},{"@type":"BreadcrumbList","@id":"https:\/\/www.africa-press.net\/tchad\/politique\/tchad-moussa-faki-prepare-son-retour-a-la-fin-de-son-mandat#breadcrumb","itemListElement":[{"@type":"ListItem","position":1,"name":"Accueil","item":"https:\/\/www.africa-press.net\/tchad\/"},{"@type":"ListItem","position":2,"name":"Tchad : \u00ab Moussa Faki pr\u00e9pare son retour \u00e0 la fin de son mandat \u00bb"}]},{"@type":"WebSite","@id":"https:\/\/www.africa-press.net\/tchad\/#website","url":"https:\/\/www.africa-press.net\/tchad\/","name":"tchad","description":"Just another Africa News Agency Sites site","potentialAction":[{"@type":"SearchAction","target":{"@type":"EntryPoint","urlTemplate":"https:\/\/www.africa-press.net\/tchad\/?s={search_term_string}"},"query-input":{"@type":"PropertyValueSpecification","valueRequired":true,"valueName":"search_term_string"}}],"inLanguage":"fr-FR"},{"@type":"Person","@id":"https:\/\/www.africa-press.net\/tchad\/#\/schema\/person\/2b1cf3cd81a31e3cd26889ca66d677f1","name":"cfeditorfr"}]}},"_links":{"self":[{"href":"https:\/\/www.africa-press.net\/tchad\/wp-json\/wp\/v2\/posts\/31261","targetHints":{"allow":["GET"]}}],"collection":[{"href":"https:\/\/www.africa-press.net\/tchad\/wp-json\/wp\/v2\/posts"}],"about":[{"href":"https:\/\/www.africa-press.net\/tchad\/wp-json\/wp\/v2\/types\/post"}],"author":[{"embeddable":true,"href":"https:\/\/www.africa-press.net\/tchad\/wp-json\/wp\/v2\/users\/82"}],"replies":[{"embeddable":true,"href":"https:\/\/www.africa-press.net\/tchad\/wp-json\/wp\/v2\/comments?post=31261"}],"version-history":[{"count":0,"href":"https:\/\/www.africa-press.net\/tchad\/wp-json\/wp\/v2\/posts\/31261\/revisions"}],"wp:featuredmedia":[{"embeddable":true,"href":"https:\/\/www.africa-press.net\/tchad\/wp-json\/wp\/v2\/media\/31260"}],"wp:attachment":[{"href":"https:\/\/www.africa-press.net\/tchad\/wp-json\/wp\/v2\/media?parent=31261"}],"wp:term":[{"taxonomy":"category","embeddable":true,"href":"https:\/\/www.africa-press.net\/tchad\/wp-json\/wp\/v2\/categories?post=31261"},{"taxonomy":"post_tag","embeddable":true,"href":"https:\/\/www.africa-press.net\/tchad\/wp-json\/wp\/v2\/tags?post=31261"}],"curies":[{"name":"wp","href":"https:\/\/api.w.org\/{rel}","templated":true}]}}