{"id":31264,"date":"2022-08-25T17:28:12","date_gmt":"2022-08-25T17:28:12","guid":{"rendered":"https:\/\/www.africa-press.net\/tchad\/politique\/tchad-blocus-au-dialogue-national-pour-ladoption-du-reglement"},"modified":"2022-08-25T17:43:00","modified_gmt":"2022-08-25T17:43:00","slug":"tchad-blocus-au-dialogue-national-pour-ladoption-du-reglement","status":"publish","type":"post","link":"https:\/\/www.africa-press.net\/tchad\/politique\/tchad-blocus-au-dialogue-national-pour-ladoption-du-reglement","title":{"rendered":"Tchad : blocus au Dialogue national pour l&rsquo;adoption du r\u00e8glement"},"content":{"rendered":"<p><span style=\"color: #ff6600\"><strong>Africa-Press &#8211; Tchad. <\/strong><\/span>Les participants au Dialogue national inclusif ne parviennent pas \u00e0 s&rsquo;entendre sur l&rsquo;adoption du r\u00e8glement int\u00e9rieur, une \u00e9tape qui pr\u00e9c\u00e8de la mise sur pied du pr\u00e9sidium.<\/p>\n<p>Le ministre d&rsquo;\u00c9tat et pr\u00e9sident du comit\u00e9 d&rsquo;organisation des assises, Acheikh Ibni Oumar, reconnait un d\u00e9marrage difficile, mais demande aux participants de ne pas abuser de la patience.<\/p>\n<p>Une grande partie des intervenants demandent \u00e0 ce que la pl\u00e9ni\u00e8re s&rsquo;entendent souverainement sur les personnes qui doivent g\u00e9rer la suite des d\u00e9bats, jusqu&rsquo;\u00e0 la mise sur pied du pr\u00e9sidium. Certains proposent un comit\u00e9 d&rsquo;\u00e2ge par exemple. Le comit\u00e9 d&rsquo;organisation semble oppos\u00e9 \u00e0 cette proposition. \u00ab La discipline est un objet tr\u00e8s important pour la bonne marche des travaux.<\/p>\n<p>En l&rsquo;absence de r\u00e8glement int\u00e9rieur, notre seule arme c&rsquo;est de faire appel \u00e0 votre conscience patriotique \u00bb, rappelle Acheikh Ibni Oumar. Le pr\u00e9sident du parti URT, Siddikh Abdelkerim Haggar, souligne que la d\u00e9marche n&rsquo;est pas bonne. \u00ab Si la pl\u00e9ni\u00e8re est souveraine, nous sugg\u00e9rons que le CODNI se retire. Nous allons mettre en place un bureau de s\u00e9ance qui va \u00e9lire un bureau du pr\u00e9sidium. La d\u00e9marche n&rsquo;est pas bonne \u00bb, dit-il.<\/p>\n<p>Les \u00e9changes se poursuivent au Palais de la culture.<\/p>\n<p><strong>Pour plus d&rsquo;informations et d&rsquo;analyses sur la <a href=\"https:\/\/www.africa-press.net\/tchad\">Tchad<\/a>, suivez <a href=\"https:\/\/www.africa-press.net\/\">Africa-Press<\/a><\/strong><\/p>\n","protected":false},"excerpt":{"rendered":"<p>Africa-Press &#8211; Tchad. Les participants au Dialogue national inclusif ne parviennent pas \u00e0 s&rsquo;entendre sur l&rsquo;adoption du r\u00e8glement int\u00e9rieur, une \u00e9tape qui pr\u00e9c\u00e8de la mise sur pied du pr\u00e9sidium. Le ministre d&rsquo;\u00c9tat et pr\u00e9sident du comit\u00e9 d&rsquo;organisation des assises, Acheikh Ibni Oumar, reconnait un d\u00e9marrage difficile, mais demande aux participants de ne pas abuser de [&hellip;]<\/p>\n","protected":false},"author":82,"featured_media":31263,"comment_status":"open","ping_status":"closed","sticky":false,"template":"","format":"standard","meta":{"footnotes":""},"categories":[11,2,10],"tags":[37,292,29],"class_list":["post-31264","post","type-post","status-publish","format-standard","has-post-thumbnail","hentry","category-homepage-french","category-politique","category-toutes-les-actualites","tag-africa-press","tag-africa-press-tchad","tag-tchad"],"yoast_head":"<!-- This site is optimized with the Yoast SEO Premium plugin v26.1 (Yoast SEO v27.0) - https:\/\/yoast.com\/product\/yoast-seo-premium-wordpress\/ -->\n<title>Tchad : blocus au Dialogue national pour l&#039;adoption du r\u00e8glement - tchad<\/title>\n<meta name=\"description\" content=\"Les participants au Dialogue national inclusif ne parviennent pas \u00e0 s&#039;entendre sur l&#039;adoption du r\u00e8glement int\u00e9rieur, un ...\" \/>\n<meta name=\"robots\" content=\"index, follow, max-snippet:-1, max-image-preview:large, max-video-preview:-1\" \/>\n<link rel=\"canonical\" href=\"https:\/\/www.africa-press.net\/tchad\/politique\/tchad-blocus-au-dialogue-national-pour-ladoption-du-reglement\" \/>\n<meta property=\"og:locale\" content=\"fr_FR\" \/>\n<meta property=\"og:type\" content=\"article\" \/>\n<meta property=\"og:title\" content=\"Tchad : blocus au Dialogue national pour l&#039;adoption du r\u00e8glement\" \/>\n<meta property=\"og:description\" content=\"Les participants au Dialogue national inclusif ne parviennent pas \u00e0 s&#039;entendre sur l&#039;adoption du r\u00e8glement int\u00e9rieur, un ...\" \/>\n<meta property=\"og:url\" content=\"https:\/\/www.africa-press.net\/tchad\/politique\/tchad-blocus-au-dialogue-national-pour-ladoption-du-reglement\" \/>\n<meta property=\"og:site_name\" content=\"tchad\" \/>\n<meta property=\"article:published_time\" content=\"2022-08-25T17:28:12+00:00\" \/>\n<meta property=\"article:modified_time\" content=\"2022-08-25T17:43:00+00:00\" \/>\n<meta property=\"og:image\" content=\"https:\/\/static.africa-press.net\/tchad\/sites\/41\/2022\/08\/postQueueImg_17-6307b49145465.jpg\" \/>\n\t<meta property=\"og:image:width\" content=\"1080\" \/>\n\t<meta property=\"og:image:height\" content=\"718\" \/>\n\t<meta property=\"og:image:type\" content=\"image\/jpeg\" \/>\n<meta name=\"author\" content=\"cfeditorfr\" \/>\n<meta name=\"twitter:card\" content=\"summary_large_image\" \/>\n<meta name=\"twitter:label1\" content=\"\u00c9crit par\" \/>\n\t<meta name=\"twitter:data1\" content=\"cfeditorfr\" \/>\n\t<meta name=\"twitter:label2\" content=\"Dur\u00e9e de lecture estim\u00e9e\" \/>\n\t<meta name=\"twitter:data2\" content=\"2 minutes\" \/>\n<script type=\"application\/ld+json\" class=\"yoast-schema-graph\">{\"@context\":\"https:\/\/schema.org\",\"@graph\":[{\"@type\":\"Article\",\"@id\":\"https:\/\/www.africa-press.net\/tchad\/politique\/tchad-blocus-au-dialogue-national-pour-ladoption-du-reglement#article\",\"isPartOf\":{\"@id\":\"https:\/\/www.africa-press.net\/tchad\/politique\/tchad-blocus-au-dialogue-national-pour-ladoption-du-reglement\"},\"author\":{\"name\":\"cfeditorfr\",\"@id\":\"https:\/\/www.africa-press.net\/tchad\/#\/schema\/person\/2b1cf3cd81a31e3cd26889ca66d677f1\"},\"headline\":\"Tchad : blocus au Dialogue national pour l&rsquo;adoption du r\u00e8glement\",\"datePublished\":\"2022-08-25T17:28:12+00:00\",\"dateModified\":\"2022-08-25T17:43:00+00:00\",\"mainEntityOfPage\":{\"@id\":\"https:\/\/www.africa-press.net\/tchad\/politique\/tchad-blocus-au-dialogue-national-pour-ladoption-du-reglement\"},\"wordCount\":246,\"commentCount\":0,\"image\":{\"@id\":\"https:\/\/www.africa-press.net\/tchad\/politique\/tchad-blocus-au-dialogue-national-pour-ladoption-du-reglement#primaryimage\"},\"thumbnailUrl\":\"https:\/\/static.africa-press.net\/tchad\/sites\/41\/2022\/08\/postQueueImg_17-6307b49145465.jpg\",\"keywords\":[\"Africa Press\",\"Africa Press-Tchad\",\"Tchad\"],\"articleSection\":[\"homepage-french\",\"Politique\",\"Toutes les actualit\u00e9s\"],\"inLanguage\":\"fr-FR\",\"potentialAction\":[{\"@type\":\"CommentAction\",\"name\":\"Comment\",\"target\":[\"https:\/\/www.africa-press.net\/tchad\/politique\/tchad-blocus-au-dialogue-national-pour-ladoption-du-reglement#respond\"]}]},{\"@type\":\"WebPage\",\"@id\":\"https:\/\/www.africa-press.net\/tchad\/politique\/tchad-blocus-au-dialogue-national-pour-ladoption-du-reglement\",\"url\":\"https:\/\/www.africa-press.net\/tchad\/politique\/tchad-blocus-au-dialogue-national-pour-ladoption-du-reglement\",\"name\":\"Tchad : blocus au Dialogue national pour l'adoption du r\u00e8glement - tchad\",\"isPartOf\":{\"@id\":\"https:\/\/www.africa-press.net\/tchad\/#website\"},\"primaryImageOfPage\":{\"@id\":\"https:\/\/www.africa-press.net\/tchad\/politique\/tchad-blocus-au-dialogue-national-pour-ladoption-du-reglement#primaryimage\"},\"image\":{\"@id\":\"https:\/\/www.africa-press.net\/tchad\/politique\/tchad-blocus-au-dialogue-national-pour-ladoption-du-reglement#primaryimage\"},\"thumbnailUrl\":\"https:\/\/static.africa-press.net\/tchad\/sites\/41\/2022\/08\/postQueueImg_17-6307b49145465.jpg\",\"datePublished\":\"2022-08-25T17:28:12+00:00\",\"dateModified\":\"2022-08-25T17:43:00+00:00\",\"author\":{\"@id\":\"https:\/\/www.africa-press.net\/tchad\/#\/schema\/person\/2b1cf3cd81a31e3cd26889ca66d677f1\"},\"description\":\"Les participants au Dialogue national inclusif ne parviennent pas \u00e0 s'entendre sur l'adoption du r\u00e8glement int\u00e9rieur, un ...\",\"breadcrumb\":{\"@id\":\"https:\/\/www.africa-press.net\/tchad\/politique\/tchad-blocus-au-dialogue-national-pour-ladoption-du-reglement#breadcrumb\"},\"inLanguage\":\"fr-FR\",\"potentialAction\":[{\"@type\":\"ReadAction\",\"target\":[\"https:\/\/www.africa-press.net\/tchad\/politique\/tchad-blocus-au-dialogue-national-pour-ladoption-du-reglement\"]}]},{\"@type\":\"ImageObject\",\"inLanguage\":\"fr-FR\",\"@id\":\"https:\/\/www.africa-press.net\/tchad\/politique\/tchad-blocus-au-dialogue-national-pour-ladoption-du-reglement#primaryimage\",\"url\":\"https:\/\/static.africa-press.net\/tchad\/sites\/41\/2022\/08\/postQueueImg_17-6307b49145465.jpg\",\"contentUrl\":\"https:\/\/static.africa-press.net\/tchad\/sites\/41\/2022\/08\/postQueueImg_17-6307b49145465.jpg\",\"width\":1080,\"height\":718,\"caption\":\"Tchad : blocus au Dialogue national pour l'adoption du r\u00e8glement\"},{\"@type\":\"BreadcrumbList\",\"@id\":\"https:\/\/www.africa-press.net\/tchad\/politique\/tchad-blocus-au-dialogue-national-pour-ladoption-du-reglement#breadcrumb\",\"itemListElement\":[{\"@type\":\"ListItem\",\"position\":1,\"name\":\"Accueil\",\"item\":\"https:\/\/www.africa-press.net\/tchad\/\"},{\"@type\":\"ListItem\",\"position\":2,\"name\":\"Tchad : blocus au Dialogue national pour l&#8217;adoption du r\u00e8glement\"}]},{\"@type\":\"WebSite\",\"@id\":\"https:\/\/www.africa-press.net\/tchad\/#website\",\"url\":\"https:\/\/www.africa-press.net\/tchad\/\",\"name\":\"tchad\",\"description\":\"Just another Africa News Agency Sites site\",\"potentialAction\":[{\"@type\":\"SearchAction\",\"target\":{\"@type\":\"EntryPoint\",\"urlTemplate\":\"https:\/\/www.africa-press.net\/tchad\/?s={search_term_string}\"},\"query-input\":{\"@type\":\"PropertyValueSpecification\",\"valueRequired\":true,\"valueName\":\"search_term_string\"}}],\"inLanguage\":\"fr-FR\"},{\"@type\":\"Person\",\"@id\":\"https:\/\/www.africa-press.net\/tchad\/#\/schema\/person\/2b1cf3cd81a31e3cd26889ca66d677f1\",\"name\":\"cfeditorfr\"}]}<\/script>\n<!-- \/ Yoast SEO Premium plugin. -->","yoast_head_json":{"title":"Tchad : blocus au Dialogue national pour l'adoption du r\u00e8glement - tchad","description":"Les participants au Dialogue national inclusif ne parviennent pas \u00e0 s'entendre sur l'adoption du r\u00e8glement int\u00e9rieur, un ...","robots":{"index":"index","follow":"follow","max-snippet":"max-snippet:-1","max-image-preview":"max-image-preview:large","max-video-preview":"max-video-preview:-1"},"canonical":"https:\/\/www.africa-press.net\/tchad\/politique\/tchad-blocus-au-dialogue-national-pour-ladoption-du-reglement","og_locale":"fr_FR","og_type":"article","og_title":"Tchad : blocus au Dialogue national pour l'adoption du r\u00e8glement","og_description":"Les participants au Dialogue national inclusif ne parviennent pas \u00e0 s'entendre sur l'adoption du r\u00e8glement int\u00e9rieur, un ...","og_url":"https:\/\/www.africa-press.net\/tchad\/politique\/tchad-blocus-au-dialogue-national-pour-ladoption-du-reglement","og_site_name":"tchad","article_published_time":"2022-08-25T17:28:12+00:00","article_modified_time":"2022-08-25T17:43:00+00:00","og_image":[{"width":1080,"height":718,"url":"https:\/\/static.africa-press.net\/tchad\/sites\/41\/2022\/08\/postQueueImg_17-6307b49145465.jpg","type":"image\/jpeg"}],"author":"cfeditorfr","twitter_card":"summary_large_image","twitter_misc":{"\u00c9crit par":"cfeditorfr","Dur\u00e9e de lecture estim\u00e9e":"2 minutes"},"schema":{"@context":"https:\/\/schema.org","@graph":[{"@type":"Article","@id":"https:\/\/www.africa-press.net\/tchad\/politique\/tchad-blocus-au-dialogue-national-pour-ladoption-du-reglement#article","isPartOf":{"@id":"https:\/\/www.africa-press.net\/tchad\/politique\/tchad-blocus-au-dialogue-national-pour-ladoption-du-reglement"},"author":{"name":"cfeditorfr","@id":"https:\/\/www.africa-press.net\/tchad\/#\/schema\/person\/2b1cf3cd81a31e3cd26889ca66d677f1"},"headline":"Tchad : blocus au Dialogue national pour l&rsquo;adoption du r\u00e8glement","datePublished":"2022-08-25T17:28:12+00:00","dateModified":"2022-08-25T17:43:00+00:00","mainEntityOfPage":{"@id":"https:\/\/www.africa-press.net\/tchad\/politique\/tchad-blocus-au-dialogue-national-pour-ladoption-du-reglement"},"wordCount":246,"commentCount":0,"image":{"@id":"https:\/\/www.africa-press.net\/tchad\/politique\/tchad-blocus-au-dialogue-national-pour-ladoption-du-reglement#primaryimage"},"thumbnailUrl":"https:\/\/static.africa-press.net\/tchad\/sites\/41\/2022\/08\/postQueueImg_17-6307b49145465.jpg","keywords":["Africa Press","Africa Press-Tchad","Tchad"],"articleSection":["homepage-french","Politique","Toutes les actualit\u00e9s"],"inLanguage":"fr-FR","potentialAction":[{"@type":"CommentAction","name":"Comment","target":["https:\/\/www.africa-press.net\/tchad\/politique\/tchad-blocus-au-dialogue-national-pour-ladoption-du-reglement#respond"]}]},{"@type":"WebPage","@id":"https:\/\/www.africa-press.net\/tchad\/politique\/tchad-blocus-au-dialogue-national-pour-ladoption-du-reglement","url":"https:\/\/www.africa-press.net\/tchad\/politique\/tchad-blocus-au-dialogue-national-pour-ladoption-du-reglement","name":"Tchad : blocus au Dialogue national pour l'adoption du r\u00e8glement - tchad","isPartOf":{"@id":"https:\/\/www.africa-press.net\/tchad\/#website"},"primaryImageOfPage":{"@id":"https:\/\/www.africa-press.net\/tchad\/politique\/tchad-blocus-au-dialogue-national-pour-ladoption-du-reglement#primaryimage"},"image":{"@id":"https:\/\/www.africa-press.net\/tchad\/politique\/tchad-blocus-au-dialogue-national-pour-ladoption-du-reglement#primaryimage"},"thumbnailUrl":"https:\/\/static.africa-press.net\/tchad\/sites\/41\/2022\/08\/postQueueImg_17-6307b49145465.jpg","datePublished":"2022-08-25T17:28:12+00:00","dateModified":"2022-08-25T17:43:00+00:00","author":{"@id":"https:\/\/www.africa-press.net\/tchad\/#\/schema\/person\/2b1cf3cd81a31e3cd26889ca66d677f1"},"description":"Les participants au Dialogue national inclusif ne parviennent pas \u00e0 s'entendre sur l'adoption du r\u00e8glement int\u00e9rieur, un ...","breadcrumb":{"@id":"https:\/\/www.africa-press.net\/tchad\/politique\/tchad-blocus-au-dialogue-national-pour-ladoption-du-reglement#breadcrumb"},"inLanguage":"fr-FR","potentialAction":[{"@type":"ReadAction","target":["https:\/\/www.africa-press.net\/tchad\/politique\/tchad-blocus-au-dialogue-national-pour-ladoption-du-reglement"]}]},{"@type":"ImageObject","inLanguage":"fr-FR","@id":"https:\/\/www.africa-press.net\/tchad\/politique\/tchad-blocus-au-dialogue-national-pour-ladoption-du-reglement#primaryimage","url":"https:\/\/static.africa-press.net\/tchad\/sites\/41\/2022\/08\/postQueueImg_17-6307b49145465.jpg","contentUrl":"https:\/\/static.africa-press.net\/tchad\/sites\/41\/2022\/08\/postQueueImg_17-6307b49145465.jpg","width":1080,"height":718,"caption":"Tchad : blocus au Dialogue national pour l'adoption du r\u00e8glement"},{"@type":"BreadcrumbList","@id":"https:\/\/www.africa-press.net\/tchad\/politique\/tchad-blocus-au-dialogue-national-pour-ladoption-du-reglement#breadcrumb","itemListElement":[{"@type":"ListItem","position":1,"name":"Accueil","item":"https:\/\/www.africa-press.net\/tchad\/"},{"@type":"ListItem","position":2,"name":"Tchad : blocus au Dialogue national pour l&#8217;adoption du r\u00e8glement"}]},{"@type":"WebSite","@id":"https:\/\/www.africa-press.net\/tchad\/#website","url":"https:\/\/www.africa-press.net\/tchad\/","name":"tchad","description":"Just another Africa News Agency Sites site","potentialAction":[{"@type":"SearchAction","target":{"@type":"EntryPoint","urlTemplate":"https:\/\/www.africa-press.net\/tchad\/?s={search_term_string}"},"query-input":{"@type":"PropertyValueSpecification","valueRequired":true,"valueName":"search_term_string"}}],"inLanguage":"fr-FR"},{"@type":"Person","@id":"https:\/\/www.africa-press.net\/tchad\/#\/schema\/person\/2b1cf3cd81a31e3cd26889ca66d677f1","name":"cfeditorfr"}]}},"_links":{"self":[{"href":"https:\/\/www.africa-press.net\/tchad\/wp-json\/wp\/v2\/posts\/31264","targetHints":{"allow":["GET"]}}],"collection":[{"href":"https:\/\/www.africa-press.net\/tchad\/wp-json\/wp\/v2\/posts"}],"about":[{"href":"https:\/\/www.africa-press.net\/tchad\/wp-json\/wp\/v2\/types\/post"}],"author":[{"embeddable":true,"href":"https:\/\/www.africa-press.net\/tchad\/wp-json\/wp\/v2\/users\/82"}],"replies":[{"embeddable":true,"href":"https:\/\/www.africa-press.net\/tchad\/wp-json\/wp\/v2\/comments?post=31264"}],"version-history":[{"count":0,"href":"https:\/\/www.africa-press.net\/tchad\/wp-json\/wp\/v2\/posts\/31264\/revisions"}],"wp:featuredmedia":[{"embeddable":true,"href":"https:\/\/www.africa-press.net\/tchad\/wp-json\/wp\/v2\/media\/31263"}],"wp:attachment":[{"href":"https:\/\/www.africa-press.net\/tchad\/wp-json\/wp\/v2\/media?parent=31264"}],"wp:term":[{"taxonomy":"category","embeddable":true,"href":"https:\/\/www.africa-press.net\/tchad\/wp-json\/wp\/v2\/categories?post=31264"},{"taxonomy":"post_tag","embeddable":true,"href":"https:\/\/www.africa-press.net\/tchad\/wp-json\/wp\/v2\/tags?post=31264"}],"curies":[{"name":"wp","href":"https:\/\/api.w.org\/{rel}","templated":true}]}}