{"id":31267,"date":"2022-08-25T17:28:20","date_gmt":"2022-08-25T17:28:20","guid":{"rendered":"https:\/\/www.africa-press.net\/tchad\/politique\/abbas-mahamat-tolli-beac-je-nai-rien-a-me-reprocher"},"modified":"2022-08-25T17:43:28","modified_gmt":"2022-08-25T17:43:28","slug":"abbas-mahamat-tolli-beac-je-nai-rien-a-me-reprocher","status":"publish","type":"post","link":"https:\/\/www.africa-press.net\/tchad\/economie\/abbas-mahamat-tolli-beac-je-nai-rien-a-me-reprocher","title":{"rendered":"Abbas Mahamat Tolli (BEAC) : \u00ab Je n\u2019ai rien \u00e0 me reprocher \u00bb"},"content":{"rendered":"<p><span style=\"color: #ff6600\"><strong>Africa-Press &#8211; Tchad. <\/strong><\/span>Recrutements \u00e0 la BEAC, adoption du bitcoin en Centrafrique, r\u00e9forme du franc CFA, dialogue national et \u00e9lection pr\u00e9sidentielle au Tchad\u2026 Le gouverneur de la Banque des \u00c9tats de l\u2019Afrique centrale a r\u00e9pondu aux questions de Jeune Afrique.<\/p>\n<p>\u00ab Je rejette tout en bloc ! \u00bb Le Tchadien Abbas Mahamat Tolli n\u2019en d\u00e9mord pas : les accusations de n\u00e9potisme et de favoritisme dont Jeune Afrique s\u2019est fait l\u2019\u00e9cho d\u00e9but ao\u00fbt et les critiques qui l\u2019ont vis\u00e9 sur le processus de recrutement des agents de la Banque des \u00c9tats de l\u2019Afrique centrale (BEAC) sont les fruits d\u2019une \u00ab v\u00e9ritable cabale \u00bb contre sa personne. \u00ab J\u2019ai toujours g\u00e9r\u00e9 ma carri\u00e8re avec \u00e9thique et d\u00e9ontologie \u00bb, insiste le gouverneur.<\/p>\n<p>Il faut dire que dans cette affaire qui agite la Communaut\u00e9 \u00e9conomique des \u00c9tats de l\u2019Afrique centrale (Cemac), le neveu de feu Idriss D\u00e9by Itno sait qu\u2019il joue gros. Alors, pied \u00e0 pied, il se d\u00e9fend. Et alors que certains regards se tournent vers la Centrafrique de Faustin-Archange Touad\u00e9ra, avec laquelle il a engag\u00e9 il y a quelques mois un bras de fer au sujet de l\u2019adoption du bitcoin, il d\u00e9fend l\u00e0 aussi la position de la Banque centrale qu\u2019il dirige depuis 2017. Interview.<\/p>\n<p>Jeune Afrique : Le concours de recrutement lanc\u00e9 en mai par la BEAC fait l\u2019objet d\u2019une vive pol\u00e9mique. On parle de favoritisme et de n\u00e9potisme. Le ministre centrafricain des Finances Herv\u00e9 Ndoba, pr\u00e9sident du conseil d\u2019administration de l\u2019\u00e9tablissement, vous a adress\u00e9 le 1er ao\u00fbt un courrier dans lequel il met en question la cr\u00e9dibilit\u00e9 du processus et demande sa suspension. Comment avez-vous r\u00e9agi ?<\/p>\n<p>Abbas Mahamat Tolli : J\u2019ai effectivement re\u00e7u ce courrier et j\u2019ai d\u2019abord eu des doutes sur son authenticit\u00e9, mais les services de la banque m\u2019ont confirm\u00e9 qu\u2019il \u00e9manait bien du pr\u00e9sident du conseil d\u2019administration. J\u2019ai donc r\u00e9pondu en indiquant que le recrutement du personnel \u00e9tait une op\u00e9ration classique qui relevait de la gestion quotidienne de la banque et qui ne faisait m\u00eame pas l\u2019objet d\u2019une d\u00e9cision personnelle du gouverneur que je suis !<\/p>\n<p>Le conseil d\u2019administration, qui avait d\u00e9j\u00e0 donn\u00e9 ses approbations budg\u00e9taires pour financer cette op\u00e9ration, pouvait exercer, s\u2019il le souhaitait, un contr\u00f4le a posteriori. J\u2019ai \u00e9galement donn\u00e9 au ministre Herv\u00e9 Ndoba l\u2019assurance que la proc\u00e9dure de recrutement respectait les textes de la BEAC.<\/p>\n<p>J\u2019ajoute que l\u2019op\u00e9ration, totalement externalis\u00e9e, n\u2019est pas encore arriv\u00e9e \u00e0 son terme. Il est donc pr\u00e9matur\u00e9 d\u2019\u00e9mettre un avis sur sa cr\u00e9dibilit\u00e9. Les noms des candidats admissibles aux \u00e9preuves orales ont \u00e9t\u00e9 publi\u00e9s. Attendons d\u2019avoir la liste d\u00e9finitive.<\/p>\n<p>JE SUIS LE SEUL GOUVERNEUR QUI N\u2019A NI PARENT, NI NEVEU, NI COUSIN DANS L\u2019UNE OU L\u2019AUTRE DES CAT\u00c9GORIES DE PERSONNEL<\/p>\n<p>Mais Herv\u00e9 Ndoba a demand\u00e9 au comit\u00e9 d\u2019audit d\u2019ouvrir une enqu\u00eate\u2026<\/p>\n<p>Sa d\u00e9marche est un peu probl\u00e9matique en ce qu\u2019elle proc\u00e8de d\u2019une action totalement individuelle, sans examen pr\u00e9alable du conseil d\u2019administration. Le pr\u00e9sident de ce dernier n\u2019est que le primus inter pares, il a juste une voix pr\u00e9pond\u00e9rante dans les arbitrages. Il ne peut de son propre chef donner des instructions au conseil d\u2019administration et encore moins au comit\u00e9 d\u2019audit.<\/p>\n<p>Que r\u00e9pondez-vous \u00e0 ceux qui font valoir que, parmi les personnes admissibles, figurent un certain nombre de vos proches ?<\/p>\n<p>\u00c0 ce jour, je suis \u2013 et je tiens vraiment \u00e0 le pr\u00e9ciser \u2013 le seul gouverneur qui n\u2019a ni parent, ni neveu, ni cousin dans l\u2019une ou l\u2019autre des cat\u00e9gories de personnel. J\u2019insiste sur ce point. Je n\u2019ai rien \u00e0 me reprocher. J\u2019arrive \u00e0 la fin de mon mandat et ce n\u2019est pas maintenant que je vais compromettre toute une carri\u00e8re que j\u2019ai jusqu\u2019ici g\u00e9r\u00e9e avec \u00e9thique et d\u00e9ontologie. Un exemple : la nomination des directeurs centraux est du ressort du gouverneur, mais j\u2019ai d\u00e9cid\u00e9 que lorsque ces postes sont vacants, ils devaient \u00eatre pourvus par voie de concours. On parle ici de managers de haut niveau, qui ont beaucoup d\u2019influence sur la prise de d\u00e9cision. Si j\u2019entends que ces collaborateurs-l\u00e0 soient recrut\u00e9s de fa\u00e7on transparente, je ne vais certainement pas me compromettre dans le recrutement des plus jeunes.<\/p>\n<p>C\u2019est vrai que certains me sont apparent\u00e9s. Mais la personne qui porte le m\u00eame patronyme que moi est arriv\u00e9e premier dans sa discipline, parmi les candidats tchadiens. Il y a v\u00e9ritablement une cabale derri\u00e8re tout cela. Il faut savoir raison garder en attendant la fin du processus. Le conseil appr\u00e9ciera s\u2019il faut ou non faire la lumi\u00e8re sur cette affaire pour restaurer la cr\u00e9dibilit\u00e9 des uns et des autres.<\/p>\n<p>Et les accusations de favoritisme et de n\u00e9potisme ?<\/p>\n<p>Je rejette tout cela en bloc.<\/p>\n<p>Herv\u00e9 Ndoba est \u00e9galement le ministre des Finances de la Centrafrique, pays avec lequel est engag\u00e9 un bras de fer autour de la question des cryptomonnaies. Est-ce li\u00e9 ?<\/p>\n<p>Je ne souhaite pas sp\u00e9culer, d\u2019autant que la banque n\u2019a fait que relever le probl\u00e8me de conformit\u00e9 entre la loi centrafricaine et le cadre normatif de l\u2019Union mon\u00e9taire de l\u2019Afrique centrale [Umac]. Herv\u00e9 Ndoba, par une r\u00e9solution qu\u2019il avait lui-m\u00eame sign\u00e9e \u00e0 l\u2019issue du conseil des ministres de l\u2019Umac, l\u2019avait reconnu et l\u2019Umac a donn\u00e9 des orientations pour que ce probl\u00e8me de conformit\u00e9 soit r\u00e9solu.<\/p>\n<p>Quelle est exactement votre position sur les cryptomonnaies qui ont d\u00e9sormais cours en Centrafrique ? Peuvent-elles cohabiter avec le franc CFA dans la zone Cemac ?<\/p>\n<p>Le probl\u00e8me, ce ne sont pas les cryptomonnaies. Les conventions instituant l\u2019Umac sont claires : il n\u2019y a qu\u2019une seule monnaie dans la zone, le franc CFA, et il n\u2019a pas encore de forme virtuelle.<\/p>\n<p>Pour nous, les cryptomonnaies n\u2019ont pas de vocation transactionnelle. D\u2019ailleurs, la Cobac [Commission bancaire de l\u2019Afrique centrale] a interdit aux \u00e9tablissements de cr\u00e9dit et aux soci\u00e9t\u00e9s de paiement ainsi qu\u2019\u00e0 leurs partenaires et aux bureaux de change de souscrire ou de d\u00e9tenir, pour leur propre compte ou pour le compte de tiers, de la cryptomonnaie.<\/p>\n<p>N\u2019est-ce pas l\u00e0 une d\u00e9cision radicale, sachant que ces monnaies suscitent un r\u00e9el engouement des utilisateurs ?<\/p>\n<p>Le r\u00f4le de la Banque centrale et de la commission bancaire est de prot\u00e9ger le d\u00e9p\u00f4t du public et de s\u2019assurer que celui-ci est bien g\u00e9r\u00e9. Ces deux derni\u00e8res ann\u00e9es, les cryptomonnaies ont perdu quasiment 70 % de leur valeur. Ce sont des actifs sp\u00e9culatifs qui n\u2019ont pas de supports tangibles, tandis que notre priorit\u00e9, c\u2019est la stabilit\u00e9 financi\u00e8re et mon\u00e9taire de la zone.<\/p>\n<p>LES AUTORIT\u00c9S CENTRAFRICAINES SONT D\u2019ACCORD, NOUS DEVONS TRAVAILLER ENSEMBLE AU RESPECT DES TEXTES COMMUNAUTAIRES<\/p>\n<p>Iriez-vous jusqu\u2019\u00e0 dire que les cryptomonnaies pr\u00e9sentent un danger pour la Cemac ?<\/p>\n<p>Absolument, et c\u2019est la m\u00eame chose partout dans le monde ! Nous nous devons d\u2019\u00eatre prudents. Notre r\u00f4le, c\u2019est de prot\u00e9ger les citoyens de la zone des pertes de d\u00e9p\u00f4t et de capital.<\/p>\n<p>Tous les pays membres de la Beac partagent-ils votre analyse ? La Guin\u00e9e \u00e9quatoriale ne pourrait-elle pas se laisser tenter ?<\/p>\n<p>Je n\u2019ai aucune information \u00e0 ce propos et je ne veux pas sp\u00e9culer sur les positions des uns et des autres.<\/p>\n<p>Que va-t-il se passer avec la Centrafrique ? Le pr\u00e9sident Faustin-Archange Touad\u00e9ra n\u2019a manifestement pas l\u2019intention de faire marche arri\u00e8re\u2026<\/p>\n<p>Le comit\u00e9 minist\u00e9riel de la Cemac a \u00e9t\u00e9 assez clair et je pense que les autorit\u00e9s centrafricaines sont d\u2019accord sur le fait qu\u2019il faut que nous travaillions ensemble au respect des textes communautaires.<\/p>\n<p>Il n\u2019y a qu\u2019une monnaie, c\u2019est le franc CFA. Les pays de la Cemac doivent se conformer aux textes instituant l\u2019union mon\u00e9taire et respecter les statuts de la Banque centrale. Voil\u00e0 la position de tout le monde.<\/p>\n<p>Comment se porte le franc CFA dans le contexte actuel de crise mondiale et de baisse de l\u2019euro face au dollar ?<\/p>\n<p>J\u2019ai pris fonction en 2017 dans un contexte d\u00e9j\u00e0 difficile et mes \u00e9quipes et moi-m\u00eame avons travaill\u00e9 \u00e0 renforcer notre Banque centrale. Trois ans et demi plus tard, nous sommes parvenus \u00e0 \u00e9viter l\u2019ajustement mon\u00e9taire. Nous avons aid\u00e9 les \u00c9tats \u00e0 mettre en place des programmes avec le FMI, nous avons reconstitu\u00e9 nos avoirs ext\u00e9rieurs. Nous disposons aujourd\u2019hui d\u2019un niveau de r\u00e9serves qui couvre quatre mois d\u2019importations de biens et de services, ce qui est quand m\u00eame substantiel. Nous avons aussi modernis\u00e9 le cadre op\u00e9rationnel de notre politique mon\u00e9taire en supprimant les avances directes aux \u00c9tats. La Banque centrale cr\u00e9e aujourd\u2019hui des infrastructures de march\u00e9s, si bien que c\u2019est l\u2019\u00e9pargne int\u00e9rieure qui est lev\u00e9e pour accompagner aussi bien les \u00c9tats que les entreprises dans leurs financements. Nous sommes pratiquement arriv\u00e9s \u2013 en moins de deux ans \u2013 \u00e0 un encours de plus de 5 000 milliards de F CFA de l\u2019\u00e9pargne de la Cemac, qui est lev\u00e9e pour financer les \u00e9conomies.<\/p>\n<p>Les chefs d\u2019\u00c9tat de la Cemac vous ont demand\u00e9 de r\u00e9fl\u00e9chir aux \u00e9volutions possibles de l\u2019architecture mon\u00e9taire de la zone. O\u00f9 en \u00eates-vous ?<\/p>\n<p>La r\u00e9flexion que nous menons en interne est exclusivement destin\u00e9e \u00e0 ceux-ci justement, je ne veux donc pas pr\u00e9empter ce d\u00e9bat avant que les concern\u00e9s s\u2019en saisissent et donnent eux-m\u00eames des orientations pr\u00e9cises.<\/p>\n<p>Je dirai juste que le cadre des accords mon\u00e9taires actuels fait, certes, l\u2019objet de d\u00e9bats, mais que notre monnaie est stable. Le niveau d\u2019inflation est bien plus \u00e9lev\u00e9 dans d\u2019autres zones mon\u00e9taires, alors que nous, nous sommes en dessous de 4 %. La monnaie assure toutes ses fonctions, elle ne souffre pas de probl\u00e8me de confiance.<\/p>\n<p>Un dialogue politique important s\u2019est ouvert le 20 ao\u00fbt au Tchad. \u00c0 quel titre y \u00e9tiez-vous ?<\/p>\n<p>J\u2019ai \u00e9t\u00e9 invit\u00e9 par les organisateurs en tant que \u00ab personnalit\u00e9 ressource \u00bb.<\/p>\n<p>Votre mandat s\u2019ach\u00e8ve fin 2023. \u00c0 N\u2019Djamena, d\u2019aucuns vous pr\u00eatent des ambitions politiques et vous soup\u00e7onnent de lorgner la pr\u00e9sidence. C\u2019est une chose \u00e0 laquelle vous pensez tous les matins en vous rasant ?<\/p>\n<p>Je ne me rase pas et je n\u2019y pense pas. Je n\u2019\u00e9coute pas non plus ce type de commentaires.<\/p>\n<p><strong>Pour plus d&rsquo;informations et d&rsquo;analyses sur la <a href=\"https:\/\/www.africa-press.net\/tchad\">Tchad<\/a>, suivez <a href=\"https:\/\/www.africa-press.net\/\">Africa-Press<\/a><\/strong><\/p>\n","protected":false},"excerpt":{"rendered":"<p>Africa-Press &#8211; Tchad. Recrutements \u00e0 la BEAC, adoption du bitcoin en Centrafrique, r\u00e9forme du franc CFA, dialogue national et \u00e9lection pr\u00e9sidentielle au Tchad\u2026 Le gouverneur de la Banque des \u00c9tats de l\u2019Afrique centrale a r\u00e9pondu aux questions de Jeune Afrique. \u00ab Je rejette tout en bloc ! \u00bb Le Tchadien Abbas Mahamat Tolli n\u2019en d\u00e9mord [&hellip;]<\/p>\n","protected":false},"author":82,"featured_media":31266,"comment_status":"open","ping_status":"closed","sticky":false,"template":"","format":"standard","meta":{"footnotes":""},"categories":[7,3,11,20,10],"tags":[37,292,29],"class_list":["post-31267","post","type-post","status-publish","format-standard","has-post-thumbnail","hentry","category-dossiers","category-economie","category-homepage-french","category-top-nouvelles","category-toutes-les-actualites","tag-africa-press","tag-africa-press-tchad","tag-tchad"],"yoast_head":"<!-- This site is optimized with the Yoast SEO Premium plugin v26.1 (Yoast SEO v27.0) - https:\/\/yoast.com\/product\/yoast-seo-premium-wordpress\/ -->\n<title>Abbas Mahamat Tolli (BEAC) : \u00ab Je n\u2019ai rien \u00e0 me reprocher \u00bb - tchad<\/title>\n<meta name=\"description\" content=\"Recrutements \u00e0 la BEAC, adoption du bitcoin en Centrafrique, r\u00e9forme du franc CFA, dialogue national et \u00e9lection pr\u00e9side ...\" \/>\n<meta name=\"robots\" content=\"index, follow, max-snippet:-1, max-image-preview:large, max-video-preview:-1\" \/>\n<link rel=\"canonical\" href=\"https:\/\/www.africa-press.net\/tchad\/economie\/abbas-mahamat-tolli-beac-je-nai-rien-a-me-reprocher\" \/>\n<meta property=\"og:locale\" content=\"fr_FR\" \/>\n<meta property=\"og:type\" content=\"article\" \/>\n<meta property=\"og:title\" content=\"Abbas Mahamat Tolli (BEAC) : \u00ab Je n\u2019ai rien \u00e0 me reprocher \u00bb\" \/>\n<meta property=\"og:description\" content=\"Recrutements \u00e0 la BEAC, adoption du bitcoin en Centrafrique, r\u00e9forme du franc CFA, dialogue national et \u00e9lection pr\u00e9side ...\" \/>\n<meta property=\"og:url\" content=\"https:\/\/www.africa-press.net\/tchad\/economie\/abbas-mahamat-tolli-beac-je-nai-rien-a-me-reprocher\" \/>\n<meta property=\"og:site_name\" content=\"tchad\" \/>\n<meta property=\"article:published_time\" content=\"2022-08-25T17:28:20+00:00\" \/>\n<meta property=\"article:modified_time\" content=\"2022-08-25T17:43:28+00:00\" \/>\n<meta property=\"og:image\" content=\"https:\/\/static.africa-press.net\/tchad\/sites\/41\/2022\/08\/postQueueImg_18-6307b4acea4f9.jpg\" \/>\n\t<meta property=\"og:image:width\" content=\"1024\" \/>\n\t<meta property=\"og:image:height\" content=\"688\" \/>\n\t<meta property=\"og:image:type\" content=\"image\/jpeg\" \/>\n<meta name=\"author\" content=\"cfeditorfr\" \/>\n<meta name=\"twitter:card\" content=\"summary_large_image\" \/>\n<meta name=\"twitter:label1\" content=\"\u00c9crit par\" \/>\n\t<meta name=\"twitter:data1\" content=\"cfeditorfr\" \/>\n\t<meta name=\"twitter:label2\" content=\"Dur\u00e9e de lecture estim\u00e9e\" \/>\n\t<meta name=\"twitter:data2\" content=\"9 minutes\" \/>\n<script type=\"application\/ld+json\" class=\"yoast-schema-graph\">{\"@context\":\"https:\/\/schema.org\",\"@graph\":[{\"@type\":\"Article\",\"@id\":\"https:\/\/www.africa-press.net\/tchad\/economie\/abbas-mahamat-tolli-beac-je-nai-rien-a-me-reprocher#article\",\"isPartOf\":{\"@id\":\"https:\/\/www.africa-press.net\/tchad\/economie\/abbas-mahamat-tolli-beac-je-nai-rien-a-me-reprocher\"},\"author\":{\"name\":\"cfeditorfr\",\"@id\":\"https:\/\/www.africa-press.net\/tchad\/#\/schema\/person\/2b1cf3cd81a31e3cd26889ca66d677f1\"},\"headline\":\"Abbas Mahamat Tolli (BEAC) : \u00ab Je n\u2019ai rien \u00e0 me reprocher \u00bb\",\"datePublished\":\"2022-08-25T17:28:20+00:00\",\"dateModified\":\"2022-08-25T17:43:28+00:00\",\"mainEntityOfPage\":{\"@id\":\"https:\/\/www.africa-press.net\/tchad\/economie\/abbas-mahamat-tolli-beac-je-nai-rien-a-me-reprocher\"},\"wordCount\":1834,\"commentCount\":0,\"image\":{\"@id\":\"https:\/\/www.africa-press.net\/tchad\/economie\/abbas-mahamat-tolli-beac-je-nai-rien-a-me-reprocher#primaryimage\"},\"thumbnailUrl\":\"https:\/\/static.africa-press.net\/tchad\/sites\/41\/2022\/08\/postQueueImg_18-6307b4acea4f9.jpg\",\"keywords\":[\"Africa Press\",\"Africa Press-Tchad\",\"Tchad\"],\"articleSection\":[\"Dossiers\",\"\u00c9conomie\",\"homepage-french\",\"Top Nouvelles\",\"Toutes les actualit\u00e9s\"],\"inLanguage\":\"fr-FR\",\"potentialAction\":[{\"@type\":\"CommentAction\",\"name\":\"Comment\",\"target\":[\"https:\/\/www.africa-press.net\/tchad\/economie\/abbas-mahamat-tolli-beac-je-nai-rien-a-me-reprocher#respond\"]}]},{\"@type\":\"WebPage\",\"@id\":\"https:\/\/www.africa-press.net\/tchad\/economie\/abbas-mahamat-tolli-beac-je-nai-rien-a-me-reprocher\",\"url\":\"https:\/\/www.africa-press.net\/tchad\/economie\/abbas-mahamat-tolli-beac-je-nai-rien-a-me-reprocher\",\"name\":\"Abbas Mahamat Tolli (BEAC) : \u00ab Je n\u2019ai rien \u00e0 me reprocher \u00bb - tchad\",\"isPartOf\":{\"@id\":\"https:\/\/www.africa-press.net\/tchad\/#website\"},\"primaryImageOfPage\":{\"@id\":\"https:\/\/www.africa-press.net\/tchad\/economie\/abbas-mahamat-tolli-beac-je-nai-rien-a-me-reprocher#primaryimage\"},\"image\":{\"@id\":\"https:\/\/www.africa-press.net\/tchad\/economie\/abbas-mahamat-tolli-beac-je-nai-rien-a-me-reprocher#primaryimage\"},\"thumbnailUrl\":\"https:\/\/static.africa-press.net\/tchad\/sites\/41\/2022\/08\/postQueueImg_18-6307b4acea4f9.jpg\",\"datePublished\":\"2022-08-25T17:28:20+00:00\",\"dateModified\":\"2022-08-25T17:43:28+00:00\",\"author\":{\"@id\":\"https:\/\/www.africa-press.net\/tchad\/#\/schema\/person\/2b1cf3cd81a31e3cd26889ca66d677f1\"},\"description\":\"Recrutements \u00e0 la BEAC, adoption du bitcoin en Centrafrique, r\u00e9forme du franc CFA, dialogue national et \u00e9lection pr\u00e9side ...\",\"breadcrumb\":{\"@id\":\"https:\/\/www.africa-press.net\/tchad\/economie\/abbas-mahamat-tolli-beac-je-nai-rien-a-me-reprocher#breadcrumb\"},\"inLanguage\":\"fr-FR\",\"potentialAction\":[{\"@type\":\"ReadAction\",\"target\":[\"https:\/\/www.africa-press.net\/tchad\/economie\/abbas-mahamat-tolli-beac-je-nai-rien-a-me-reprocher\"]}]},{\"@type\":\"ImageObject\",\"inLanguage\":\"fr-FR\",\"@id\":\"https:\/\/www.africa-press.net\/tchad\/economie\/abbas-mahamat-tolli-beac-je-nai-rien-a-me-reprocher#primaryimage\",\"url\":\"https:\/\/static.africa-press.net\/tchad\/sites\/41\/2022\/08\/postQueueImg_18-6307b4acea4f9.jpg\",\"contentUrl\":\"https:\/\/static.africa-press.net\/tchad\/sites\/41\/2022\/08\/postQueueImg_18-6307b4acea4f9.jpg\",\"width\":1024,\"height\":688,\"caption\":\"Abbas Mahamat Tolli (BEAC) : \u00ab Je n\u2019ai rien \u00e0 me reprocher \u00bb\"},{\"@type\":\"BreadcrumbList\",\"@id\":\"https:\/\/www.africa-press.net\/tchad\/economie\/abbas-mahamat-tolli-beac-je-nai-rien-a-me-reprocher#breadcrumb\",\"itemListElement\":[{\"@type\":\"ListItem\",\"position\":1,\"name\":\"Accueil\",\"item\":\"https:\/\/www.africa-press.net\/tchad\/\"},{\"@type\":\"ListItem\",\"position\":2,\"name\":\"Abbas Mahamat Tolli (BEAC) : \u00ab Je n\u2019ai rien \u00e0 me reprocher \u00bb\"}]},{\"@type\":\"WebSite\",\"@id\":\"https:\/\/www.africa-press.net\/tchad\/#website\",\"url\":\"https:\/\/www.africa-press.net\/tchad\/\",\"name\":\"tchad\",\"description\":\"Just another Africa News Agency Sites site\",\"potentialAction\":[{\"@type\":\"SearchAction\",\"target\":{\"@type\":\"EntryPoint\",\"urlTemplate\":\"https:\/\/www.africa-press.net\/tchad\/?s={search_term_string}\"},\"query-input\":{\"@type\":\"PropertyValueSpecification\",\"valueRequired\":true,\"valueName\":\"search_term_string\"}}],\"inLanguage\":\"fr-FR\"},{\"@type\":\"Person\",\"@id\":\"https:\/\/www.africa-press.net\/tchad\/#\/schema\/person\/2b1cf3cd81a31e3cd26889ca66d677f1\",\"name\":\"cfeditorfr\"}]}<\/script>\n<!-- \/ Yoast SEO Premium plugin. -->","yoast_head_json":{"title":"Abbas Mahamat Tolli (BEAC) : \u00ab Je n\u2019ai rien \u00e0 me reprocher \u00bb - tchad","description":"Recrutements \u00e0 la BEAC, adoption du bitcoin en Centrafrique, r\u00e9forme du franc CFA, dialogue national et \u00e9lection pr\u00e9side ...","robots":{"index":"index","follow":"follow","max-snippet":"max-snippet:-1","max-image-preview":"max-image-preview:large","max-video-preview":"max-video-preview:-1"},"canonical":"https:\/\/www.africa-press.net\/tchad\/economie\/abbas-mahamat-tolli-beac-je-nai-rien-a-me-reprocher","og_locale":"fr_FR","og_type":"article","og_title":"Abbas Mahamat Tolli (BEAC) : \u00ab Je n\u2019ai rien \u00e0 me reprocher \u00bb","og_description":"Recrutements \u00e0 la BEAC, adoption du bitcoin en Centrafrique, r\u00e9forme du franc CFA, dialogue national et \u00e9lection pr\u00e9side ...","og_url":"https:\/\/www.africa-press.net\/tchad\/economie\/abbas-mahamat-tolli-beac-je-nai-rien-a-me-reprocher","og_site_name":"tchad","article_published_time":"2022-08-25T17:28:20+00:00","article_modified_time":"2022-08-25T17:43:28+00:00","og_image":[{"width":1024,"height":688,"url":"https:\/\/static.africa-press.net\/tchad\/sites\/41\/2022\/08\/postQueueImg_18-6307b4acea4f9.jpg","type":"image\/jpeg"}],"author":"cfeditorfr","twitter_card":"summary_large_image","twitter_misc":{"\u00c9crit par":"cfeditorfr","Dur\u00e9e de lecture estim\u00e9e":"9 minutes"},"schema":{"@context":"https:\/\/schema.org","@graph":[{"@type":"Article","@id":"https:\/\/www.africa-press.net\/tchad\/economie\/abbas-mahamat-tolli-beac-je-nai-rien-a-me-reprocher#article","isPartOf":{"@id":"https:\/\/www.africa-press.net\/tchad\/economie\/abbas-mahamat-tolli-beac-je-nai-rien-a-me-reprocher"},"author":{"name":"cfeditorfr","@id":"https:\/\/www.africa-press.net\/tchad\/#\/schema\/person\/2b1cf3cd81a31e3cd26889ca66d677f1"},"headline":"Abbas Mahamat Tolli (BEAC) : \u00ab Je n\u2019ai rien \u00e0 me reprocher \u00bb","datePublished":"2022-08-25T17:28:20+00:00","dateModified":"2022-08-25T17:43:28+00:00","mainEntityOfPage":{"@id":"https:\/\/www.africa-press.net\/tchad\/economie\/abbas-mahamat-tolli-beac-je-nai-rien-a-me-reprocher"},"wordCount":1834,"commentCount":0,"image":{"@id":"https:\/\/www.africa-press.net\/tchad\/economie\/abbas-mahamat-tolli-beac-je-nai-rien-a-me-reprocher#primaryimage"},"thumbnailUrl":"https:\/\/static.africa-press.net\/tchad\/sites\/41\/2022\/08\/postQueueImg_18-6307b4acea4f9.jpg","keywords":["Africa Press","Africa Press-Tchad","Tchad"],"articleSection":["Dossiers","\u00c9conomie","homepage-french","Top Nouvelles","Toutes les actualit\u00e9s"],"inLanguage":"fr-FR","potentialAction":[{"@type":"CommentAction","name":"Comment","target":["https:\/\/www.africa-press.net\/tchad\/economie\/abbas-mahamat-tolli-beac-je-nai-rien-a-me-reprocher#respond"]}]},{"@type":"WebPage","@id":"https:\/\/www.africa-press.net\/tchad\/economie\/abbas-mahamat-tolli-beac-je-nai-rien-a-me-reprocher","url":"https:\/\/www.africa-press.net\/tchad\/economie\/abbas-mahamat-tolli-beac-je-nai-rien-a-me-reprocher","name":"Abbas Mahamat Tolli (BEAC) : \u00ab Je n\u2019ai rien \u00e0 me reprocher \u00bb - tchad","isPartOf":{"@id":"https:\/\/www.africa-press.net\/tchad\/#website"},"primaryImageOfPage":{"@id":"https:\/\/www.africa-press.net\/tchad\/economie\/abbas-mahamat-tolli-beac-je-nai-rien-a-me-reprocher#primaryimage"},"image":{"@id":"https:\/\/www.africa-press.net\/tchad\/economie\/abbas-mahamat-tolli-beac-je-nai-rien-a-me-reprocher#primaryimage"},"thumbnailUrl":"https:\/\/static.africa-press.net\/tchad\/sites\/41\/2022\/08\/postQueueImg_18-6307b4acea4f9.jpg","datePublished":"2022-08-25T17:28:20+00:00","dateModified":"2022-08-25T17:43:28+00:00","author":{"@id":"https:\/\/www.africa-press.net\/tchad\/#\/schema\/person\/2b1cf3cd81a31e3cd26889ca66d677f1"},"description":"Recrutements \u00e0 la BEAC, adoption du bitcoin en Centrafrique, r\u00e9forme du franc CFA, dialogue national et \u00e9lection pr\u00e9side ...","breadcrumb":{"@id":"https:\/\/www.africa-press.net\/tchad\/economie\/abbas-mahamat-tolli-beac-je-nai-rien-a-me-reprocher#breadcrumb"},"inLanguage":"fr-FR","potentialAction":[{"@type":"ReadAction","target":["https:\/\/www.africa-press.net\/tchad\/economie\/abbas-mahamat-tolli-beac-je-nai-rien-a-me-reprocher"]}]},{"@type":"ImageObject","inLanguage":"fr-FR","@id":"https:\/\/www.africa-press.net\/tchad\/economie\/abbas-mahamat-tolli-beac-je-nai-rien-a-me-reprocher#primaryimage","url":"https:\/\/static.africa-press.net\/tchad\/sites\/41\/2022\/08\/postQueueImg_18-6307b4acea4f9.jpg","contentUrl":"https:\/\/static.africa-press.net\/tchad\/sites\/41\/2022\/08\/postQueueImg_18-6307b4acea4f9.jpg","width":1024,"height":688,"caption":"Abbas Mahamat Tolli (BEAC) : \u00ab Je n\u2019ai rien \u00e0 me reprocher \u00bb"},{"@type":"BreadcrumbList","@id":"https:\/\/www.africa-press.net\/tchad\/economie\/abbas-mahamat-tolli-beac-je-nai-rien-a-me-reprocher#breadcrumb","itemListElement":[{"@type":"ListItem","position":1,"name":"Accueil","item":"https:\/\/www.africa-press.net\/tchad\/"},{"@type":"ListItem","position":2,"name":"Abbas Mahamat Tolli (BEAC) : \u00ab Je n\u2019ai rien \u00e0 me reprocher \u00bb"}]},{"@type":"WebSite","@id":"https:\/\/www.africa-press.net\/tchad\/#website","url":"https:\/\/www.africa-press.net\/tchad\/","name":"tchad","description":"Just another Africa News Agency Sites site","potentialAction":[{"@type":"SearchAction","target":{"@type":"EntryPoint","urlTemplate":"https:\/\/www.africa-press.net\/tchad\/?s={search_term_string}"},"query-input":{"@type":"PropertyValueSpecification","valueRequired":true,"valueName":"search_term_string"}}],"inLanguage":"fr-FR"},{"@type":"Person","@id":"https:\/\/www.africa-press.net\/tchad\/#\/schema\/person\/2b1cf3cd81a31e3cd26889ca66d677f1","name":"cfeditorfr"}]}},"_links":{"self":[{"href":"https:\/\/www.africa-press.net\/tchad\/wp-json\/wp\/v2\/posts\/31267","targetHints":{"allow":["GET"]}}],"collection":[{"href":"https:\/\/www.africa-press.net\/tchad\/wp-json\/wp\/v2\/posts"}],"about":[{"href":"https:\/\/www.africa-press.net\/tchad\/wp-json\/wp\/v2\/types\/post"}],"author":[{"embeddable":true,"href":"https:\/\/www.africa-press.net\/tchad\/wp-json\/wp\/v2\/users\/82"}],"replies":[{"embeddable":true,"href":"https:\/\/www.africa-press.net\/tchad\/wp-json\/wp\/v2\/comments?post=31267"}],"version-history":[{"count":0,"href":"https:\/\/www.africa-press.net\/tchad\/wp-json\/wp\/v2\/posts\/31267\/revisions"}],"wp:featuredmedia":[{"embeddable":true,"href":"https:\/\/www.africa-press.net\/tchad\/wp-json\/wp\/v2\/media\/31266"}],"wp:attachment":[{"href":"https:\/\/www.africa-press.net\/tchad\/wp-json\/wp\/v2\/media?parent=31267"}],"wp:term":[{"taxonomy":"category","embeddable":true,"href":"https:\/\/www.africa-press.net\/tchad\/wp-json\/wp\/v2\/categories?post=31267"},{"taxonomy":"post_tag","embeddable":true,"href":"https:\/\/www.africa-press.net\/tchad\/wp-json\/wp\/v2\/tags?post=31267"}],"curies":[{"name":"wp","href":"https:\/\/api.w.org\/{rel}","templated":true}]}}