{"id":31288,"date":"2022-08-26T16:00:53","date_gmt":"2022-08-26T16:00:53","guid":{"rendered":"https:\/\/www.africa-press.net\/tchad\/politique\/la-ticad-8-va-consolider-la-cooperation-economique-entre-le-japon-et-lafrique"},"modified":"2022-08-26T16:27:10","modified_gmt":"2022-08-26T16:27:10","slug":"la-ticad-8-va-consolider-la-cooperation-economique-entre-le-japon-et-lafrique","status":"publish","type":"post","link":"https:\/\/www.africa-press.net\/tchad\/economie\/la-ticad-8-va-consolider-la-cooperation-economique-entre-le-japon-et-lafrique","title":{"rendered":"La TICAD 8 va consolider la coop\u00e9ration \u00e9conomique entre le Japon et l\u2019Afrique"},"content":{"rendered":"<p><span style=\"color: #ff6600\"><strong>Africa-Press &#8211; Tchad. <\/strong><\/span>Le Groupe de la Banque africaine de d\u00e9veloppement (BAD) jouera un r\u00f4le cl\u00e9 lors de la 8\u00e8me \u00e9dition de la Conf\u00e9rence internationale de Tokyo sur le d\u00e9veloppement de l\u2019Afrique (TICAD) qui se tient cette ann\u00e9e \u00e0 Tunis, la capitale tunisienne, du 27 au 28 ao\u00fbt.<\/p>\n<p>Le Japon, qui est un partenaire au d\u00e9veloppement de l\u2019Afrique depuis de nombreuses ann\u00e9es, continue de peser de tout son poids \u00e9conomique pour faire progresser le continent, rapporte un communiqu\u00e9 publi\u00e9 jeudi 25 ao\u00fbt par APO Group.<\/p>\n<p>La TICAD8 r\u00e9unira des d\u00e9l\u00e9gu\u00e9s de tout le continent, et notamment des repr\u00e9sentants du Groupe de la Banque africaine de d\u00e9veloppement.<\/p>\n<p>Le Japon devrait offrir un soutien suppl\u00e9mentaire pour renforcer le d\u00e9veloppement des infrastructures de communication sur le continent et contribuer \u00e0 r\u00e9soudre les probl\u00e8mes de s\u00e9curit\u00e9 alimentaire. Gr\u00e2ce \u00e0 une coop\u00e9ration constante avec le Japon, la Banque africaine de d\u00e9veloppement continue de soutenir une croissance forte, inclusive et durable en Afrique.<\/p>\n<p>L\u2019\u00e9v\u00e9nement est organis\u00e9 conjointement par le gouvernement japonais, le Bureau du conseiller sp\u00e9cial des Nations unies pour l\u2019Afrique, le Programme des Nations unies pour le d\u00e9veloppement, la Commission de l\u2019Union africaine et la Banque mondiale.<\/p>\n<p>Le Groupe de la Banque africaine de d\u00e9veloppement et le gouvernement japonais soutiennent des programmes de d\u00e9veloppement qui r\u00e9pondent aux probl\u00e9matiques de s\u00e9curit\u00e9 alimentaire, de changement climatique, de sant\u00e9, de num\u00e9risation et de gestion de la dette en Afrique.<\/p>\n<p><strong>Pour plus d&rsquo;informations et d&rsquo;analyses sur la <a href=\"https:\/\/www.africa-press.net\/tchad\">Tchad<\/a>, suivez <a href=\"https:\/\/www.africa-press.net\/\">Africa-Press<\/a><\/strong><\/p>\n","protected":false},"excerpt":{"rendered":"<p>Africa-Press &#8211; Tchad. Le Groupe de la Banque africaine de d\u00e9veloppement (BAD) jouera un r\u00f4le cl\u00e9 lors de la 8\u00e8me \u00e9dition de la Conf\u00e9rence internationale de Tokyo sur le d\u00e9veloppement de l\u2019Afrique (TICAD) qui se tient cette ann\u00e9e \u00e0 Tunis, la capitale tunisienne, du 27 au 28 ao\u00fbt. Le Japon, qui est un partenaire au [&hellip;]<\/p>\n","protected":false},"author":82,"featured_media":31287,"comment_status":"open","ping_status":"closed","sticky":false,"template":"","format":"standard","meta":{"footnotes":""},"categories":[3,11,10],"tags":[37,292,29],"class_list":["post-31288","post","type-post","status-publish","format-standard","has-post-thumbnail","hentry","category-economie","category-homepage-french","category-toutes-les-actualites","tag-africa-press","tag-africa-press-tchad","tag-tchad"],"yoast_head":"<!-- This site is optimized with the Yoast SEO Premium plugin v26.1 (Yoast SEO v27.0) - https:\/\/yoast.com\/product\/yoast-seo-premium-wordpress\/ -->\n<title>La TICAD 8 va consolider la coop\u00e9ration \u00e9conomique entre le Japon et l\u2019Afrique - tchad<\/title>\n<meta name=\"description\" content=\"Le Groupe de la Banque africaine de d\u00e9veloppement (BAD) jouera un r\u00f4le cl\u00e9 lors de la 8\u00e8me \u00e9dition de la Conf\u00e9rence inte ...\" \/>\n<meta name=\"robots\" content=\"index, follow, max-snippet:-1, max-image-preview:large, max-video-preview:-1\" \/>\n<link rel=\"canonical\" href=\"https:\/\/www.africa-press.net\/tchad\/economie\/la-ticad-8-va-consolider-la-cooperation-economique-entre-le-japon-et-lafrique\" \/>\n<meta property=\"og:locale\" content=\"fr_FR\" \/>\n<meta property=\"og:type\" content=\"article\" \/>\n<meta property=\"og:title\" content=\"La TICAD 8 va consolider la coop\u00e9ration \u00e9conomique entre le Japon et l\u2019Afrique\" \/>\n<meta property=\"og:description\" content=\"Le Groupe de la Banque africaine de d\u00e9veloppement (BAD) jouera un r\u00f4le cl\u00e9 lors de la 8\u00e8me \u00e9dition de la Conf\u00e9rence inte ...\" \/>\n<meta property=\"og:url\" content=\"https:\/\/www.africa-press.net\/tchad\/economie\/la-ticad-8-va-consolider-la-cooperation-economique-entre-le-japon-et-lafrique\" \/>\n<meta property=\"og:site_name\" content=\"tchad\" \/>\n<meta property=\"article:published_time\" content=\"2022-08-26T16:00:53+00:00\" \/>\n<meta property=\"article:modified_time\" content=\"2022-08-26T16:27:10+00:00\" \/>\n<meta property=\"og:image\" content=\"https:\/\/static.africa-press.net\/tchad\/sites\/41\/2022\/08\/postQueueImg_4-6308f4479fc74.jpg\" \/>\n\t<meta property=\"og:image:width\" content=\"825\" \/>\n\t<meta property=\"og:image:height\" content=\"412\" \/>\n\t<meta property=\"og:image:type\" content=\"image\/jpeg\" \/>\n<meta name=\"author\" content=\"cfeditorfr\" \/>\n<meta name=\"twitter:card\" content=\"summary_large_image\" \/>\n<meta name=\"twitter:label1\" content=\"\u00c9crit par\" \/>\n\t<meta name=\"twitter:data1\" content=\"cfeditorfr\" \/>\n\t<meta name=\"twitter:label2\" content=\"Dur\u00e9e de lecture estim\u00e9e\" \/>\n\t<meta name=\"twitter:data2\" content=\"2 minutes\" \/>\n<script type=\"application\/ld+json\" class=\"yoast-schema-graph\">{\"@context\":\"https:\/\/schema.org\",\"@graph\":[{\"@type\":\"Article\",\"@id\":\"https:\/\/www.africa-press.net\/tchad\/economie\/la-ticad-8-va-consolider-la-cooperation-economique-entre-le-japon-et-lafrique#article\",\"isPartOf\":{\"@id\":\"https:\/\/www.africa-press.net\/tchad\/economie\/la-ticad-8-va-consolider-la-cooperation-economique-entre-le-japon-et-lafrique\"},\"author\":{\"name\":\"cfeditorfr\",\"@id\":\"https:\/\/www.africa-press.net\/tchad\/#\/schema\/person\/2b1cf3cd81a31e3cd26889ca66d677f1\"},\"headline\":\"La TICAD 8 va consolider la coop\u00e9ration \u00e9conomique entre le Japon et l\u2019Afrique\",\"datePublished\":\"2022-08-26T16:00:53+00:00\",\"dateModified\":\"2022-08-26T16:27:10+00:00\",\"mainEntityOfPage\":{\"@id\":\"https:\/\/www.africa-press.net\/tchad\/economie\/la-ticad-8-va-consolider-la-cooperation-economique-entre-le-japon-et-lafrique\"},\"wordCount\":288,\"commentCount\":0,\"image\":{\"@id\":\"https:\/\/www.africa-press.net\/tchad\/economie\/la-ticad-8-va-consolider-la-cooperation-economique-entre-le-japon-et-lafrique#primaryimage\"},\"thumbnailUrl\":\"https:\/\/static.africa-press.net\/tchad\/sites\/41\/2022\/08\/postQueueImg_4-6308f4479fc74.jpg\",\"keywords\":[\"Africa Press\",\"Africa Press-Tchad\",\"Tchad\"],\"articleSection\":[\"\u00c9conomie\",\"homepage-french\",\"Toutes les actualit\u00e9s\"],\"inLanguage\":\"fr-FR\",\"potentialAction\":[{\"@type\":\"CommentAction\",\"name\":\"Comment\",\"target\":[\"https:\/\/www.africa-press.net\/tchad\/economie\/la-ticad-8-va-consolider-la-cooperation-economique-entre-le-japon-et-lafrique#respond\"]}]},{\"@type\":\"WebPage\",\"@id\":\"https:\/\/www.africa-press.net\/tchad\/economie\/la-ticad-8-va-consolider-la-cooperation-economique-entre-le-japon-et-lafrique\",\"url\":\"https:\/\/www.africa-press.net\/tchad\/economie\/la-ticad-8-va-consolider-la-cooperation-economique-entre-le-japon-et-lafrique\",\"name\":\"La TICAD 8 va consolider la coop\u00e9ration \u00e9conomique entre le Japon et l\u2019Afrique - tchad\",\"isPartOf\":{\"@id\":\"https:\/\/www.africa-press.net\/tchad\/#website\"},\"primaryImageOfPage\":{\"@id\":\"https:\/\/www.africa-press.net\/tchad\/economie\/la-ticad-8-va-consolider-la-cooperation-economique-entre-le-japon-et-lafrique#primaryimage\"},\"image\":{\"@id\":\"https:\/\/www.africa-press.net\/tchad\/economie\/la-ticad-8-va-consolider-la-cooperation-economique-entre-le-japon-et-lafrique#primaryimage\"},\"thumbnailUrl\":\"https:\/\/static.africa-press.net\/tchad\/sites\/41\/2022\/08\/postQueueImg_4-6308f4479fc74.jpg\",\"datePublished\":\"2022-08-26T16:00:53+00:00\",\"dateModified\":\"2022-08-26T16:27:10+00:00\",\"author\":{\"@id\":\"https:\/\/www.africa-press.net\/tchad\/#\/schema\/person\/2b1cf3cd81a31e3cd26889ca66d677f1\"},\"description\":\"Le Groupe de la Banque africaine de d\u00e9veloppement (BAD) jouera un r\u00f4le cl\u00e9 lors de la 8\u00e8me \u00e9dition de la Conf\u00e9rence inte ...\",\"breadcrumb\":{\"@id\":\"https:\/\/www.africa-press.net\/tchad\/economie\/la-ticad-8-va-consolider-la-cooperation-economique-entre-le-japon-et-lafrique#breadcrumb\"},\"inLanguage\":\"fr-FR\",\"potentialAction\":[{\"@type\":\"ReadAction\",\"target\":[\"https:\/\/www.africa-press.net\/tchad\/economie\/la-ticad-8-va-consolider-la-cooperation-economique-entre-le-japon-et-lafrique\"]}]},{\"@type\":\"ImageObject\",\"inLanguage\":\"fr-FR\",\"@id\":\"https:\/\/www.africa-press.net\/tchad\/economie\/la-ticad-8-va-consolider-la-cooperation-economique-entre-le-japon-et-lafrique#primaryimage\",\"url\":\"https:\/\/static.africa-press.net\/tchad\/sites\/41\/2022\/08\/postQueueImg_4-6308f4479fc74.jpg\",\"contentUrl\":\"https:\/\/static.africa-press.net\/tchad\/sites\/41\/2022\/08\/postQueueImg_4-6308f4479fc74.jpg\",\"width\":825,\"height\":412,\"caption\":\"La TICAD 8 va consolider la coop\u00e9ration \u00e9conomique entre le Japon et l\u2019Afrique\"},{\"@type\":\"BreadcrumbList\",\"@id\":\"https:\/\/www.africa-press.net\/tchad\/economie\/la-ticad-8-va-consolider-la-cooperation-economique-entre-le-japon-et-lafrique#breadcrumb\",\"itemListElement\":[{\"@type\":\"ListItem\",\"position\":1,\"name\":\"Accueil\",\"item\":\"https:\/\/www.africa-press.net\/tchad\/\"},{\"@type\":\"ListItem\",\"position\":2,\"name\":\"La TICAD 8 va consolider la coop\u00e9ration \u00e9conomique entre le Japon et l\u2019Afrique\"}]},{\"@type\":\"WebSite\",\"@id\":\"https:\/\/www.africa-press.net\/tchad\/#website\",\"url\":\"https:\/\/www.africa-press.net\/tchad\/\",\"name\":\"tchad\",\"description\":\"Just another Africa News Agency Sites site\",\"potentialAction\":[{\"@type\":\"SearchAction\",\"target\":{\"@type\":\"EntryPoint\",\"urlTemplate\":\"https:\/\/www.africa-press.net\/tchad\/?s={search_term_string}\"},\"query-input\":{\"@type\":\"PropertyValueSpecification\",\"valueRequired\":true,\"valueName\":\"search_term_string\"}}],\"inLanguage\":\"fr-FR\"},{\"@type\":\"Person\",\"@id\":\"https:\/\/www.africa-press.net\/tchad\/#\/schema\/person\/2b1cf3cd81a31e3cd26889ca66d677f1\",\"name\":\"cfeditorfr\"}]}<\/script>\n<!-- \/ Yoast SEO Premium plugin. -->","yoast_head_json":{"title":"La TICAD 8 va consolider la coop\u00e9ration \u00e9conomique entre le Japon et l\u2019Afrique - tchad","description":"Le Groupe de la Banque africaine de d\u00e9veloppement (BAD) jouera un r\u00f4le cl\u00e9 lors de la 8\u00e8me \u00e9dition de la Conf\u00e9rence inte ...","robots":{"index":"index","follow":"follow","max-snippet":"max-snippet:-1","max-image-preview":"max-image-preview:large","max-video-preview":"max-video-preview:-1"},"canonical":"https:\/\/www.africa-press.net\/tchad\/economie\/la-ticad-8-va-consolider-la-cooperation-economique-entre-le-japon-et-lafrique","og_locale":"fr_FR","og_type":"article","og_title":"La TICAD 8 va consolider la coop\u00e9ration \u00e9conomique entre le Japon et l\u2019Afrique","og_description":"Le Groupe de la Banque africaine de d\u00e9veloppement (BAD) jouera un r\u00f4le cl\u00e9 lors de la 8\u00e8me \u00e9dition de la Conf\u00e9rence inte ...","og_url":"https:\/\/www.africa-press.net\/tchad\/economie\/la-ticad-8-va-consolider-la-cooperation-economique-entre-le-japon-et-lafrique","og_site_name":"tchad","article_published_time":"2022-08-26T16:00:53+00:00","article_modified_time":"2022-08-26T16:27:10+00:00","og_image":[{"width":825,"height":412,"url":"https:\/\/static.africa-press.net\/tchad\/sites\/41\/2022\/08\/postQueueImg_4-6308f4479fc74.jpg","type":"image\/jpeg"}],"author":"cfeditorfr","twitter_card":"summary_large_image","twitter_misc":{"\u00c9crit par":"cfeditorfr","Dur\u00e9e de lecture estim\u00e9e":"2 minutes"},"schema":{"@context":"https:\/\/schema.org","@graph":[{"@type":"Article","@id":"https:\/\/www.africa-press.net\/tchad\/economie\/la-ticad-8-va-consolider-la-cooperation-economique-entre-le-japon-et-lafrique#article","isPartOf":{"@id":"https:\/\/www.africa-press.net\/tchad\/economie\/la-ticad-8-va-consolider-la-cooperation-economique-entre-le-japon-et-lafrique"},"author":{"name":"cfeditorfr","@id":"https:\/\/www.africa-press.net\/tchad\/#\/schema\/person\/2b1cf3cd81a31e3cd26889ca66d677f1"},"headline":"La TICAD 8 va consolider la coop\u00e9ration \u00e9conomique entre le Japon et l\u2019Afrique","datePublished":"2022-08-26T16:00:53+00:00","dateModified":"2022-08-26T16:27:10+00:00","mainEntityOfPage":{"@id":"https:\/\/www.africa-press.net\/tchad\/economie\/la-ticad-8-va-consolider-la-cooperation-economique-entre-le-japon-et-lafrique"},"wordCount":288,"commentCount":0,"image":{"@id":"https:\/\/www.africa-press.net\/tchad\/economie\/la-ticad-8-va-consolider-la-cooperation-economique-entre-le-japon-et-lafrique#primaryimage"},"thumbnailUrl":"https:\/\/static.africa-press.net\/tchad\/sites\/41\/2022\/08\/postQueueImg_4-6308f4479fc74.jpg","keywords":["Africa Press","Africa Press-Tchad","Tchad"],"articleSection":["\u00c9conomie","homepage-french","Toutes les actualit\u00e9s"],"inLanguage":"fr-FR","potentialAction":[{"@type":"CommentAction","name":"Comment","target":["https:\/\/www.africa-press.net\/tchad\/economie\/la-ticad-8-va-consolider-la-cooperation-economique-entre-le-japon-et-lafrique#respond"]}]},{"@type":"WebPage","@id":"https:\/\/www.africa-press.net\/tchad\/economie\/la-ticad-8-va-consolider-la-cooperation-economique-entre-le-japon-et-lafrique","url":"https:\/\/www.africa-press.net\/tchad\/economie\/la-ticad-8-va-consolider-la-cooperation-economique-entre-le-japon-et-lafrique","name":"La TICAD 8 va consolider la coop\u00e9ration \u00e9conomique entre le Japon et l\u2019Afrique - tchad","isPartOf":{"@id":"https:\/\/www.africa-press.net\/tchad\/#website"},"primaryImageOfPage":{"@id":"https:\/\/www.africa-press.net\/tchad\/economie\/la-ticad-8-va-consolider-la-cooperation-economique-entre-le-japon-et-lafrique#primaryimage"},"image":{"@id":"https:\/\/www.africa-press.net\/tchad\/economie\/la-ticad-8-va-consolider-la-cooperation-economique-entre-le-japon-et-lafrique#primaryimage"},"thumbnailUrl":"https:\/\/static.africa-press.net\/tchad\/sites\/41\/2022\/08\/postQueueImg_4-6308f4479fc74.jpg","datePublished":"2022-08-26T16:00:53+00:00","dateModified":"2022-08-26T16:27:10+00:00","author":{"@id":"https:\/\/www.africa-press.net\/tchad\/#\/schema\/person\/2b1cf3cd81a31e3cd26889ca66d677f1"},"description":"Le Groupe de la Banque africaine de d\u00e9veloppement (BAD) jouera un r\u00f4le cl\u00e9 lors de la 8\u00e8me \u00e9dition de la Conf\u00e9rence inte ...","breadcrumb":{"@id":"https:\/\/www.africa-press.net\/tchad\/economie\/la-ticad-8-va-consolider-la-cooperation-economique-entre-le-japon-et-lafrique#breadcrumb"},"inLanguage":"fr-FR","potentialAction":[{"@type":"ReadAction","target":["https:\/\/www.africa-press.net\/tchad\/economie\/la-ticad-8-va-consolider-la-cooperation-economique-entre-le-japon-et-lafrique"]}]},{"@type":"ImageObject","inLanguage":"fr-FR","@id":"https:\/\/www.africa-press.net\/tchad\/economie\/la-ticad-8-va-consolider-la-cooperation-economique-entre-le-japon-et-lafrique#primaryimage","url":"https:\/\/static.africa-press.net\/tchad\/sites\/41\/2022\/08\/postQueueImg_4-6308f4479fc74.jpg","contentUrl":"https:\/\/static.africa-press.net\/tchad\/sites\/41\/2022\/08\/postQueueImg_4-6308f4479fc74.jpg","width":825,"height":412,"caption":"La TICAD 8 va consolider la coop\u00e9ration \u00e9conomique entre le Japon et l\u2019Afrique"},{"@type":"BreadcrumbList","@id":"https:\/\/www.africa-press.net\/tchad\/economie\/la-ticad-8-va-consolider-la-cooperation-economique-entre-le-japon-et-lafrique#breadcrumb","itemListElement":[{"@type":"ListItem","position":1,"name":"Accueil","item":"https:\/\/www.africa-press.net\/tchad\/"},{"@type":"ListItem","position":2,"name":"La TICAD 8 va consolider la coop\u00e9ration \u00e9conomique entre le Japon et l\u2019Afrique"}]},{"@type":"WebSite","@id":"https:\/\/www.africa-press.net\/tchad\/#website","url":"https:\/\/www.africa-press.net\/tchad\/","name":"tchad","description":"Just another Africa News Agency Sites site","potentialAction":[{"@type":"SearchAction","target":{"@type":"EntryPoint","urlTemplate":"https:\/\/www.africa-press.net\/tchad\/?s={search_term_string}"},"query-input":{"@type":"PropertyValueSpecification","valueRequired":true,"valueName":"search_term_string"}}],"inLanguage":"fr-FR"},{"@type":"Person","@id":"https:\/\/www.africa-press.net\/tchad\/#\/schema\/person\/2b1cf3cd81a31e3cd26889ca66d677f1","name":"cfeditorfr"}]}},"_links":{"self":[{"href":"https:\/\/www.africa-press.net\/tchad\/wp-json\/wp\/v2\/posts\/31288","targetHints":{"allow":["GET"]}}],"collection":[{"href":"https:\/\/www.africa-press.net\/tchad\/wp-json\/wp\/v2\/posts"}],"about":[{"href":"https:\/\/www.africa-press.net\/tchad\/wp-json\/wp\/v2\/types\/post"}],"author":[{"embeddable":true,"href":"https:\/\/www.africa-press.net\/tchad\/wp-json\/wp\/v2\/users\/82"}],"replies":[{"embeddable":true,"href":"https:\/\/www.africa-press.net\/tchad\/wp-json\/wp\/v2\/comments?post=31288"}],"version-history":[{"count":0,"href":"https:\/\/www.africa-press.net\/tchad\/wp-json\/wp\/v2\/posts\/31288\/revisions"}],"wp:featuredmedia":[{"embeddable":true,"href":"https:\/\/www.africa-press.net\/tchad\/wp-json\/wp\/v2\/media\/31287"}],"wp:attachment":[{"href":"https:\/\/www.africa-press.net\/tchad\/wp-json\/wp\/v2\/media?parent=31288"}],"wp:term":[{"taxonomy":"category","embeddable":true,"href":"https:\/\/www.africa-press.net\/tchad\/wp-json\/wp\/v2\/categories?post=31288"},{"taxonomy":"post_tag","embeddable":true,"href":"https:\/\/www.africa-press.net\/tchad\/wp-json\/wp\/v2\/tags?post=31288"}],"curies":[{"name":"wp","href":"https:\/\/api.w.org\/{rel}","templated":true}]}}