{"id":31297,"date":"2022-08-26T16:36:32","date_gmt":"2022-08-26T16:36:32","guid":{"rendered":"https:\/\/www.africa-press.net\/tchad\/politique\/dialogue-national-inclusif-les-travaux-se-poursuivent-au-palais-de-la-culture"},"modified":"2022-08-26T16:52:39","modified_gmt":"2022-08-26T16:52:39","slug":"dialogue-national-inclusif-les-travaux-se-poursuivent-au-palais-de-la-culture","status":"publish","type":"post","link":"https:\/\/www.africa-press.net\/tchad\/politique\/dialogue-national-inclusif-les-travaux-se-poursuivent-au-palais-de-la-culture","title":{"rendered":"Dialogue national inclusif, les travaux se poursuivent au Palais de la culture"},"content":{"rendered":"<p><span style=\"color: #ff6600\"><strong>Africa-Press &#8211; Tchad. <\/strong><\/span>Les premiers points des activit\u00e9s du dialogue national inclusif ont d\u00e9j\u00e0 \u00e9t\u00e9 abord\u00e9s. La proposition du r\u00e8glement int\u00e9rieur a \u00e9t\u00e9 pr\u00e9sent\u00e9e le 25 ao\u00fbt 2022 par le comit\u00e9 d\u2019organisation.<\/p>\n<p>Les travaux du dialogue national inclusif et souverain se poursuivent \u00e0 l\u2019ancien palais du 15 janvier en l\u2019absence des Transformateurs, du Fact et des membres de la plateforme Wakit Tamma. Pour la deuxi\u00e8me journ\u00e9e, les participants se sont pench\u00e9s sur l\u2019adoption du r\u00e8glement int\u00e9rieur. L\u2019adoption dudit document est pr\u00e9vue ce vendredi 26 ao\u00fbt 2022.<\/p>\n<p>Les quatre titres ont d\u2019ores et d\u00e9j\u00e0 \u00e9t\u00e9 examin\u00e9s. Il s\u2019agit entre autres, des dispositions g\u00e9n\u00e9rales, de l\u2019organisation et du fonctionnement du dialogue national inclusif et souverain, du d\u00e9roulement des travaux du Dialogue national inclusif et souverain et des dispositions diverses et finales.<\/p>\n<p>Apr\u00e8s avoir adopt\u00e9 le r\u00e8glement int\u00e9rieur, l\u2019Assembl\u00e9e pl\u00e9ni\u00e8re proc\u00e8dera \u00e0 la mise sur pied du pr\u00e9sidium. Il sera compos\u00e9 de 21 membres, chapeaut\u00e9 par un pr\u00e9sident. Tchad : reprise des travaux du dialogue national inclusif et souverain<\/p>\n<p><strong>Pour plus d&rsquo;informations et d&rsquo;analyses sur la <a href=\"https:\/\/www.africa-press.net\/tchad\">Tchad<\/a>, suivez <a href=\"https:\/\/www.africa-press.net\/\">Africa-Press<\/a><\/strong><\/p>\n","protected":false},"excerpt":{"rendered":"<p>Africa-Press &#8211; Tchad. Les premiers points des activit\u00e9s du dialogue national inclusif ont d\u00e9j\u00e0 \u00e9t\u00e9 abord\u00e9s. La proposition du r\u00e8glement int\u00e9rieur a \u00e9t\u00e9 pr\u00e9sent\u00e9e le 25 ao\u00fbt 2022 par le comit\u00e9 d\u2019organisation. Les travaux du dialogue national inclusif et souverain se poursuivent \u00e0 l\u2019ancien palais du 15 janvier en l\u2019absence des Transformateurs, du Fact et [&hellip;]<\/p>\n","protected":false},"author":82,"featured_media":31296,"comment_status":"open","ping_status":"closed","sticky":false,"template":"","format":"standard","meta":{"footnotes":""},"categories":[11,2,20,10],"tags":[37,292,29],"class_list":["post-31297","post","type-post","status-publish","format-standard","has-post-thumbnail","hentry","category-homepage-french","category-politique","category-top-nouvelles","category-toutes-les-actualites","tag-africa-press","tag-africa-press-tchad","tag-tchad"],"yoast_head":"<!-- This site is optimized with the Yoast SEO Premium plugin v26.1 (Yoast SEO v27.0) - https:\/\/yoast.com\/product\/yoast-seo-premium-wordpress\/ -->\n<title>Dialogue national inclusif, les travaux se poursuivent au Palais de la culture - tchad<\/title>\n<meta name=\"description\" content=\"Les premiers points des activit\u00e9s du dialogue national inclusif ont d\u00e9j\u00e0 \u00e9t\u00e9 abord\u00e9s. La proposition du r\u00e8glement int\u00e9ri ...\" \/>\n<meta name=\"robots\" content=\"index, follow, max-snippet:-1, max-image-preview:large, max-video-preview:-1\" \/>\n<link rel=\"canonical\" href=\"https:\/\/www.africa-press.net\/tchad\/politique\/dialogue-national-inclusif-les-travaux-se-poursuivent-au-palais-de-la-culture\" \/>\n<meta property=\"og:locale\" content=\"fr_FR\" \/>\n<meta property=\"og:type\" content=\"article\" \/>\n<meta property=\"og:title\" content=\"Dialogue national inclusif, les travaux se poursuivent au Palais de la culture\" \/>\n<meta property=\"og:description\" content=\"Les premiers points des activit\u00e9s du dialogue national inclusif ont d\u00e9j\u00e0 \u00e9t\u00e9 abord\u00e9s. La proposition du r\u00e8glement int\u00e9ri ...\" \/>\n<meta property=\"og:url\" content=\"https:\/\/www.africa-press.net\/tchad\/politique\/dialogue-national-inclusif-les-travaux-se-poursuivent-au-palais-de-la-culture\" \/>\n<meta property=\"og:site_name\" content=\"tchad\" \/>\n<meta property=\"article:published_time\" content=\"2022-08-26T16:36:32+00:00\" \/>\n<meta property=\"article:modified_time\" content=\"2022-08-26T16:52:39+00:00\" \/>\n<meta property=\"og:image\" content=\"https:\/\/static.africa-press.net\/tchad\/sites\/41\/2022\/08\/postQueueImg_18-6308fa3c86585.jpg\" \/>\n\t<meta property=\"og:image:width\" content=\"780\" \/>\n\t<meta property=\"og:image:height\" content=\"440\" \/>\n\t<meta property=\"og:image:type\" content=\"image\/jpeg\" \/>\n<meta name=\"author\" content=\"cfeditorfr\" \/>\n<meta name=\"twitter:card\" content=\"summary_large_image\" \/>\n<meta name=\"twitter:label1\" content=\"\u00c9crit par\" \/>\n\t<meta name=\"twitter:data1\" content=\"cfeditorfr\" \/>\n\t<meta name=\"twitter:label2\" content=\"Dur\u00e9e de lecture estim\u00e9e\" \/>\n\t<meta name=\"twitter:data2\" content=\"1 minute\" \/>\n<script type=\"application\/ld+json\" class=\"yoast-schema-graph\">{\"@context\":\"https:\/\/schema.org\",\"@graph\":[{\"@type\":\"Article\",\"@id\":\"https:\/\/www.africa-press.net\/tchad\/politique\/dialogue-national-inclusif-les-travaux-se-poursuivent-au-palais-de-la-culture#article\",\"isPartOf\":{\"@id\":\"https:\/\/www.africa-press.net\/tchad\/politique\/dialogue-national-inclusif-les-travaux-se-poursuivent-au-palais-de-la-culture\"},\"author\":{\"name\":\"cfeditorfr\",\"@id\":\"https:\/\/www.africa-press.net\/tchad\/#\/schema\/person\/2b1cf3cd81a31e3cd26889ca66d677f1\"},\"headline\":\"Dialogue national inclusif, les travaux se poursuivent au Palais de la culture\",\"datePublished\":\"2022-08-26T16:36:32+00:00\",\"dateModified\":\"2022-08-26T16:52:39+00:00\",\"mainEntityOfPage\":{\"@id\":\"https:\/\/www.africa-press.net\/tchad\/politique\/dialogue-national-inclusif-les-travaux-se-poursuivent-au-palais-de-la-culture\"},\"wordCount\":219,\"commentCount\":0,\"image\":{\"@id\":\"https:\/\/www.africa-press.net\/tchad\/politique\/dialogue-national-inclusif-les-travaux-se-poursuivent-au-palais-de-la-culture#primaryimage\"},\"thumbnailUrl\":\"https:\/\/static.africa-press.net\/tchad\/sites\/41\/2022\/08\/postQueueImg_18-6308fa3c86585.jpg\",\"keywords\":[\"Africa Press\",\"Africa Press-Tchad\",\"Tchad\"],\"articleSection\":[\"homepage-french\",\"Politique\",\"Top Nouvelles\",\"Toutes les actualit\u00e9s\"],\"inLanguage\":\"fr-FR\",\"potentialAction\":[{\"@type\":\"CommentAction\",\"name\":\"Comment\",\"target\":[\"https:\/\/www.africa-press.net\/tchad\/politique\/dialogue-national-inclusif-les-travaux-se-poursuivent-au-palais-de-la-culture#respond\"]}]},{\"@type\":\"WebPage\",\"@id\":\"https:\/\/www.africa-press.net\/tchad\/politique\/dialogue-national-inclusif-les-travaux-se-poursuivent-au-palais-de-la-culture\",\"url\":\"https:\/\/www.africa-press.net\/tchad\/politique\/dialogue-national-inclusif-les-travaux-se-poursuivent-au-palais-de-la-culture\",\"name\":\"Dialogue national inclusif, les travaux se poursuivent au Palais de la culture - tchad\",\"isPartOf\":{\"@id\":\"https:\/\/www.africa-press.net\/tchad\/#website\"},\"primaryImageOfPage\":{\"@id\":\"https:\/\/www.africa-press.net\/tchad\/politique\/dialogue-national-inclusif-les-travaux-se-poursuivent-au-palais-de-la-culture#primaryimage\"},\"image\":{\"@id\":\"https:\/\/www.africa-press.net\/tchad\/politique\/dialogue-national-inclusif-les-travaux-se-poursuivent-au-palais-de-la-culture#primaryimage\"},\"thumbnailUrl\":\"https:\/\/static.africa-press.net\/tchad\/sites\/41\/2022\/08\/postQueueImg_18-6308fa3c86585.jpg\",\"datePublished\":\"2022-08-26T16:36:32+00:00\",\"dateModified\":\"2022-08-26T16:52:39+00:00\",\"author\":{\"@id\":\"https:\/\/www.africa-press.net\/tchad\/#\/schema\/person\/2b1cf3cd81a31e3cd26889ca66d677f1\"},\"description\":\"Les premiers points des activit\u00e9s du dialogue national inclusif ont d\u00e9j\u00e0 \u00e9t\u00e9 abord\u00e9s. La proposition du r\u00e8glement int\u00e9ri ...\",\"breadcrumb\":{\"@id\":\"https:\/\/www.africa-press.net\/tchad\/politique\/dialogue-national-inclusif-les-travaux-se-poursuivent-au-palais-de-la-culture#breadcrumb\"},\"inLanguage\":\"fr-FR\",\"potentialAction\":[{\"@type\":\"ReadAction\",\"target\":[\"https:\/\/www.africa-press.net\/tchad\/politique\/dialogue-national-inclusif-les-travaux-se-poursuivent-au-palais-de-la-culture\"]}]},{\"@type\":\"ImageObject\",\"inLanguage\":\"fr-FR\",\"@id\":\"https:\/\/www.africa-press.net\/tchad\/politique\/dialogue-national-inclusif-les-travaux-se-poursuivent-au-palais-de-la-culture#primaryimage\",\"url\":\"https:\/\/static.africa-press.net\/tchad\/sites\/41\/2022\/08\/postQueueImg_18-6308fa3c86585.jpg\",\"contentUrl\":\"https:\/\/static.africa-press.net\/tchad\/sites\/41\/2022\/08\/postQueueImg_18-6308fa3c86585.jpg\",\"width\":780,\"height\":440,\"caption\":\"Dialogue national inclusif, les travaux se poursuivent au Palais de la culture\"},{\"@type\":\"BreadcrumbList\",\"@id\":\"https:\/\/www.africa-press.net\/tchad\/politique\/dialogue-national-inclusif-les-travaux-se-poursuivent-au-palais-de-la-culture#breadcrumb\",\"itemListElement\":[{\"@type\":\"ListItem\",\"position\":1,\"name\":\"Accueil\",\"item\":\"https:\/\/www.africa-press.net\/tchad\/\"},{\"@type\":\"ListItem\",\"position\":2,\"name\":\"Dialogue national inclusif, les travaux se poursuivent au Palais de la culture\"}]},{\"@type\":\"WebSite\",\"@id\":\"https:\/\/www.africa-press.net\/tchad\/#website\",\"url\":\"https:\/\/www.africa-press.net\/tchad\/\",\"name\":\"tchad\",\"description\":\"Just another Africa News Agency Sites site\",\"potentialAction\":[{\"@type\":\"SearchAction\",\"target\":{\"@type\":\"EntryPoint\",\"urlTemplate\":\"https:\/\/www.africa-press.net\/tchad\/?s={search_term_string}\"},\"query-input\":{\"@type\":\"PropertyValueSpecification\",\"valueRequired\":true,\"valueName\":\"search_term_string\"}}],\"inLanguage\":\"fr-FR\"},{\"@type\":\"Person\",\"@id\":\"https:\/\/www.africa-press.net\/tchad\/#\/schema\/person\/2b1cf3cd81a31e3cd26889ca66d677f1\",\"name\":\"cfeditorfr\"}]}<\/script>\n<!-- \/ Yoast SEO Premium plugin. -->","yoast_head_json":{"title":"Dialogue national inclusif, les travaux se poursuivent au Palais de la culture - tchad","description":"Les premiers points des activit\u00e9s du dialogue national inclusif ont d\u00e9j\u00e0 \u00e9t\u00e9 abord\u00e9s. La proposition du r\u00e8glement int\u00e9ri ...","robots":{"index":"index","follow":"follow","max-snippet":"max-snippet:-1","max-image-preview":"max-image-preview:large","max-video-preview":"max-video-preview:-1"},"canonical":"https:\/\/www.africa-press.net\/tchad\/politique\/dialogue-national-inclusif-les-travaux-se-poursuivent-au-palais-de-la-culture","og_locale":"fr_FR","og_type":"article","og_title":"Dialogue national inclusif, les travaux se poursuivent au Palais de la culture","og_description":"Les premiers points des activit\u00e9s du dialogue national inclusif ont d\u00e9j\u00e0 \u00e9t\u00e9 abord\u00e9s. La proposition du r\u00e8glement int\u00e9ri ...","og_url":"https:\/\/www.africa-press.net\/tchad\/politique\/dialogue-national-inclusif-les-travaux-se-poursuivent-au-palais-de-la-culture","og_site_name":"tchad","article_published_time":"2022-08-26T16:36:32+00:00","article_modified_time":"2022-08-26T16:52:39+00:00","og_image":[{"width":780,"height":440,"url":"https:\/\/static.africa-press.net\/tchad\/sites\/41\/2022\/08\/postQueueImg_18-6308fa3c86585.jpg","type":"image\/jpeg"}],"author":"cfeditorfr","twitter_card":"summary_large_image","twitter_misc":{"\u00c9crit par":"cfeditorfr","Dur\u00e9e de lecture estim\u00e9e":"1 minute"},"schema":{"@context":"https:\/\/schema.org","@graph":[{"@type":"Article","@id":"https:\/\/www.africa-press.net\/tchad\/politique\/dialogue-national-inclusif-les-travaux-se-poursuivent-au-palais-de-la-culture#article","isPartOf":{"@id":"https:\/\/www.africa-press.net\/tchad\/politique\/dialogue-national-inclusif-les-travaux-se-poursuivent-au-palais-de-la-culture"},"author":{"name":"cfeditorfr","@id":"https:\/\/www.africa-press.net\/tchad\/#\/schema\/person\/2b1cf3cd81a31e3cd26889ca66d677f1"},"headline":"Dialogue national inclusif, les travaux se poursuivent au Palais de la culture","datePublished":"2022-08-26T16:36:32+00:00","dateModified":"2022-08-26T16:52:39+00:00","mainEntityOfPage":{"@id":"https:\/\/www.africa-press.net\/tchad\/politique\/dialogue-national-inclusif-les-travaux-se-poursuivent-au-palais-de-la-culture"},"wordCount":219,"commentCount":0,"image":{"@id":"https:\/\/www.africa-press.net\/tchad\/politique\/dialogue-national-inclusif-les-travaux-se-poursuivent-au-palais-de-la-culture#primaryimage"},"thumbnailUrl":"https:\/\/static.africa-press.net\/tchad\/sites\/41\/2022\/08\/postQueueImg_18-6308fa3c86585.jpg","keywords":["Africa Press","Africa Press-Tchad","Tchad"],"articleSection":["homepage-french","Politique","Top Nouvelles","Toutes les actualit\u00e9s"],"inLanguage":"fr-FR","potentialAction":[{"@type":"CommentAction","name":"Comment","target":["https:\/\/www.africa-press.net\/tchad\/politique\/dialogue-national-inclusif-les-travaux-se-poursuivent-au-palais-de-la-culture#respond"]}]},{"@type":"WebPage","@id":"https:\/\/www.africa-press.net\/tchad\/politique\/dialogue-national-inclusif-les-travaux-se-poursuivent-au-palais-de-la-culture","url":"https:\/\/www.africa-press.net\/tchad\/politique\/dialogue-national-inclusif-les-travaux-se-poursuivent-au-palais-de-la-culture","name":"Dialogue national inclusif, les travaux se poursuivent au Palais de la culture - tchad","isPartOf":{"@id":"https:\/\/www.africa-press.net\/tchad\/#website"},"primaryImageOfPage":{"@id":"https:\/\/www.africa-press.net\/tchad\/politique\/dialogue-national-inclusif-les-travaux-se-poursuivent-au-palais-de-la-culture#primaryimage"},"image":{"@id":"https:\/\/www.africa-press.net\/tchad\/politique\/dialogue-national-inclusif-les-travaux-se-poursuivent-au-palais-de-la-culture#primaryimage"},"thumbnailUrl":"https:\/\/static.africa-press.net\/tchad\/sites\/41\/2022\/08\/postQueueImg_18-6308fa3c86585.jpg","datePublished":"2022-08-26T16:36:32+00:00","dateModified":"2022-08-26T16:52:39+00:00","author":{"@id":"https:\/\/www.africa-press.net\/tchad\/#\/schema\/person\/2b1cf3cd81a31e3cd26889ca66d677f1"},"description":"Les premiers points des activit\u00e9s du dialogue national inclusif ont d\u00e9j\u00e0 \u00e9t\u00e9 abord\u00e9s. La proposition du r\u00e8glement int\u00e9ri ...","breadcrumb":{"@id":"https:\/\/www.africa-press.net\/tchad\/politique\/dialogue-national-inclusif-les-travaux-se-poursuivent-au-palais-de-la-culture#breadcrumb"},"inLanguage":"fr-FR","potentialAction":[{"@type":"ReadAction","target":["https:\/\/www.africa-press.net\/tchad\/politique\/dialogue-national-inclusif-les-travaux-se-poursuivent-au-palais-de-la-culture"]}]},{"@type":"ImageObject","inLanguage":"fr-FR","@id":"https:\/\/www.africa-press.net\/tchad\/politique\/dialogue-national-inclusif-les-travaux-se-poursuivent-au-palais-de-la-culture#primaryimage","url":"https:\/\/static.africa-press.net\/tchad\/sites\/41\/2022\/08\/postQueueImg_18-6308fa3c86585.jpg","contentUrl":"https:\/\/static.africa-press.net\/tchad\/sites\/41\/2022\/08\/postQueueImg_18-6308fa3c86585.jpg","width":780,"height":440,"caption":"Dialogue national inclusif, les travaux se poursuivent au Palais de la culture"},{"@type":"BreadcrumbList","@id":"https:\/\/www.africa-press.net\/tchad\/politique\/dialogue-national-inclusif-les-travaux-se-poursuivent-au-palais-de-la-culture#breadcrumb","itemListElement":[{"@type":"ListItem","position":1,"name":"Accueil","item":"https:\/\/www.africa-press.net\/tchad\/"},{"@type":"ListItem","position":2,"name":"Dialogue national inclusif, les travaux se poursuivent au Palais de la culture"}]},{"@type":"WebSite","@id":"https:\/\/www.africa-press.net\/tchad\/#website","url":"https:\/\/www.africa-press.net\/tchad\/","name":"tchad","description":"Just another Africa News Agency Sites site","potentialAction":[{"@type":"SearchAction","target":{"@type":"EntryPoint","urlTemplate":"https:\/\/www.africa-press.net\/tchad\/?s={search_term_string}"},"query-input":{"@type":"PropertyValueSpecification","valueRequired":true,"valueName":"search_term_string"}}],"inLanguage":"fr-FR"},{"@type":"Person","@id":"https:\/\/www.africa-press.net\/tchad\/#\/schema\/person\/2b1cf3cd81a31e3cd26889ca66d677f1","name":"cfeditorfr"}]}},"_links":{"self":[{"href":"https:\/\/www.africa-press.net\/tchad\/wp-json\/wp\/v2\/posts\/31297","targetHints":{"allow":["GET"]}}],"collection":[{"href":"https:\/\/www.africa-press.net\/tchad\/wp-json\/wp\/v2\/posts"}],"about":[{"href":"https:\/\/www.africa-press.net\/tchad\/wp-json\/wp\/v2\/types\/post"}],"author":[{"embeddable":true,"href":"https:\/\/www.africa-press.net\/tchad\/wp-json\/wp\/v2\/users\/82"}],"replies":[{"embeddable":true,"href":"https:\/\/www.africa-press.net\/tchad\/wp-json\/wp\/v2\/comments?post=31297"}],"version-history":[{"count":0,"href":"https:\/\/www.africa-press.net\/tchad\/wp-json\/wp\/v2\/posts\/31297\/revisions"}],"wp:featuredmedia":[{"embeddable":true,"href":"https:\/\/www.africa-press.net\/tchad\/wp-json\/wp\/v2\/media\/31296"}],"wp:attachment":[{"href":"https:\/\/www.africa-press.net\/tchad\/wp-json\/wp\/v2\/media?parent=31297"}],"wp:term":[{"taxonomy":"category","embeddable":true,"href":"https:\/\/www.africa-press.net\/tchad\/wp-json\/wp\/v2\/categories?post=31297"},{"taxonomy":"post_tag","embeddable":true,"href":"https:\/\/www.africa-press.net\/tchad\/wp-json\/wp\/v2\/tags?post=31297"}],"curies":[{"name":"wp","href":"https:\/\/api.w.org\/{rel}","templated":true}]}}