{"id":31300,"date":"2022-08-26T16:37:06","date_gmt":"2022-08-26T16:37:06","guid":{"rendered":"https:\/\/www.africa-press.net\/tchad\/politique\/luniversite-de-ndjamena-proroge-les-vacances-a-cause-des-inondations"},"modified":"2022-08-26T16:53:30","modified_gmt":"2022-08-26T16:53:30","slug":"luniversite-de-ndjamena-proroge-les-vacances-a-cause-des-inondations","status":"publish","type":"post","link":"https:\/\/www.africa-press.net\/tchad\/toutes-les-actualites\/luniversite-de-ndjamena-proroge-les-vacances-a-cause-des-inondations","title":{"rendered":"l&rsquo;Universit\u00e9 de N&rsquo;Djamena proroge les vacances \u00e0 cause des inondations"},"content":{"rendered":"<p><span style=\"color: #ff6600\"><strong>Africa-Press &#8211; Tchad. <\/strong><\/span>Dans une note circulaire rendue publique ce 26 ao\u00fbt 2022, le pr\u00e9sident de l\u2019Universit\u00e9 de N\u2019Djamena, Mahamat Saleh Daoussa Haggar, annonce la prorogation des vacances acad\u00e9miques.<\/p>\n<p>\u00ab En raison des intemp\u00e9ries persistantes, les vacances acad\u00e9miques sont prorog\u00e9es \u00e0 l&rsquo;Universit\u00e9 de N&rsquo;Djamena \u00bb, peut-on lire.<\/p>\n<p>Par ailleurs, l\u2019on apprend que les activit\u00e9s administratives reprendront le 1er septembre 2022 \u00e0 7 heures.<\/p>\n<p>En ce qui concernent les activit\u00e9s purement acad\u00e9miques (cours, s\u00e9minaires et examens), en revanche, elles reprendront le 15 septembre 2022.<\/p>\n<p><strong>Pour plus d&rsquo;informations et d&rsquo;analyses sur la <a href=\"https:\/\/www.africa-press.net\/tchad\">Tchad<\/a>, suivez <a href=\"https:\/\/www.africa-press.net\/\">Africa-Press<\/a><\/strong><\/p>\n","protected":false},"excerpt":{"rendered":"<p>Africa-Press &#8211; Tchad. Dans une note circulaire rendue publique ce 26 ao\u00fbt 2022, le pr\u00e9sident de l\u2019Universit\u00e9 de N\u2019Djamena, Mahamat Saleh Daoussa Haggar, annonce la prorogation des vacances acad\u00e9miques. \u00ab En raison des intemp\u00e9ries persistantes, les vacances acad\u00e9miques sont prorog\u00e9es \u00e0 l&rsquo;Universit\u00e9 de N&rsquo;Djamena \u00bb, peut-on lire. Par ailleurs, l\u2019on apprend que les activit\u00e9s administratives [&hellip;]<\/p>\n","protected":false},"author":82,"featured_media":31299,"comment_status":"open","ping_status":"closed","sticky":false,"template":"","format":"standard","meta":{"footnotes":""},"categories":[21,11,10],"tags":[37,292,29],"class_list":["post-31300","post","type-post","status-publish","format-standard","has-post-thumbnail","hentry","category-communaute","category-homepage-french","category-toutes-les-actualites","tag-africa-press","tag-africa-press-tchad","tag-tchad"],"yoast_head":"<!-- This site is optimized with the Yoast SEO Premium plugin v26.1 (Yoast SEO v27.0) - https:\/\/yoast.com\/product\/yoast-seo-premium-wordpress\/ -->\n<title>l&#039;Universit\u00e9 de N&#039;Djamena proroge les vacances \u00e0 cause des inondations - tchad<\/title>\n<meta name=\"description\" content=\"Dans une note circulaire rendue publique ce 26 ao\u00fbt 2022, le pr\u00e9sident de l\u2019Universit\u00e9 de N\u2019Djamena, Mahamat Saleh Daous ...\" \/>\n<meta name=\"robots\" content=\"index, follow, max-snippet:-1, max-image-preview:large, max-video-preview:-1\" \/>\n<link rel=\"canonical\" href=\"https:\/\/www.africa-press.net\/tchad\/toutes-les-actualites\/luniversite-de-ndjamena-proroge-les-vacances-a-cause-des-inondations\" \/>\n<meta property=\"og:locale\" content=\"fr_FR\" \/>\n<meta property=\"og:type\" content=\"article\" \/>\n<meta property=\"og:title\" content=\"l&#039;Universit\u00e9 de N&#039;Djamena proroge les vacances \u00e0 cause des inondations\" \/>\n<meta property=\"og:description\" content=\"Dans une note circulaire rendue publique ce 26 ao\u00fbt 2022, le pr\u00e9sident de l\u2019Universit\u00e9 de N\u2019Djamena, Mahamat Saleh Daous ...\" \/>\n<meta property=\"og:url\" content=\"https:\/\/www.africa-press.net\/tchad\/toutes-les-actualites\/luniversite-de-ndjamena-proroge-les-vacances-a-cause-des-inondations\" \/>\n<meta property=\"og:site_name\" content=\"tchad\" \/>\n<meta property=\"article:published_time\" content=\"2022-08-26T16:37:06+00:00\" \/>\n<meta property=\"article:modified_time\" content=\"2022-08-26T16:53:30+00:00\" \/>\n<meta property=\"og:image\" content=\"https:\/\/static.africa-press.net\/tchad\/sites\/41\/2022\/08\/postQueueImg_19-6308fa5d961e1.jpg\" \/>\n\t<meta property=\"og:image:width\" content=\"870\" \/>\n\t<meta property=\"og:image:height\" content=\"435\" \/>\n\t<meta property=\"og:image:type\" content=\"image\/jpeg\" \/>\n<meta name=\"author\" content=\"cfeditorfr\" \/>\n<meta name=\"twitter:card\" content=\"summary_large_image\" \/>\n<meta name=\"twitter:label1\" content=\"\u00c9crit par\" \/>\n\t<meta name=\"twitter:data1\" content=\"cfeditorfr\" \/>\n\t<meta name=\"twitter:label2\" content=\"Dur\u00e9e de lecture estim\u00e9e\" \/>\n\t<meta name=\"twitter:data2\" content=\"1 minute\" \/>\n<script type=\"application\/ld+json\" class=\"yoast-schema-graph\">{\"@context\":\"https:\/\/schema.org\",\"@graph\":[{\"@type\":\"Article\",\"@id\":\"https:\/\/www.africa-press.net\/tchad\/toutes-les-actualites\/luniversite-de-ndjamena-proroge-les-vacances-a-cause-des-inondations#article\",\"isPartOf\":{\"@id\":\"https:\/\/www.africa-press.net\/tchad\/toutes-les-actualites\/luniversite-de-ndjamena-proroge-les-vacances-a-cause-des-inondations\"},\"author\":{\"name\":\"cfeditorfr\",\"@id\":\"https:\/\/www.africa-press.net\/tchad\/#\/schema\/person\/2b1cf3cd81a31e3cd26889ca66d677f1\"},\"headline\":\"l&rsquo;Universit\u00e9 de N&rsquo;Djamena proroge les vacances \u00e0 cause des inondations\",\"datePublished\":\"2022-08-26T16:37:06+00:00\",\"dateModified\":\"2022-08-26T16:53:30+00:00\",\"mainEntityOfPage\":{\"@id\":\"https:\/\/www.africa-press.net\/tchad\/toutes-les-actualites\/luniversite-de-ndjamena-proroge-les-vacances-a-cause-des-inondations\"},\"wordCount\":111,\"commentCount\":0,\"image\":{\"@id\":\"https:\/\/www.africa-press.net\/tchad\/toutes-les-actualites\/luniversite-de-ndjamena-proroge-les-vacances-a-cause-des-inondations#primaryimage\"},\"thumbnailUrl\":\"https:\/\/static.africa-press.net\/tchad\/sites\/41\/2022\/08\/postQueueImg_19-6308fa5d961e1.jpg\",\"keywords\":[\"Africa Press\",\"Africa Press-Tchad\",\"Tchad\"],\"articleSection\":[\"Communaut\u00e9\",\"homepage-french\",\"Toutes les actualit\u00e9s\"],\"inLanguage\":\"fr-FR\",\"potentialAction\":[{\"@type\":\"CommentAction\",\"name\":\"Comment\",\"target\":[\"https:\/\/www.africa-press.net\/tchad\/toutes-les-actualites\/luniversite-de-ndjamena-proroge-les-vacances-a-cause-des-inondations#respond\"]}]},{\"@type\":\"WebPage\",\"@id\":\"https:\/\/www.africa-press.net\/tchad\/toutes-les-actualites\/luniversite-de-ndjamena-proroge-les-vacances-a-cause-des-inondations\",\"url\":\"https:\/\/www.africa-press.net\/tchad\/toutes-les-actualites\/luniversite-de-ndjamena-proroge-les-vacances-a-cause-des-inondations\",\"name\":\"l'Universit\u00e9 de N'Djamena proroge les vacances \u00e0 cause des inondations - tchad\",\"isPartOf\":{\"@id\":\"https:\/\/www.africa-press.net\/tchad\/#website\"},\"primaryImageOfPage\":{\"@id\":\"https:\/\/www.africa-press.net\/tchad\/toutes-les-actualites\/luniversite-de-ndjamena-proroge-les-vacances-a-cause-des-inondations#primaryimage\"},\"image\":{\"@id\":\"https:\/\/www.africa-press.net\/tchad\/toutes-les-actualites\/luniversite-de-ndjamena-proroge-les-vacances-a-cause-des-inondations#primaryimage\"},\"thumbnailUrl\":\"https:\/\/static.africa-press.net\/tchad\/sites\/41\/2022\/08\/postQueueImg_19-6308fa5d961e1.jpg\",\"datePublished\":\"2022-08-26T16:37:06+00:00\",\"dateModified\":\"2022-08-26T16:53:30+00:00\",\"author\":{\"@id\":\"https:\/\/www.africa-press.net\/tchad\/#\/schema\/person\/2b1cf3cd81a31e3cd26889ca66d677f1\"},\"description\":\"Dans une note circulaire rendue publique ce 26 ao\u00fbt 2022, le pr\u00e9sident de l\u2019Universit\u00e9 de N\u2019Djamena, Mahamat Saleh Daous ...\",\"breadcrumb\":{\"@id\":\"https:\/\/www.africa-press.net\/tchad\/toutes-les-actualites\/luniversite-de-ndjamena-proroge-les-vacances-a-cause-des-inondations#breadcrumb\"},\"inLanguage\":\"fr-FR\",\"potentialAction\":[{\"@type\":\"ReadAction\",\"target\":[\"https:\/\/www.africa-press.net\/tchad\/toutes-les-actualites\/luniversite-de-ndjamena-proroge-les-vacances-a-cause-des-inondations\"]}]},{\"@type\":\"ImageObject\",\"inLanguage\":\"fr-FR\",\"@id\":\"https:\/\/www.africa-press.net\/tchad\/toutes-les-actualites\/luniversite-de-ndjamena-proroge-les-vacances-a-cause-des-inondations#primaryimage\",\"url\":\"https:\/\/static.africa-press.net\/tchad\/sites\/41\/2022\/08\/postQueueImg_19-6308fa5d961e1.jpg\",\"contentUrl\":\"https:\/\/static.africa-press.net\/tchad\/sites\/41\/2022\/08\/postQueueImg_19-6308fa5d961e1.jpg\",\"width\":870,\"height\":435,\"caption\":\"l'Universit\u00e9 de N'Djamena proroge les vacances \u00e0 cause des inondations\"},{\"@type\":\"BreadcrumbList\",\"@id\":\"https:\/\/www.africa-press.net\/tchad\/toutes-les-actualites\/luniversite-de-ndjamena-proroge-les-vacances-a-cause-des-inondations#breadcrumb\",\"itemListElement\":[{\"@type\":\"ListItem\",\"position\":1,\"name\":\"Accueil\",\"item\":\"https:\/\/www.africa-press.net\/tchad\/\"},{\"@type\":\"ListItem\",\"position\":2,\"name\":\"l&#8217;Universit\u00e9 de N&#8217;Djamena proroge les vacances \u00e0 cause des inondations\"}]},{\"@type\":\"WebSite\",\"@id\":\"https:\/\/www.africa-press.net\/tchad\/#website\",\"url\":\"https:\/\/www.africa-press.net\/tchad\/\",\"name\":\"tchad\",\"description\":\"Just another Africa News Agency Sites site\",\"potentialAction\":[{\"@type\":\"SearchAction\",\"target\":{\"@type\":\"EntryPoint\",\"urlTemplate\":\"https:\/\/www.africa-press.net\/tchad\/?s={search_term_string}\"},\"query-input\":{\"@type\":\"PropertyValueSpecification\",\"valueRequired\":true,\"valueName\":\"search_term_string\"}}],\"inLanguage\":\"fr-FR\"},{\"@type\":\"Person\",\"@id\":\"https:\/\/www.africa-press.net\/tchad\/#\/schema\/person\/2b1cf3cd81a31e3cd26889ca66d677f1\",\"name\":\"cfeditorfr\"}]}<\/script>\n<!-- \/ Yoast SEO Premium plugin. -->","yoast_head_json":{"title":"l'Universit\u00e9 de N'Djamena proroge les vacances \u00e0 cause des inondations - tchad","description":"Dans une note circulaire rendue publique ce 26 ao\u00fbt 2022, le pr\u00e9sident de l\u2019Universit\u00e9 de N\u2019Djamena, Mahamat Saleh Daous ...","robots":{"index":"index","follow":"follow","max-snippet":"max-snippet:-1","max-image-preview":"max-image-preview:large","max-video-preview":"max-video-preview:-1"},"canonical":"https:\/\/www.africa-press.net\/tchad\/toutes-les-actualites\/luniversite-de-ndjamena-proroge-les-vacances-a-cause-des-inondations","og_locale":"fr_FR","og_type":"article","og_title":"l'Universit\u00e9 de N'Djamena proroge les vacances \u00e0 cause des inondations","og_description":"Dans une note circulaire rendue publique ce 26 ao\u00fbt 2022, le pr\u00e9sident de l\u2019Universit\u00e9 de N\u2019Djamena, Mahamat Saleh Daous ...","og_url":"https:\/\/www.africa-press.net\/tchad\/toutes-les-actualites\/luniversite-de-ndjamena-proroge-les-vacances-a-cause-des-inondations","og_site_name":"tchad","article_published_time":"2022-08-26T16:37:06+00:00","article_modified_time":"2022-08-26T16:53:30+00:00","og_image":[{"width":870,"height":435,"url":"https:\/\/static.africa-press.net\/tchad\/sites\/41\/2022\/08\/postQueueImg_19-6308fa5d961e1.jpg","type":"image\/jpeg"}],"author":"cfeditorfr","twitter_card":"summary_large_image","twitter_misc":{"\u00c9crit par":"cfeditorfr","Dur\u00e9e de lecture estim\u00e9e":"1 minute"},"schema":{"@context":"https:\/\/schema.org","@graph":[{"@type":"Article","@id":"https:\/\/www.africa-press.net\/tchad\/toutes-les-actualites\/luniversite-de-ndjamena-proroge-les-vacances-a-cause-des-inondations#article","isPartOf":{"@id":"https:\/\/www.africa-press.net\/tchad\/toutes-les-actualites\/luniversite-de-ndjamena-proroge-les-vacances-a-cause-des-inondations"},"author":{"name":"cfeditorfr","@id":"https:\/\/www.africa-press.net\/tchad\/#\/schema\/person\/2b1cf3cd81a31e3cd26889ca66d677f1"},"headline":"l&rsquo;Universit\u00e9 de N&rsquo;Djamena proroge les vacances \u00e0 cause des inondations","datePublished":"2022-08-26T16:37:06+00:00","dateModified":"2022-08-26T16:53:30+00:00","mainEntityOfPage":{"@id":"https:\/\/www.africa-press.net\/tchad\/toutes-les-actualites\/luniversite-de-ndjamena-proroge-les-vacances-a-cause-des-inondations"},"wordCount":111,"commentCount":0,"image":{"@id":"https:\/\/www.africa-press.net\/tchad\/toutes-les-actualites\/luniversite-de-ndjamena-proroge-les-vacances-a-cause-des-inondations#primaryimage"},"thumbnailUrl":"https:\/\/static.africa-press.net\/tchad\/sites\/41\/2022\/08\/postQueueImg_19-6308fa5d961e1.jpg","keywords":["Africa Press","Africa Press-Tchad","Tchad"],"articleSection":["Communaut\u00e9","homepage-french","Toutes les actualit\u00e9s"],"inLanguage":"fr-FR","potentialAction":[{"@type":"CommentAction","name":"Comment","target":["https:\/\/www.africa-press.net\/tchad\/toutes-les-actualites\/luniversite-de-ndjamena-proroge-les-vacances-a-cause-des-inondations#respond"]}]},{"@type":"WebPage","@id":"https:\/\/www.africa-press.net\/tchad\/toutes-les-actualites\/luniversite-de-ndjamena-proroge-les-vacances-a-cause-des-inondations","url":"https:\/\/www.africa-press.net\/tchad\/toutes-les-actualites\/luniversite-de-ndjamena-proroge-les-vacances-a-cause-des-inondations","name":"l'Universit\u00e9 de N'Djamena proroge les vacances \u00e0 cause des inondations - tchad","isPartOf":{"@id":"https:\/\/www.africa-press.net\/tchad\/#website"},"primaryImageOfPage":{"@id":"https:\/\/www.africa-press.net\/tchad\/toutes-les-actualites\/luniversite-de-ndjamena-proroge-les-vacances-a-cause-des-inondations#primaryimage"},"image":{"@id":"https:\/\/www.africa-press.net\/tchad\/toutes-les-actualites\/luniversite-de-ndjamena-proroge-les-vacances-a-cause-des-inondations#primaryimage"},"thumbnailUrl":"https:\/\/static.africa-press.net\/tchad\/sites\/41\/2022\/08\/postQueueImg_19-6308fa5d961e1.jpg","datePublished":"2022-08-26T16:37:06+00:00","dateModified":"2022-08-26T16:53:30+00:00","author":{"@id":"https:\/\/www.africa-press.net\/tchad\/#\/schema\/person\/2b1cf3cd81a31e3cd26889ca66d677f1"},"description":"Dans une note circulaire rendue publique ce 26 ao\u00fbt 2022, le pr\u00e9sident de l\u2019Universit\u00e9 de N\u2019Djamena, Mahamat Saleh Daous ...","breadcrumb":{"@id":"https:\/\/www.africa-press.net\/tchad\/toutes-les-actualites\/luniversite-de-ndjamena-proroge-les-vacances-a-cause-des-inondations#breadcrumb"},"inLanguage":"fr-FR","potentialAction":[{"@type":"ReadAction","target":["https:\/\/www.africa-press.net\/tchad\/toutes-les-actualites\/luniversite-de-ndjamena-proroge-les-vacances-a-cause-des-inondations"]}]},{"@type":"ImageObject","inLanguage":"fr-FR","@id":"https:\/\/www.africa-press.net\/tchad\/toutes-les-actualites\/luniversite-de-ndjamena-proroge-les-vacances-a-cause-des-inondations#primaryimage","url":"https:\/\/static.africa-press.net\/tchad\/sites\/41\/2022\/08\/postQueueImg_19-6308fa5d961e1.jpg","contentUrl":"https:\/\/static.africa-press.net\/tchad\/sites\/41\/2022\/08\/postQueueImg_19-6308fa5d961e1.jpg","width":870,"height":435,"caption":"l'Universit\u00e9 de N'Djamena proroge les vacances \u00e0 cause des inondations"},{"@type":"BreadcrumbList","@id":"https:\/\/www.africa-press.net\/tchad\/toutes-les-actualites\/luniversite-de-ndjamena-proroge-les-vacances-a-cause-des-inondations#breadcrumb","itemListElement":[{"@type":"ListItem","position":1,"name":"Accueil","item":"https:\/\/www.africa-press.net\/tchad\/"},{"@type":"ListItem","position":2,"name":"l&#8217;Universit\u00e9 de N&#8217;Djamena proroge les vacances \u00e0 cause des inondations"}]},{"@type":"WebSite","@id":"https:\/\/www.africa-press.net\/tchad\/#website","url":"https:\/\/www.africa-press.net\/tchad\/","name":"tchad","description":"Just another Africa News Agency Sites site","potentialAction":[{"@type":"SearchAction","target":{"@type":"EntryPoint","urlTemplate":"https:\/\/www.africa-press.net\/tchad\/?s={search_term_string}"},"query-input":{"@type":"PropertyValueSpecification","valueRequired":true,"valueName":"search_term_string"}}],"inLanguage":"fr-FR"},{"@type":"Person","@id":"https:\/\/www.africa-press.net\/tchad\/#\/schema\/person\/2b1cf3cd81a31e3cd26889ca66d677f1","name":"cfeditorfr"}]}},"_links":{"self":[{"href":"https:\/\/www.africa-press.net\/tchad\/wp-json\/wp\/v2\/posts\/31300","targetHints":{"allow":["GET"]}}],"collection":[{"href":"https:\/\/www.africa-press.net\/tchad\/wp-json\/wp\/v2\/posts"}],"about":[{"href":"https:\/\/www.africa-press.net\/tchad\/wp-json\/wp\/v2\/types\/post"}],"author":[{"embeddable":true,"href":"https:\/\/www.africa-press.net\/tchad\/wp-json\/wp\/v2\/users\/82"}],"replies":[{"embeddable":true,"href":"https:\/\/www.africa-press.net\/tchad\/wp-json\/wp\/v2\/comments?post=31300"}],"version-history":[{"count":0,"href":"https:\/\/www.africa-press.net\/tchad\/wp-json\/wp\/v2\/posts\/31300\/revisions"}],"wp:featuredmedia":[{"embeddable":true,"href":"https:\/\/www.africa-press.net\/tchad\/wp-json\/wp\/v2\/media\/31299"}],"wp:attachment":[{"href":"https:\/\/www.africa-press.net\/tchad\/wp-json\/wp\/v2\/media?parent=31300"}],"wp:term":[{"taxonomy":"category","embeddable":true,"href":"https:\/\/www.africa-press.net\/tchad\/wp-json\/wp\/v2\/categories?post=31300"},{"taxonomy":"post_tag","embeddable":true,"href":"https:\/\/www.africa-press.net\/tchad\/wp-json\/wp\/v2\/tags?post=31300"}],"curies":[{"name":"wp","href":"https:\/\/api.w.org\/{rel}","templated":true}]}}