{"id":31309,"date":"2022-08-26T16:38:14","date_gmt":"2022-08-26T16:38:14","guid":{"rendered":"https:\/\/www.africa-press.net\/tchad\/politique\/le-parti-tchad-uni-va-defendre-ses-revendications-politiques-au-dialogue"},"modified":"2022-08-26T16:55:00","modified_gmt":"2022-08-26T16:55:00","slug":"le-parti-tchad-uni-va-defendre-ses-revendications-politiques-au-dialogue","status":"publish","type":"post","link":"https:\/\/www.africa-press.net\/tchad\/politique\/le-parti-tchad-uni-va-defendre-ses-revendications-politiques-au-dialogue","title":{"rendered":"le parti Tchad Uni va d\u00e9fendre ses revendications politiques au dialogue"},"content":{"rendered":"<p><span style=\"color: #ff6600\"><strong>Africa-Press &#8211; Tchad. <\/strong><\/span>La formation politique, \u00e0 travers un communiqu\u00e9 de ce vendredi 26 avril, annonce sa participation au dialogue national inclusif et souverain en cours.<\/p>\n<p>Le pr\u00e9sident national du Parti Tchad Uni, <b>Mahamat Zene Cherif<\/b>, fait savoir que sa formation politique a particip\u00e9 du 13 au 25 Ao\u00fbt \u00e0 des rencontres des consultations avec des partis politiques d\u2019oppositions, des organisations de la soci\u00e9t\u00e9 civile. Des consultations qui interviennent quelques jours apr\u00e8s son refus de prendre part aux assises du DNIS. Ils font ont \u00e9galement savoir qu\u2019ils ont eu des s\u00e9ances des plaidoyers avec des m\u00e9diateurs nationaux et internationaux, les repr\u00e9sentations diplomatiques de certains pays amis du Tchad.<\/p>\n<p>A l\u2019issue de toutes ces rencontres, le parti politique a d\u00e9cid\u00e9 de revenir sur sa d\u00e9cision. Le Parti Tchad Uni d\u00e9cide d\u00e8s lors de prendre part aux assises du dialogue national et inclusif. Les activit\u00e9s se d\u00e9roulent au Palais de la culture, \u00e0 N\u2019Djamena. Mahamat Zene Cherif demande aux entit\u00e9s encore h\u00e9sitantes de se mobiliser pour participer au DNIS. Il s\u2019agit entre autres de certains partis politique, des organisations de la soci\u00e9t\u00e9 civile et les politico-militaires. Pour m\u00e9moire, le 12 ao\u00fbt dernier le parti avait renonc\u00e9 \u00e0 sa participation au dit dialogue.<\/p>\n<p><strong>Pour plus d&rsquo;informations et d&rsquo;analyses sur la <a href=\"https:\/\/www.africa-press.net\/tchad\">Tchad<\/a>, suivez <a href=\"https:\/\/www.africa-press.net\/\">Africa-Press<\/a><\/strong><\/p>\n","protected":false},"excerpt":{"rendered":"<p>Africa-Press &#8211; Tchad. La formation politique, \u00e0 travers un communiqu\u00e9 de ce vendredi 26 avril, annonce sa participation au dialogue national inclusif et souverain en cours. Le pr\u00e9sident national du Parti Tchad Uni, Mahamat Zene Cherif, fait savoir que sa formation politique a particip\u00e9 du 13 au 25 Ao\u00fbt \u00e0 des rencontres des consultations avec [&hellip;]<\/p>\n","protected":false},"author":82,"featured_media":31308,"comment_status":"open","ping_status":"closed","sticky":false,"template":"","format":"standard","meta":{"footnotes":""},"categories":[11,4,2,10],"tags":[37,292,29],"class_list":["post-31309","post","type-post","status-publish","format-standard","has-post-thumbnail","hentry","category-homepage-french","category-parties","category-politique","category-toutes-les-actualites","tag-africa-press","tag-africa-press-tchad","tag-tchad"],"yoast_head":"<!-- This site is optimized with the Yoast SEO Premium plugin v26.1 (Yoast SEO v27.0) - https:\/\/yoast.com\/product\/yoast-seo-premium-wordpress\/ -->\n<title>le parti Tchad Uni va d\u00e9fendre ses revendications politiques au dialogue - tchad<\/title>\n<meta name=\"description\" content=\"La formation politique, \u00e0 travers un communiqu\u00e9 de ce vendredi 26 avril, annonce sa participation au dialogue national i ...\" \/>\n<meta name=\"robots\" content=\"index, follow, max-snippet:-1, max-image-preview:large, max-video-preview:-1\" \/>\n<link rel=\"canonical\" href=\"https:\/\/www.africa-press.net\/tchad\/politique\/le-parti-tchad-uni-va-defendre-ses-revendications-politiques-au-dialogue\" \/>\n<meta property=\"og:locale\" content=\"fr_FR\" \/>\n<meta property=\"og:type\" content=\"article\" \/>\n<meta property=\"og:title\" content=\"le parti Tchad Uni va d\u00e9fendre ses revendications politiques au dialogue\" \/>\n<meta property=\"og:description\" content=\"La formation politique, \u00e0 travers un communiqu\u00e9 de ce vendredi 26 avril, annonce sa participation au dialogue national i ...\" \/>\n<meta property=\"og:url\" content=\"https:\/\/www.africa-press.net\/tchad\/politique\/le-parti-tchad-uni-va-defendre-ses-revendications-politiques-au-dialogue\" \/>\n<meta property=\"og:site_name\" content=\"tchad\" \/>\n<meta property=\"article:published_time\" content=\"2022-08-26T16:38:14+00:00\" \/>\n<meta property=\"article:modified_time\" content=\"2022-08-26T16:55:00+00:00\" \/>\n<meta property=\"og:image\" content=\"https:\/\/static.africa-press.net\/tchad\/sites\/41\/2022\/08\/postQueueImg_22-6308faca9cb99.jpg\" \/>\n\t<meta property=\"og:image:width\" content=\"780\" \/>\n\t<meta property=\"og:image:height\" content=\"440\" \/>\n\t<meta property=\"og:image:type\" content=\"image\/jpeg\" \/>\n<meta name=\"author\" content=\"cfeditorfr\" \/>\n<meta name=\"twitter:card\" content=\"summary_large_image\" \/>\n<meta name=\"twitter:label1\" content=\"\u00c9crit par\" \/>\n\t<meta name=\"twitter:data1\" content=\"cfeditorfr\" \/>\n\t<meta name=\"twitter:label2\" content=\"Dur\u00e9e de lecture estim\u00e9e\" \/>\n\t<meta name=\"twitter:data2\" content=\"2 minutes\" \/>\n<script type=\"application\/ld+json\" class=\"yoast-schema-graph\">{\"@context\":\"https:\/\/schema.org\",\"@graph\":[{\"@type\":\"Article\",\"@id\":\"https:\/\/www.africa-press.net\/tchad\/politique\/le-parti-tchad-uni-va-defendre-ses-revendications-politiques-au-dialogue#article\",\"isPartOf\":{\"@id\":\"https:\/\/www.africa-press.net\/tchad\/politique\/le-parti-tchad-uni-va-defendre-ses-revendications-politiques-au-dialogue\"},\"author\":{\"name\":\"cfeditorfr\",\"@id\":\"https:\/\/www.africa-press.net\/tchad\/#\/schema\/person\/2b1cf3cd81a31e3cd26889ca66d677f1\"},\"headline\":\"le parti Tchad Uni va d\u00e9fendre ses revendications politiques au dialogue\",\"datePublished\":\"2022-08-26T16:38:14+00:00\",\"dateModified\":\"2022-08-26T16:55:00+00:00\",\"mainEntityOfPage\":{\"@id\":\"https:\/\/www.africa-press.net\/tchad\/politique\/le-parti-tchad-uni-va-defendre-ses-revendications-politiques-au-dialogue\"},\"wordCount\":239,\"commentCount\":0,\"image\":{\"@id\":\"https:\/\/www.africa-press.net\/tchad\/politique\/le-parti-tchad-uni-va-defendre-ses-revendications-politiques-au-dialogue#primaryimage\"},\"thumbnailUrl\":\"https:\/\/static.africa-press.net\/tchad\/sites\/41\/2022\/08\/postQueueImg_22-6308faca9cb99.jpg\",\"keywords\":[\"Africa Press\",\"Africa Press-Tchad\",\"Tchad\"],\"articleSection\":[\"homepage-french\",\"Parties\",\"Politique\",\"Toutes les actualit\u00e9s\"],\"inLanguage\":\"fr-FR\",\"potentialAction\":[{\"@type\":\"CommentAction\",\"name\":\"Comment\",\"target\":[\"https:\/\/www.africa-press.net\/tchad\/politique\/le-parti-tchad-uni-va-defendre-ses-revendications-politiques-au-dialogue#respond\"]}]},{\"@type\":\"WebPage\",\"@id\":\"https:\/\/www.africa-press.net\/tchad\/politique\/le-parti-tchad-uni-va-defendre-ses-revendications-politiques-au-dialogue\",\"url\":\"https:\/\/www.africa-press.net\/tchad\/politique\/le-parti-tchad-uni-va-defendre-ses-revendications-politiques-au-dialogue\",\"name\":\"le parti Tchad Uni va d\u00e9fendre ses revendications politiques au dialogue - tchad\",\"isPartOf\":{\"@id\":\"https:\/\/www.africa-press.net\/tchad\/#website\"},\"primaryImageOfPage\":{\"@id\":\"https:\/\/www.africa-press.net\/tchad\/politique\/le-parti-tchad-uni-va-defendre-ses-revendications-politiques-au-dialogue#primaryimage\"},\"image\":{\"@id\":\"https:\/\/www.africa-press.net\/tchad\/politique\/le-parti-tchad-uni-va-defendre-ses-revendications-politiques-au-dialogue#primaryimage\"},\"thumbnailUrl\":\"https:\/\/static.africa-press.net\/tchad\/sites\/41\/2022\/08\/postQueueImg_22-6308faca9cb99.jpg\",\"datePublished\":\"2022-08-26T16:38:14+00:00\",\"dateModified\":\"2022-08-26T16:55:00+00:00\",\"author\":{\"@id\":\"https:\/\/www.africa-press.net\/tchad\/#\/schema\/person\/2b1cf3cd81a31e3cd26889ca66d677f1\"},\"description\":\"La formation politique, \u00e0 travers un communiqu\u00e9 de ce vendredi 26 avril, annonce sa participation au dialogue national i ...\",\"breadcrumb\":{\"@id\":\"https:\/\/www.africa-press.net\/tchad\/politique\/le-parti-tchad-uni-va-defendre-ses-revendications-politiques-au-dialogue#breadcrumb\"},\"inLanguage\":\"fr-FR\",\"potentialAction\":[{\"@type\":\"ReadAction\",\"target\":[\"https:\/\/www.africa-press.net\/tchad\/politique\/le-parti-tchad-uni-va-defendre-ses-revendications-politiques-au-dialogue\"]}]},{\"@type\":\"ImageObject\",\"inLanguage\":\"fr-FR\",\"@id\":\"https:\/\/www.africa-press.net\/tchad\/politique\/le-parti-tchad-uni-va-defendre-ses-revendications-politiques-au-dialogue#primaryimage\",\"url\":\"https:\/\/static.africa-press.net\/tchad\/sites\/41\/2022\/08\/postQueueImg_22-6308faca9cb99.jpg\",\"contentUrl\":\"https:\/\/static.africa-press.net\/tchad\/sites\/41\/2022\/08\/postQueueImg_22-6308faca9cb99.jpg\",\"width\":780,\"height\":440,\"caption\":\"le parti Tchad Uni va d\u00e9fendre ses revendications politiques au dialogue\"},{\"@type\":\"BreadcrumbList\",\"@id\":\"https:\/\/www.africa-press.net\/tchad\/politique\/le-parti-tchad-uni-va-defendre-ses-revendications-politiques-au-dialogue#breadcrumb\",\"itemListElement\":[{\"@type\":\"ListItem\",\"position\":1,\"name\":\"Accueil\",\"item\":\"https:\/\/www.africa-press.net\/tchad\/\"},{\"@type\":\"ListItem\",\"position\":2,\"name\":\"le parti Tchad Uni va d\u00e9fendre ses revendications politiques au dialogue\"}]},{\"@type\":\"WebSite\",\"@id\":\"https:\/\/www.africa-press.net\/tchad\/#website\",\"url\":\"https:\/\/www.africa-press.net\/tchad\/\",\"name\":\"tchad\",\"description\":\"Just another Africa News Agency Sites site\",\"potentialAction\":[{\"@type\":\"SearchAction\",\"target\":{\"@type\":\"EntryPoint\",\"urlTemplate\":\"https:\/\/www.africa-press.net\/tchad\/?s={search_term_string}\"},\"query-input\":{\"@type\":\"PropertyValueSpecification\",\"valueRequired\":true,\"valueName\":\"search_term_string\"}}],\"inLanguage\":\"fr-FR\"},{\"@type\":\"Person\",\"@id\":\"https:\/\/www.africa-press.net\/tchad\/#\/schema\/person\/2b1cf3cd81a31e3cd26889ca66d677f1\",\"name\":\"cfeditorfr\"}]}<\/script>\n<!-- \/ Yoast SEO Premium plugin. -->","yoast_head_json":{"title":"le parti Tchad Uni va d\u00e9fendre ses revendications politiques au dialogue - tchad","description":"La formation politique, \u00e0 travers un communiqu\u00e9 de ce vendredi 26 avril, annonce sa participation au dialogue national i ...","robots":{"index":"index","follow":"follow","max-snippet":"max-snippet:-1","max-image-preview":"max-image-preview:large","max-video-preview":"max-video-preview:-1"},"canonical":"https:\/\/www.africa-press.net\/tchad\/politique\/le-parti-tchad-uni-va-defendre-ses-revendications-politiques-au-dialogue","og_locale":"fr_FR","og_type":"article","og_title":"le parti Tchad Uni va d\u00e9fendre ses revendications politiques au dialogue","og_description":"La formation politique, \u00e0 travers un communiqu\u00e9 de ce vendredi 26 avril, annonce sa participation au dialogue national i ...","og_url":"https:\/\/www.africa-press.net\/tchad\/politique\/le-parti-tchad-uni-va-defendre-ses-revendications-politiques-au-dialogue","og_site_name":"tchad","article_published_time":"2022-08-26T16:38:14+00:00","article_modified_time":"2022-08-26T16:55:00+00:00","og_image":[{"width":780,"height":440,"url":"https:\/\/static.africa-press.net\/tchad\/sites\/41\/2022\/08\/postQueueImg_22-6308faca9cb99.jpg","type":"image\/jpeg"}],"author":"cfeditorfr","twitter_card":"summary_large_image","twitter_misc":{"\u00c9crit par":"cfeditorfr","Dur\u00e9e de lecture estim\u00e9e":"2 minutes"},"schema":{"@context":"https:\/\/schema.org","@graph":[{"@type":"Article","@id":"https:\/\/www.africa-press.net\/tchad\/politique\/le-parti-tchad-uni-va-defendre-ses-revendications-politiques-au-dialogue#article","isPartOf":{"@id":"https:\/\/www.africa-press.net\/tchad\/politique\/le-parti-tchad-uni-va-defendre-ses-revendications-politiques-au-dialogue"},"author":{"name":"cfeditorfr","@id":"https:\/\/www.africa-press.net\/tchad\/#\/schema\/person\/2b1cf3cd81a31e3cd26889ca66d677f1"},"headline":"le parti Tchad Uni va d\u00e9fendre ses revendications politiques au dialogue","datePublished":"2022-08-26T16:38:14+00:00","dateModified":"2022-08-26T16:55:00+00:00","mainEntityOfPage":{"@id":"https:\/\/www.africa-press.net\/tchad\/politique\/le-parti-tchad-uni-va-defendre-ses-revendications-politiques-au-dialogue"},"wordCount":239,"commentCount":0,"image":{"@id":"https:\/\/www.africa-press.net\/tchad\/politique\/le-parti-tchad-uni-va-defendre-ses-revendications-politiques-au-dialogue#primaryimage"},"thumbnailUrl":"https:\/\/static.africa-press.net\/tchad\/sites\/41\/2022\/08\/postQueueImg_22-6308faca9cb99.jpg","keywords":["Africa Press","Africa Press-Tchad","Tchad"],"articleSection":["homepage-french","Parties","Politique","Toutes les actualit\u00e9s"],"inLanguage":"fr-FR","potentialAction":[{"@type":"CommentAction","name":"Comment","target":["https:\/\/www.africa-press.net\/tchad\/politique\/le-parti-tchad-uni-va-defendre-ses-revendications-politiques-au-dialogue#respond"]}]},{"@type":"WebPage","@id":"https:\/\/www.africa-press.net\/tchad\/politique\/le-parti-tchad-uni-va-defendre-ses-revendications-politiques-au-dialogue","url":"https:\/\/www.africa-press.net\/tchad\/politique\/le-parti-tchad-uni-va-defendre-ses-revendications-politiques-au-dialogue","name":"le parti Tchad Uni va d\u00e9fendre ses revendications politiques au dialogue - tchad","isPartOf":{"@id":"https:\/\/www.africa-press.net\/tchad\/#website"},"primaryImageOfPage":{"@id":"https:\/\/www.africa-press.net\/tchad\/politique\/le-parti-tchad-uni-va-defendre-ses-revendications-politiques-au-dialogue#primaryimage"},"image":{"@id":"https:\/\/www.africa-press.net\/tchad\/politique\/le-parti-tchad-uni-va-defendre-ses-revendications-politiques-au-dialogue#primaryimage"},"thumbnailUrl":"https:\/\/static.africa-press.net\/tchad\/sites\/41\/2022\/08\/postQueueImg_22-6308faca9cb99.jpg","datePublished":"2022-08-26T16:38:14+00:00","dateModified":"2022-08-26T16:55:00+00:00","author":{"@id":"https:\/\/www.africa-press.net\/tchad\/#\/schema\/person\/2b1cf3cd81a31e3cd26889ca66d677f1"},"description":"La formation politique, \u00e0 travers un communiqu\u00e9 de ce vendredi 26 avril, annonce sa participation au dialogue national i ...","breadcrumb":{"@id":"https:\/\/www.africa-press.net\/tchad\/politique\/le-parti-tchad-uni-va-defendre-ses-revendications-politiques-au-dialogue#breadcrumb"},"inLanguage":"fr-FR","potentialAction":[{"@type":"ReadAction","target":["https:\/\/www.africa-press.net\/tchad\/politique\/le-parti-tchad-uni-va-defendre-ses-revendications-politiques-au-dialogue"]}]},{"@type":"ImageObject","inLanguage":"fr-FR","@id":"https:\/\/www.africa-press.net\/tchad\/politique\/le-parti-tchad-uni-va-defendre-ses-revendications-politiques-au-dialogue#primaryimage","url":"https:\/\/static.africa-press.net\/tchad\/sites\/41\/2022\/08\/postQueueImg_22-6308faca9cb99.jpg","contentUrl":"https:\/\/static.africa-press.net\/tchad\/sites\/41\/2022\/08\/postQueueImg_22-6308faca9cb99.jpg","width":780,"height":440,"caption":"le parti Tchad Uni va d\u00e9fendre ses revendications politiques au dialogue"},{"@type":"BreadcrumbList","@id":"https:\/\/www.africa-press.net\/tchad\/politique\/le-parti-tchad-uni-va-defendre-ses-revendications-politiques-au-dialogue#breadcrumb","itemListElement":[{"@type":"ListItem","position":1,"name":"Accueil","item":"https:\/\/www.africa-press.net\/tchad\/"},{"@type":"ListItem","position":2,"name":"le parti Tchad Uni va d\u00e9fendre ses revendications politiques au dialogue"}]},{"@type":"WebSite","@id":"https:\/\/www.africa-press.net\/tchad\/#website","url":"https:\/\/www.africa-press.net\/tchad\/","name":"tchad","description":"Just another Africa News Agency Sites site","potentialAction":[{"@type":"SearchAction","target":{"@type":"EntryPoint","urlTemplate":"https:\/\/www.africa-press.net\/tchad\/?s={search_term_string}"},"query-input":{"@type":"PropertyValueSpecification","valueRequired":true,"valueName":"search_term_string"}}],"inLanguage":"fr-FR"},{"@type":"Person","@id":"https:\/\/www.africa-press.net\/tchad\/#\/schema\/person\/2b1cf3cd81a31e3cd26889ca66d677f1","name":"cfeditorfr"}]}},"_links":{"self":[{"href":"https:\/\/www.africa-press.net\/tchad\/wp-json\/wp\/v2\/posts\/31309","targetHints":{"allow":["GET"]}}],"collection":[{"href":"https:\/\/www.africa-press.net\/tchad\/wp-json\/wp\/v2\/posts"}],"about":[{"href":"https:\/\/www.africa-press.net\/tchad\/wp-json\/wp\/v2\/types\/post"}],"author":[{"embeddable":true,"href":"https:\/\/www.africa-press.net\/tchad\/wp-json\/wp\/v2\/users\/82"}],"replies":[{"embeddable":true,"href":"https:\/\/www.africa-press.net\/tchad\/wp-json\/wp\/v2\/comments?post=31309"}],"version-history":[{"count":0,"href":"https:\/\/www.africa-press.net\/tchad\/wp-json\/wp\/v2\/posts\/31309\/revisions"}],"wp:featuredmedia":[{"embeddable":true,"href":"https:\/\/www.africa-press.net\/tchad\/wp-json\/wp\/v2\/media\/31308"}],"wp:attachment":[{"href":"https:\/\/www.africa-press.net\/tchad\/wp-json\/wp\/v2\/media?parent=31309"}],"wp:term":[{"taxonomy":"category","embeddable":true,"href":"https:\/\/www.africa-press.net\/tchad\/wp-json\/wp\/v2\/categories?post=31309"},{"taxonomy":"post_tag","embeddable":true,"href":"https:\/\/www.africa-press.net\/tchad\/wp-json\/wp\/v2\/tags?post=31309"}],"curies":[{"name":"wp","href":"https:\/\/api.w.org\/{rel}","templated":true}]}}