{"id":31315,"date":"2022-08-26T16:39:24","date_gmt":"2022-08-26T16:39:24","guid":{"rendered":"https:\/\/www.africa-press.net\/tchad\/politique\/tchad-ce-dialogue-veut-legitimer-le-coup-de-force-quon-a-denonce"},"modified":"2022-08-26T16:55:59","modified_gmt":"2022-08-26T16:55:59","slug":"tchad-ce-dialogue-veut-legitimer-le-coup-de-force-quon-a-denonce","status":"publish","type":"post","link":"https:\/\/www.africa-press.net\/tchad\/politique\/tchad-ce-dialogue-veut-legitimer-le-coup-de-force-quon-a-denonce","title":{"rendered":"Tchad : \u00ab\u00a0ce dialogue veut l\u00e9gitimer le coup de force qu&rsquo;on a d\u00e9nonc\u00e9\u00a0\u00bb"},"content":{"rendered":"<p><span style=\"color: #ff6600\"><strong>Africa-Press &#8211; Tchad. <\/strong><\/span>Wakit Tamma a \u00e9t\u00e9 approch\u00e9 par un groupe des sages compos\u00e9 principalement des leaders religieux. Le coordonnateur Me. Max Loalngar explique que des n\u00e9gociations sont en cours. Il esp\u00e8re une issue favorable pour permettre la participation de Wakit Tamma.<\/p>\n<p><b>\u00ab\u00a0Nous n&rsquo;avons jamais dit que nous ne voulons pas du dialogue. (&#8230;) \u00c0 cette date, nous n&rsquo;y sommes pas encore\u00a0\u00bb<\/b>, indique-t-il.<\/p>\n<p>Le groupe des sages a propos\u00e9 des solutions avec un agenda clair, d\u00e9taille Me. Max Loalngar. L&rsquo;agenda pr\u00e9voit notamment une suspension des travaux jusqu&rsquo;\u00e0 ce qu&rsquo;un accord soit trouv\u00e9.<\/p>\n<p>Wakit Tamma formule plusieurs revendications, notamment : la parit\u00e9, l&rsquo;inclusivit\u00e9, la lib\u00e9ration des prisonniers, l&rsquo;\u00e9ligibilit\u00e9 aux \u00e9lections, le respect des libert\u00e9s fondamentales.<\/p>\n<p><b>\u00ab\u00a0Ce dialogue veut l\u00e9gitimer le coup de force qu&rsquo;on a d\u00e9nonc\u00e9. (&#8230;) Ils ont constitu\u00e9 des \u00e9quipes qui les repr\u00e9sentent plus largement\u00a0\u00bb<\/b>, souligne Me. Max Lolangar qui \u00e9voque une forfaiture. Et d&rsquo;ajouter : <b>\u00ab\u00a0le peuple a compris qu&rsquo;il ne peut compter sur personne, m\u00eame pas sur la communaut\u00e9 internationale\u00a0\u00bb.<\/b><\/p>\n<p><strong>Pour plus d&rsquo;informations et d&rsquo;analyses sur la <a href=\"https:\/\/www.africa-press.net\/tchad\">Tchad<\/a>, suivez <a href=\"https:\/\/www.africa-press.net\/\">Africa-Press<\/a><\/strong><\/p>\n","protected":false},"excerpt":{"rendered":"<p>Africa-Press &#8211; Tchad. Wakit Tamma a \u00e9t\u00e9 approch\u00e9 par un groupe des sages compos\u00e9 principalement des leaders religieux. Le coordonnateur Me. Max Loalngar explique que des n\u00e9gociations sont en cours. Il esp\u00e8re une issue favorable pour permettre la participation de Wakit Tamma. \u00ab\u00a0Nous n&rsquo;avons jamais dit que nous ne voulons pas du dialogue. (&#8230;) \u00c0 [&hellip;]<\/p>\n","protected":false},"author":82,"featured_media":31314,"comment_status":"open","ping_status":"closed","sticky":false,"template":"","format":"standard","meta":{"footnotes":""},"categories":[11,2,10],"tags":[37,292,29],"class_list":["post-31315","post","type-post","status-publish","format-standard","has-post-thumbnail","hentry","category-homepage-french","category-politique","category-toutes-les-actualites","tag-africa-press","tag-africa-press-tchad","tag-tchad"],"yoast_head":"<!-- This site is optimized with the Yoast SEO Premium plugin v26.1 (Yoast SEO v27.0) - https:\/\/yoast.com\/product\/yoast-seo-premium-wordpress\/ -->\n<title>Tchad : &quot;ce dialogue veut l\u00e9gitimer le coup de force qu&#039;on a d\u00e9nonc\u00e9&quot; - tchad<\/title>\n<meta name=\"description\" content=\"Wakit Tamma a \u00e9t\u00e9 approch\u00e9 par un groupe des sages compos\u00e9 principalement des leaders religieux. Le coordonnateur Me. Ma ...\" \/>\n<meta name=\"robots\" content=\"index, follow, max-snippet:-1, max-image-preview:large, max-video-preview:-1\" \/>\n<link rel=\"canonical\" href=\"https:\/\/www.africa-press.net\/tchad\/politique\/tchad-ce-dialogue-veut-legitimer-le-coup-de-force-quon-a-denonce\" \/>\n<meta property=\"og:locale\" content=\"fr_FR\" \/>\n<meta property=\"og:type\" content=\"article\" \/>\n<meta property=\"og:title\" content=\"Tchad : &quot;ce dialogue veut l\u00e9gitimer le coup de force qu&#039;on a d\u00e9nonc\u00e9&quot;\" \/>\n<meta property=\"og:description\" content=\"Wakit Tamma a \u00e9t\u00e9 approch\u00e9 par un groupe des sages compos\u00e9 principalement des leaders religieux. Le coordonnateur Me. Ma ...\" \/>\n<meta property=\"og:url\" content=\"https:\/\/www.africa-press.net\/tchad\/politique\/tchad-ce-dialogue-veut-legitimer-le-coup-de-force-quon-a-denonce\" \/>\n<meta property=\"og:site_name\" content=\"tchad\" \/>\n<meta property=\"article:published_time\" content=\"2022-08-26T16:39:24+00:00\" \/>\n<meta property=\"article:modified_time\" content=\"2022-08-26T16:55:59+00:00\" \/>\n<meta property=\"og:image\" content=\"https:\/\/static.africa-press.net\/tchad\/sites\/41\/2022\/08\/postQueueImg_24-6308fb060e6ef.jpg\" \/>\n\t<meta property=\"og:image:width\" content=\"960\" \/>\n\t<meta property=\"og:image:height\" content=\"720\" \/>\n\t<meta property=\"og:image:type\" content=\"image\/jpeg\" \/>\n<meta name=\"author\" content=\"cfeditorfr\" \/>\n<meta name=\"twitter:card\" content=\"summary_large_image\" \/>\n<meta name=\"twitter:label1\" content=\"\u00c9crit par\" \/>\n\t<meta name=\"twitter:data1\" content=\"cfeditorfr\" \/>\n\t<meta name=\"twitter:label2\" content=\"Dur\u00e9e de lecture estim\u00e9e\" \/>\n\t<meta name=\"twitter:data2\" content=\"1 minute\" \/>\n<script type=\"application\/ld+json\" class=\"yoast-schema-graph\">{\"@context\":\"https:\/\/schema.org\",\"@graph\":[{\"@type\":\"Article\",\"@id\":\"https:\/\/www.africa-press.net\/tchad\/politique\/tchad-ce-dialogue-veut-legitimer-le-coup-de-force-quon-a-denonce#article\",\"isPartOf\":{\"@id\":\"https:\/\/www.africa-press.net\/tchad\/politique\/tchad-ce-dialogue-veut-legitimer-le-coup-de-force-quon-a-denonce\"},\"author\":{\"name\":\"cfeditorfr\",\"@id\":\"https:\/\/www.africa-press.net\/tchad\/#\/schema\/person\/2b1cf3cd81a31e3cd26889ca66d677f1\"},\"headline\":\"Tchad : \u00ab\u00a0ce dialogue veut l\u00e9gitimer le coup de force qu&rsquo;on a d\u00e9nonc\u00e9\u00a0\u00bb\",\"datePublished\":\"2022-08-26T16:39:24+00:00\",\"dateModified\":\"2022-08-26T16:55:59+00:00\",\"mainEntityOfPage\":{\"@id\":\"https:\/\/www.africa-press.net\/tchad\/politique\/tchad-ce-dialogue-veut-legitimer-le-coup-de-force-quon-a-denonce\"},\"wordCount\":204,\"commentCount\":0,\"image\":{\"@id\":\"https:\/\/www.africa-press.net\/tchad\/politique\/tchad-ce-dialogue-veut-legitimer-le-coup-de-force-quon-a-denonce#primaryimage\"},\"thumbnailUrl\":\"https:\/\/static.africa-press.net\/tchad\/sites\/41\/2022\/08\/postQueueImg_24-6308fb060e6ef.jpg\",\"keywords\":[\"Africa Press\",\"Africa Press-Tchad\",\"Tchad\"],\"articleSection\":[\"homepage-french\",\"Politique\",\"Toutes les actualit\u00e9s\"],\"inLanguage\":\"fr-FR\",\"potentialAction\":[{\"@type\":\"CommentAction\",\"name\":\"Comment\",\"target\":[\"https:\/\/www.africa-press.net\/tchad\/politique\/tchad-ce-dialogue-veut-legitimer-le-coup-de-force-quon-a-denonce#respond\"]}]},{\"@type\":\"WebPage\",\"@id\":\"https:\/\/www.africa-press.net\/tchad\/politique\/tchad-ce-dialogue-veut-legitimer-le-coup-de-force-quon-a-denonce\",\"url\":\"https:\/\/www.africa-press.net\/tchad\/politique\/tchad-ce-dialogue-veut-legitimer-le-coup-de-force-quon-a-denonce\",\"name\":\"Tchad : \\\"ce dialogue veut l\u00e9gitimer le coup de force qu'on a d\u00e9nonc\u00e9\\\" - tchad\",\"isPartOf\":{\"@id\":\"https:\/\/www.africa-press.net\/tchad\/#website\"},\"primaryImageOfPage\":{\"@id\":\"https:\/\/www.africa-press.net\/tchad\/politique\/tchad-ce-dialogue-veut-legitimer-le-coup-de-force-quon-a-denonce#primaryimage\"},\"image\":{\"@id\":\"https:\/\/www.africa-press.net\/tchad\/politique\/tchad-ce-dialogue-veut-legitimer-le-coup-de-force-quon-a-denonce#primaryimage\"},\"thumbnailUrl\":\"https:\/\/static.africa-press.net\/tchad\/sites\/41\/2022\/08\/postQueueImg_24-6308fb060e6ef.jpg\",\"datePublished\":\"2022-08-26T16:39:24+00:00\",\"dateModified\":\"2022-08-26T16:55:59+00:00\",\"author\":{\"@id\":\"https:\/\/www.africa-press.net\/tchad\/#\/schema\/person\/2b1cf3cd81a31e3cd26889ca66d677f1\"},\"description\":\"Wakit Tamma a \u00e9t\u00e9 approch\u00e9 par un groupe des sages compos\u00e9 principalement des leaders religieux. Le coordonnateur Me. Ma ...\",\"breadcrumb\":{\"@id\":\"https:\/\/www.africa-press.net\/tchad\/politique\/tchad-ce-dialogue-veut-legitimer-le-coup-de-force-quon-a-denonce#breadcrumb\"},\"inLanguage\":\"fr-FR\",\"potentialAction\":[{\"@type\":\"ReadAction\",\"target\":[\"https:\/\/www.africa-press.net\/tchad\/politique\/tchad-ce-dialogue-veut-legitimer-le-coup-de-force-quon-a-denonce\"]}]},{\"@type\":\"ImageObject\",\"inLanguage\":\"fr-FR\",\"@id\":\"https:\/\/www.africa-press.net\/tchad\/politique\/tchad-ce-dialogue-veut-legitimer-le-coup-de-force-quon-a-denonce#primaryimage\",\"url\":\"https:\/\/static.africa-press.net\/tchad\/sites\/41\/2022\/08\/postQueueImg_24-6308fb060e6ef.jpg\",\"contentUrl\":\"https:\/\/static.africa-press.net\/tchad\/sites\/41\/2022\/08\/postQueueImg_24-6308fb060e6ef.jpg\",\"width\":960,\"height\":720,\"caption\":\"Tchad : \\\"ce dialogue veut l\u00e9gitimer le coup de force qu'on a d\u00e9nonc\u00e9\\\"\"},{\"@type\":\"BreadcrumbList\",\"@id\":\"https:\/\/www.africa-press.net\/tchad\/politique\/tchad-ce-dialogue-veut-legitimer-le-coup-de-force-quon-a-denonce#breadcrumb\",\"itemListElement\":[{\"@type\":\"ListItem\",\"position\":1,\"name\":\"Accueil\",\"item\":\"https:\/\/www.africa-press.net\/tchad\/\"},{\"@type\":\"ListItem\",\"position\":2,\"name\":\"Tchad : &#8220;ce dialogue veut l\u00e9gitimer le coup de force qu&#8217;on a d\u00e9nonc\u00e9&#8221;\"}]},{\"@type\":\"WebSite\",\"@id\":\"https:\/\/www.africa-press.net\/tchad\/#website\",\"url\":\"https:\/\/www.africa-press.net\/tchad\/\",\"name\":\"tchad\",\"description\":\"Just another Africa News Agency Sites site\",\"potentialAction\":[{\"@type\":\"SearchAction\",\"target\":{\"@type\":\"EntryPoint\",\"urlTemplate\":\"https:\/\/www.africa-press.net\/tchad\/?s={search_term_string}\"},\"query-input\":{\"@type\":\"PropertyValueSpecification\",\"valueRequired\":true,\"valueName\":\"search_term_string\"}}],\"inLanguage\":\"fr-FR\"},{\"@type\":\"Person\",\"@id\":\"https:\/\/www.africa-press.net\/tchad\/#\/schema\/person\/2b1cf3cd81a31e3cd26889ca66d677f1\",\"name\":\"cfeditorfr\"}]}<\/script>\n<!-- \/ Yoast SEO Premium plugin. -->","yoast_head_json":{"title":"Tchad : \"ce dialogue veut l\u00e9gitimer le coup de force qu'on a d\u00e9nonc\u00e9\" - tchad","description":"Wakit Tamma a \u00e9t\u00e9 approch\u00e9 par un groupe des sages compos\u00e9 principalement des leaders religieux. Le coordonnateur Me. Ma ...","robots":{"index":"index","follow":"follow","max-snippet":"max-snippet:-1","max-image-preview":"max-image-preview:large","max-video-preview":"max-video-preview:-1"},"canonical":"https:\/\/www.africa-press.net\/tchad\/politique\/tchad-ce-dialogue-veut-legitimer-le-coup-de-force-quon-a-denonce","og_locale":"fr_FR","og_type":"article","og_title":"Tchad : \"ce dialogue veut l\u00e9gitimer le coup de force qu'on a d\u00e9nonc\u00e9\"","og_description":"Wakit Tamma a \u00e9t\u00e9 approch\u00e9 par un groupe des sages compos\u00e9 principalement des leaders religieux. Le coordonnateur Me. Ma ...","og_url":"https:\/\/www.africa-press.net\/tchad\/politique\/tchad-ce-dialogue-veut-legitimer-le-coup-de-force-quon-a-denonce","og_site_name":"tchad","article_published_time":"2022-08-26T16:39:24+00:00","article_modified_time":"2022-08-26T16:55:59+00:00","og_image":[{"width":960,"height":720,"url":"https:\/\/static.africa-press.net\/tchad\/sites\/41\/2022\/08\/postQueueImg_24-6308fb060e6ef.jpg","type":"image\/jpeg"}],"author":"cfeditorfr","twitter_card":"summary_large_image","twitter_misc":{"\u00c9crit par":"cfeditorfr","Dur\u00e9e de lecture estim\u00e9e":"1 minute"},"schema":{"@context":"https:\/\/schema.org","@graph":[{"@type":"Article","@id":"https:\/\/www.africa-press.net\/tchad\/politique\/tchad-ce-dialogue-veut-legitimer-le-coup-de-force-quon-a-denonce#article","isPartOf":{"@id":"https:\/\/www.africa-press.net\/tchad\/politique\/tchad-ce-dialogue-veut-legitimer-le-coup-de-force-quon-a-denonce"},"author":{"name":"cfeditorfr","@id":"https:\/\/www.africa-press.net\/tchad\/#\/schema\/person\/2b1cf3cd81a31e3cd26889ca66d677f1"},"headline":"Tchad : \u00ab\u00a0ce dialogue veut l\u00e9gitimer le coup de force qu&rsquo;on a d\u00e9nonc\u00e9\u00a0\u00bb","datePublished":"2022-08-26T16:39:24+00:00","dateModified":"2022-08-26T16:55:59+00:00","mainEntityOfPage":{"@id":"https:\/\/www.africa-press.net\/tchad\/politique\/tchad-ce-dialogue-veut-legitimer-le-coup-de-force-quon-a-denonce"},"wordCount":204,"commentCount":0,"image":{"@id":"https:\/\/www.africa-press.net\/tchad\/politique\/tchad-ce-dialogue-veut-legitimer-le-coup-de-force-quon-a-denonce#primaryimage"},"thumbnailUrl":"https:\/\/static.africa-press.net\/tchad\/sites\/41\/2022\/08\/postQueueImg_24-6308fb060e6ef.jpg","keywords":["Africa Press","Africa Press-Tchad","Tchad"],"articleSection":["homepage-french","Politique","Toutes les actualit\u00e9s"],"inLanguage":"fr-FR","potentialAction":[{"@type":"CommentAction","name":"Comment","target":["https:\/\/www.africa-press.net\/tchad\/politique\/tchad-ce-dialogue-veut-legitimer-le-coup-de-force-quon-a-denonce#respond"]}]},{"@type":"WebPage","@id":"https:\/\/www.africa-press.net\/tchad\/politique\/tchad-ce-dialogue-veut-legitimer-le-coup-de-force-quon-a-denonce","url":"https:\/\/www.africa-press.net\/tchad\/politique\/tchad-ce-dialogue-veut-legitimer-le-coup-de-force-quon-a-denonce","name":"Tchad : \"ce dialogue veut l\u00e9gitimer le coup de force qu'on a d\u00e9nonc\u00e9\" - tchad","isPartOf":{"@id":"https:\/\/www.africa-press.net\/tchad\/#website"},"primaryImageOfPage":{"@id":"https:\/\/www.africa-press.net\/tchad\/politique\/tchad-ce-dialogue-veut-legitimer-le-coup-de-force-quon-a-denonce#primaryimage"},"image":{"@id":"https:\/\/www.africa-press.net\/tchad\/politique\/tchad-ce-dialogue-veut-legitimer-le-coup-de-force-quon-a-denonce#primaryimage"},"thumbnailUrl":"https:\/\/static.africa-press.net\/tchad\/sites\/41\/2022\/08\/postQueueImg_24-6308fb060e6ef.jpg","datePublished":"2022-08-26T16:39:24+00:00","dateModified":"2022-08-26T16:55:59+00:00","author":{"@id":"https:\/\/www.africa-press.net\/tchad\/#\/schema\/person\/2b1cf3cd81a31e3cd26889ca66d677f1"},"description":"Wakit Tamma a \u00e9t\u00e9 approch\u00e9 par un groupe des sages compos\u00e9 principalement des leaders religieux. Le coordonnateur Me. Ma ...","breadcrumb":{"@id":"https:\/\/www.africa-press.net\/tchad\/politique\/tchad-ce-dialogue-veut-legitimer-le-coup-de-force-quon-a-denonce#breadcrumb"},"inLanguage":"fr-FR","potentialAction":[{"@type":"ReadAction","target":["https:\/\/www.africa-press.net\/tchad\/politique\/tchad-ce-dialogue-veut-legitimer-le-coup-de-force-quon-a-denonce"]}]},{"@type":"ImageObject","inLanguage":"fr-FR","@id":"https:\/\/www.africa-press.net\/tchad\/politique\/tchad-ce-dialogue-veut-legitimer-le-coup-de-force-quon-a-denonce#primaryimage","url":"https:\/\/static.africa-press.net\/tchad\/sites\/41\/2022\/08\/postQueueImg_24-6308fb060e6ef.jpg","contentUrl":"https:\/\/static.africa-press.net\/tchad\/sites\/41\/2022\/08\/postQueueImg_24-6308fb060e6ef.jpg","width":960,"height":720,"caption":"Tchad : \"ce dialogue veut l\u00e9gitimer le coup de force qu'on a d\u00e9nonc\u00e9\""},{"@type":"BreadcrumbList","@id":"https:\/\/www.africa-press.net\/tchad\/politique\/tchad-ce-dialogue-veut-legitimer-le-coup-de-force-quon-a-denonce#breadcrumb","itemListElement":[{"@type":"ListItem","position":1,"name":"Accueil","item":"https:\/\/www.africa-press.net\/tchad\/"},{"@type":"ListItem","position":2,"name":"Tchad : &#8220;ce dialogue veut l\u00e9gitimer le coup de force qu&#8217;on a d\u00e9nonc\u00e9&#8221;"}]},{"@type":"WebSite","@id":"https:\/\/www.africa-press.net\/tchad\/#website","url":"https:\/\/www.africa-press.net\/tchad\/","name":"tchad","description":"Just another Africa News Agency Sites site","potentialAction":[{"@type":"SearchAction","target":{"@type":"EntryPoint","urlTemplate":"https:\/\/www.africa-press.net\/tchad\/?s={search_term_string}"},"query-input":{"@type":"PropertyValueSpecification","valueRequired":true,"valueName":"search_term_string"}}],"inLanguage":"fr-FR"},{"@type":"Person","@id":"https:\/\/www.africa-press.net\/tchad\/#\/schema\/person\/2b1cf3cd81a31e3cd26889ca66d677f1","name":"cfeditorfr"}]}},"_links":{"self":[{"href":"https:\/\/www.africa-press.net\/tchad\/wp-json\/wp\/v2\/posts\/31315","targetHints":{"allow":["GET"]}}],"collection":[{"href":"https:\/\/www.africa-press.net\/tchad\/wp-json\/wp\/v2\/posts"}],"about":[{"href":"https:\/\/www.africa-press.net\/tchad\/wp-json\/wp\/v2\/types\/post"}],"author":[{"embeddable":true,"href":"https:\/\/www.africa-press.net\/tchad\/wp-json\/wp\/v2\/users\/82"}],"replies":[{"embeddable":true,"href":"https:\/\/www.africa-press.net\/tchad\/wp-json\/wp\/v2\/comments?post=31315"}],"version-history":[{"count":0,"href":"https:\/\/www.africa-press.net\/tchad\/wp-json\/wp\/v2\/posts\/31315\/revisions"}],"wp:featuredmedia":[{"embeddable":true,"href":"https:\/\/www.africa-press.net\/tchad\/wp-json\/wp\/v2\/media\/31314"}],"wp:attachment":[{"href":"https:\/\/www.africa-press.net\/tchad\/wp-json\/wp\/v2\/media?parent=31315"}],"wp:term":[{"taxonomy":"category","embeddable":true,"href":"https:\/\/www.africa-press.net\/tchad\/wp-json\/wp\/v2\/categories?post=31315"},{"taxonomy":"post_tag","embeddable":true,"href":"https:\/\/www.africa-press.net\/tchad\/wp-json\/wp\/v2\/tags?post=31315"}],"curies":[{"name":"wp","href":"https:\/\/api.w.org\/{rel}","templated":true}]}}