{"id":31321,"date":"2022-08-26T16:40:04","date_gmt":"2022-08-26T16:40:04","guid":{"rendered":"https:\/\/www.africa-press.net\/tchad\/politique\/abbas-tolli-futur-candidat-a-la-presidentielle-il-reagit"},"modified":"2022-08-26T16:57:10","modified_gmt":"2022-08-26T16:57:10","slug":"abbas-tolli-futur-candidat-a-la-presidentielle-il-reagit","status":"publish","type":"post","link":"https:\/\/www.africa-press.net\/tchad\/politique\/abbas-tolli-futur-candidat-a-la-presidentielle-il-reagit","title":{"rendered":"Abbas Tolli, futur candidat \u00e0 la Pr\u00e9sidentielle ? Il r\u00e9agit"},"content":{"rendered":"<p><span style=\"color: #ff6600\"><strong>Africa-Press &#8211; Tchad. <\/strong><\/span>Il s&rsquo;agit de sa premi\u00e8re interview avec un m\u00e9dia depuis la pol\u00e9mique sur le concours de recrutement \u00e0 la BEAC. D&#8217;embl\u00e9e, le gouverneur affirme qu&rsquo;il n&rsquo;a rien \u00e0 se reprocher. Il balaie les accusations de n\u00e9potisme et de favoritisme.<\/p>\n<p><b>\u00ab\u00a0J\u2019ai toujours g\u00e9r\u00e9 ma carri\u00e8re avec \u00e9thique et d\u00e9ontologie\u00a0\u00bb<\/b>, assure-t-il. <b>\u00ab\u00a0\u00c0 ce jour, je suis \u2013 et je tiens vraiment \u00e0 le pr\u00e9ciser \u2013 le seul gouverneur qui n\u2019a ni parent, ni neveu, ni cousin dans l\u2019une ou l\u2019autre des cat\u00e9gories de personnel\u00a0\u00bb<\/b>, se d\u00e9fend-t-il. Le gouverneur pr\u00e9cise que l&rsquo;op\u00e9ration de recrutement a \u00e9t\u00e9 totalement externalis\u00e9e. \u00c0 l&rsquo;issue de la phase d&rsquo;admissibilit\u00e9, il estime qu&rsquo;il faut d\u00e9sormais attendre la liste d\u00e9finitive.<\/p>\n<p>Abbas Mahamat Tolli admet que certains candidats admissibles lui sont apparent\u00e9s. Cependant, il \u00e9voque une \u00ab\u00a0cabale\u00a0\u00bb sachant que la personne qui porte le m\u00eame patronyme que lui \u00ab\u00a0est arriv\u00e9e premier dans sa discipline\u00a0\u00bb.<\/p>\n<p>S&rsquo;agissant des crypto-monnaies, le gouverneur souligne que c&rsquo;est un danger et qu&rsquo;il faut <b>\u00ab\u00a0prot\u00e9ger les citoyens de la zone des pertes de d\u00e9p\u00f4t et de capital\u00a0\u00bb.<\/b><\/p>\n<p>Sur les enjeux nationaux avec notamment le dialogue national inclusif qui s&rsquo;est ouvert depuis le 20 ao\u00fbt \u00e0 N&rsquo;Djamena, Abbas Mahamat Tolli pr\u00e9cise qu&rsquo;il est invit\u00e9 en tant que personne ressource. Concernant l&rsquo;\u00e9lection pr\u00e9sidentielle qui suivra la p\u00e9riode de transition, le gouverneur r\u00e9agit \u00e0 des rumeurs d&rsquo;ambitions politiques et des soup\u00e7ons de vouloir \u00ab\u00a0lorgner\u00a0\u00bb la Pr\u00e9sidence. <b>\u00ab\u00a0Je n\u2019y pense pas. Je n\u2019\u00e9coute pas non plus ce type de commentaires\u00a0\u00bb,<\/b> tranche Abbas Mahamat Tolli.<\/p>\n<p><strong>Pour plus d&rsquo;informations et d&rsquo;analyses sur la <a href=\"https:\/\/www.africa-press.net\/tchad\">Tchad<\/a>, suivez <a href=\"https:\/\/www.africa-press.net\/\">Africa-Press<\/a><\/strong><\/p>\n","protected":false},"excerpt":{"rendered":"<p>Africa-Press &#8211; Tchad. Il s&rsquo;agit de sa premi\u00e8re interview avec un m\u00e9dia depuis la pol\u00e9mique sur le concours de recrutement \u00e0 la BEAC. D&#8217;embl\u00e9e, le gouverneur affirme qu&rsquo;il n&rsquo;a rien \u00e0 se reprocher. Il balaie les accusations de n\u00e9potisme et de favoritisme. \u00ab\u00a0J\u2019ai toujours g\u00e9r\u00e9 ma carri\u00e8re avec \u00e9thique et d\u00e9ontologie\u00a0\u00bb, assure-t-il. \u00ab\u00a0\u00c0 ce jour, [&hellip;]<\/p>\n","protected":false},"author":82,"featured_media":31320,"comment_status":"open","ping_status":"closed","sticky":false,"template":"","format":"standard","meta":{"footnotes":""},"categories":[11,2,20,10],"tags":[37,292,29],"class_list":["post-31321","post","type-post","status-publish","format-standard","has-post-thumbnail","hentry","category-homepage-french","category-politique","category-top-nouvelles","category-toutes-les-actualites","tag-africa-press","tag-africa-press-tchad","tag-tchad"],"yoast_head":"<!-- This site is optimized with the Yoast SEO Premium plugin v26.1 (Yoast SEO v27.0) - https:\/\/yoast.com\/product\/yoast-seo-premium-wordpress\/ -->\n<title>Abbas Tolli, futur candidat \u00e0 la Pr\u00e9sidentielle ? Il r\u00e9agit - tchad<\/title>\n<meta name=\"description\" content=\"Il s&#039;agit de sa premi\u00e8re interview avec un m\u00e9dia depuis la pol\u00e9mique sur le concours de recrutement \u00e0 la BEAC. D&#039;embl\u00e9e, ...\" \/>\n<meta name=\"robots\" content=\"index, follow, max-snippet:-1, max-image-preview:large, max-video-preview:-1\" \/>\n<link rel=\"canonical\" href=\"https:\/\/www.africa-press.net\/tchad\/politique\/abbas-tolli-futur-candidat-a-la-presidentielle-il-reagit\" \/>\n<meta property=\"og:locale\" content=\"fr_FR\" \/>\n<meta property=\"og:type\" content=\"article\" \/>\n<meta property=\"og:title\" content=\"Abbas Tolli, futur candidat \u00e0 la Pr\u00e9sidentielle ? Il r\u00e9agit\" \/>\n<meta property=\"og:description\" content=\"Il s&#039;agit de sa premi\u00e8re interview avec un m\u00e9dia depuis la pol\u00e9mique sur le concours de recrutement \u00e0 la BEAC. D&#039;embl\u00e9e, ...\" \/>\n<meta property=\"og:url\" content=\"https:\/\/www.africa-press.net\/tchad\/politique\/abbas-tolli-futur-candidat-a-la-presidentielle-il-reagit\" \/>\n<meta property=\"og:site_name\" content=\"tchad\" \/>\n<meta property=\"article:published_time\" content=\"2022-08-26T16:40:04+00:00\" \/>\n<meta property=\"article:modified_time\" content=\"2022-08-26T16:57:10+00:00\" \/>\n<meta property=\"og:image\" content=\"https:\/\/static.africa-press.net\/tchad\/sites\/41\/2022\/08\/postQueueImg_26-6308fb4a5ff57.jpg\" \/>\n\t<meta property=\"og:image:width\" content=\"720\" \/>\n\t<meta property=\"og:image:height\" content=\"480\" \/>\n\t<meta property=\"og:image:type\" content=\"image\/jpeg\" \/>\n<meta name=\"author\" content=\"cfeditorfr\" \/>\n<meta name=\"twitter:card\" content=\"summary_large_image\" \/>\n<meta name=\"twitter:label1\" content=\"\u00c9crit par\" \/>\n\t<meta name=\"twitter:data1\" content=\"cfeditorfr\" \/>\n\t<meta name=\"twitter:label2\" content=\"Dur\u00e9e de lecture estim\u00e9e\" \/>\n\t<meta name=\"twitter:data2\" content=\"2 minutes\" \/>\n<script type=\"application\/ld+json\" class=\"yoast-schema-graph\">{\"@context\":\"https:\/\/schema.org\",\"@graph\":[{\"@type\":\"Article\",\"@id\":\"https:\/\/www.africa-press.net\/tchad\/politique\/abbas-tolli-futur-candidat-a-la-presidentielle-il-reagit#article\",\"isPartOf\":{\"@id\":\"https:\/\/www.africa-press.net\/tchad\/politique\/abbas-tolli-futur-candidat-a-la-presidentielle-il-reagit\"},\"author\":{\"name\":\"cfeditorfr\",\"@id\":\"https:\/\/www.africa-press.net\/tchad\/#\/schema\/person\/2b1cf3cd81a31e3cd26889ca66d677f1\"},\"headline\":\"Abbas Tolli, futur candidat \u00e0 la Pr\u00e9sidentielle ? Il r\u00e9agit\",\"datePublished\":\"2022-08-26T16:40:04+00:00\",\"dateModified\":\"2022-08-26T16:57:10+00:00\",\"mainEntityOfPage\":{\"@id\":\"https:\/\/www.africa-press.net\/tchad\/politique\/abbas-tolli-futur-candidat-a-la-presidentielle-il-reagit\"},\"wordCount\":308,\"commentCount\":0,\"image\":{\"@id\":\"https:\/\/www.africa-press.net\/tchad\/politique\/abbas-tolli-futur-candidat-a-la-presidentielle-il-reagit#primaryimage\"},\"thumbnailUrl\":\"https:\/\/static.africa-press.net\/tchad\/sites\/41\/2022\/08\/postQueueImg_26-6308fb4a5ff57.jpg\",\"keywords\":[\"Africa Press\",\"Africa Press-Tchad\",\"Tchad\"],\"articleSection\":[\"homepage-french\",\"Politique\",\"Top Nouvelles\",\"Toutes les actualit\u00e9s\"],\"inLanguage\":\"fr-FR\",\"potentialAction\":[{\"@type\":\"CommentAction\",\"name\":\"Comment\",\"target\":[\"https:\/\/www.africa-press.net\/tchad\/politique\/abbas-tolli-futur-candidat-a-la-presidentielle-il-reagit#respond\"]}]},{\"@type\":\"WebPage\",\"@id\":\"https:\/\/www.africa-press.net\/tchad\/politique\/abbas-tolli-futur-candidat-a-la-presidentielle-il-reagit\",\"url\":\"https:\/\/www.africa-press.net\/tchad\/politique\/abbas-tolli-futur-candidat-a-la-presidentielle-il-reagit\",\"name\":\"Abbas Tolli, futur candidat \u00e0 la Pr\u00e9sidentielle ? Il r\u00e9agit - tchad\",\"isPartOf\":{\"@id\":\"https:\/\/www.africa-press.net\/tchad\/#website\"},\"primaryImageOfPage\":{\"@id\":\"https:\/\/www.africa-press.net\/tchad\/politique\/abbas-tolli-futur-candidat-a-la-presidentielle-il-reagit#primaryimage\"},\"image\":{\"@id\":\"https:\/\/www.africa-press.net\/tchad\/politique\/abbas-tolli-futur-candidat-a-la-presidentielle-il-reagit#primaryimage\"},\"thumbnailUrl\":\"https:\/\/static.africa-press.net\/tchad\/sites\/41\/2022\/08\/postQueueImg_26-6308fb4a5ff57.jpg\",\"datePublished\":\"2022-08-26T16:40:04+00:00\",\"dateModified\":\"2022-08-26T16:57:10+00:00\",\"author\":{\"@id\":\"https:\/\/www.africa-press.net\/tchad\/#\/schema\/person\/2b1cf3cd81a31e3cd26889ca66d677f1\"},\"description\":\"Il s'agit de sa premi\u00e8re interview avec un m\u00e9dia depuis la pol\u00e9mique sur le concours de recrutement \u00e0 la BEAC. D'embl\u00e9e, ...\",\"breadcrumb\":{\"@id\":\"https:\/\/www.africa-press.net\/tchad\/politique\/abbas-tolli-futur-candidat-a-la-presidentielle-il-reagit#breadcrumb\"},\"inLanguage\":\"fr-FR\",\"potentialAction\":[{\"@type\":\"ReadAction\",\"target\":[\"https:\/\/www.africa-press.net\/tchad\/politique\/abbas-tolli-futur-candidat-a-la-presidentielle-il-reagit\"]}]},{\"@type\":\"ImageObject\",\"inLanguage\":\"fr-FR\",\"@id\":\"https:\/\/www.africa-press.net\/tchad\/politique\/abbas-tolli-futur-candidat-a-la-presidentielle-il-reagit#primaryimage\",\"url\":\"https:\/\/static.africa-press.net\/tchad\/sites\/41\/2022\/08\/postQueueImg_26-6308fb4a5ff57.jpg\",\"contentUrl\":\"https:\/\/static.africa-press.net\/tchad\/sites\/41\/2022\/08\/postQueueImg_26-6308fb4a5ff57.jpg\",\"width\":720,\"height\":480,\"caption\":\"Abbas Tolli, futur candidat \u00e0 la Pr\u00e9sidentielle ? Il r\u00e9agit\"},{\"@type\":\"BreadcrumbList\",\"@id\":\"https:\/\/www.africa-press.net\/tchad\/politique\/abbas-tolli-futur-candidat-a-la-presidentielle-il-reagit#breadcrumb\",\"itemListElement\":[{\"@type\":\"ListItem\",\"position\":1,\"name\":\"Accueil\",\"item\":\"https:\/\/www.africa-press.net\/tchad\/\"},{\"@type\":\"ListItem\",\"position\":2,\"name\":\"Abbas Tolli, futur candidat \u00e0 la Pr\u00e9sidentielle ? Il r\u00e9agit\"}]},{\"@type\":\"WebSite\",\"@id\":\"https:\/\/www.africa-press.net\/tchad\/#website\",\"url\":\"https:\/\/www.africa-press.net\/tchad\/\",\"name\":\"tchad\",\"description\":\"Just another Africa News Agency Sites site\",\"potentialAction\":[{\"@type\":\"SearchAction\",\"target\":{\"@type\":\"EntryPoint\",\"urlTemplate\":\"https:\/\/www.africa-press.net\/tchad\/?s={search_term_string}\"},\"query-input\":{\"@type\":\"PropertyValueSpecification\",\"valueRequired\":true,\"valueName\":\"search_term_string\"}}],\"inLanguage\":\"fr-FR\"},{\"@type\":\"Person\",\"@id\":\"https:\/\/www.africa-press.net\/tchad\/#\/schema\/person\/2b1cf3cd81a31e3cd26889ca66d677f1\",\"name\":\"cfeditorfr\"}]}<\/script>\n<!-- \/ Yoast SEO Premium plugin. -->","yoast_head_json":{"title":"Abbas Tolli, futur candidat \u00e0 la Pr\u00e9sidentielle ? Il r\u00e9agit - tchad","description":"Il s'agit de sa premi\u00e8re interview avec un m\u00e9dia depuis la pol\u00e9mique sur le concours de recrutement \u00e0 la BEAC. D'embl\u00e9e, ...","robots":{"index":"index","follow":"follow","max-snippet":"max-snippet:-1","max-image-preview":"max-image-preview:large","max-video-preview":"max-video-preview:-1"},"canonical":"https:\/\/www.africa-press.net\/tchad\/politique\/abbas-tolli-futur-candidat-a-la-presidentielle-il-reagit","og_locale":"fr_FR","og_type":"article","og_title":"Abbas Tolli, futur candidat \u00e0 la Pr\u00e9sidentielle ? Il r\u00e9agit","og_description":"Il s'agit de sa premi\u00e8re interview avec un m\u00e9dia depuis la pol\u00e9mique sur le concours de recrutement \u00e0 la BEAC. D'embl\u00e9e, ...","og_url":"https:\/\/www.africa-press.net\/tchad\/politique\/abbas-tolli-futur-candidat-a-la-presidentielle-il-reagit","og_site_name":"tchad","article_published_time":"2022-08-26T16:40:04+00:00","article_modified_time":"2022-08-26T16:57:10+00:00","og_image":[{"width":720,"height":480,"url":"https:\/\/static.africa-press.net\/tchad\/sites\/41\/2022\/08\/postQueueImg_26-6308fb4a5ff57.jpg","type":"image\/jpeg"}],"author":"cfeditorfr","twitter_card":"summary_large_image","twitter_misc":{"\u00c9crit par":"cfeditorfr","Dur\u00e9e de lecture estim\u00e9e":"2 minutes"},"schema":{"@context":"https:\/\/schema.org","@graph":[{"@type":"Article","@id":"https:\/\/www.africa-press.net\/tchad\/politique\/abbas-tolli-futur-candidat-a-la-presidentielle-il-reagit#article","isPartOf":{"@id":"https:\/\/www.africa-press.net\/tchad\/politique\/abbas-tolli-futur-candidat-a-la-presidentielle-il-reagit"},"author":{"name":"cfeditorfr","@id":"https:\/\/www.africa-press.net\/tchad\/#\/schema\/person\/2b1cf3cd81a31e3cd26889ca66d677f1"},"headline":"Abbas Tolli, futur candidat \u00e0 la Pr\u00e9sidentielle ? Il r\u00e9agit","datePublished":"2022-08-26T16:40:04+00:00","dateModified":"2022-08-26T16:57:10+00:00","mainEntityOfPage":{"@id":"https:\/\/www.africa-press.net\/tchad\/politique\/abbas-tolli-futur-candidat-a-la-presidentielle-il-reagit"},"wordCount":308,"commentCount":0,"image":{"@id":"https:\/\/www.africa-press.net\/tchad\/politique\/abbas-tolli-futur-candidat-a-la-presidentielle-il-reagit#primaryimage"},"thumbnailUrl":"https:\/\/static.africa-press.net\/tchad\/sites\/41\/2022\/08\/postQueueImg_26-6308fb4a5ff57.jpg","keywords":["Africa Press","Africa Press-Tchad","Tchad"],"articleSection":["homepage-french","Politique","Top Nouvelles","Toutes les actualit\u00e9s"],"inLanguage":"fr-FR","potentialAction":[{"@type":"CommentAction","name":"Comment","target":["https:\/\/www.africa-press.net\/tchad\/politique\/abbas-tolli-futur-candidat-a-la-presidentielle-il-reagit#respond"]}]},{"@type":"WebPage","@id":"https:\/\/www.africa-press.net\/tchad\/politique\/abbas-tolli-futur-candidat-a-la-presidentielle-il-reagit","url":"https:\/\/www.africa-press.net\/tchad\/politique\/abbas-tolli-futur-candidat-a-la-presidentielle-il-reagit","name":"Abbas Tolli, futur candidat \u00e0 la Pr\u00e9sidentielle ? Il r\u00e9agit - tchad","isPartOf":{"@id":"https:\/\/www.africa-press.net\/tchad\/#website"},"primaryImageOfPage":{"@id":"https:\/\/www.africa-press.net\/tchad\/politique\/abbas-tolli-futur-candidat-a-la-presidentielle-il-reagit#primaryimage"},"image":{"@id":"https:\/\/www.africa-press.net\/tchad\/politique\/abbas-tolli-futur-candidat-a-la-presidentielle-il-reagit#primaryimage"},"thumbnailUrl":"https:\/\/static.africa-press.net\/tchad\/sites\/41\/2022\/08\/postQueueImg_26-6308fb4a5ff57.jpg","datePublished":"2022-08-26T16:40:04+00:00","dateModified":"2022-08-26T16:57:10+00:00","author":{"@id":"https:\/\/www.africa-press.net\/tchad\/#\/schema\/person\/2b1cf3cd81a31e3cd26889ca66d677f1"},"description":"Il s'agit de sa premi\u00e8re interview avec un m\u00e9dia depuis la pol\u00e9mique sur le concours de recrutement \u00e0 la BEAC. D'embl\u00e9e, ...","breadcrumb":{"@id":"https:\/\/www.africa-press.net\/tchad\/politique\/abbas-tolli-futur-candidat-a-la-presidentielle-il-reagit#breadcrumb"},"inLanguage":"fr-FR","potentialAction":[{"@type":"ReadAction","target":["https:\/\/www.africa-press.net\/tchad\/politique\/abbas-tolli-futur-candidat-a-la-presidentielle-il-reagit"]}]},{"@type":"ImageObject","inLanguage":"fr-FR","@id":"https:\/\/www.africa-press.net\/tchad\/politique\/abbas-tolli-futur-candidat-a-la-presidentielle-il-reagit#primaryimage","url":"https:\/\/static.africa-press.net\/tchad\/sites\/41\/2022\/08\/postQueueImg_26-6308fb4a5ff57.jpg","contentUrl":"https:\/\/static.africa-press.net\/tchad\/sites\/41\/2022\/08\/postQueueImg_26-6308fb4a5ff57.jpg","width":720,"height":480,"caption":"Abbas Tolli, futur candidat \u00e0 la Pr\u00e9sidentielle ? Il r\u00e9agit"},{"@type":"BreadcrumbList","@id":"https:\/\/www.africa-press.net\/tchad\/politique\/abbas-tolli-futur-candidat-a-la-presidentielle-il-reagit#breadcrumb","itemListElement":[{"@type":"ListItem","position":1,"name":"Accueil","item":"https:\/\/www.africa-press.net\/tchad\/"},{"@type":"ListItem","position":2,"name":"Abbas Tolli, futur candidat \u00e0 la Pr\u00e9sidentielle ? Il r\u00e9agit"}]},{"@type":"WebSite","@id":"https:\/\/www.africa-press.net\/tchad\/#website","url":"https:\/\/www.africa-press.net\/tchad\/","name":"tchad","description":"Just another Africa News Agency Sites site","potentialAction":[{"@type":"SearchAction","target":{"@type":"EntryPoint","urlTemplate":"https:\/\/www.africa-press.net\/tchad\/?s={search_term_string}"},"query-input":{"@type":"PropertyValueSpecification","valueRequired":true,"valueName":"search_term_string"}}],"inLanguage":"fr-FR"},{"@type":"Person","@id":"https:\/\/www.africa-press.net\/tchad\/#\/schema\/person\/2b1cf3cd81a31e3cd26889ca66d677f1","name":"cfeditorfr"}]}},"_links":{"self":[{"href":"https:\/\/www.africa-press.net\/tchad\/wp-json\/wp\/v2\/posts\/31321","targetHints":{"allow":["GET"]}}],"collection":[{"href":"https:\/\/www.africa-press.net\/tchad\/wp-json\/wp\/v2\/posts"}],"about":[{"href":"https:\/\/www.africa-press.net\/tchad\/wp-json\/wp\/v2\/types\/post"}],"author":[{"embeddable":true,"href":"https:\/\/www.africa-press.net\/tchad\/wp-json\/wp\/v2\/users\/82"}],"replies":[{"embeddable":true,"href":"https:\/\/www.africa-press.net\/tchad\/wp-json\/wp\/v2\/comments?post=31321"}],"version-history":[{"count":0,"href":"https:\/\/www.africa-press.net\/tchad\/wp-json\/wp\/v2\/posts\/31321\/revisions"}],"wp:featuredmedia":[{"embeddable":true,"href":"https:\/\/www.africa-press.net\/tchad\/wp-json\/wp\/v2\/media\/31320"}],"wp:attachment":[{"href":"https:\/\/www.africa-press.net\/tchad\/wp-json\/wp\/v2\/media?parent=31321"}],"wp:term":[{"taxonomy":"category","embeddable":true,"href":"https:\/\/www.africa-press.net\/tchad\/wp-json\/wp\/v2\/categories?post=31321"},{"taxonomy":"post_tag","embeddable":true,"href":"https:\/\/www.africa-press.net\/tchad\/wp-json\/wp\/v2\/tags?post=31321"}],"curies":[{"name":"wp","href":"https:\/\/api.w.org\/{rel}","templated":true}]}}