{"id":31333,"date":"2022-08-27T06:18:35","date_gmt":"2022-08-27T06:18:35","guid":{"rendered":"https:\/\/www.africa-press.net\/tchad\/politique\/crise-alimentaire-ou-en-est-vraiment-lafrique"},"modified":"2022-08-27T06:31:12","modified_gmt":"2022-08-27T06:31:12","slug":"crise-alimentaire-ou-en-est-vraiment-lafrique","status":"publish","type":"post","link":"https:\/\/www.africa-press.net\/tchad\/economie\/crise-alimentaire-ou-en-est-vraiment-lafrique","title":{"rendered":"Crise alimentaire : o\u00f9 en est vraiment l&rsquo;Afrique ?"},"content":{"rendered":"<p><span style=\"color: #ff6600\"><strong>Africa-Press &#8211; Tchad. <\/strong><\/span>Nous avons retenu cinq faits marquants autour de cette crise alimentaire qui frappe l&rsquo;Afrique : l&rsquo;inflation galopante, qui touche tous les pays et qui laisse planer l&rsquo;ombre des \u00e9meutes de la faim, qui avaient secou\u00e9 le continent en 2008 ; la p\u00e9nurie et le prix des engrais qui a explos\u00e9 menacent la production des prochaines campagnes agricoles ; enfin, un petit espoir vient de la reprise des exportations de c\u00e9r\u00e9ales ukrainiennes. De leur c\u00f4t\u00e9, les bailleurs de fonds tentent d&rsquo;intervenir en d\u00e9bloquant des fonds d&rsquo;urgence pour soutenir l&rsquo;agriculture et les personnes les plus vuln\u00e9rables.<\/p>\n<p><b>1. L&rsquo;inflation mondiale menace la s\u00e9curit\u00e9 alimentaire en Afrique<\/b><\/p>\n<p>\u00ab Le niveau record des prix alimentaires est \u00e0 l&rsquo;origine d&rsquo;une crise mondiale qui va plonger plusieurs millions de personnes suppl\u00e9mentaires dans l&rsquo;extr\u00eame pauvret\u00e9 et aggraver la faim et la malnutrition, mena\u00e7ant des gains durement acquis en mati\u00e8re de d\u00e9veloppement \u00bb, s&rsquo;alarmait la Banque mondiale (BM) dans une note d&rsquo;information publi\u00e9e le 15 ao\u00fbt.<\/p>\n<p>Les facteurs d\u00e9clenchant cette flamb\u00e9e des prix sont multiples et se combinent. L&rsquo;\u00e9l\u00e9ment d\u00e9clencheur remonte \u00e0 la crise du Covid-19 qui a profond\u00e9ment d\u00e9sorganis\u00e9 les cha\u00eenes d&rsquo;approvisionnement et dont les r\u00e9percussions se font toujours ressentir. \u00c0 peine la reprise \u00e9conomique pointait-elle son nez, que les premi\u00e8res tensions sur les cours du p\u00e9trole et du gaz sont apparues. Le rench\u00e9rissement de l&rsquo;\u00e9nergie se r\u00e9percute sur les prix alimentaires, notamment \u00e0 travers la hausse des co\u00fbts des transports. La guerre en Ukraine a jet\u00e9 de l&rsquo;huile sur le feu, faisant flamber les cours internationaux des c\u00e9r\u00e9ales (bl\u00e9 et ma\u00efs) et de l&rsquo;huile.<\/p>\n<p>Loin du conflit, l&rsquo;Afrique n&rsquo;en est pas moins une victime collat\u00e9rale. Le Zimbabwe arrive en t\u00eate des pays africains les plus durement touch\u00e9s avec une inflation des prix des denr\u00e9es alimentaires qui a atteint 255 % en juin dernier, et ce malgr\u00e9 les mesures prises comme la suspension des droits de douane \u00e0 l&rsquo;importation sur les produits de base comme l&rsquo;huile, le riz et la farine. La situation se d\u00e9t\u00e9riore dans tout le continent. Le Nigeria a enregistr\u00e9 son taux d&rsquo;inflation le plus \u00e9lev\u00e9 depuis 17 ans et l&rsquo;Afrique du Sud affiche une hausse des prix de 7,4 %. L&rsquo;\u00c9thiopie, l&rsquo;Angola, le Rwanda et la Sierra Leone ont tous connu une inflation sup\u00e9rieure \u00e0 20 % en avril, selon le Fonds mon\u00e9taire international (FMI). \u00ab Le rench\u00e9rissement de l&rsquo;alimentation p\u00e9nalise plus durement les habitants des pays \u00e0 revenu faible et interm\u00e9diaire, qui consacrent une part plus importante de leurs revenus \u00e0 ces d\u00e9penses que les populations des pays \u00e0 revenu \u00e9lev\u00e9 \u00bb, pr\u00e9vient la BM.<\/p>\n<p><b>2. Les \u00e9meutes de la faim redout\u00e9es mais \u00e9vit\u00e9es<\/b><\/p>\n<p>Les taux d&rsquo;inflation qui grimpent font craindre un retour des \u00e9meutes de la faim. Le spectre des ann\u00e9es 2008 et des manifestations qui ont conduit aux printemps arabes se dessine. \u00c0 Freetown, la capitale de la Sierra Leone, le 10 ao\u00fbt, des manifestations ont tourn\u00e9 \u00e0 l&rsquo;\u00e9meute, entra\u00eenant la mort d&rsquo;au moins douze civils et de quatre membres des forces de s\u00e9curit\u00e9, frapp\u00e9s \u00e0 mort par une foule appelant au d\u00e9part du pr\u00e9sident. Avec plus de 43 % de Sierra-L\u00e9onais qui survivent avec moins de 1,90 dollar par jour, l&rsquo;augmentation des prix de denr\u00e9es alimentaires est insupportable. L&rsquo;inflation des produits alimentaires de base fait craindre le pire : \u00ab un ouragan de famines \u00bb, redoute l&rsquo;ONU. Quant au FMI, il met en garde contre le risque de \u00ab protestations sociales \u00bb.<\/p>\n<p>Selon l&rsquo;Organisation pour l&rsquo;alimentation et l&rsquo;agriculture (FAO), avant m\u00eame l&rsquo;\u00e9clatement du conflit en Ukraine, 828 millions de personnes dans le monde \u00e9taient en situation d&rsquo;ins\u00e9curit\u00e9 alimentaire en 2021. D\u00e9j\u00e0 en avril, le directeur g\u00e9n\u00e9ral de la FAO Qu Dongyu avait fait un parall\u00e8le entre l&rsquo;explosion de 2008 et la situation actuelle : deux crises marqu\u00e9es par une flamb\u00e9e des prix alimentaires, des carburants, des engrais, ainsi que des transports.<\/p>\n<p><b>3. Le co\u00fbt des engrais, une menace pour l&rsquo;avenir<\/b><\/p>\n<p>Derri\u00e8re la crise alimentaire actuelle se profile un risque qui pourrait encore aggraver la situation : le prix de l&rsquo;engrais multipli\u00e9 par trois en un an et demi, principalement \u00e0 cause de la hausse du prix du gaz. Les engrais \u00e0 base d&rsquo;azote sont fabriqu\u00e9s \u00e0 partir de l&rsquo;hydrog\u00e8ne du gaz et de l&rsquo;azote (dans l&rsquo;air). Dans sa fabrication, le gaz est \u00e0 la fois utilis\u00e9 comme mati\u00e8re premi\u00e8re et comme source d&rsquo;\u00e9nergie pour alimenter le processus de synth\u00e8se aboutissant \u00e0 la production d&rsquo;ammoniac. Autant dire que le prix de l&rsquo;engrais azot\u00e9 est \u00e9troitement li\u00e9 \u00e0 celui du gaz. Au niveau mondial, le risque de p\u00e9nurie d&rsquo;engrais azot\u00e9 s&rsquo;accentue avec les arr\u00eats de production de certains fabricants europ\u00e9ens pour tenter de maintenir leur rentabilit\u00e9.<\/p>\n<p>Le conflit entre la Russie et l&rsquo;Ukraine, deux grands fournisseurs mondiaux d&rsquo;engrais azot\u00e9s et potassiques, fait peser un risque \u00e9lev\u00e9 sur la production agricole africaine. En 2021, la Russie avait fourni plus de 50 % des besoins en potasse de la C\u00f4te d&rsquo;Ivoire, du S\u00e9n\u00e9gal, du Mali, du Niger et de la Sierra Leone.<\/p>\n<p>\u00ab C&rsquo;est en 2023-2024 que se fera sentir la hausse des prix des engrais et \u00e9ventuellement leur moindre utilisation \u00bb, pr\u00e9vient le rapport du Cyclope sur les mati\u00e8res premi\u00e8res, qui s&rsquo;attend \u00e0 une production agricole \u00ab sensiblement r\u00e9duite \u00bb en Afrique. Selon une \u00e9tude men\u00e9e par la Communaut\u00e9 \u00e9conomique des \u00c9tats d&rsquo;Afrique de l&rsquo;Ouest (Cedeao), la FAO et le PMA, la p\u00e9nurie d&rsquo;engrais, et son corollaire la hausse des prix, pourraient entra\u00eener une baisse de production de 10 \u00e0 20 millions de tonnes, soit pr\u00e8s de 20 % de la production c\u00e9r\u00e9ali\u00e8re (73 Mt) de 2021-2022 pour la r\u00e9gion.<\/p>\n<p><b>4. La reprise des livraisons de c\u00e9r\u00e9ales ukrainiennes <\/b><\/p>\n<p>Heureusement, il y a une bonne nouvelle ! La reprise des exportations de c\u00e9r\u00e9ales d&rsquo;Ukraine fait baisser la tension sur les cours internationaux. Avec presque 4 millions de tonnes de produits agricoles export\u00e9s en ao\u00fbt, l&rsquo;Ukraine se rapproche des niveaux d&rsquo;exportation observ\u00e9s avant la guerre, soit environ 5 millions de tonnes par mois. Les fortes tensions sur les cours internationaux des c\u00e9r\u00e9ales se dissipent peu \u00e0 peu. Six mois apr\u00e8s le d\u00e9but de l&rsquo;invasion de l&rsquo;Ukraine, le bl\u00e9 et le ma\u00efs se rapprochent de leurs prix d&rsquo;avant-guerre.<\/p>\n<p>Depuis l&rsquo;accord sign\u00e9 le 22 juillet entre Kiev et Moscou sous l&rsquo;\u00e9gide des Nations unies et de la Turquie, quelque 33 bateaux ont pu quitter les ports ukrainiens. Un premier bateau charg\u00e9 de 23 000 tonnes de bl\u00e9 destin\u00e9es aux interventions humanitaires de l&rsquo;ONU dans la Corne de l&rsquo;Afrique a quitt\u00e9 l&rsquo;Ukraine le 14 ao\u00fbt. \u00ab La r\u00e9ouverture des ports de la mer Noire est la chose la plus importante que nous puissions faire actuellement pour aider les personnes souffrant de la faim dans le monde \u00bb, a comment\u00e9 le directeur ex\u00e9cutif du Programme alimentaire mondial (PAM), David Beasley.<\/p>\n<p>Pour rappel, en juin dernier, le pr\u00e9sident s\u00e9n\u00e9galais Macky Sall, pr\u00e9sident en exercice de l&rsquo;Union africaine (UA), s&rsquo;\u00e9tait rendu en Russie pour n\u00e9gocier avec son homologue russe, Vladimir Poutine, la lib\u00e9ration des stocks de c\u00e9r\u00e9ales et d&rsquo;engrais bloqu\u00e9s en Ukraine, rappelant que les premi\u00e8res victimes de ce blocus sont les pays africains.<\/p>\n<p><b>5. L&rsquo;appui des institutions financi\u00e8res<\/b><\/p>\n<p>Face \u00e0 l&rsquo;urgence, les institutions financi\u00e8res agissent en pompier. En mai, la Banque mondiale a annonc\u00e9 le d\u00e9ploiement d&rsquo;une enveloppe de 30 milliards de dollars, sur les 15 prochains mois. Ces financements d\u00e9bloqu\u00e9s en urgence sont destin\u00e9s \u00e0 des projets existants ou nouveaux dans des domaines tels que l&rsquo;agriculture, la nutrition, la protection sociale, l&rsquo;eau et l&rsquo;irrigation. Il s&rsquo;agit d&rsquo;encourager la production agricole et d&rsquo;engrais et de soutenir les m\u00e9nages les plus vuln\u00e9rables. Parmi les financements accord\u00e9s, la Tunisie a b\u00e9n\u00e9fici\u00e9 d&rsquo;un pr\u00eat de 130 millions de dollars afin d&rsquo;att\u00e9nuer les r\u00e9percussions de la guerre en Ukraine en finan\u00e7ant, entre autres, des importations de bl\u00e9 tendre qui sont vitales pour le pays. L&rsquo;\u00c9gypte b\u00e9n\u00e9ficie d&rsquo;un pr\u00eat de 500 millions de dollars pour accompagner les efforts du pays en vue d&rsquo;assurer la continuit\u00e9 de l&rsquo;approvisionnement en pain des m\u00e9nages pauvres et vuln\u00e9rables, de renforcer la r\u00e9silience du pays aux crises alimentaires. Un pr\u00eat de 315 millions de dollars aidera le Tchad, le Ghana et la Sierra Leone \u00e0 mieux faire face \u00e0 l&rsquo;ins\u00e9curit\u00e9 alimentaire. La r\u00e9gion de l&rsquo;Afrique de l&rsquo;Est et australe va b\u00e9n\u00e9ficier d&rsquo;un pr\u00eat de 2,3 milliards de dollars.<\/p>\n<p>De son c\u00f4t\u00e9, la Banque africaine de d\u00e9veloppement (BAD) a annonc\u00e9 \u00e0 l&rsquo;occasion des assembl\u00e9es g\u00e9n\u00e9rales en mai un plan d&rsquo;urgence, qui a pris le nom de Facilit\u00e9 africaine de production alimentaire d&rsquo;urgence d&rsquo;un montant de 1,5 milliard de dollars. Il doit permettre de fournir des intrants \u2013 engrais et semences certifi\u00e9es \u2013 \u00e0 20 millions de petits exploitants agricoles.<\/p>\n<p>Le pr\u00e9sident de la BAD, Akinwumi Adesina, avait d\u00e9clar\u00e9 : \u00ab Je porte la voix des 1,3 milliard de personnes en Afrique menac\u00e9es par une crise alimentaire imminente r\u00e9sultant de cette guerre. Pour l&rsquo;Afrique, nous devons toutefois aller au-del\u00e0 de l&rsquo;aide alimentaire d&rsquo;urgence. Nous devons donner la priorit\u00e9 \u00e0 la production alimentaire. Nous avons la technologie pour nourrir l&rsquo;Afrique \u2013 l&rsquo;Afrique n&rsquo;a pas besoin de tenir des bols en main pour mendier de la nourriture. L&rsquo;Afrique a besoin de semences dans le sol pour produire de la nourriture pour elle-m\u00eame. \u00bb<\/p>\n<p><strong>Pour plus d&rsquo;informations et d&rsquo;analyses sur la <a href=\"https:\/\/www.africa-press.net\/tchad\">Tchad<\/a>, suivez <a href=\"https:\/\/www.africa-press.net\/\">Africa-Press<\/a><\/strong><\/p>\n","protected":false},"excerpt":{"rendered":"<p>Africa-Press &#8211; Tchad. Nous avons retenu cinq faits marquants autour de cette crise alimentaire qui frappe l&rsquo;Afrique : l&rsquo;inflation galopante, qui touche tous les pays et qui laisse planer l&rsquo;ombre des \u00e9meutes de la faim, qui avaient secou\u00e9 le continent en 2008 ; la p\u00e9nurie et le prix des engrais qui a explos\u00e9 menacent la [&hellip;]<\/p>\n","protected":false},"author":82,"featured_media":31332,"comment_status":"open","ping_status":"closed","sticky":false,"template":"","format":"standard","meta":{"footnotes":""},"categories":[3,11,10],"tags":[37,292,29],"class_list":["post-31333","post","type-post","status-publish","format-standard","has-post-thumbnail","hentry","category-economie","category-homepage-french","category-toutes-les-actualites","tag-africa-press","tag-africa-press-tchad","tag-tchad"],"yoast_head":"<!-- This site is optimized with the Yoast SEO Premium plugin v26.1 (Yoast SEO v27.0) - https:\/\/yoast.com\/product\/yoast-seo-premium-wordpress\/ -->\n<title>Crise alimentaire : o\u00f9 en est vraiment l&#039;Afrique ? - tchad<\/title>\n<meta name=\"description\" content=\"Nous avons retenu cinq faits marquants autour de cette crise alimentaire qui frappe l&#039;Afrique : l&#039;inflation galopante, q ...\" \/>\n<meta name=\"robots\" content=\"index, follow, max-snippet:-1, max-image-preview:large, max-video-preview:-1\" \/>\n<link rel=\"canonical\" href=\"https:\/\/www.africa-press.net\/tchad\/economie\/crise-alimentaire-ou-en-est-vraiment-lafrique\" \/>\n<meta property=\"og:locale\" content=\"fr_FR\" \/>\n<meta property=\"og:type\" content=\"article\" \/>\n<meta property=\"og:title\" content=\"Crise alimentaire : o\u00f9 en est vraiment l&#039;Afrique ?\" \/>\n<meta property=\"og:description\" content=\"Nous avons retenu cinq faits marquants autour de cette crise alimentaire qui frappe l&#039;Afrique : l&#039;inflation galopante, q ...\" \/>\n<meta property=\"og:url\" content=\"https:\/\/www.africa-press.net\/tchad\/economie\/crise-alimentaire-ou-en-est-vraiment-lafrique\" \/>\n<meta property=\"og:site_name\" content=\"tchad\" \/>\n<meta property=\"article:published_time\" content=\"2022-08-27T06:18:35+00:00\" \/>\n<meta property=\"article:modified_time\" content=\"2022-08-27T06:31:12+00:00\" \/>\n<meta property=\"og:image\" content=\"https:\/\/static.africa-press.net\/tchad\/sites\/41\/2022\/08\/postQueueImg_4-6309ba1c6762c.jpg\" \/>\n\t<meta property=\"og:image:width\" content=\"770\" \/>\n\t<meta property=\"og:image:height\" content=\"514\" \/>\n\t<meta property=\"og:image:type\" content=\"image\/jpeg\" \/>\n<meta name=\"author\" content=\"cfeditorfr\" \/>\n<meta name=\"twitter:card\" content=\"summary_large_image\" \/>\n<meta name=\"twitter:label1\" content=\"\u00c9crit par\" \/>\n\t<meta name=\"twitter:data1\" content=\"cfeditorfr\" \/>\n\t<meta name=\"twitter:label2\" content=\"Dur\u00e9e de lecture estim\u00e9e\" \/>\n\t<meta name=\"twitter:data2\" content=\"8 minutes\" \/>\n<script type=\"application\/ld+json\" class=\"yoast-schema-graph\">{\"@context\":\"https:\/\/schema.org\",\"@graph\":[{\"@type\":\"Article\",\"@id\":\"https:\/\/www.africa-press.net\/tchad\/economie\/crise-alimentaire-ou-en-est-vraiment-lafrique#article\",\"isPartOf\":{\"@id\":\"https:\/\/www.africa-press.net\/tchad\/economie\/crise-alimentaire-ou-en-est-vraiment-lafrique\"},\"author\":{\"name\":\"cfeditorfr\",\"@id\":\"https:\/\/www.africa-press.net\/tchad\/#\/schema\/person\/2b1cf3cd81a31e3cd26889ca66d677f1\"},\"headline\":\"Crise alimentaire : o\u00f9 en est vraiment l&rsquo;Afrique ?\",\"datePublished\":\"2022-08-27T06:18:35+00:00\",\"dateModified\":\"2022-08-27T06:31:12+00:00\",\"mainEntityOfPage\":{\"@id\":\"https:\/\/www.africa-press.net\/tchad\/economie\/crise-alimentaire-ou-en-est-vraiment-lafrique\"},\"wordCount\":1684,\"commentCount\":0,\"image\":{\"@id\":\"https:\/\/www.africa-press.net\/tchad\/economie\/crise-alimentaire-ou-en-est-vraiment-lafrique#primaryimage\"},\"thumbnailUrl\":\"https:\/\/static.africa-press.net\/tchad\/sites\/41\/2022\/08\/postQueueImg_4-6309ba1c6762c.jpg\",\"keywords\":[\"Africa Press\",\"Africa Press-Tchad\",\"Tchad\"],\"articleSection\":[\"\u00c9conomie\",\"homepage-french\",\"Toutes les actualit\u00e9s\"],\"inLanguage\":\"fr-FR\",\"potentialAction\":[{\"@type\":\"CommentAction\",\"name\":\"Comment\",\"target\":[\"https:\/\/www.africa-press.net\/tchad\/economie\/crise-alimentaire-ou-en-est-vraiment-lafrique#respond\"]}]},{\"@type\":\"WebPage\",\"@id\":\"https:\/\/www.africa-press.net\/tchad\/economie\/crise-alimentaire-ou-en-est-vraiment-lafrique\",\"url\":\"https:\/\/www.africa-press.net\/tchad\/economie\/crise-alimentaire-ou-en-est-vraiment-lafrique\",\"name\":\"Crise alimentaire : o\u00f9 en est vraiment l'Afrique ? - tchad\",\"isPartOf\":{\"@id\":\"https:\/\/www.africa-press.net\/tchad\/#website\"},\"primaryImageOfPage\":{\"@id\":\"https:\/\/www.africa-press.net\/tchad\/economie\/crise-alimentaire-ou-en-est-vraiment-lafrique#primaryimage\"},\"image\":{\"@id\":\"https:\/\/www.africa-press.net\/tchad\/economie\/crise-alimentaire-ou-en-est-vraiment-lafrique#primaryimage\"},\"thumbnailUrl\":\"https:\/\/static.africa-press.net\/tchad\/sites\/41\/2022\/08\/postQueueImg_4-6309ba1c6762c.jpg\",\"datePublished\":\"2022-08-27T06:18:35+00:00\",\"dateModified\":\"2022-08-27T06:31:12+00:00\",\"author\":{\"@id\":\"https:\/\/www.africa-press.net\/tchad\/#\/schema\/person\/2b1cf3cd81a31e3cd26889ca66d677f1\"},\"description\":\"Nous avons retenu cinq faits marquants autour de cette crise alimentaire qui frappe l'Afrique : l'inflation galopante, q ...\",\"breadcrumb\":{\"@id\":\"https:\/\/www.africa-press.net\/tchad\/economie\/crise-alimentaire-ou-en-est-vraiment-lafrique#breadcrumb\"},\"inLanguage\":\"fr-FR\",\"potentialAction\":[{\"@type\":\"ReadAction\",\"target\":[\"https:\/\/www.africa-press.net\/tchad\/economie\/crise-alimentaire-ou-en-est-vraiment-lafrique\"]}]},{\"@type\":\"ImageObject\",\"inLanguage\":\"fr-FR\",\"@id\":\"https:\/\/www.africa-press.net\/tchad\/economie\/crise-alimentaire-ou-en-est-vraiment-lafrique#primaryimage\",\"url\":\"https:\/\/static.africa-press.net\/tchad\/sites\/41\/2022\/08\/postQueueImg_4-6309ba1c6762c.jpg\",\"contentUrl\":\"https:\/\/static.africa-press.net\/tchad\/sites\/41\/2022\/08\/postQueueImg_4-6309ba1c6762c.jpg\",\"width\":770,\"height\":514,\"caption\":\"Crise alimentaire : o\u00f9 en est vraiment l'Afrique ?\"},{\"@type\":\"BreadcrumbList\",\"@id\":\"https:\/\/www.africa-press.net\/tchad\/economie\/crise-alimentaire-ou-en-est-vraiment-lafrique#breadcrumb\",\"itemListElement\":[{\"@type\":\"ListItem\",\"position\":1,\"name\":\"Accueil\",\"item\":\"https:\/\/www.africa-press.net\/tchad\/\"},{\"@type\":\"ListItem\",\"position\":2,\"name\":\"Crise alimentaire : o\u00f9 en est vraiment l&#8217;Afrique ?\"}]},{\"@type\":\"WebSite\",\"@id\":\"https:\/\/www.africa-press.net\/tchad\/#website\",\"url\":\"https:\/\/www.africa-press.net\/tchad\/\",\"name\":\"tchad\",\"description\":\"Just another Africa News Agency Sites site\",\"potentialAction\":[{\"@type\":\"SearchAction\",\"target\":{\"@type\":\"EntryPoint\",\"urlTemplate\":\"https:\/\/www.africa-press.net\/tchad\/?s={search_term_string}\"},\"query-input\":{\"@type\":\"PropertyValueSpecification\",\"valueRequired\":true,\"valueName\":\"search_term_string\"}}],\"inLanguage\":\"fr-FR\"},{\"@type\":\"Person\",\"@id\":\"https:\/\/www.africa-press.net\/tchad\/#\/schema\/person\/2b1cf3cd81a31e3cd26889ca66d677f1\",\"name\":\"cfeditorfr\"}]}<\/script>\n<!-- \/ Yoast SEO Premium plugin. -->","yoast_head_json":{"title":"Crise alimentaire : o\u00f9 en est vraiment l'Afrique ? - tchad","description":"Nous avons retenu cinq faits marquants autour de cette crise alimentaire qui frappe l'Afrique : l'inflation galopante, q ...","robots":{"index":"index","follow":"follow","max-snippet":"max-snippet:-1","max-image-preview":"max-image-preview:large","max-video-preview":"max-video-preview:-1"},"canonical":"https:\/\/www.africa-press.net\/tchad\/economie\/crise-alimentaire-ou-en-est-vraiment-lafrique","og_locale":"fr_FR","og_type":"article","og_title":"Crise alimentaire : o\u00f9 en est vraiment l'Afrique ?","og_description":"Nous avons retenu cinq faits marquants autour de cette crise alimentaire qui frappe l'Afrique : l'inflation galopante, q ...","og_url":"https:\/\/www.africa-press.net\/tchad\/economie\/crise-alimentaire-ou-en-est-vraiment-lafrique","og_site_name":"tchad","article_published_time":"2022-08-27T06:18:35+00:00","article_modified_time":"2022-08-27T06:31:12+00:00","og_image":[{"width":770,"height":514,"url":"https:\/\/static.africa-press.net\/tchad\/sites\/41\/2022\/08\/postQueueImg_4-6309ba1c6762c.jpg","type":"image\/jpeg"}],"author":"cfeditorfr","twitter_card":"summary_large_image","twitter_misc":{"\u00c9crit par":"cfeditorfr","Dur\u00e9e de lecture estim\u00e9e":"8 minutes"},"schema":{"@context":"https:\/\/schema.org","@graph":[{"@type":"Article","@id":"https:\/\/www.africa-press.net\/tchad\/economie\/crise-alimentaire-ou-en-est-vraiment-lafrique#article","isPartOf":{"@id":"https:\/\/www.africa-press.net\/tchad\/economie\/crise-alimentaire-ou-en-est-vraiment-lafrique"},"author":{"name":"cfeditorfr","@id":"https:\/\/www.africa-press.net\/tchad\/#\/schema\/person\/2b1cf3cd81a31e3cd26889ca66d677f1"},"headline":"Crise alimentaire : o\u00f9 en est vraiment l&rsquo;Afrique ?","datePublished":"2022-08-27T06:18:35+00:00","dateModified":"2022-08-27T06:31:12+00:00","mainEntityOfPage":{"@id":"https:\/\/www.africa-press.net\/tchad\/economie\/crise-alimentaire-ou-en-est-vraiment-lafrique"},"wordCount":1684,"commentCount":0,"image":{"@id":"https:\/\/www.africa-press.net\/tchad\/economie\/crise-alimentaire-ou-en-est-vraiment-lafrique#primaryimage"},"thumbnailUrl":"https:\/\/static.africa-press.net\/tchad\/sites\/41\/2022\/08\/postQueueImg_4-6309ba1c6762c.jpg","keywords":["Africa Press","Africa Press-Tchad","Tchad"],"articleSection":["\u00c9conomie","homepage-french","Toutes les actualit\u00e9s"],"inLanguage":"fr-FR","potentialAction":[{"@type":"CommentAction","name":"Comment","target":["https:\/\/www.africa-press.net\/tchad\/economie\/crise-alimentaire-ou-en-est-vraiment-lafrique#respond"]}]},{"@type":"WebPage","@id":"https:\/\/www.africa-press.net\/tchad\/economie\/crise-alimentaire-ou-en-est-vraiment-lafrique","url":"https:\/\/www.africa-press.net\/tchad\/economie\/crise-alimentaire-ou-en-est-vraiment-lafrique","name":"Crise alimentaire : o\u00f9 en est vraiment l'Afrique ? - tchad","isPartOf":{"@id":"https:\/\/www.africa-press.net\/tchad\/#website"},"primaryImageOfPage":{"@id":"https:\/\/www.africa-press.net\/tchad\/economie\/crise-alimentaire-ou-en-est-vraiment-lafrique#primaryimage"},"image":{"@id":"https:\/\/www.africa-press.net\/tchad\/economie\/crise-alimentaire-ou-en-est-vraiment-lafrique#primaryimage"},"thumbnailUrl":"https:\/\/static.africa-press.net\/tchad\/sites\/41\/2022\/08\/postQueueImg_4-6309ba1c6762c.jpg","datePublished":"2022-08-27T06:18:35+00:00","dateModified":"2022-08-27T06:31:12+00:00","author":{"@id":"https:\/\/www.africa-press.net\/tchad\/#\/schema\/person\/2b1cf3cd81a31e3cd26889ca66d677f1"},"description":"Nous avons retenu cinq faits marquants autour de cette crise alimentaire qui frappe l'Afrique : l'inflation galopante, q ...","breadcrumb":{"@id":"https:\/\/www.africa-press.net\/tchad\/economie\/crise-alimentaire-ou-en-est-vraiment-lafrique#breadcrumb"},"inLanguage":"fr-FR","potentialAction":[{"@type":"ReadAction","target":["https:\/\/www.africa-press.net\/tchad\/economie\/crise-alimentaire-ou-en-est-vraiment-lafrique"]}]},{"@type":"ImageObject","inLanguage":"fr-FR","@id":"https:\/\/www.africa-press.net\/tchad\/economie\/crise-alimentaire-ou-en-est-vraiment-lafrique#primaryimage","url":"https:\/\/static.africa-press.net\/tchad\/sites\/41\/2022\/08\/postQueueImg_4-6309ba1c6762c.jpg","contentUrl":"https:\/\/static.africa-press.net\/tchad\/sites\/41\/2022\/08\/postQueueImg_4-6309ba1c6762c.jpg","width":770,"height":514,"caption":"Crise alimentaire : o\u00f9 en est vraiment l'Afrique ?"},{"@type":"BreadcrumbList","@id":"https:\/\/www.africa-press.net\/tchad\/economie\/crise-alimentaire-ou-en-est-vraiment-lafrique#breadcrumb","itemListElement":[{"@type":"ListItem","position":1,"name":"Accueil","item":"https:\/\/www.africa-press.net\/tchad\/"},{"@type":"ListItem","position":2,"name":"Crise alimentaire : o\u00f9 en est vraiment l&#8217;Afrique ?"}]},{"@type":"WebSite","@id":"https:\/\/www.africa-press.net\/tchad\/#website","url":"https:\/\/www.africa-press.net\/tchad\/","name":"tchad","description":"Just another Africa News Agency Sites site","potentialAction":[{"@type":"SearchAction","target":{"@type":"EntryPoint","urlTemplate":"https:\/\/www.africa-press.net\/tchad\/?s={search_term_string}"},"query-input":{"@type":"PropertyValueSpecification","valueRequired":true,"valueName":"search_term_string"}}],"inLanguage":"fr-FR"},{"@type":"Person","@id":"https:\/\/www.africa-press.net\/tchad\/#\/schema\/person\/2b1cf3cd81a31e3cd26889ca66d677f1","name":"cfeditorfr"}]}},"_links":{"self":[{"href":"https:\/\/www.africa-press.net\/tchad\/wp-json\/wp\/v2\/posts\/31333","targetHints":{"allow":["GET"]}}],"collection":[{"href":"https:\/\/www.africa-press.net\/tchad\/wp-json\/wp\/v2\/posts"}],"about":[{"href":"https:\/\/www.africa-press.net\/tchad\/wp-json\/wp\/v2\/types\/post"}],"author":[{"embeddable":true,"href":"https:\/\/www.africa-press.net\/tchad\/wp-json\/wp\/v2\/users\/82"}],"replies":[{"embeddable":true,"href":"https:\/\/www.africa-press.net\/tchad\/wp-json\/wp\/v2\/comments?post=31333"}],"version-history":[{"count":0,"href":"https:\/\/www.africa-press.net\/tchad\/wp-json\/wp\/v2\/posts\/31333\/revisions"}],"wp:featuredmedia":[{"embeddable":true,"href":"https:\/\/www.africa-press.net\/tchad\/wp-json\/wp\/v2\/media\/31332"}],"wp:attachment":[{"href":"https:\/\/www.africa-press.net\/tchad\/wp-json\/wp\/v2\/media?parent=31333"}],"wp:term":[{"taxonomy":"category","embeddable":true,"href":"https:\/\/www.africa-press.net\/tchad\/wp-json\/wp\/v2\/categories?post=31333"},{"taxonomy":"post_tag","embeddable":true,"href":"https:\/\/www.africa-press.net\/tchad\/wp-json\/wp\/v2\/tags?post=31333"}],"curies":[{"name":"wp","href":"https:\/\/api.w.org\/{rel}","templated":true}]}}