{"id":31336,"date":"2022-08-27T06:19:56","date_gmt":"2022-08-27T06:19:56","guid":{"rendered":"https:\/\/www.africa-press.net\/tchad\/politique\/japon-afrique-une-cooperation-economique-au-milieu-du-gue"},"modified":"2022-08-27T06:33:15","modified_gmt":"2022-08-27T06:33:15","slug":"japon-afrique-une-cooperation-economique-au-milieu-du-gue","status":"publish","type":"post","link":"https:\/\/www.africa-press.net\/tchad\/economie\/japon-afrique-une-cooperation-economique-au-milieu-du-gue","title":{"rendered":"Japon-Afrique\u00a0: une coop\u00e9ration \u00e9conomique au milieu du gu\u00e9"},"content":{"rendered":"<p><span style=\"color: #ff6600\"><strong>Africa-Press &#8211; Tchad. <\/strong><\/span>Avec le coup d&rsquo;envoi de la huiti\u00e8me \u00e9dition de la Conf\u00e9rence internationale de Tokyo sur le d\u00e9veloppement de l&rsquo;Afrique (Ticad 8) \u00e0 Tunis, le 27 ao\u00fbt, le Japon cherche \u00e0 donner une nouvelle impulsion \u00e0 sa politique africaine qu&rsquo;il souhaite plus pragmatique, en mettant, notamment, l&rsquo;accent sur les investissements. En effet, le solde des IDE (investissements directs \u00e9trangers) du Japon en Afrique, qui s&rsquo;\u00e9levait \u00e0 12 milliards de dollars \u00e0 la fin de 2013, est tomb\u00e9 \u00e0 environ 4,8 milliards de dollars en 2020 contre 65 milliards de dollars pour le Royaume-Uni, 60 milliards de dollars pour la France, 48 milliards de dollars pour les \u00c9tats-Unis et 43 milliards de dollars pour la Chine au cours de la m\u00eame p\u00e9riode. Et m\u00eame si le nombre d&rsquo;entreprises japonaises op\u00e9rant en Afrique a augment\u00e9, passant de 520 en 2010 \u00e0 796 en 2019, l&rsquo;investissement total a nettement diminu\u00e9 ces derni\u00e8res ann\u00e9es sous l&rsquo;influence du Covid-19. Selon le minist\u00e8re des Finances, les nouveaux investissements annuels sont pass\u00e9s de 590 millions de dollars en 2019 \u00e0 310 millions de dollars en 2021.<\/p>\n<p>Il faut souligner que l&rsquo;activisme de l&rsquo;ancien Premier ministre Shinzo Abe, assassin\u00e9 en juillet, a eu un impact non n\u00e9gligeable dans la strat\u00e9gie de conqu\u00eate du Japon, qui a accru son influence sur le continent par le biais du soft power et de l&rsquo;aide et du d\u00e9veloppement.<\/p>\n<p><b>Resserrer les liens malgr\u00e9 les d\u00e9fis<\/b><\/p>\n<p>L&rsquo;objectif d\u00e9sormais est d&rsquo;instaurer un vrai \u00ab partenariat \u00bb avec l&rsquo;Afrique pour \u00ab un d\u00e9veloppement men\u00e9 par les Africains \u00bb, affiche les organisateurs de la Ticad 8, sans perdre des yeux un concurrent chinois tr\u00e8s bien implant\u00e9 dans la r\u00e9gion. Officiellement, le sommet a pour objectif de \u00ab discuter comment cr\u00e9er ensemble un monde durable \u00bb, dans \u00ab le contexte complexe de l&rsquo;\u00e9pid\u00e9mie de Covid et de la situation en Ukraine \u00bb. Le Japon \u00ab entend fortement soutenir un d\u00e9veloppement men\u00e9 par les Africains eux-m\u00eames \u00bb, indique le minist\u00e8re des Affaires \u00e9trang\u00e8res sur son site pr\u00e9sentant le sommet, en soulignant les atouts d&rsquo;une \u00e9conomie japonaise : \u00ab une croissance de qualit\u00e9 \u00bb et \u00ab l&rsquo;accent mis sur la population \u00bb. M\u00eame si \u00ab l&rsquo;Afrique concentre les contradictions de l&rsquo;\u00e9conomie mondiale, telles que les in\u00e9galit\u00e9s et les probl\u00e8mes environnementaux, une croissance dynamique y est attendue, soutenue par une population jeune \u00bb, selon le minist\u00e8re.<\/p>\n<p>Environ 5 000 participants, parmi lesquels 30 chefs d&rsquo;\u00c9tat et de gouvernement venus de toute l&rsquo;Afrique, sont attendus \u00e0 ce sommet qui s&rsquo;ach\u00e8vera dimanche midi. Cependant, le Premier ministre japonais, Fumio Kishida, qui a contract\u00e9 le Covid juste avant le sommet, fera ses interventions en ligne depuis le Japon.<\/p>\n<p>En marge du sommet, un forum \u00e9conomique r\u00e9unissant des hommes d&rsquo;affaires est pr\u00e9vu ainsi que des \u00ab \u00e9v\u00e9nements parall\u00e8les \u00bb associant la soci\u00e9t\u00e9 civile autour de l&rsquo;inclusion des femmes et l&rsquo;innovation. Depuis leurs cr\u00e9ations en 1993, les sommets Ticad, coorganis\u00e9s avec les Nations unies, la Banque mondiale et l&rsquo;Union africaine, ont g\u00e9n\u00e9r\u00e9 26 projets de d\u00e9veloppement dans 20 pays d&rsquo;Afrique.<\/p>\n<p><b>Contrer l&rsquo;influence de la Chine mais aussi des \u00c9tats-Unis et de l&rsquo;Europe<\/b><\/p>\n<p>Les trois principales th\u00e9matiques du sommet seront l&rsquo;\u00e9conomie avec \u00ab un accroissement pr\u00e9vu des investissements japonais en Afrique \u00bb, notamment en soutien aux start-up et \u00e0 l&rsquo;\u00e9conomie verte, ainsi que ceux visant \u00e0 \u00ab renforcer la s\u00e9curit\u00e9 alimentaire \u00bb, selon la pr\u00e9sentation officielle. En plus de 130 millions de dollars d&rsquo;aide alimentaire d\u00e9j\u00e0 pr\u00e9vue, le Japon pr\u00e9voit de \u00ab fournir une assistance pour la production de riz, afin de la faire doubler \u00e0 moyen long terme \u00bb.<\/p>\n<p>Le journal \u00e9conomique nippon Nikkei a assur\u00e9 que les aides japonaises \u00e0 l&rsquo;Afrique pourraient augmenter de 40 % pour les trois ann\u00e9es \u00e0 venir, par rapport \u00e0 la p\u00e9riode pr\u00e9c\u00e9dente (2020-2022). Le quotidien bien inform\u00e9 estime qu&rsquo;il s&rsquo;agit d&rsquo;\u00ab une r\u00e9ponse \u00bb de Tokyo aux \u00c9tats-Unis, \u00e0 l&rsquo;Europe et au grand rival chinois, qui augmentent tous leur pr\u00e9sence en Afrique.<\/p>\n<p>Interrog\u00e9 sur ce point, un responsable du minist\u00e8re japonais des Affaires \u00e9trang\u00e8res a dit mercredi \u00e0 l&rsquo;AFP que \u00ab la diplomatie africaine du Japon pouvait \u00eatre r\u00e9sum\u00e9e en deux mots : appropriation et partenariat \u00bb. \u00ab Le Japon veut faire de l&rsquo;Afrique un partenaire et cro\u00eetre ensemble \u00bb \u00e0 travers \u00ab des initiatives concr\u00e8tes \u00bb, a-t-il ajout\u00e9. Deuxi\u00e8me axe du sommet : \u00ab construire un environnement r\u00e9silient et durable \u00bb \u00e0 travers des programmes \u00ab mettant l&rsquo;accent sur les ressources humaines \u00bb, dans la sant\u00e9 et l&rsquo;hygi\u00e8ne, l&rsquo;\u00e9ducation et l&rsquo;environnement, notamment la pr\u00e9vention des catastrophes naturelles. Troisi\u00e8me th\u00e9matique : soutenir \u00ab la consolidation de la d\u00e9mocratie, l&rsquo;\u00c9tat de droit, la pr\u00e9vention des conflits et les m\u00e9diations \u00bb, notamment au Sahel et dans la Corne de l&rsquo;Afrique.<\/p>\n<p><b>La Tunisie pour porte d&rsquo;entr\u00e9e<\/b><\/p>\n<p>H\u00f4te du sommet, la Tunisie esp\u00e8re tirer son \u00e9pingle du jeu, notamment dans la sant\u00e9, les industries automobile et spatiale et les \u00e9nergies renouvelables, avec plus de 80 projets d&rsquo;une valeur de 2,7 milliards de dollars mis sur la table, selon le pr\u00e9sident de la chambre de commerce tuniso-japonaise, Hedi Abb\u00e8s. Ces chantiers, propos\u00e9s aux investisseurs priv\u00e9s tunisiens et africains, sont cens\u00e9s d\u00e9boucher sur la cr\u00e9ation de 35 700 emplois. Avec ses capacit\u00e9s industrielles, la Tunisie esp\u00e8re devenir une locomotive pour la production de m\u00e9dicaments et de vaccins. Lors d&rsquo;un sommet sur le Covid-19 en mai, le Premier ministre japonais avait insist\u00e9 sur l&rsquo;importance \u00ab de promouvoir la production locale de m\u00e9dicaments et produits pharmaceutiques dont des vaccins \u00bb, et annonc\u00e9 une aide \u00ab allant jusqu&rsquo;\u00e0 200 millions de dollars \u00bb pour \u00ab accro\u00eetre les capacit\u00e9s productives en Afrique \u00bb.<\/p>\n<p><strong>Pour plus d&rsquo;informations et d&rsquo;analyses sur la <a href=\"https:\/\/www.africa-press.net\/tchad\">Tchad<\/a>, suivez <a href=\"https:\/\/www.africa-press.net\/\">Africa-Press<\/a><\/strong><\/p>\n","protected":false},"excerpt":{"rendered":"<p>Africa-Press &#8211; Tchad. Avec le coup d&rsquo;envoi de la huiti\u00e8me \u00e9dition de la Conf\u00e9rence internationale de Tokyo sur le d\u00e9veloppement de l&rsquo;Afrique (Ticad 8) \u00e0 Tunis, le 27 ao\u00fbt, le Japon cherche \u00e0 donner une nouvelle impulsion \u00e0 sa politique africaine qu&rsquo;il souhaite plus pragmatique, en mettant, notamment, l&rsquo;accent sur les investissements. En effet, le [&hellip;]<\/p>\n","protected":false},"author":82,"featured_media":31335,"comment_status":"open","ping_status":"closed","sticky":false,"template":"","format":"standard","meta":{"footnotes":""},"categories":[3,11,10],"tags":[37,292,29],"class_list":["post-31336","post","type-post","status-publish","format-standard","has-post-thumbnail","hentry","category-economie","category-homepage-french","category-toutes-les-actualites","tag-africa-press","tag-africa-press-tchad","tag-tchad"],"yoast_head":"<!-- This site is optimized with the Yoast SEO Premium plugin v26.1 (Yoast SEO v27.0) - https:\/\/yoast.com\/product\/yoast-seo-premium-wordpress\/ -->\n<title>Japon-Afrique\u00a0: une coop\u00e9ration \u00e9conomique au milieu du gu\u00e9 - tchad<\/title>\n<meta name=\"description\" content=\"Avec le coup d&#039;envoi de la huiti\u00e8me \u00e9dition de la Conf\u00e9rence internationale de Tokyo sur le d\u00e9veloppement de l&#039;Afrique ( ...\" \/>\n<meta name=\"robots\" content=\"index, follow, max-snippet:-1, max-image-preview:large, max-video-preview:-1\" \/>\n<link rel=\"canonical\" href=\"https:\/\/www.africa-press.net\/tchad\/economie\/japon-afrique-une-cooperation-economique-au-milieu-du-gue\" \/>\n<meta property=\"og:locale\" content=\"fr_FR\" \/>\n<meta property=\"og:type\" content=\"article\" \/>\n<meta property=\"og:title\" content=\"Japon-Afrique\u00a0: une coop\u00e9ration \u00e9conomique au milieu du gu\u00e9\" \/>\n<meta property=\"og:description\" content=\"Avec le coup d&#039;envoi de la huiti\u00e8me \u00e9dition de la Conf\u00e9rence internationale de Tokyo sur le d\u00e9veloppement de l&#039;Afrique ( ...\" \/>\n<meta property=\"og:url\" content=\"https:\/\/www.africa-press.net\/tchad\/economie\/japon-afrique-une-cooperation-economique-au-milieu-du-gue\" \/>\n<meta property=\"og:site_name\" content=\"tchad\" \/>\n<meta property=\"article:published_time\" content=\"2022-08-27T06:19:56+00:00\" \/>\n<meta property=\"article:modified_time\" content=\"2022-08-27T06:33:15+00:00\" \/>\n<meta property=\"og:image\" content=\"https:\/\/static.africa-press.net\/tchad\/sites\/41\/2022\/08\/postQueueImg_5-6309ba97b74c4.jpg\" \/>\n\t<meta property=\"og:image:width\" content=\"1250\" \/>\n\t<meta property=\"og:image:height\" content=\"625\" \/>\n\t<meta property=\"og:image:type\" content=\"image\/jpeg\" \/>\n<meta name=\"author\" content=\"cfeditorfr\" \/>\n<meta name=\"twitter:card\" content=\"summary_large_image\" \/>\n<meta name=\"twitter:label1\" content=\"\u00c9crit par\" \/>\n\t<meta name=\"twitter:data1\" content=\"cfeditorfr\" \/>\n\t<meta name=\"twitter:label2\" content=\"Dur\u00e9e de lecture estim\u00e9e\" \/>\n\t<meta name=\"twitter:data2\" content=\"5 minutes\" \/>\n<script type=\"application\/ld+json\" class=\"yoast-schema-graph\">{\"@context\":\"https:\/\/schema.org\",\"@graph\":[{\"@type\":\"Article\",\"@id\":\"https:\/\/www.africa-press.net\/tchad\/economie\/japon-afrique-une-cooperation-economique-au-milieu-du-gue#article\",\"isPartOf\":{\"@id\":\"https:\/\/www.africa-press.net\/tchad\/economie\/japon-afrique-une-cooperation-economique-au-milieu-du-gue\"},\"author\":{\"name\":\"cfeditorfr\",\"@id\":\"https:\/\/www.africa-press.net\/tchad\/#\/schema\/person\/2b1cf3cd81a31e3cd26889ca66d677f1\"},\"headline\":\"Japon-Afrique\u00a0: une coop\u00e9ration \u00e9conomique au milieu du gu\u00e9\",\"datePublished\":\"2022-08-27T06:19:56+00:00\",\"dateModified\":\"2022-08-27T06:33:15+00:00\",\"mainEntityOfPage\":{\"@id\":\"https:\/\/www.africa-press.net\/tchad\/economie\/japon-afrique-une-cooperation-economique-au-milieu-du-gue\"},\"wordCount\":974,\"commentCount\":0,\"image\":{\"@id\":\"https:\/\/www.africa-press.net\/tchad\/economie\/japon-afrique-une-cooperation-economique-au-milieu-du-gue#primaryimage\"},\"thumbnailUrl\":\"https:\/\/static.africa-press.net\/tchad\/sites\/41\/2022\/08\/postQueueImg_5-6309ba97b74c4.jpg\",\"keywords\":[\"Africa Press\",\"Africa Press-Tchad\",\"Tchad\"],\"articleSection\":[\"\u00c9conomie\",\"homepage-french\",\"Toutes les actualit\u00e9s\"],\"inLanguage\":\"fr-FR\",\"potentialAction\":[{\"@type\":\"CommentAction\",\"name\":\"Comment\",\"target\":[\"https:\/\/www.africa-press.net\/tchad\/economie\/japon-afrique-une-cooperation-economique-au-milieu-du-gue#respond\"]}]},{\"@type\":\"WebPage\",\"@id\":\"https:\/\/www.africa-press.net\/tchad\/economie\/japon-afrique-une-cooperation-economique-au-milieu-du-gue\",\"url\":\"https:\/\/www.africa-press.net\/tchad\/economie\/japon-afrique-une-cooperation-economique-au-milieu-du-gue\",\"name\":\"Japon-Afrique\u00a0: une coop\u00e9ration \u00e9conomique au milieu du gu\u00e9 - tchad\",\"isPartOf\":{\"@id\":\"https:\/\/www.africa-press.net\/tchad\/#website\"},\"primaryImageOfPage\":{\"@id\":\"https:\/\/www.africa-press.net\/tchad\/economie\/japon-afrique-une-cooperation-economique-au-milieu-du-gue#primaryimage\"},\"image\":{\"@id\":\"https:\/\/www.africa-press.net\/tchad\/economie\/japon-afrique-une-cooperation-economique-au-milieu-du-gue#primaryimage\"},\"thumbnailUrl\":\"https:\/\/static.africa-press.net\/tchad\/sites\/41\/2022\/08\/postQueueImg_5-6309ba97b74c4.jpg\",\"datePublished\":\"2022-08-27T06:19:56+00:00\",\"dateModified\":\"2022-08-27T06:33:15+00:00\",\"author\":{\"@id\":\"https:\/\/www.africa-press.net\/tchad\/#\/schema\/person\/2b1cf3cd81a31e3cd26889ca66d677f1\"},\"description\":\"Avec le coup d'envoi de la huiti\u00e8me \u00e9dition de la Conf\u00e9rence internationale de Tokyo sur le d\u00e9veloppement de l'Afrique ( ...\",\"breadcrumb\":{\"@id\":\"https:\/\/www.africa-press.net\/tchad\/economie\/japon-afrique-une-cooperation-economique-au-milieu-du-gue#breadcrumb\"},\"inLanguage\":\"fr-FR\",\"potentialAction\":[{\"@type\":\"ReadAction\",\"target\":[\"https:\/\/www.africa-press.net\/tchad\/economie\/japon-afrique-une-cooperation-economique-au-milieu-du-gue\"]}]},{\"@type\":\"ImageObject\",\"inLanguage\":\"fr-FR\",\"@id\":\"https:\/\/www.africa-press.net\/tchad\/economie\/japon-afrique-une-cooperation-economique-au-milieu-du-gue#primaryimage\",\"url\":\"https:\/\/static.africa-press.net\/tchad\/sites\/41\/2022\/08\/postQueueImg_5-6309ba97b74c4.jpg\",\"contentUrl\":\"https:\/\/static.africa-press.net\/tchad\/sites\/41\/2022\/08\/postQueueImg_5-6309ba97b74c4.jpg\",\"width\":1250,\"height\":625,\"caption\":\"Japon-Afrique\u00a0: une coop\u00e9ration \u00e9conomique au milieu du gu\u00e9\"},{\"@type\":\"BreadcrumbList\",\"@id\":\"https:\/\/www.africa-press.net\/tchad\/economie\/japon-afrique-une-cooperation-economique-au-milieu-du-gue#breadcrumb\",\"itemListElement\":[{\"@type\":\"ListItem\",\"position\":1,\"name\":\"Accueil\",\"item\":\"https:\/\/www.africa-press.net\/tchad\/\"},{\"@type\":\"ListItem\",\"position\":2,\"name\":\"Japon-Afrique\u00a0: une coop\u00e9ration \u00e9conomique au milieu du gu\u00e9\"}]},{\"@type\":\"WebSite\",\"@id\":\"https:\/\/www.africa-press.net\/tchad\/#website\",\"url\":\"https:\/\/www.africa-press.net\/tchad\/\",\"name\":\"tchad\",\"description\":\"Just another Africa News Agency Sites site\",\"potentialAction\":[{\"@type\":\"SearchAction\",\"target\":{\"@type\":\"EntryPoint\",\"urlTemplate\":\"https:\/\/www.africa-press.net\/tchad\/?s={search_term_string}\"},\"query-input\":{\"@type\":\"PropertyValueSpecification\",\"valueRequired\":true,\"valueName\":\"search_term_string\"}}],\"inLanguage\":\"fr-FR\"},{\"@type\":\"Person\",\"@id\":\"https:\/\/www.africa-press.net\/tchad\/#\/schema\/person\/2b1cf3cd81a31e3cd26889ca66d677f1\",\"name\":\"cfeditorfr\"}]}<\/script>\n<!-- \/ Yoast SEO Premium plugin. -->","yoast_head_json":{"title":"Japon-Afrique\u00a0: une coop\u00e9ration \u00e9conomique au milieu du gu\u00e9 - tchad","description":"Avec le coup d'envoi de la huiti\u00e8me \u00e9dition de la Conf\u00e9rence internationale de Tokyo sur le d\u00e9veloppement de l'Afrique ( ...","robots":{"index":"index","follow":"follow","max-snippet":"max-snippet:-1","max-image-preview":"max-image-preview:large","max-video-preview":"max-video-preview:-1"},"canonical":"https:\/\/www.africa-press.net\/tchad\/economie\/japon-afrique-une-cooperation-economique-au-milieu-du-gue","og_locale":"fr_FR","og_type":"article","og_title":"Japon-Afrique\u00a0: une coop\u00e9ration \u00e9conomique au milieu du gu\u00e9","og_description":"Avec le coup d'envoi de la huiti\u00e8me \u00e9dition de la Conf\u00e9rence internationale de Tokyo sur le d\u00e9veloppement de l'Afrique ( ...","og_url":"https:\/\/www.africa-press.net\/tchad\/economie\/japon-afrique-une-cooperation-economique-au-milieu-du-gue","og_site_name":"tchad","article_published_time":"2022-08-27T06:19:56+00:00","article_modified_time":"2022-08-27T06:33:15+00:00","og_image":[{"width":1250,"height":625,"url":"https:\/\/static.africa-press.net\/tchad\/sites\/41\/2022\/08\/postQueueImg_5-6309ba97b74c4.jpg","type":"image\/jpeg"}],"author":"cfeditorfr","twitter_card":"summary_large_image","twitter_misc":{"\u00c9crit par":"cfeditorfr","Dur\u00e9e de lecture estim\u00e9e":"5 minutes"},"schema":{"@context":"https:\/\/schema.org","@graph":[{"@type":"Article","@id":"https:\/\/www.africa-press.net\/tchad\/economie\/japon-afrique-une-cooperation-economique-au-milieu-du-gue#article","isPartOf":{"@id":"https:\/\/www.africa-press.net\/tchad\/economie\/japon-afrique-une-cooperation-economique-au-milieu-du-gue"},"author":{"name":"cfeditorfr","@id":"https:\/\/www.africa-press.net\/tchad\/#\/schema\/person\/2b1cf3cd81a31e3cd26889ca66d677f1"},"headline":"Japon-Afrique\u00a0: une coop\u00e9ration \u00e9conomique au milieu du gu\u00e9","datePublished":"2022-08-27T06:19:56+00:00","dateModified":"2022-08-27T06:33:15+00:00","mainEntityOfPage":{"@id":"https:\/\/www.africa-press.net\/tchad\/economie\/japon-afrique-une-cooperation-economique-au-milieu-du-gue"},"wordCount":974,"commentCount":0,"image":{"@id":"https:\/\/www.africa-press.net\/tchad\/economie\/japon-afrique-une-cooperation-economique-au-milieu-du-gue#primaryimage"},"thumbnailUrl":"https:\/\/static.africa-press.net\/tchad\/sites\/41\/2022\/08\/postQueueImg_5-6309ba97b74c4.jpg","keywords":["Africa Press","Africa Press-Tchad","Tchad"],"articleSection":["\u00c9conomie","homepage-french","Toutes les actualit\u00e9s"],"inLanguage":"fr-FR","potentialAction":[{"@type":"CommentAction","name":"Comment","target":["https:\/\/www.africa-press.net\/tchad\/economie\/japon-afrique-une-cooperation-economique-au-milieu-du-gue#respond"]}]},{"@type":"WebPage","@id":"https:\/\/www.africa-press.net\/tchad\/economie\/japon-afrique-une-cooperation-economique-au-milieu-du-gue","url":"https:\/\/www.africa-press.net\/tchad\/economie\/japon-afrique-une-cooperation-economique-au-milieu-du-gue","name":"Japon-Afrique\u00a0: une coop\u00e9ration \u00e9conomique au milieu du gu\u00e9 - tchad","isPartOf":{"@id":"https:\/\/www.africa-press.net\/tchad\/#website"},"primaryImageOfPage":{"@id":"https:\/\/www.africa-press.net\/tchad\/economie\/japon-afrique-une-cooperation-economique-au-milieu-du-gue#primaryimage"},"image":{"@id":"https:\/\/www.africa-press.net\/tchad\/economie\/japon-afrique-une-cooperation-economique-au-milieu-du-gue#primaryimage"},"thumbnailUrl":"https:\/\/static.africa-press.net\/tchad\/sites\/41\/2022\/08\/postQueueImg_5-6309ba97b74c4.jpg","datePublished":"2022-08-27T06:19:56+00:00","dateModified":"2022-08-27T06:33:15+00:00","author":{"@id":"https:\/\/www.africa-press.net\/tchad\/#\/schema\/person\/2b1cf3cd81a31e3cd26889ca66d677f1"},"description":"Avec le coup d'envoi de la huiti\u00e8me \u00e9dition de la Conf\u00e9rence internationale de Tokyo sur le d\u00e9veloppement de l'Afrique ( ...","breadcrumb":{"@id":"https:\/\/www.africa-press.net\/tchad\/economie\/japon-afrique-une-cooperation-economique-au-milieu-du-gue#breadcrumb"},"inLanguage":"fr-FR","potentialAction":[{"@type":"ReadAction","target":["https:\/\/www.africa-press.net\/tchad\/economie\/japon-afrique-une-cooperation-economique-au-milieu-du-gue"]}]},{"@type":"ImageObject","inLanguage":"fr-FR","@id":"https:\/\/www.africa-press.net\/tchad\/economie\/japon-afrique-une-cooperation-economique-au-milieu-du-gue#primaryimage","url":"https:\/\/static.africa-press.net\/tchad\/sites\/41\/2022\/08\/postQueueImg_5-6309ba97b74c4.jpg","contentUrl":"https:\/\/static.africa-press.net\/tchad\/sites\/41\/2022\/08\/postQueueImg_5-6309ba97b74c4.jpg","width":1250,"height":625,"caption":"Japon-Afrique\u00a0: une coop\u00e9ration \u00e9conomique au milieu du gu\u00e9"},{"@type":"BreadcrumbList","@id":"https:\/\/www.africa-press.net\/tchad\/economie\/japon-afrique-une-cooperation-economique-au-milieu-du-gue#breadcrumb","itemListElement":[{"@type":"ListItem","position":1,"name":"Accueil","item":"https:\/\/www.africa-press.net\/tchad\/"},{"@type":"ListItem","position":2,"name":"Japon-Afrique\u00a0: une coop\u00e9ration \u00e9conomique au milieu du gu\u00e9"}]},{"@type":"WebSite","@id":"https:\/\/www.africa-press.net\/tchad\/#website","url":"https:\/\/www.africa-press.net\/tchad\/","name":"tchad","description":"Just another Africa News Agency Sites site","potentialAction":[{"@type":"SearchAction","target":{"@type":"EntryPoint","urlTemplate":"https:\/\/www.africa-press.net\/tchad\/?s={search_term_string}"},"query-input":{"@type":"PropertyValueSpecification","valueRequired":true,"valueName":"search_term_string"}}],"inLanguage":"fr-FR"},{"@type":"Person","@id":"https:\/\/www.africa-press.net\/tchad\/#\/schema\/person\/2b1cf3cd81a31e3cd26889ca66d677f1","name":"cfeditorfr"}]}},"_links":{"self":[{"href":"https:\/\/www.africa-press.net\/tchad\/wp-json\/wp\/v2\/posts\/31336","targetHints":{"allow":["GET"]}}],"collection":[{"href":"https:\/\/www.africa-press.net\/tchad\/wp-json\/wp\/v2\/posts"}],"about":[{"href":"https:\/\/www.africa-press.net\/tchad\/wp-json\/wp\/v2\/types\/post"}],"author":[{"embeddable":true,"href":"https:\/\/www.africa-press.net\/tchad\/wp-json\/wp\/v2\/users\/82"}],"replies":[{"embeddable":true,"href":"https:\/\/www.africa-press.net\/tchad\/wp-json\/wp\/v2\/comments?post=31336"}],"version-history":[{"count":0,"href":"https:\/\/www.africa-press.net\/tchad\/wp-json\/wp\/v2\/posts\/31336\/revisions"}],"wp:featuredmedia":[{"embeddable":true,"href":"https:\/\/www.africa-press.net\/tchad\/wp-json\/wp\/v2\/media\/31335"}],"wp:attachment":[{"href":"https:\/\/www.africa-press.net\/tchad\/wp-json\/wp\/v2\/media?parent=31336"}],"wp:term":[{"taxonomy":"category","embeddable":true,"href":"https:\/\/www.africa-press.net\/tchad\/wp-json\/wp\/v2\/categories?post=31336"},{"taxonomy":"post_tag","embeddable":true,"href":"https:\/\/www.africa-press.net\/tchad\/wp-json\/wp\/v2\/tags?post=31336"}],"curies":[{"name":"wp","href":"https:\/\/api.w.org\/{rel}","templated":true}]}}