{"id":31339,"date":"2022-08-27T17:32:51","date_gmt":"2022-08-27T17:32:51","guid":{"rendered":"https:\/\/www.africa-press.net\/tchad\/politique\/le-reglement-interieur-du-dialogue-national-adopte-dans-la-contestation"},"modified":"2022-08-27T18:00:03","modified_gmt":"2022-08-27T18:00:03","slug":"le-reglement-interieur-du-dialogue-national-adopte-dans-la-contestation","status":"publish","type":"post","link":"https:\/\/www.africa-press.net\/tchad\/politique\/le-reglement-interieur-du-dialogue-national-adopte-dans-la-contestation","title":{"rendered":"le r\u00e8glement int\u00e9rieur du dialogue national adopt\u00e9 dans la contestation"},"content":{"rendered":"<p><span style=\"color: #ff6600\"><strong>Africa-Press &#8211; Tchad. <\/strong><\/span>Peu avant d&rsquo;acter l&rsquo;adoption du r\u00e8glement int\u00e9rieur qui est au centre des d\u00e9bats depuis trois jours, le bureau de s\u00e9ance a tranch\u00e9 la question en faveur du principe de consensus pour le mode de vote, tel que mentionn\u00e9 dans le projet de r\u00e8glement (article 36). <b>\u00ab\u00a0\u00c0 d\u00e9faut de consensus, ce sera le recours au vote dont la nature est laiss\u00e9e \u00e0 l&rsquo;appr\u00e9ciation du Pr\u00e9sidium\u00a0\u00bb<\/b>, a annonc\u00e9 Mahamat Limane, rapporteur de s\u00e9ance. Il estime que cette solution concilie tous les points de vue.<\/p>\n<p>Tout au long de la journ\u00e9e, les participants ont fait valoir leurs arguments en faveur de l&rsquo;un ou l&rsquo;autre mode de vote. Un penchant pour le vote \u00e0 bulletin secret a \u00e9t\u00e9 constat\u00e9.<\/p>\n<p><b>\u00ab\u00a0Le vote \u00e0 main lev\u00e9e ne garantit pas le respect int\u00e9gral des libert\u00e9s. \u00c7a ne fait pas partie des libert\u00e9s publiques. Seul le vote \u00e0 bulletin secret est vraiment d\u00e9mocratique. (&#8230;) Nous connaissons le contexte tchadien\u00a0\u00bb<\/b>, a affirm\u00e9 le d\u00e9fenseur des droits de l&rsquo;Homme Mahamat Nour Ibedou, sous les applaudissements de la salle.<\/p>\n<p><b>\u00ab\u00a0Organiser un vote pour 1500 personnes est un m\u00e9canisme lourd et qui prendra du temps. Il faudrait plusieurs semaines, sans compter le risque de contestations. Le vote \u00e0 bulletin secret demande des urnes, des bulletins et des r\u00e8gles difficiles \u00e0 mettre en place\u00a0\u00bb<\/b>, a pour sa part relev\u00e9 Ahmat Bede\u00ef Toullomi, conseiller national de transition.<\/p>\n<p><b>\u00ab\u00a0On a tranch\u00e9 et \u00e7a doit vous satisfaire. La formule qu&rsquo;on a retenu, ce n&rsquo;est pas une formule nouvelle. C&rsquo;est la formule initiale qui n&rsquo;a pas \u00e9t\u00e9 contest\u00e9e (&#8230;) Le r\u00e8glement int\u00e9rieur est consid\u00e9r\u00e9 comme adopt\u00e9\u00a0\u00bb<\/b>, a affirm\u00e9 Acheikh Ibni Oumar en fin de soir\u00e9e, avant de suspendre la s\u00e9ance.<\/p>\n<p>Des voix se sont \u00e9lev\u00e9es dans la salle pour contester cette d\u00e9cision tandis qu&rsquo;une grande partie des participants se sont lev\u00e9s et ont applaudi.<\/p>\n<p>\u200bLa prochaine \u00e9tape est la mise sur pied du Pr\u00e9sidium \u00e0 qui le bureau de s\u00e9ance du Comit\u00e9 d&rsquo;organisation passera la main pour les d\u00e9bats.<\/p>\n<p>Les travaux reprennent demain \u00e0 10 heures.<\/p>\n<p><strong>Pour plus d&rsquo;informations et d&rsquo;analyses sur la <a href=\"https:\/\/www.africa-press.net\/tchad\">Tchad<\/a>, suivez <a href=\"https:\/\/www.africa-press.net\/\">Africa-Press<\/a><\/strong><\/p>\n","protected":false},"excerpt":{"rendered":"<p>Africa-Press &#8211; Tchad. Peu avant d&rsquo;acter l&rsquo;adoption du r\u00e8glement int\u00e9rieur qui est au centre des d\u00e9bats depuis trois jours, le bureau de s\u00e9ance a tranch\u00e9 la question en faveur du principe de consensus pour le mode de vote, tel que mentionn\u00e9 dans le projet de r\u00e8glement (article 36). \u00ab\u00a0\u00c0 d\u00e9faut de consensus, ce sera le [&hellip;]<\/p>\n","protected":false},"author":82,"featured_media":31338,"comment_status":"open","ping_status":"closed","sticky":false,"template":"","format":"standard","meta":{"footnotes":""},"categories":[11,2,10],"tags":[37,292,29],"class_list":["post-31339","post","type-post","status-publish","format-standard","has-post-thumbnail","hentry","category-homepage-french","category-politique","category-toutes-les-actualites","tag-africa-press","tag-africa-press-tchad","tag-tchad"],"yoast_head":"<!-- This site is optimized with the Yoast SEO Premium plugin v26.1 (Yoast SEO v27.0) - https:\/\/yoast.com\/product\/yoast-seo-premium-wordpress\/ -->\n<title>le r\u00e8glement int\u00e9rieur du dialogue national adopt\u00e9 dans la contestation - tchad<\/title>\n<meta name=\"description\" content=\"Peu avant d&#039;acter l&#039;adoption du r\u00e8glement int\u00e9rieur qui est au centre des d\u00e9bats depuis trois jours, le bureau de s\u00e9ance ...\" \/>\n<meta name=\"robots\" content=\"index, follow, max-snippet:-1, max-image-preview:large, max-video-preview:-1\" \/>\n<link rel=\"canonical\" href=\"https:\/\/www.africa-press.net\/tchad\/politique\/le-reglement-interieur-du-dialogue-national-adopte-dans-la-contestation\" \/>\n<meta property=\"og:locale\" content=\"fr_FR\" \/>\n<meta property=\"og:type\" content=\"article\" \/>\n<meta property=\"og:title\" content=\"le r\u00e8glement int\u00e9rieur du dialogue national adopt\u00e9 dans la contestation\" \/>\n<meta property=\"og:description\" content=\"Peu avant d&#039;acter l&#039;adoption du r\u00e8glement int\u00e9rieur qui est au centre des d\u00e9bats depuis trois jours, le bureau de s\u00e9ance ...\" \/>\n<meta property=\"og:url\" content=\"https:\/\/www.africa-press.net\/tchad\/politique\/le-reglement-interieur-du-dialogue-national-adopte-dans-la-contestation\" \/>\n<meta property=\"og:site_name\" content=\"tchad\" \/>\n<meta property=\"article:published_time\" content=\"2022-08-27T17:32:51+00:00\" \/>\n<meta property=\"article:modified_time\" content=\"2022-08-27T18:00:03+00:00\" \/>\n<meta property=\"og:image\" content=\"https:\/\/static.africa-press.net\/tchad\/sites\/41\/2022\/08\/postQueueImg_8-630a5b8557cf0.jpg\" \/>\n\t<meta property=\"og:image:width\" content=\"1156\" \/>\n\t<meta property=\"og:image:height\" content=\"521\" \/>\n\t<meta property=\"og:image:type\" content=\"image\/jpeg\" \/>\n<meta name=\"author\" content=\"cfeditorfr\" \/>\n<meta name=\"twitter:card\" content=\"summary_large_image\" \/>\n<meta name=\"twitter:label1\" content=\"\u00c9crit par\" \/>\n\t<meta name=\"twitter:data1\" content=\"cfeditorfr\" \/>\n\t<meta name=\"twitter:label2\" content=\"Dur\u00e9e de lecture estim\u00e9e\" \/>\n\t<meta name=\"twitter:data2\" content=\"2 minutes\" \/>\n<script type=\"application\/ld+json\" class=\"yoast-schema-graph\">{\"@context\":\"https:\/\/schema.org\",\"@graph\":[{\"@type\":\"Article\",\"@id\":\"https:\/\/www.africa-press.net\/tchad\/politique\/le-reglement-interieur-du-dialogue-national-adopte-dans-la-contestation#article\",\"isPartOf\":{\"@id\":\"https:\/\/www.africa-press.net\/tchad\/politique\/le-reglement-interieur-du-dialogue-national-adopte-dans-la-contestation\"},\"author\":{\"name\":\"cfeditorfr\",\"@id\":\"https:\/\/www.africa-press.net\/tchad\/#\/schema\/person\/2b1cf3cd81a31e3cd26889ca66d677f1\"},\"headline\":\"le r\u00e8glement int\u00e9rieur du dialogue national adopt\u00e9 dans la contestation\",\"datePublished\":\"2022-08-27T17:32:51+00:00\",\"dateModified\":\"2022-08-27T18:00:03+00:00\",\"mainEntityOfPage\":{\"@id\":\"https:\/\/www.africa-press.net\/tchad\/politique\/le-reglement-interieur-du-dialogue-national-adopte-dans-la-contestation\"},\"wordCount\":385,\"commentCount\":0,\"image\":{\"@id\":\"https:\/\/www.africa-press.net\/tchad\/politique\/le-reglement-interieur-du-dialogue-national-adopte-dans-la-contestation#primaryimage\"},\"thumbnailUrl\":\"https:\/\/static.africa-press.net\/tchad\/sites\/41\/2022\/08\/postQueueImg_8-630a5b8557cf0.jpg\",\"keywords\":[\"Africa Press\",\"Africa Press-Tchad\",\"Tchad\"],\"articleSection\":[\"homepage-french\",\"Politique\",\"Toutes les actualit\u00e9s\"],\"inLanguage\":\"fr-FR\",\"potentialAction\":[{\"@type\":\"CommentAction\",\"name\":\"Comment\",\"target\":[\"https:\/\/www.africa-press.net\/tchad\/politique\/le-reglement-interieur-du-dialogue-national-adopte-dans-la-contestation#respond\"]}]},{\"@type\":\"WebPage\",\"@id\":\"https:\/\/www.africa-press.net\/tchad\/politique\/le-reglement-interieur-du-dialogue-national-adopte-dans-la-contestation\",\"url\":\"https:\/\/www.africa-press.net\/tchad\/politique\/le-reglement-interieur-du-dialogue-national-adopte-dans-la-contestation\",\"name\":\"le r\u00e8glement int\u00e9rieur du dialogue national adopt\u00e9 dans la contestation - tchad\",\"isPartOf\":{\"@id\":\"https:\/\/www.africa-press.net\/tchad\/#website\"},\"primaryImageOfPage\":{\"@id\":\"https:\/\/www.africa-press.net\/tchad\/politique\/le-reglement-interieur-du-dialogue-national-adopte-dans-la-contestation#primaryimage\"},\"image\":{\"@id\":\"https:\/\/www.africa-press.net\/tchad\/politique\/le-reglement-interieur-du-dialogue-national-adopte-dans-la-contestation#primaryimage\"},\"thumbnailUrl\":\"https:\/\/static.africa-press.net\/tchad\/sites\/41\/2022\/08\/postQueueImg_8-630a5b8557cf0.jpg\",\"datePublished\":\"2022-08-27T17:32:51+00:00\",\"dateModified\":\"2022-08-27T18:00:03+00:00\",\"author\":{\"@id\":\"https:\/\/www.africa-press.net\/tchad\/#\/schema\/person\/2b1cf3cd81a31e3cd26889ca66d677f1\"},\"description\":\"Peu avant d'acter l'adoption du r\u00e8glement int\u00e9rieur qui est au centre des d\u00e9bats depuis trois jours, le bureau de s\u00e9ance ...\",\"breadcrumb\":{\"@id\":\"https:\/\/www.africa-press.net\/tchad\/politique\/le-reglement-interieur-du-dialogue-national-adopte-dans-la-contestation#breadcrumb\"},\"inLanguage\":\"fr-FR\",\"potentialAction\":[{\"@type\":\"ReadAction\",\"target\":[\"https:\/\/www.africa-press.net\/tchad\/politique\/le-reglement-interieur-du-dialogue-national-adopte-dans-la-contestation\"]}]},{\"@type\":\"ImageObject\",\"inLanguage\":\"fr-FR\",\"@id\":\"https:\/\/www.africa-press.net\/tchad\/politique\/le-reglement-interieur-du-dialogue-national-adopte-dans-la-contestation#primaryimage\",\"url\":\"https:\/\/static.africa-press.net\/tchad\/sites\/41\/2022\/08\/postQueueImg_8-630a5b8557cf0.jpg\",\"contentUrl\":\"https:\/\/static.africa-press.net\/tchad\/sites\/41\/2022\/08\/postQueueImg_8-630a5b8557cf0.jpg\",\"width\":1156,\"height\":521,\"caption\":\"le r\u00e8glement int\u00e9rieur du dialogue national adopt\u00e9 dans la contestation\"},{\"@type\":\"BreadcrumbList\",\"@id\":\"https:\/\/www.africa-press.net\/tchad\/politique\/le-reglement-interieur-du-dialogue-national-adopte-dans-la-contestation#breadcrumb\",\"itemListElement\":[{\"@type\":\"ListItem\",\"position\":1,\"name\":\"Accueil\",\"item\":\"https:\/\/www.africa-press.net\/tchad\/\"},{\"@type\":\"ListItem\",\"position\":2,\"name\":\"le r\u00e8glement int\u00e9rieur du dialogue national adopt\u00e9 dans la contestation\"}]},{\"@type\":\"WebSite\",\"@id\":\"https:\/\/www.africa-press.net\/tchad\/#website\",\"url\":\"https:\/\/www.africa-press.net\/tchad\/\",\"name\":\"tchad\",\"description\":\"Just another Africa News Agency Sites site\",\"potentialAction\":[{\"@type\":\"SearchAction\",\"target\":{\"@type\":\"EntryPoint\",\"urlTemplate\":\"https:\/\/www.africa-press.net\/tchad\/?s={search_term_string}\"},\"query-input\":{\"@type\":\"PropertyValueSpecification\",\"valueRequired\":true,\"valueName\":\"search_term_string\"}}],\"inLanguage\":\"fr-FR\"},{\"@type\":\"Person\",\"@id\":\"https:\/\/www.africa-press.net\/tchad\/#\/schema\/person\/2b1cf3cd81a31e3cd26889ca66d677f1\",\"name\":\"cfeditorfr\"}]}<\/script>\n<!-- \/ Yoast SEO Premium plugin. -->","yoast_head_json":{"title":"le r\u00e8glement int\u00e9rieur du dialogue national adopt\u00e9 dans la contestation - tchad","description":"Peu avant d'acter l'adoption du r\u00e8glement int\u00e9rieur qui est au centre des d\u00e9bats depuis trois jours, le bureau de s\u00e9ance ...","robots":{"index":"index","follow":"follow","max-snippet":"max-snippet:-1","max-image-preview":"max-image-preview:large","max-video-preview":"max-video-preview:-1"},"canonical":"https:\/\/www.africa-press.net\/tchad\/politique\/le-reglement-interieur-du-dialogue-national-adopte-dans-la-contestation","og_locale":"fr_FR","og_type":"article","og_title":"le r\u00e8glement int\u00e9rieur du dialogue national adopt\u00e9 dans la contestation","og_description":"Peu avant d'acter l'adoption du r\u00e8glement int\u00e9rieur qui est au centre des d\u00e9bats depuis trois jours, le bureau de s\u00e9ance ...","og_url":"https:\/\/www.africa-press.net\/tchad\/politique\/le-reglement-interieur-du-dialogue-national-adopte-dans-la-contestation","og_site_name":"tchad","article_published_time":"2022-08-27T17:32:51+00:00","article_modified_time":"2022-08-27T18:00:03+00:00","og_image":[{"width":1156,"height":521,"url":"https:\/\/static.africa-press.net\/tchad\/sites\/41\/2022\/08\/postQueueImg_8-630a5b8557cf0.jpg","type":"image\/jpeg"}],"author":"cfeditorfr","twitter_card":"summary_large_image","twitter_misc":{"\u00c9crit par":"cfeditorfr","Dur\u00e9e de lecture estim\u00e9e":"2 minutes"},"schema":{"@context":"https:\/\/schema.org","@graph":[{"@type":"Article","@id":"https:\/\/www.africa-press.net\/tchad\/politique\/le-reglement-interieur-du-dialogue-national-adopte-dans-la-contestation#article","isPartOf":{"@id":"https:\/\/www.africa-press.net\/tchad\/politique\/le-reglement-interieur-du-dialogue-national-adopte-dans-la-contestation"},"author":{"name":"cfeditorfr","@id":"https:\/\/www.africa-press.net\/tchad\/#\/schema\/person\/2b1cf3cd81a31e3cd26889ca66d677f1"},"headline":"le r\u00e8glement int\u00e9rieur du dialogue national adopt\u00e9 dans la contestation","datePublished":"2022-08-27T17:32:51+00:00","dateModified":"2022-08-27T18:00:03+00:00","mainEntityOfPage":{"@id":"https:\/\/www.africa-press.net\/tchad\/politique\/le-reglement-interieur-du-dialogue-national-adopte-dans-la-contestation"},"wordCount":385,"commentCount":0,"image":{"@id":"https:\/\/www.africa-press.net\/tchad\/politique\/le-reglement-interieur-du-dialogue-national-adopte-dans-la-contestation#primaryimage"},"thumbnailUrl":"https:\/\/static.africa-press.net\/tchad\/sites\/41\/2022\/08\/postQueueImg_8-630a5b8557cf0.jpg","keywords":["Africa Press","Africa Press-Tchad","Tchad"],"articleSection":["homepage-french","Politique","Toutes les actualit\u00e9s"],"inLanguage":"fr-FR","potentialAction":[{"@type":"CommentAction","name":"Comment","target":["https:\/\/www.africa-press.net\/tchad\/politique\/le-reglement-interieur-du-dialogue-national-adopte-dans-la-contestation#respond"]}]},{"@type":"WebPage","@id":"https:\/\/www.africa-press.net\/tchad\/politique\/le-reglement-interieur-du-dialogue-national-adopte-dans-la-contestation","url":"https:\/\/www.africa-press.net\/tchad\/politique\/le-reglement-interieur-du-dialogue-national-adopte-dans-la-contestation","name":"le r\u00e8glement int\u00e9rieur du dialogue national adopt\u00e9 dans la contestation - tchad","isPartOf":{"@id":"https:\/\/www.africa-press.net\/tchad\/#website"},"primaryImageOfPage":{"@id":"https:\/\/www.africa-press.net\/tchad\/politique\/le-reglement-interieur-du-dialogue-national-adopte-dans-la-contestation#primaryimage"},"image":{"@id":"https:\/\/www.africa-press.net\/tchad\/politique\/le-reglement-interieur-du-dialogue-national-adopte-dans-la-contestation#primaryimage"},"thumbnailUrl":"https:\/\/static.africa-press.net\/tchad\/sites\/41\/2022\/08\/postQueueImg_8-630a5b8557cf0.jpg","datePublished":"2022-08-27T17:32:51+00:00","dateModified":"2022-08-27T18:00:03+00:00","author":{"@id":"https:\/\/www.africa-press.net\/tchad\/#\/schema\/person\/2b1cf3cd81a31e3cd26889ca66d677f1"},"description":"Peu avant d'acter l'adoption du r\u00e8glement int\u00e9rieur qui est au centre des d\u00e9bats depuis trois jours, le bureau de s\u00e9ance ...","breadcrumb":{"@id":"https:\/\/www.africa-press.net\/tchad\/politique\/le-reglement-interieur-du-dialogue-national-adopte-dans-la-contestation#breadcrumb"},"inLanguage":"fr-FR","potentialAction":[{"@type":"ReadAction","target":["https:\/\/www.africa-press.net\/tchad\/politique\/le-reglement-interieur-du-dialogue-national-adopte-dans-la-contestation"]}]},{"@type":"ImageObject","inLanguage":"fr-FR","@id":"https:\/\/www.africa-press.net\/tchad\/politique\/le-reglement-interieur-du-dialogue-national-adopte-dans-la-contestation#primaryimage","url":"https:\/\/static.africa-press.net\/tchad\/sites\/41\/2022\/08\/postQueueImg_8-630a5b8557cf0.jpg","contentUrl":"https:\/\/static.africa-press.net\/tchad\/sites\/41\/2022\/08\/postQueueImg_8-630a5b8557cf0.jpg","width":1156,"height":521,"caption":"le r\u00e8glement int\u00e9rieur du dialogue national adopt\u00e9 dans la contestation"},{"@type":"BreadcrumbList","@id":"https:\/\/www.africa-press.net\/tchad\/politique\/le-reglement-interieur-du-dialogue-national-adopte-dans-la-contestation#breadcrumb","itemListElement":[{"@type":"ListItem","position":1,"name":"Accueil","item":"https:\/\/www.africa-press.net\/tchad\/"},{"@type":"ListItem","position":2,"name":"le r\u00e8glement int\u00e9rieur du dialogue national adopt\u00e9 dans la contestation"}]},{"@type":"WebSite","@id":"https:\/\/www.africa-press.net\/tchad\/#website","url":"https:\/\/www.africa-press.net\/tchad\/","name":"tchad","description":"Just another Africa News Agency Sites site","potentialAction":[{"@type":"SearchAction","target":{"@type":"EntryPoint","urlTemplate":"https:\/\/www.africa-press.net\/tchad\/?s={search_term_string}"},"query-input":{"@type":"PropertyValueSpecification","valueRequired":true,"valueName":"search_term_string"}}],"inLanguage":"fr-FR"},{"@type":"Person","@id":"https:\/\/www.africa-press.net\/tchad\/#\/schema\/person\/2b1cf3cd81a31e3cd26889ca66d677f1","name":"cfeditorfr"}]}},"_links":{"self":[{"href":"https:\/\/www.africa-press.net\/tchad\/wp-json\/wp\/v2\/posts\/31339","targetHints":{"allow":["GET"]}}],"collection":[{"href":"https:\/\/www.africa-press.net\/tchad\/wp-json\/wp\/v2\/posts"}],"about":[{"href":"https:\/\/www.africa-press.net\/tchad\/wp-json\/wp\/v2\/types\/post"}],"author":[{"embeddable":true,"href":"https:\/\/www.africa-press.net\/tchad\/wp-json\/wp\/v2\/users\/82"}],"replies":[{"embeddable":true,"href":"https:\/\/www.africa-press.net\/tchad\/wp-json\/wp\/v2\/comments?post=31339"}],"version-history":[{"count":0,"href":"https:\/\/www.africa-press.net\/tchad\/wp-json\/wp\/v2\/posts\/31339\/revisions"}],"wp:featuredmedia":[{"embeddable":true,"href":"https:\/\/www.africa-press.net\/tchad\/wp-json\/wp\/v2\/media\/31338"}],"wp:attachment":[{"href":"https:\/\/www.africa-press.net\/tchad\/wp-json\/wp\/v2\/media?parent=31339"}],"wp:term":[{"taxonomy":"category","embeddable":true,"href":"https:\/\/www.africa-press.net\/tchad\/wp-json\/wp\/v2\/categories?post=31339"},{"taxonomy":"post_tag","embeddable":true,"href":"https:\/\/www.africa-press.net\/tchad\/wp-json\/wp\/v2\/tags?post=31339"}],"curies":[{"name":"wp","href":"https:\/\/api.w.org\/{rel}","templated":true}]}}