{"id":31348,"date":"2022-08-27T17:35:44","date_gmt":"2022-08-27T17:35:44","guid":{"rendered":"https:\/\/www.africa-press.net\/tchad\/politique\/decidement-on-a-prevu-la-place-des-jeunes-au-balcon-abakar-dangaya"},"modified":"2022-08-27T18:01:22","modified_gmt":"2022-08-27T18:01:22","slug":"decidement-on-a-prevu-la-place-des-jeunes-au-balcon-abakar-dangaya","status":"publish","type":"post","link":"https:\/\/www.africa-press.net\/tchad\/politique\/decidement-on-a-prevu-la-place-des-jeunes-au-balcon-abakar-dangaya","title":{"rendered":"\u00ab\u00a0D\u00e9cid\u00e9ment, on a pr\u00e9vu la place des jeunes au balcon\u00a0\u00bb, Abakar Dangaya"},"content":{"rendered":"<p><span style=\"color: #ff6600\"><strong>Africa-Press &#8211; Tchad. <\/strong><\/span>Le pr\u00e9sident du Conseil National de la Jeunesse du Tchad (CNJT), Abakar Dangaya, d\u00e8s sa prise de parole, a signifi\u00e9 \u00e0 l\u2019assistance que la jeunesse est marginalis\u00e9e depuis le d\u00e9but des assises. \u00ab Depuis le jour de la c\u00e9r\u00e9monie d\u2019ouverture, la d\u00e9claration de la jeunesse a \u00e9t\u00e9 sabot\u00e9e parce qu\u2019on n\u2019a pas voulu que les jeunes aient leurs voix au chapitre \u00bb.<\/p>\n<p>Le pr\u00e9sident du CNCT a fustig\u00e9 le fait que les jeunes \u00e9prouvent des difficult\u00e9s pour acc\u00e9der dans la salle et \u00ab d\u00e9cid\u00e9ment on a pr\u00e9vu la place des jeunes au balcon, je ne sais pas si cette place leur est r\u00e9serv\u00e9e exclusivement \u00bb.<\/p>\n<p>Abakar Dangaya ne comprend pas le fait que les jeunes n\u2019ont pas jusqu\u2019ici b\u00e9n\u00e9fici\u00e9 de la prise de parole.<\/p>\n<p>Il d\u00e9plore le fait que les participant ont perdu d\u00e9j\u00e0 une semaine. Pourtant, la question fondamentale de ces assises est selon lui la refondation du Tchad. Ces m\u00eames ain\u00e9s qui sont l\u00e0 depuis les ann\u00e9es 60 et avec les m\u00eame m\u00e9thodes, je crois que \u00e7a devrait s\u2019arr\u00eater et pour que \u00e7a s\u2019arr\u00eate on devrait \u00eatre s\u00e9rieux et sinc\u00e8re \u00bb, l\u00e2che-t-il.<\/p>\n<p><strong>Pour plus d&rsquo;informations et d&rsquo;analyses sur la <a href=\"https:\/\/www.africa-press.net\/tchad\">Tchad<\/a>, suivez <a href=\"https:\/\/www.africa-press.net\/\">Africa-Press<\/a><\/strong><\/p>\n","protected":false},"excerpt":{"rendered":"<p>Africa-Press &#8211; Tchad. Le pr\u00e9sident du Conseil National de la Jeunesse du Tchad (CNJT), Abakar Dangaya, d\u00e8s sa prise de parole, a signifi\u00e9 \u00e0 l\u2019assistance que la jeunesse est marginalis\u00e9e depuis le d\u00e9but des assises. \u00ab Depuis le jour de la c\u00e9r\u00e9monie d\u2019ouverture, la d\u00e9claration de la jeunesse a \u00e9t\u00e9 sabot\u00e9e parce qu\u2019on n\u2019a pas [&hellip;]<\/p>\n","protected":false},"author":82,"featured_media":31347,"comment_status":"open","ping_status":"closed","sticky":false,"template":"","format":"standard","meta":{"footnotes":""},"categories":[11,2,20,10],"tags":[37,292,29],"class_list":["post-31348","post","type-post","status-publish","format-standard","has-post-thumbnail","hentry","category-homepage-french","category-politique","category-top-nouvelles","category-toutes-les-actualites","tag-africa-press","tag-africa-press-tchad","tag-tchad"],"yoast_head":"<!-- This site is optimized with the Yoast SEO Premium plugin v26.1 (Yoast SEO v27.0) - https:\/\/yoast.com\/product\/yoast-seo-premium-wordpress\/ -->\n<title>\u00ab\u00a0D\u00e9cid\u00e9ment, on a pr\u00e9vu la place des jeunes au balcon\u00a0\u00bb, Abakar Dangaya - tchad<\/title>\n<meta name=\"description\" content=\"Le pr\u00e9sident du Conseil National de la Jeunesse du Tchad (CNJT), Abakar Dangaya, d\u00e8s sa prise de parole, a signifi\u00e9 \u00e0 l\u2019 ...\" \/>\n<meta name=\"robots\" content=\"index, follow, max-snippet:-1, max-image-preview:large, max-video-preview:-1\" \/>\n<link rel=\"canonical\" href=\"https:\/\/www.africa-press.net\/tchad\/politique\/decidement-on-a-prevu-la-place-des-jeunes-au-balcon-abakar-dangaya\" \/>\n<meta property=\"og:locale\" content=\"fr_FR\" \/>\n<meta property=\"og:type\" content=\"article\" \/>\n<meta property=\"og:title\" content=\"\u00ab\u00a0D\u00e9cid\u00e9ment, on a pr\u00e9vu la place des jeunes au balcon\u00a0\u00bb, Abakar Dangaya\" \/>\n<meta property=\"og:description\" content=\"Le pr\u00e9sident du Conseil National de la Jeunesse du Tchad (CNJT), Abakar Dangaya, d\u00e8s sa prise de parole, a signifi\u00e9 \u00e0 l\u2019 ...\" \/>\n<meta property=\"og:url\" content=\"https:\/\/www.africa-press.net\/tchad\/politique\/decidement-on-a-prevu-la-place-des-jeunes-au-balcon-abakar-dangaya\" \/>\n<meta property=\"og:site_name\" content=\"tchad\" \/>\n<meta property=\"article:published_time\" content=\"2022-08-27T17:35:44+00:00\" \/>\n<meta property=\"article:modified_time\" content=\"2022-08-27T18:01:22+00:00\" \/>\n<meta property=\"og:image\" content=\"https:\/\/static.africa-press.net\/tchad\/sites\/41\/2022\/08\/postQueueImg_11-630a5be046352.jpg\" \/>\n\t<meta property=\"og:image:width\" content=\"1139\" \/>\n\t<meta property=\"og:image:height\" content=\"716\" \/>\n\t<meta property=\"og:image:type\" content=\"image\/jpeg\" \/>\n<meta name=\"author\" content=\"cfeditorfr\" \/>\n<meta name=\"twitter:card\" content=\"summary_large_image\" \/>\n<meta name=\"twitter:label1\" content=\"\u00c9crit par\" \/>\n\t<meta name=\"twitter:data1\" content=\"cfeditorfr\" \/>\n\t<meta name=\"twitter:label2\" content=\"Dur\u00e9e de lecture estim\u00e9e\" \/>\n\t<meta name=\"twitter:data2\" content=\"1 minute\" \/>\n<script type=\"application\/ld+json\" class=\"yoast-schema-graph\">{\"@context\":\"https:\/\/schema.org\",\"@graph\":[{\"@type\":\"Article\",\"@id\":\"https:\/\/www.africa-press.net\/tchad\/politique\/decidement-on-a-prevu-la-place-des-jeunes-au-balcon-abakar-dangaya#article\",\"isPartOf\":{\"@id\":\"https:\/\/www.africa-press.net\/tchad\/politique\/decidement-on-a-prevu-la-place-des-jeunes-au-balcon-abakar-dangaya\"},\"author\":{\"name\":\"cfeditorfr\",\"@id\":\"https:\/\/www.africa-press.net\/tchad\/#\/schema\/person\/2b1cf3cd81a31e3cd26889ca66d677f1\"},\"headline\":\"\u00ab\u00a0D\u00e9cid\u00e9ment, on a pr\u00e9vu la place des jeunes au balcon\u00a0\u00bb, Abakar Dangaya\",\"datePublished\":\"2022-08-27T17:35:44+00:00\",\"dateModified\":\"2022-08-27T18:01:22+00:00\",\"mainEntityOfPage\":{\"@id\":\"https:\/\/www.africa-press.net\/tchad\/politique\/decidement-on-a-prevu-la-place-des-jeunes-au-balcon-abakar-dangaya\"},\"wordCount\":245,\"commentCount\":0,\"image\":{\"@id\":\"https:\/\/www.africa-press.net\/tchad\/politique\/decidement-on-a-prevu-la-place-des-jeunes-au-balcon-abakar-dangaya#primaryimage\"},\"thumbnailUrl\":\"https:\/\/static.africa-press.net\/tchad\/sites\/41\/2022\/08\/postQueueImg_11-630a5be046352.jpg\",\"keywords\":[\"Africa Press\",\"Africa Press-Tchad\",\"Tchad\"],\"articleSection\":[\"homepage-french\",\"Politique\",\"Top Nouvelles\",\"Toutes les actualit\u00e9s\"],\"inLanguage\":\"fr-FR\",\"potentialAction\":[{\"@type\":\"CommentAction\",\"name\":\"Comment\",\"target\":[\"https:\/\/www.africa-press.net\/tchad\/politique\/decidement-on-a-prevu-la-place-des-jeunes-au-balcon-abakar-dangaya#respond\"]}]},{\"@type\":\"WebPage\",\"@id\":\"https:\/\/www.africa-press.net\/tchad\/politique\/decidement-on-a-prevu-la-place-des-jeunes-au-balcon-abakar-dangaya\",\"url\":\"https:\/\/www.africa-press.net\/tchad\/politique\/decidement-on-a-prevu-la-place-des-jeunes-au-balcon-abakar-dangaya\",\"name\":\"\u00ab\u00a0D\u00e9cid\u00e9ment, on a pr\u00e9vu la place des jeunes au balcon\u00a0\u00bb, Abakar Dangaya - tchad\",\"isPartOf\":{\"@id\":\"https:\/\/www.africa-press.net\/tchad\/#website\"},\"primaryImageOfPage\":{\"@id\":\"https:\/\/www.africa-press.net\/tchad\/politique\/decidement-on-a-prevu-la-place-des-jeunes-au-balcon-abakar-dangaya#primaryimage\"},\"image\":{\"@id\":\"https:\/\/www.africa-press.net\/tchad\/politique\/decidement-on-a-prevu-la-place-des-jeunes-au-balcon-abakar-dangaya#primaryimage\"},\"thumbnailUrl\":\"https:\/\/static.africa-press.net\/tchad\/sites\/41\/2022\/08\/postQueueImg_11-630a5be046352.jpg\",\"datePublished\":\"2022-08-27T17:35:44+00:00\",\"dateModified\":\"2022-08-27T18:01:22+00:00\",\"author\":{\"@id\":\"https:\/\/www.africa-press.net\/tchad\/#\/schema\/person\/2b1cf3cd81a31e3cd26889ca66d677f1\"},\"description\":\"Le pr\u00e9sident du Conseil National de la Jeunesse du Tchad (CNJT), Abakar Dangaya, d\u00e8s sa prise de parole, a signifi\u00e9 \u00e0 l\u2019 ...\",\"breadcrumb\":{\"@id\":\"https:\/\/www.africa-press.net\/tchad\/politique\/decidement-on-a-prevu-la-place-des-jeunes-au-balcon-abakar-dangaya#breadcrumb\"},\"inLanguage\":\"fr-FR\",\"potentialAction\":[{\"@type\":\"ReadAction\",\"target\":[\"https:\/\/www.africa-press.net\/tchad\/politique\/decidement-on-a-prevu-la-place-des-jeunes-au-balcon-abakar-dangaya\"]}]},{\"@type\":\"ImageObject\",\"inLanguage\":\"fr-FR\",\"@id\":\"https:\/\/www.africa-press.net\/tchad\/politique\/decidement-on-a-prevu-la-place-des-jeunes-au-balcon-abakar-dangaya#primaryimage\",\"url\":\"https:\/\/static.africa-press.net\/tchad\/sites\/41\/2022\/08\/postQueueImg_11-630a5be046352.jpg\",\"contentUrl\":\"https:\/\/static.africa-press.net\/tchad\/sites\/41\/2022\/08\/postQueueImg_11-630a5be046352.jpg\",\"width\":1139,\"height\":716,\"caption\":\"\u00ab\u00a0D\u00e9cid\u00e9ment, on a pr\u00e9vu la place des jeunes au balcon\u00a0\u00bb, Abakar Dangaya\"},{\"@type\":\"BreadcrumbList\",\"@id\":\"https:\/\/www.africa-press.net\/tchad\/politique\/decidement-on-a-prevu-la-place-des-jeunes-au-balcon-abakar-dangaya#breadcrumb\",\"itemListElement\":[{\"@type\":\"ListItem\",\"position\":1,\"name\":\"Accueil\",\"item\":\"https:\/\/www.africa-press.net\/tchad\/\"},{\"@type\":\"ListItem\",\"position\":2,\"name\":\"\u00ab\u00a0D\u00e9cid\u00e9ment, on a pr\u00e9vu la place des jeunes au balcon\u00a0\u00bb, Abakar Dangaya\"}]},{\"@type\":\"WebSite\",\"@id\":\"https:\/\/www.africa-press.net\/tchad\/#website\",\"url\":\"https:\/\/www.africa-press.net\/tchad\/\",\"name\":\"tchad\",\"description\":\"Just another Africa News Agency Sites site\",\"potentialAction\":[{\"@type\":\"SearchAction\",\"target\":{\"@type\":\"EntryPoint\",\"urlTemplate\":\"https:\/\/www.africa-press.net\/tchad\/?s={search_term_string}\"},\"query-input\":{\"@type\":\"PropertyValueSpecification\",\"valueRequired\":true,\"valueName\":\"search_term_string\"}}],\"inLanguage\":\"fr-FR\"},{\"@type\":\"Person\",\"@id\":\"https:\/\/www.africa-press.net\/tchad\/#\/schema\/person\/2b1cf3cd81a31e3cd26889ca66d677f1\",\"name\":\"cfeditorfr\"}]}<\/script>\n<!-- \/ Yoast SEO Premium plugin. -->","yoast_head_json":{"title":"\u00ab\u00a0D\u00e9cid\u00e9ment, on a pr\u00e9vu la place des jeunes au balcon\u00a0\u00bb, Abakar Dangaya - tchad","description":"Le pr\u00e9sident du Conseil National de la Jeunesse du Tchad (CNJT), Abakar Dangaya, d\u00e8s sa prise de parole, a signifi\u00e9 \u00e0 l\u2019 ...","robots":{"index":"index","follow":"follow","max-snippet":"max-snippet:-1","max-image-preview":"max-image-preview:large","max-video-preview":"max-video-preview:-1"},"canonical":"https:\/\/www.africa-press.net\/tchad\/politique\/decidement-on-a-prevu-la-place-des-jeunes-au-balcon-abakar-dangaya","og_locale":"fr_FR","og_type":"article","og_title":"\u00ab\u00a0D\u00e9cid\u00e9ment, on a pr\u00e9vu la place des jeunes au balcon\u00a0\u00bb, Abakar Dangaya","og_description":"Le pr\u00e9sident du Conseil National de la Jeunesse du Tchad (CNJT), Abakar Dangaya, d\u00e8s sa prise de parole, a signifi\u00e9 \u00e0 l\u2019 ...","og_url":"https:\/\/www.africa-press.net\/tchad\/politique\/decidement-on-a-prevu-la-place-des-jeunes-au-balcon-abakar-dangaya","og_site_name":"tchad","article_published_time":"2022-08-27T17:35:44+00:00","article_modified_time":"2022-08-27T18:01:22+00:00","og_image":[{"width":1139,"height":716,"url":"https:\/\/static.africa-press.net\/tchad\/sites\/41\/2022\/08\/postQueueImg_11-630a5be046352.jpg","type":"image\/jpeg"}],"author":"cfeditorfr","twitter_card":"summary_large_image","twitter_misc":{"\u00c9crit par":"cfeditorfr","Dur\u00e9e de lecture estim\u00e9e":"1 minute"},"schema":{"@context":"https:\/\/schema.org","@graph":[{"@type":"Article","@id":"https:\/\/www.africa-press.net\/tchad\/politique\/decidement-on-a-prevu-la-place-des-jeunes-au-balcon-abakar-dangaya#article","isPartOf":{"@id":"https:\/\/www.africa-press.net\/tchad\/politique\/decidement-on-a-prevu-la-place-des-jeunes-au-balcon-abakar-dangaya"},"author":{"name":"cfeditorfr","@id":"https:\/\/www.africa-press.net\/tchad\/#\/schema\/person\/2b1cf3cd81a31e3cd26889ca66d677f1"},"headline":"\u00ab\u00a0D\u00e9cid\u00e9ment, on a pr\u00e9vu la place des jeunes au balcon\u00a0\u00bb, Abakar Dangaya","datePublished":"2022-08-27T17:35:44+00:00","dateModified":"2022-08-27T18:01:22+00:00","mainEntityOfPage":{"@id":"https:\/\/www.africa-press.net\/tchad\/politique\/decidement-on-a-prevu-la-place-des-jeunes-au-balcon-abakar-dangaya"},"wordCount":245,"commentCount":0,"image":{"@id":"https:\/\/www.africa-press.net\/tchad\/politique\/decidement-on-a-prevu-la-place-des-jeunes-au-balcon-abakar-dangaya#primaryimage"},"thumbnailUrl":"https:\/\/static.africa-press.net\/tchad\/sites\/41\/2022\/08\/postQueueImg_11-630a5be046352.jpg","keywords":["Africa Press","Africa Press-Tchad","Tchad"],"articleSection":["homepage-french","Politique","Top Nouvelles","Toutes les actualit\u00e9s"],"inLanguage":"fr-FR","potentialAction":[{"@type":"CommentAction","name":"Comment","target":["https:\/\/www.africa-press.net\/tchad\/politique\/decidement-on-a-prevu-la-place-des-jeunes-au-balcon-abakar-dangaya#respond"]}]},{"@type":"WebPage","@id":"https:\/\/www.africa-press.net\/tchad\/politique\/decidement-on-a-prevu-la-place-des-jeunes-au-balcon-abakar-dangaya","url":"https:\/\/www.africa-press.net\/tchad\/politique\/decidement-on-a-prevu-la-place-des-jeunes-au-balcon-abakar-dangaya","name":"\u00ab\u00a0D\u00e9cid\u00e9ment, on a pr\u00e9vu la place des jeunes au balcon\u00a0\u00bb, Abakar Dangaya - tchad","isPartOf":{"@id":"https:\/\/www.africa-press.net\/tchad\/#website"},"primaryImageOfPage":{"@id":"https:\/\/www.africa-press.net\/tchad\/politique\/decidement-on-a-prevu-la-place-des-jeunes-au-balcon-abakar-dangaya#primaryimage"},"image":{"@id":"https:\/\/www.africa-press.net\/tchad\/politique\/decidement-on-a-prevu-la-place-des-jeunes-au-balcon-abakar-dangaya#primaryimage"},"thumbnailUrl":"https:\/\/static.africa-press.net\/tchad\/sites\/41\/2022\/08\/postQueueImg_11-630a5be046352.jpg","datePublished":"2022-08-27T17:35:44+00:00","dateModified":"2022-08-27T18:01:22+00:00","author":{"@id":"https:\/\/www.africa-press.net\/tchad\/#\/schema\/person\/2b1cf3cd81a31e3cd26889ca66d677f1"},"description":"Le pr\u00e9sident du Conseil National de la Jeunesse du Tchad (CNJT), Abakar Dangaya, d\u00e8s sa prise de parole, a signifi\u00e9 \u00e0 l\u2019 ...","breadcrumb":{"@id":"https:\/\/www.africa-press.net\/tchad\/politique\/decidement-on-a-prevu-la-place-des-jeunes-au-balcon-abakar-dangaya#breadcrumb"},"inLanguage":"fr-FR","potentialAction":[{"@type":"ReadAction","target":["https:\/\/www.africa-press.net\/tchad\/politique\/decidement-on-a-prevu-la-place-des-jeunes-au-balcon-abakar-dangaya"]}]},{"@type":"ImageObject","inLanguage":"fr-FR","@id":"https:\/\/www.africa-press.net\/tchad\/politique\/decidement-on-a-prevu-la-place-des-jeunes-au-balcon-abakar-dangaya#primaryimage","url":"https:\/\/static.africa-press.net\/tchad\/sites\/41\/2022\/08\/postQueueImg_11-630a5be046352.jpg","contentUrl":"https:\/\/static.africa-press.net\/tchad\/sites\/41\/2022\/08\/postQueueImg_11-630a5be046352.jpg","width":1139,"height":716,"caption":"\u00ab\u00a0D\u00e9cid\u00e9ment, on a pr\u00e9vu la place des jeunes au balcon\u00a0\u00bb, Abakar Dangaya"},{"@type":"BreadcrumbList","@id":"https:\/\/www.africa-press.net\/tchad\/politique\/decidement-on-a-prevu-la-place-des-jeunes-au-balcon-abakar-dangaya#breadcrumb","itemListElement":[{"@type":"ListItem","position":1,"name":"Accueil","item":"https:\/\/www.africa-press.net\/tchad\/"},{"@type":"ListItem","position":2,"name":"\u00ab\u00a0D\u00e9cid\u00e9ment, on a pr\u00e9vu la place des jeunes au balcon\u00a0\u00bb, Abakar Dangaya"}]},{"@type":"WebSite","@id":"https:\/\/www.africa-press.net\/tchad\/#website","url":"https:\/\/www.africa-press.net\/tchad\/","name":"tchad","description":"Just another Africa News Agency Sites site","potentialAction":[{"@type":"SearchAction","target":{"@type":"EntryPoint","urlTemplate":"https:\/\/www.africa-press.net\/tchad\/?s={search_term_string}"},"query-input":{"@type":"PropertyValueSpecification","valueRequired":true,"valueName":"search_term_string"}}],"inLanguage":"fr-FR"},{"@type":"Person","@id":"https:\/\/www.africa-press.net\/tchad\/#\/schema\/person\/2b1cf3cd81a31e3cd26889ca66d677f1","name":"cfeditorfr"}]}},"_links":{"self":[{"href":"https:\/\/www.africa-press.net\/tchad\/wp-json\/wp\/v2\/posts\/31348","targetHints":{"allow":["GET"]}}],"collection":[{"href":"https:\/\/www.africa-press.net\/tchad\/wp-json\/wp\/v2\/posts"}],"about":[{"href":"https:\/\/www.africa-press.net\/tchad\/wp-json\/wp\/v2\/types\/post"}],"author":[{"embeddable":true,"href":"https:\/\/www.africa-press.net\/tchad\/wp-json\/wp\/v2\/users\/82"}],"replies":[{"embeddable":true,"href":"https:\/\/www.africa-press.net\/tchad\/wp-json\/wp\/v2\/comments?post=31348"}],"version-history":[{"count":0,"href":"https:\/\/www.africa-press.net\/tchad\/wp-json\/wp\/v2\/posts\/31348\/revisions"}],"wp:featuredmedia":[{"embeddable":true,"href":"https:\/\/www.africa-press.net\/tchad\/wp-json\/wp\/v2\/media\/31347"}],"wp:attachment":[{"href":"https:\/\/www.africa-press.net\/tchad\/wp-json\/wp\/v2\/media?parent=31348"}],"wp:term":[{"taxonomy":"category","embeddable":true,"href":"https:\/\/www.africa-press.net\/tchad\/wp-json\/wp\/v2\/categories?post=31348"},{"taxonomy":"post_tag","embeddable":true,"href":"https:\/\/www.africa-press.net\/tchad\/wp-json\/wp\/v2\/tags?post=31348"}],"curies":[{"name":"wp","href":"https:\/\/api.w.org\/{rel}","templated":true}]}}