{"id":31351,"date":"2022-08-27T17:36:44","date_gmt":"2022-08-27T17:36:44","guid":{"rendered":"https:\/\/www.africa-press.net\/tchad\/politique\/afrique-le-drone-civil-future-arme-des-jihadistes"},"modified":"2022-08-27T18:02:53","modified_gmt":"2022-08-27T18:02:53","slug":"afrique-le-drone-civil-future-arme-des-jihadistes","status":"publish","type":"post","link":"https:\/\/www.africa-press.net\/tchad\/dossiers\/afrique-le-drone-civil-future-arme-des-jihadistes","title":{"rendered":"Afrique : le drone civil, future arme des jihadistes ?"},"content":{"rendered":"<p><span style=\"color: #ff6600\"><strong>Africa-Press &#8211; Tchad. <\/strong><\/span>Sur le continent africain, le recours aux drones civils par les groupes djihadistes devient de plus en plus fr\u00e9quent et inqui\u00e8te les experts.C\u2019est la plus grande perte subie par les Forces arm\u00e9es maliennes (Fama) depuis 2019. Dimanche 7 ao\u00fbt, des jihadistes de l\u2019\u00c9tat islamique au Sahel (EIS) ont attaqu\u00e9 la base de Tessit, dans le cercle d\u2019Ansongo, \u00e0 1342 kilom\u00e8tres \u00e0 l\u2019est de Bamako, faisant 42 morts parmi les soldats maliens, selon un bilan officiel qui revendique en m\u00eame temps la neutralisation de 37 assaillants.<\/p>\n<p>Le communiqu\u00e9 publie le 8 ao\u00fbt par l\u2019Etat-major g\u00e9n\u00e9ral des arm\u00e9es d\u00e9crit \u00ab une attaque complexe et coordonn\u00e9e de groupes arm\u00e9s terroristes b\u00e9n\u00e9ficiant d\u2019un appui drone et artillerie avec usage des explosifs et v\u00e9hicule pi\u00e9g\u00e9 \u00bb.<\/p>\n<p>Le lendemain, 9 ao\u00fbt, Fahad Ag Almahmoud, un influent membre du mouvement arm\u00e9 touareg pro-gouvernemental GATIA (groupe d\u2019autod\u00e9fense Imghad et Alli\u00e9s), confirme l\u2019usage de drones par les jihadistes. \u00ab J\u2019esp\u00e8re que les Fama savent que l\u2019EIGS (ancien nom de l\u2019EIS) a des drones. Je profite de l\u2019occasion pour informer les Maliens de cela \u00bb, a post\u00e9 sur Twitter, l\u2019activiste touareg.<\/p>\n<p>L\u2019usage de drones par les jihadistes n\u2019est pourtant pas une nouveaut\u00e9 au Mali, m\u00eame s\u2019il ne s\u2019agit en g\u00e9n\u00e9ral que de la version commerciale de moins de 4 kilogrammes avec une autonomie tr\u00e8s limit\u00e9e, destin\u00e9e initialement \u00e0 un usage civil, et non d\u2019appareils arm\u00e9s, plus sophistiqu\u00e9s et plus on\u00e9reux comme ceux utilis\u00e9s par les arm\u00e9es r\u00e9guli\u00e8res.<\/p>\n<p>V\u00e9hicule sans pilote (UAV), le drone peut \u00eatre contr\u00f4l\u00e9 par un logiciel \u00e0 distance ou d\u2019auto-automatisation, selon un rapport sur le march\u00e9 des drones en Afrique du Sud publi\u00e9 en 2019. Ce document consult\u00e9 par APA explique que l\u2019appareil \u00ab se compose d\u2019une source d\u2019alimentation, comme des batteries lithium-on ou de cellules solaires \u00e0 des combustibles et hybride, des rotors, d\u2019h\u00e9lices, de cam\u00e9ras, un altim\u00e8tre, des contr\u00f4leurs pour communiquer par onde et une carrosserie \u00bb.<\/p>\n<p>Le drone est une invention militaire apparue au d\u00e9but du 20\u1d49 si\u00e8cle, pr\u00e9cis\u00e9ment pendant la Premi\u00e8re Guerre mondiale. Le 2 juillet 1917, le Fran\u00e7ais Max Boucher r\u00e9ussit \u00e0 faire d\u00e9coller un avion de type Voisin 150 HP. L\u2019a\u00e9ronef sans pilote s\u2019est envol\u00e9 sur une distance de 500 m \u00e0 une altitude de 50 m au-dessus du sol.<\/p>\n<p>Naviguant sur le succ\u00e8s de cette nouvelle technologie, des entreprises ont investi le march\u00e9 des drones commerciaux qui devrait passer de 14 milliards de dollars en 2018 \u00e0 plus de 43 milliards de dollars en 2024, d\u2019apr\u00e8s le rapport sur le march\u00e9 sud-africain des drones paru en 2019.<\/p>\n<p>\u00ab Entre 60 et 100 bombardements a\u00e9riens en Irak et en Syrie \u00bb Mais, rapidement, ces appareils volants sont devenus des moyens permettant \u00e0 des groupes arm\u00e9s non \u00e9tatiques de s\u2019exprimer autrement.<\/p>\n<p>C\u2019est \u00ab la technologie actuelle la plus pr\u00e9monitoire qui permettra de futures attaques terroristes \u00bb, estime le major Thomas G. Pledger dans une \u00e9tude sur \u00ab Le r\u00f4le des drones dans les futures attaques terroristes \u00bb publi\u00e9e en f\u00e9vrier 2021.<\/p>\n<p>\u00ab Les drones ont la capacit\u00e9 de cr\u00e9er une impasse. Ce qui peut permettre aux terroristes de mener plusieurs attaques presque simultan\u00e9ment, amplifiant rapidement leur effet global \u00bb, affirme le major Pledger, mentionnant qu\u2019\u00ab entre 1994 et 2018, plus de 14 attentats ont \u00e9t\u00e9 planifi\u00e9s ou tent\u00e9s \u00bb \u00e0 l\u2019aide de cette technologie.<\/p>\n<p>\u00ab La menace des drones +grand public+ provenant du secteur civil est identifi\u00e9e depuis pr\u00e8s d\u2019une dizaine d\u2019ann\u00e9es en Europe. Comme on l\u2019a vu en Syrie ou en Irak, ces drones, dont les plus courants sont les DJI d\u2019origine chinoise, sont tr\u00e8s accessibles, car en vente libre sur Internet, via des sites en ligne comme Amazon. Pour quelques centaines de dollars, vous pouvez acheter une petite machine faible et facile \u00e0 utiliser \u00bb, assure Olivier Fourt, sp\u00e9cialiste des questions de d\u00e9fense \u00e0 Rfi et actuellement correspondant en Afrique de l\u2019Ouest pour l\u2019Hebdomadaire sp\u00e9cialis\u00e9 Air et Cosmos.<\/p>\n<p>Le prix de la gamme de la plupart des drones commerciaux pr\u00eats \u00e0 l\u2019emploi capables de soulever une charge de la taille d\u2019une arme se situerait entre 1000 et 2000 dollars.<\/p>\n<p>Pour garder sa capitale en Irak, Mossoul, l\u2019\u00c9tat islamique avait jet\u00e9 son d\u00e9volu sur ces appareils contre les forces r\u00e9guli\u00e8res irakiennes. Selon le directeur des initiatives strat\u00e9giques du Centre de lutte contre le terrorisme (CTC) de l\u2019Acad\u00e9mie militaire am\u00e9ricaine de West Point, Don Rassler, l\u2019organisation jihadiste menait, \u00e0 l\u2019\u00e9poque o\u00f9 elle occupait une grande partie de l\u2019Irak et de la Syrie, 60 et 100 bombardements a\u00e9riens \u00e0 l\u2019aide de drones.<\/p>\n<p>Damien Ferr\u00e9, directeur de la soci\u00e9t\u00e9 Jihad Analytics, sp\u00e9cialis\u00e9e dans l\u2019analyse du jihad mondial et cyber a, pour sa part, document\u00e9 72 attaques men\u00e9es par l\u2019\u00c9tat islamique entre octobre 2015 et d\u00e9cembre 2017 dans ces deux pays.<\/p>\n<p>Des documents trouv\u00e9s \u00e0 Mossoul, apr\u00e8s la d\u00e9faite de l\u2019Etat islamique, par l\u2019arm\u00e9e irakienne montrent d\u2019ailleurs comment ce groupe a tent\u00e9 de normaliser et d\u2019institutionnaliser les donn\u00e9es sur son programme de drone. \u00ab Une brigade subordonn\u00e9e au comit\u00e9 de fabrication et de d\u00e9veloppement militaire du groupe avait produit un formulaire de quatre pages contenant la liste de contr\u00f4le des drones avant et apr\u00e8s le vol et des zones pour enregistrer les commentaires apr\u00e8s action et marquer quel type de mission avait \u00e9t\u00e9 men\u00e9e \u00bb, r\u00e9v\u00e8le Don Rassler.<\/p>\n<p>Le drone commercial pour des attaques terroristes en Afrique ? L\u2019organisation jihadiste a tent\u00e9 d\u2019exp\u00e9rimenter l\u2019utilisation des drones en dehors de la zone syro-irakienne o\u00f9 elle a perdu du terrain, comme en t\u00e9moigne la publication, en janvier 2016, d\u2019une vid\u00e9o avec une vue a\u00e9rienne d\u2019une bataille \u00e0 Benghazi, en Libye.<\/p>\n<p>En Afrique sub-saharienne, d\u00e8s 2018, le Groupe de soutien \u00e0 l\u2019Islam et aux musulmans (GSIM) li\u00e9 \u00e0 Al-Qaida au Maghreb islamique (AQMI) aurait fait recours au drone pour planifier une attaque contre le Super Camp de la Mission multidimensionnelle int\u00e9gr\u00e9e des nations unies pour la Stabilisation au Mali (Minusma) \u00e0 Tombouctou.<\/p>\n<p>Une ann\u00e9e plus tard, c\u2019est au tour l\u2019EIS de lui embo\u00eeter le pas. Une source s\u00e9curitaire soutient que l\u2019ex-EIGS s\u2019est servi des drones pour faire le rep\u00e9rage des camps de l\u2019arm\u00e9e malienne d\u2019Ind\u00e9limane et des postes avanc\u00e9s d\u2019Inat\u00e8s et Chinaghodar au Niger en 2019. C\u2019\u00e9tait la p\u00e9riode synonyme de la mont\u00e9e en puissance de ce groupe dans la r\u00e9gion des trois fronti\u00e8res o\u00f9 se rencontrent le Mali, le Burkina Faso et le Niger, plus connue sous le nom de Liptako-Gourma. Le drone qui aurait servi \u00e0 collecter des informations sur les camps militaires de ces pays aurait \u00e9t\u00e9 r\u00e9cup\u00e9r\u00e9 par les soldats fran\u00e7ais de l\u2019Op\u00e9ration Barkhane lors d\u2019une op\u00e9ration men\u00e9e en 2020 et ayant conduit \u00e0 l\u2019\u00e9limination de l\u2019op\u00e9rateur.<\/p>\n<p>Mais les militaires fran\u00e7ais qui viennent de se retirer d\u00e9finitivement du Mali, suite \u00e0 une longue crise avec les officiers ayant pris le pouvoir \u00e0 Bamako en 2020, n\u2019ont pas r\u00e9ussi \u00e0 mettre un terme au recours \u00e0 ce moyen technique d\u2019espionnage par l\u2019EIS. En avril 2021, des jihadistes appartenant \u00e0 la m\u00eame entit\u00e9 sont montr\u00e9s dans une vid\u00e9o non dat\u00e9e en train de manipuler un drone Phantom 3 pro quadricopt\u00e8re, de fabrication chinoise.<\/p>\n<p>L\u2019Afrique de l\u2019Est et australe ne sont pas en reste. En mai 2020, le ministre mozambicain de l\u2019Int\u00e9rieur affirmait que les jihadistes d\u2019\u00ab Ansar al sunna \u00bb commun\u00e9ment appel\u00e9s \u00ab al Shabab \u00bb, affili\u00e9s \u00e0 l\u2019Etat islamique, utilisaient d\u00e9j\u00e0 des drones pour \u00ab identifier leurs cibles \u00bb.<\/p>\n<p>Une \u00e9tude du journal de la s\u00e9curit\u00e9 strat\u00e9gique titr\u00e9e \u00ab une menace volante \u00e0 venir au Sahel et en Afrique de l\u2019Est \u00bb soutient que la province de l\u2019\u00c9tat islamique en Afrique de l\u2019Ouest a re\u00e7u des conseils du noyau de l\u2019EI central sur l\u2019utilisation des drones. Mais \u00e0 l\u2019heure actuelle, les jihadistes nig\u00e9rians n\u2019ont pas encore conduit d\u2019attaques avec cet outil. Ils se contentent de l\u2019employer \u00e0 des fins de propagande, comme l\u2019illustre une vid\u00e9o de 27 minutes intitul\u00e9e \u00ab la G\u00e9n\u00e9ration autonome \u00bb, diffus\u00e9e le 18 janvier 2022 avec des prises de vue de drone.<\/p>\n<p>\u00ab En r\u00e9alit\u00e9, c\u2019est m\u00eame son utilisation premi\u00e8re aux mains d\u2019un groupe arm\u00e9 \u00bb, assure Olivier Fourt. Pour le sp\u00e9cialiste, le drone \u00ab peut aussi \u00eatre une arme psychologique avec des survols que l\u2019on pourrait qualifier de harc\u00e8lement destin\u00e9 \u00e0 fatiguer les sentinelles qui devront maintenir un niveau d\u2019alerte \u00e9lev\u00e9e dans la dur\u00e9e \u00bb.<\/p>\n<p>Le 21 ao\u00fbt dernier \u00e0 Tombouctou, au Mali, un drone a \u00e9t\u00e9 observ\u00e9 en train de survoler le camp de la Minusma, activant la force de r\u00e9action rapide. \u00ab Quand l\u2019opportunit\u00e9 se pr\u00e9sentera, l\u2019\u00c9tat islamique utilisera de mani\u00e8re ponctuelle ce type d\u2019arme pour mener certaines de ces attaques \u00bb, pr\u00e9vient Damien Ferr\u00e9.<\/p>\n<p>Une source s\u00e9curitaire contact\u00e9e par APA, pense cependant \u00ab que tant que l\u2019EI aura assez de combattants, ils n\u2019utiliseront pas cette technique, car ils n\u2019auront pas la m\u00eame rapidit\u00e9 d\u2019ex\u00e9cution qu\u2019avec les fantassins \u00bb. Les Etats africains en alerte maximale<\/p>\n<p>Selon la m\u00eame source, ce genre d\u2019appareil est \u00ab facile \u00e0 trouver sur les march\u00e9s locaux, que ce soit \u00e0 Gao, Niamey et autres grandes villes du Niger, du Mali et du Nigeria. Les jihadistes ont acc\u00e8s \u00e0 ces march\u00e9s \u00e0 travers des interm\u00e9diaires ou fournisseurs pour qui ils doublent toujours les prix, par exemple si la marchandise co\u00fbte 500.000 francs CFA (pr\u00e8s de 600 dollars), ils peuvent l\u2019acheter \u00e0 1 million francs CFA (1500 dollars) car ils ont du cash, beaucoup de cash \u00bb. En Afrique, l\u2019achat et l\u2019usage des drones sont pourtant th\u00e9oriquement \u00ab beaucoup plus encadr\u00e9s qu\u2019en Europe \u00bb, rappelle Olivier Fourt.<\/p>\n<p>Dans un pays comme le S\u00e9n\u00e9gal, jusqu\u2019ici un des rares en Afrique de l\u2019Ouest \u00e0 rester \u00e9pargn\u00e9 par les attaques jihadistes, les autorit\u00e9s ont mis en place des garde-fous pour parer \u00e0 toute \u00e9ventualit\u00e9. \u00ab L\u2019importation et l\u2019utilisation des drones sont principalement r\u00e9gies par l\u2019annexe 5 du r\u00e8glement a\u00e9ronautique du S\u00e9n\u00e9gal num\u00e9ro 6 relatif au syst\u00e8me d\u2019a\u00e9ronefs t\u00e9l\u00e9port\u00e9s (\u2026) Les personnes physiques sont \u00e9ligibles \u00e0 l\u2019obtention d\u2019une autorisation d\u2019exploiter un drone. Les personnes morales r\u00e9guli\u00e8rement \u00e9tablies au S\u00e9n\u00e9gal et celles ne r\u00e9sidant pas au S\u00e9n\u00e9gal, dot\u00e9es d\u2019un contrat l\u00e9gal de prestation de service, sont \u00e9galement \u00e9ligibles \u00e0 la d\u00e9tention et \u00e0 l\u2019utilisation d\u2019un tel a\u00e9ronef \u00e0 des fins professionnelles ou commerciales. Elles doivent \u00eatre identifi\u00e9es par l\u2019Autorit\u00e9 qui leur d\u00e9livre un num\u00e9ro d\u2019identification \u00bb, explique Amadou Tidiane Ciss\u00e9, Inspecteur principal des Douanes et auteur de l\u2019ouvrage \u00ab Terrorisme, la fin des fronti\u00e8res \u00bb, paru aux \u00c9ditions Harmattan 2021.<\/p>\n<p>Selon l\u2019officier s\u00e9n\u00e9galais, \u00ab la douane veille \u00e0 l\u2019application stricte des dispositions de la r\u00e9glementation au niveau du cordon douanier \u00bb, rappelant que des sanctions administratives, p\u00e9cuniaires et des poursuites p\u00e9nales sont pr\u00e9vues \u00e0 l\u2019encontre des personnes qui utilisent les drones sans les titres exigibles.<\/p>\n<p><strong>Pour plus d&rsquo;informations et d&rsquo;analyses sur la <a href=\"https:\/\/www.africa-press.net\/tchad\">Tchad<\/a>, suivez <a href=\"https:\/\/www.africa-press.net\/\">Africa-Press<\/a><\/strong><\/p>\n","protected":false},"excerpt":{"rendered":"<p>Africa-Press &#8211; Tchad. Sur le continent africain, le recours aux drones civils par les groupes djihadistes devient de plus en plus fr\u00e9quent et inqui\u00e8te les experts.C\u2019est la plus grande perte subie par les Forces arm\u00e9es maliennes (Fama) depuis 2019. Dimanche 7 ao\u00fbt, des jihadistes de l\u2019\u00c9tat islamique au Sahel (EIS) ont attaqu\u00e9 la base de [&hellip;]<\/p>\n","protected":false},"author":82,"featured_media":31350,"comment_status":"open","ping_status":"closed","sticky":false,"template":"","format":"standard","meta":{"footnotes":""},"categories":[7,11,10],"tags":[37,292,29],"class_list":["post-31351","post","type-post","status-publish","format-standard","has-post-thumbnail","hentry","category-dossiers","category-homepage-french","category-toutes-les-actualites","tag-africa-press","tag-africa-press-tchad","tag-tchad"],"yoast_head":"<!-- This site is optimized with the Yoast SEO Premium plugin v26.1 (Yoast SEO v27.0) - https:\/\/yoast.com\/product\/yoast-seo-premium-wordpress\/ -->\n<title>Afrique : le drone civil, future arme des jihadistes ? - tchad<\/title>\n<meta name=\"description\" content=\"Sur le continent africain, le recours aux drones civils par les groupes djihadistes devient de plus en plus fr\u00e9quent et ...\" \/>\n<meta name=\"robots\" content=\"index, follow, max-snippet:-1, max-image-preview:large, max-video-preview:-1\" \/>\n<link rel=\"canonical\" href=\"https:\/\/www.africa-press.net\/tchad\/dossiers\/afrique-le-drone-civil-future-arme-des-jihadistes\" \/>\n<meta property=\"og:locale\" content=\"fr_FR\" \/>\n<meta property=\"og:type\" content=\"article\" \/>\n<meta property=\"og:title\" content=\"Afrique : le drone civil, future arme des jihadistes ?\" \/>\n<meta property=\"og:description\" content=\"Sur le continent africain, le recours aux drones civils par les groupes djihadistes devient de plus en plus fr\u00e9quent et ...\" \/>\n<meta property=\"og:url\" content=\"https:\/\/www.africa-press.net\/tchad\/dossiers\/afrique-le-drone-civil-future-arme-des-jihadistes\" \/>\n<meta property=\"og:site_name\" content=\"tchad\" \/>\n<meta property=\"article:published_time\" content=\"2022-08-27T17:36:44+00:00\" \/>\n<meta property=\"article:modified_time\" content=\"2022-08-27T18:02:53+00:00\" \/>\n<meta property=\"og:image\" content=\"https:\/\/static.africa-press.net\/tchad\/sites\/41\/2022\/08\/postQueueImg_12-630a5c39eb9fd.jpg\" \/>\n\t<meta property=\"og:image:width\" content=\"1198\" \/>\n\t<meta property=\"og:image:height\" content=\"574\" \/>\n\t<meta property=\"og:image:type\" content=\"image\/jpeg\" \/>\n<meta name=\"author\" content=\"cfeditorfr\" \/>\n<meta name=\"twitter:card\" content=\"summary_large_image\" \/>\n<meta name=\"twitter:label1\" content=\"\u00c9crit par\" \/>\n\t<meta name=\"twitter:data1\" content=\"cfeditorfr\" \/>\n\t<meta name=\"twitter:label2\" content=\"Dur\u00e9e de lecture estim\u00e9e\" \/>\n\t<meta name=\"twitter:data2\" content=\"9 minutes\" \/>\n<script type=\"application\/ld+json\" class=\"yoast-schema-graph\">{\"@context\":\"https:\/\/schema.org\",\"@graph\":[{\"@type\":\"Article\",\"@id\":\"https:\/\/www.africa-press.net\/tchad\/dossiers\/afrique-le-drone-civil-future-arme-des-jihadistes#article\",\"isPartOf\":{\"@id\":\"https:\/\/www.africa-press.net\/tchad\/dossiers\/afrique-le-drone-civil-future-arme-des-jihadistes\"},\"author\":{\"name\":\"cfeditorfr\",\"@id\":\"https:\/\/www.africa-press.net\/tchad\/#\/schema\/person\/2b1cf3cd81a31e3cd26889ca66d677f1\"},\"headline\":\"Afrique : le drone civil, future arme des jihadistes ?\",\"datePublished\":\"2022-08-27T17:36:44+00:00\",\"dateModified\":\"2022-08-27T18:02:53+00:00\",\"mainEntityOfPage\":{\"@id\":\"https:\/\/www.africa-press.net\/tchad\/dossiers\/afrique-le-drone-civil-future-arme-des-jihadistes\"},\"wordCount\":1945,\"commentCount\":0,\"image\":{\"@id\":\"https:\/\/www.africa-press.net\/tchad\/dossiers\/afrique-le-drone-civil-future-arme-des-jihadistes#primaryimage\"},\"thumbnailUrl\":\"https:\/\/static.africa-press.net\/tchad\/sites\/41\/2022\/08\/postQueueImg_12-630a5c39eb9fd.jpg\",\"keywords\":[\"Africa Press\",\"Africa Press-Tchad\",\"Tchad\"],\"articleSection\":[\"Dossiers\",\"homepage-french\",\"Toutes les actualit\u00e9s\"],\"inLanguage\":\"fr-FR\",\"potentialAction\":[{\"@type\":\"CommentAction\",\"name\":\"Comment\",\"target\":[\"https:\/\/www.africa-press.net\/tchad\/dossiers\/afrique-le-drone-civil-future-arme-des-jihadistes#respond\"]}]},{\"@type\":\"WebPage\",\"@id\":\"https:\/\/www.africa-press.net\/tchad\/dossiers\/afrique-le-drone-civil-future-arme-des-jihadistes\",\"url\":\"https:\/\/www.africa-press.net\/tchad\/dossiers\/afrique-le-drone-civil-future-arme-des-jihadistes\",\"name\":\"Afrique : le drone civil, future arme des jihadistes ? - tchad\",\"isPartOf\":{\"@id\":\"https:\/\/www.africa-press.net\/tchad\/#website\"},\"primaryImageOfPage\":{\"@id\":\"https:\/\/www.africa-press.net\/tchad\/dossiers\/afrique-le-drone-civil-future-arme-des-jihadistes#primaryimage\"},\"image\":{\"@id\":\"https:\/\/www.africa-press.net\/tchad\/dossiers\/afrique-le-drone-civil-future-arme-des-jihadistes#primaryimage\"},\"thumbnailUrl\":\"https:\/\/static.africa-press.net\/tchad\/sites\/41\/2022\/08\/postQueueImg_12-630a5c39eb9fd.jpg\",\"datePublished\":\"2022-08-27T17:36:44+00:00\",\"dateModified\":\"2022-08-27T18:02:53+00:00\",\"author\":{\"@id\":\"https:\/\/www.africa-press.net\/tchad\/#\/schema\/person\/2b1cf3cd81a31e3cd26889ca66d677f1\"},\"description\":\"Sur le continent africain, le recours aux drones civils par les groupes djihadistes devient de plus en plus fr\u00e9quent et ...\",\"breadcrumb\":{\"@id\":\"https:\/\/www.africa-press.net\/tchad\/dossiers\/afrique-le-drone-civil-future-arme-des-jihadistes#breadcrumb\"},\"inLanguage\":\"fr-FR\",\"potentialAction\":[{\"@type\":\"ReadAction\",\"target\":[\"https:\/\/www.africa-press.net\/tchad\/dossiers\/afrique-le-drone-civil-future-arme-des-jihadistes\"]}]},{\"@type\":\"ImageObject\",\"inLanguage\":\"fr-FR\",\"@id\":\"https:\/\/www.africa-press.net\/tchad\/dossiers\/afrique-le-drone-civil-future-arme-des-jihadistes#primaryimage\",\"url\":\"https:\/\/static.africa-press.net\/tchad\/sites\/41\/2022\/08\/postQueueImg_12-630a5c39eb9fd.jpg\",\"contentUrl\":\"https:\/\/static.africa-press.net\/tchad\/sites\/41\/2022\/08\/postQueueImg_12-630a5c39eb9fd.jpg\",\"width\":1198,\"height\":574,\"caption\":\"Afrique : le drone civil, future arme des jihadistes ?\"},{\"@type\":\"BreadcrumbList\",\"@id\":\"https:\/\/www.africa-press.net\/tchad\/dossiers\/afrique-le-drone-civil-future-arme-des-jihadistes#breadcrumb\",\"itemListElement\":[{\"@type\":\"ListItem\",\"position\":1,\"name\":\"Accueil\",\"item\":\"https:\/\/www.africa-press.net\/tchad\/\"},{\"@type\":\"ListItem\",\"position\":2,\"name\":\"Afrique : le drone civil, future arme des jihadistes ?\"}]},{\"@type\":\"WebSite\",\"@id\":\"https:\/\/www.africa-press.net\/tchad\/#website\",\"url\":\"https:\/\/www.africa-press.net\/tchad\/\",\"name\":\"tchad\",\"description\":\"Just another Africa News Agency Sites site\",\"potentialAction\":[{\"@type\":\"SearchAction\",\"target\":{\"@type\":\"EntryPoint\",\"urlTemplate\":\"https:\/\/www.africa-press.net\/tchad\/?s={search_term_string}\"},\"query-input\":{\"@type\":\"PropertyValueSpecification\",\"valueRequired\":true,\"valueName\":\"search_term_string\"}}],\"inLanguage\":\"fr-FR\"},{\"@type\":\"Person\",\"@id\":\"https:\/\/www.africa-press.net\/tchad\/#\/schema\/person\/2b1cf3cd81a31e3cd26889ca66d677f1\",\"name\":\"cfeditorfr\"}]}<\/script>\n<!-- \/ Yoast SEO Premium plugin. -->","yoast_head_json":{"title":"Afrique : le drone civil, future arme des jihadistes ? - tchad","description":"Sur le continent africain, le recours aux drones civils par les groupes djihadistes devient de plus en plus fr\u00e9quent et ...","robots":{"index":"index","follow":"follow","max-snippet":"max-snippet:-1","max-image-preview":"max-image-preview:large","max-video-preview":"max-video-preview:-1"},"canonical":"https:\/\/www.africa-press.net\/tchad\/dossiers\/afrique-le-drone-civil-future-arme-des-jihadistes","og_locale":"fr_FR","og_type":"article","og_title":"Afrique : le drone civil, future arme des jihadistes ?","og_description":"Sur le continent africain, le recours aux drones civils par les groupes djihadistes devient de plus en plus fr\u00e9quent et ...","og_url":"https:\/\/www.africa-press.net\/tchad\/dossiers\/afrique-le-drone-civil-future-arme-des-jihadistes","og_site_name":"tchad","article_published_time":"2022-08-27T17:36:44+00:00","article_modified_time":"2022-08-27T18:02:53+00:00","og_image":[{"width":1198,"height":574,"url":"https:\/\/static.africa-press.net\/tchad\/sites\/41\/2022\/08\/postQueueImg_12-630a5c39eb9fd.jpg","type":"image\/jpeg"}],"author":"cfeditorfr","twitter_card":"summary_large_image","twitter_misc":{"\u00c9crit par":"cfeditorfr","Dur\u00e9e de lecture estim\u00e9e":"9 minutes"},"schema":{"@context":"https:\/\/schema.org","@graph":[{"@type":"Article","@id":"https:\/\/www.africa-press.net\/tchad\/dossiers\/afrique-le-drone-civil-future-arme-des-jihadistes#article","isPartOf":{"@id":"https:\/\/www.africa-press.net\/tchad\/dossiers\/afrique-le-drone-civil-future-arme-des-jihadistes"},"author":{"name":"cfeditorfr","@id":"https:\/\/www.africa-press.net\/tchad\/#\/schema\/person\/2b1cf3cd81a31e3cd26889ca66d677f1"},"headline":"Afrique : le drone civil, future arme des jihadistes ?","datePublished":"2022-08-27T17:36:44+00:00","dateModified":"2022-08-27T18:02:53+00:00","mainEntityOfPage":{"@id":"https:\/\/www.africa-press.net\/tchad\/dossiers\/afrique-le-drone-civil-future-arme-des-jihadistes"},"wordCount":1945,"commentCount":0,"image":{"@id":"https:\/\/www.africa-press.net\/tchad\/dossiers\/afrique-le-drone-civil-future-arme-des-jihadistes#primaryimage"},"thumbnailUrl":"https:\/\/static.africa-press.net\/tchad\/sites\/41\/2022\/08\/postQueueImg_12-630a5c39eb9fd.jpg","keywords":["Africa Press","Africa Press-Tchad","Tchad"],"articleSection":["Dossiers","homepage-french","Toutes les actualit\u00e9s"],"inLanguage":"fr-FR","potentialAction":[{"@type":"CommentAction","name":"Comment","target":["https:\/\/www.africa-press.net\/tchad\/dossiers\/afrique-le-drone-civil-future-arme-des-jihadistes#respond"]}]},{"@type":"WebPage","@id":"https:\/\/www.africa-press.net\/tchad\/dossiers\/afrique-le-drone-civil-future-arme-des-jihadistes","url":"https:\/\/www.africa-press.net\/tchad\/dossiers\/afrique-le-drone-civil-future-arme-des-jihadistes","name":"Afrique : le drone civil, future arme des jihadistes ? - tchad","isPartOf":{"@id":"https:\/\/www.africa-press.net\/tchad\/#website"},"primaryImageOfPage":{"@id":"https:\/\/www.africa-press.net\/tchad\/dossiers\/afrique-le-drone-civil-future-arme-des-jihadistes#primaryimage"},"image":{"@id":"https:\/\/www.africa-press.net\/tchad\/dossiers\/afrique-le-drone-civil-future-arme-des-jihadistes#primaryimage"},"thumbnailUrl":"https:\/\/static.africa-press.net\/tchad\/sites\/41\/2022\/08\/postQueueImg_12-630a5c39eb9fd.jpg","datePublished":"2022-08-27T17:36:44+00:00","dateModified":"2022-08-27T18:02:53+00:00","author":{"@id":"https:\/\/www.africa-press.net\/tchad\/#\/schema\/person\/2b1cf3cd81a31e3cd26889ca66d677f1"},"description":"Sur le continent africain, le recours aux drones civils par les groupes djihadistes devient de plus en plus fr\u00e9quent et ...","breadcrumb":{"@id":"https:\/\/www.africa-press.net\/tchad\/dossiers\/afrique-le-drone-civil-future-arme-des-jihadistes#breadcrumb"},"inLanguage":"fr-FR","potentialAction":[{"@type":"ReadAction","target":["https:\/\/www.africa-press.net\/tchad\/dossiers\/afrique-le-drone-civil-future-arme-des-jihadistes"]}]},{"@type":"ImageObject","inLanguage":"fr-FR","@id":"https:\/\/www.africa-press.net\/tchad\/dossiers\/afrique-le-drone-civil-future-arme-des-jihadistes#primaryimage","url":"https:\/\/static.africa-press.net\/tchad\/sites\/41\/2022\/08\/postQueueImg_12-630a5c39eb9fd.jpg","contentUrl":"https:\/\/static.africa-press.net\/tchad\/sites\/41\/2022\/08\/postQueueImg_12-630a5c39eb9fd.jpg","width":1198,"height":574,"caption":"Afrique : le drone civil, future arme des jihadistes ?"},{"@type":"BreadcrumbList","@id":"https:\/\/www.africa-press.net\/tchad\/dossiers\/afrique-le-drone-civil-future-arme-des-jihadistes#breadcrumb","itemListElement":[{"@type":"ListItem","position":1,"name":"Accueil","item":"https:\/\/www.africa-press.net\/tchad\/"},{"@type":"ListItem","position":2,"name":"Afrique : le drone civil, future arme des jihadistes ?"}]},{"@type":"WebSite","@id":"https:\/\/www.africa-press.net\/tchad\/#website","url":"https:\/\/www.africa-press.net\/tchad\/","name":"tchad","description":"Just another Africa News Agency Sites site","potentialAction":[{"@type":"SearchAction","target":{"@type":"EntryPoint","urlTemplate":"https:\/\/www.africa-press.net\/tchad\/?s={search_term_string}"},"query-input":{"@type":"PropertyValueSpecification","valueRequired":true,"valueName":"search_term_string"}}],"inLanguage":"fr-FR"},{"@type":"Person","@id":"https:\/\/www.africa-press.net\/tchad\/#\/schema\/person\/2b1cf3cd81a31e3cd26889ca66d677f1","name":"cfeditorfr"}]}},"_links":{"self":[{"href":"https:\/\/www.africa-press.net\/tchad\/wp-json\/wp\/v2\/posts\/31351","targetHints":{"allow":["GET"]}}],"collection":[{"href":"https:\/\/www.africa-press.net\/tchad\/wp-json\/wp\/v2\/posts"}],"about":[{"href":"https:\/\/www.africa-press.net\/tchad\/wp-json\/wp\/v2\/types\/post"}],"author":[{"embeddable":true,"href":"https:\/\/www.africa-press.net\/tchad\/wp-json\/wp\/v2\/users\/82"}],"replies":[{"embeddable":true,"href":"https:\/\/www.africa-press.net\/tchad\/wp-json\/wp\/v2\/comments?post=31351"}],"version-history":[{"count":0,"href":"https:\/\/www.africa-press.net\/tchad\/wp-json\/wp\/v2\/posts\/31351\/revisions"}],"wp:featuredmedia":[{"embeddable":true,"href":"https:\/\/www.africa-press.net\/tchad\/wp-json\/wp\/v2\/media\/31350"}],"wp:attachment":[{"href":"https:\/\/www.africa-press.net\/tchad\/wp-json\/wp\/v2\/media?parent=31351"}],"wp:term":[{"taxonomy":"category","embeddable":true,"href":"https:\/\/www.africa-press.net\/tchad\/wp-json\/wp\/v2\/categories?post=31351"},{"taxonomy":"post_tag","embeddable":true,"href":"https:\/\/www.africa-press.net\/tchad\/wp-json\/wp\/v2\/tags?post=31351"}],"curies":[{"name":"wp","href":"https:\/\/api.w.org\/{rel}","templated":true}]}}