{"id":31363,"date":"2022-08-27T17:42:53","date_gmt":"2022-08-27T17:42:53","guid":{"rendered":"https:\/\/www.africa-press.net\/tchad\/politique\/yaya-dillo-annule-sa-conference-de-presse-par-respect-a-la-justice"},"modified":"2022-08-27T18:10:06","modified_gmt":"2022-08-27T18:10:06","slug":"yaya-dillo-annule-sa-conference-de-presse-par-respect-a-la-justice","status":"publish","type":"post","link":"https:\/\/www.africa-press.net\/tchad\/politique\/yaya-dillo-annule-sa-conference-de-presse-par-respect-a-la-justice","title":{"rendered":"Yaya Dillo annule sa conf\u00e9rence de presse par \u00ab\u00a0respect \u00e0 la justice\u00a0\u00bb"},"content":{"rendered":"<p><span style=\"color: #ff6600\"><strong>Africa-Press &#8211; Tchad. <\/strong><\/span>Le 22 ao\u00fbt 2022, le pr\u00e9sident du Tribunal de grande instance de N\u2019Djamena, Mahamat Saleh Adoum Dabara, a ordonn\u00e9 \u00e0 Yaya Dillo Djerou la cessation de toute activit\u00e9 au nom du Parti socialiste sans fronti\u00e8res (PSF).<\/p>\n<p><b>Un acharnement, d\u00e9nonce le camp de Yaya Dillo<\/b><\/p>\n<p>Le camp de Yaya Dillo d\u00e9nonce un \u00ab\u00a0acharnement politico-judiciaire depuis le d\u00e9clenchement de la dynamique de contestation du simulacre de transition\u00a0\u00bb. Il a introduit une demande de cessation de troubles \u00e0 la justice afin que le camp de Dinamou Daram cesse d&rsquo;agir au nom du parti. La partie adverse a fait opposition et a \u00e9galement introduit une requ\u00eate en cessation d&rsquo;activit\u00e9s.<\/p>\n<p><b>\u00ab\u00a0Le pr\u00e9sident Yaya Dillo a choisi de se taire puisque l&rsquo;ordonnance le vise personnellement et la justice montre des signes de collaboration. Nous avons fait opposition \u00e0 leur ordonnance pour que le juge se r\u00e9tracte\u00a0\u00bb,<\/b> selon le camp de Yaya Dillo.<\/p>\n<p><b>Tensions entre Yaya Dillo et Dinamou Daram<\/b><\/p>\n<p>Yaya Dillo et son ancien vice-pr\u00e9sident Dinamou Daram se sont s\u00e9par\u00e9s il y a quelques mois apr\u00e8s des accusations de trahison. D\u00e9sormais, chacun revendique la pr\u00e9sidence du parti : Yaya Dillo a pris une d\u00e9cision supprimant le poste de vice-pr\u00e9sident tandis que Dinamou Daram s\u2019est r\u00e9uni avec le bureau ex\u00e9cutif pour destituer Yaya Dillo.<\/p>\n<p>Le juge estime que Yaya Dillo continue d\u2019agir au nom du parti alors qu\u2019il n\u2019a pas la qualit\u00e9 pour le faire. Il affirme \u00e9galement que Yaya Dillo n\u2019a pas r\u00e9pondu \u00e0 un formalisme obligatoire et a m\u00eame oppos\u00e9 un refus cat\u00e9gorique : se rendre \u00e0 la police pour l\u2019enqu\u00eate de moralit\u00e9.<\/p>\n<p><strong>Pour plus d&rsquo;informations et d&rsquo;analyses sur la <a href=\"https:\/\/www.africa-press.net\/tchad\">Tchad<\/a>, suivez <a href=\"https:\/\/www.africa-press.net\/\">Africa-Press<\/a><\/strong><\/p>\n","protected":false},"excerpt":{"rendered":"<p>Africa-Press &#8211; Tchad. Le 22 ao\u00fbt 2022, le pr\u00e9sident du Tribunal de grande instance de N\u2019Djamena, Mahamat Saleh Adoum Dabara, a ordonn\u00e9 \u00e0 Yaya Dillo Djerou la cessation de toute activit\u00e9 au nom du Parti socialiste sans fronti\u00e8res (PSF). Un acharnement, d\u00e9nonce le camp de Yaya Dillo Le camp de Yaya Dillo d\u00e9nonce un \u00ab\u00a0acharnement [&hellip;]<\/p>\n","protected":false},"author":82,"featured_media":31362,"comment_status":"open","ping_status":"closed","sticky":false,"template":"","format":"standard","meta":{"footnotes":""},"categories":[11,2,10],"tags":[37,292,29],"class_list":["post-31363","post","type-post","status-publish","format-standard","has-post-thumbnail","hentry","category-homepage-french","category-politique","category-toutes-les-actualites","tag-africa-press","tag-africa-press-tchad","tag-tchad"],"yoast_head":"<!-- This site is optimized with the Yoast SEO Premium plugin v26.1 (Yoast SEO v27.0) - https:\/\/yoast.com\/product\/yoast-seo-premium-wordpress\/ -->\n<title>Yaya Dillo annule sa conf\u00e9rence de presse par &quot;respect \u00e0 la justice&quot; - tchad<\/title>\n<meta name=\"description\" content=\"Le 22 ao\u00fbt 2022, le pr\u00e9sident du Tribunal de grande instance de N\u2019Djamena, Mahamat Saleh Adoum Dabara, a ordonn\u00e9 \u00e0 Yaya ...\" \/>\n<meta name=\"robots\" content=\"index, follow, max-snippet:-1, max-image-preview:large, max-video-preview:-1\" \/>\n<link rel=\"canonical\" href=\"https:\/\/www.africa-press.net\/tchad\/politique\/yaya-dillo-annule-sa-conference-de-presse-par-respect-a-la-justice\" \/>\n<meta property=\"og:locale\" content=\"fr_FR\" \/>\n<meta property=\"og:type\" content=\"article\" \/>\n<meta property=\"og:title\" content=\"Yaya Dillo annule sa conf\u00e9rence de presse par &quot;respect \u00e0 la justice&quot;\" \/>\n<meta property=\"og:description\" content=\"Le 22 ao\u00fbt 2022, le pr\u00e9sident du Tribunal de grande instance de N\u2019Djamena, Mahamat Saleh Adoum Dabara, a ordonn\u00e9 \u00e0 Yaya ...\" \/>\n<meta property=\"og:url\" content=\"https:\/\/www.africa-press.net\/tchad\/politique\/yaya-dillo-annule-sa-conference-de-presse-par-respect-a-la-justice\" \/>\n<meta property=\"og:site_name\" content=\"tchad\" \/>\n<meta property=\"article:published_time\" content=\"2022-08-27T17:42:53+00:00\" \/>\n<meta property=\"article:modified_time\" content=\"2022-08-27T18:10:06+00:00\" \/>\n<meta property=\"og:image\" content=\"https:\/\/static.africa-press.net\/tchad\/sites\/41\/2022\/08\/postQueueImg_22-630a5debcaa31.jpg\" \/>\n\t<meta property=\"og:image:width\" content=\"960\" \/>\n\t<meta property=\"og:image:height\" content=\"540\" \/>\n\t<meta property=\"og:image:type\" content=\"image\/jpeg\" \/>\n<meta name=\"author\" content=\"cfeditorfr\" \/>\n<meta name=\"twitter:card\" content=\"summary_large_image\" \/>\n<meta name=\"twitter:label1\" content=\"\u00c9crit par\" \/>\n\t<meta name=\"twitter:data1\" content=\"cfeditorfr\" \/>\n\t<meta name=\"twitter:label2\" content=\"Dur\u00e9e de lecture estim\u00e9e\" \/>\n\t<meta name=\"twitter:data2\" content=\"2 minutes\" \/>\n<script type=\"application\/ld+json\" class=\"yoast-schema-graph\">{\"@context\":\"https:\/\/schema.org\",\"@graph\":[{\"@type\":\"Article\",\"@id\":\"https:\/\/www.africa-press.net\/tchad\/politique\/yaya-dillo-annule-sa-conference-de-presse-par-respect-a-la-justice#article\",\"isPartOf\":{\"@id\":\"https:\/\/www.africa-press.net\/tchad\/politique\/yaya-dillo-annule-sa-conference-de-presse-par-respect-a-la-justice\"},\"author\":{\"name\":\"cfeditorfr\",\"@id\":\"https:\/\/www.africa-press.net\/tchad\/#\/schema\/person\/2b1cf3cd81a31e3cd26889ca66d677f1\"},\"headline\":\"Yaya Dillo annule sa conf\u00e9rence de presse par \u00ab\u00a0respect \u00e0 la justice\u00a0\u00bb\",\"datePublished\":\"2022-08-27T17:42:53+00:00\",\"dateModified\":\"2022-08-27T18:10:06+00:00\",\"mainEntityOfPage\":{\"@id\":\"https:\/\/www.africa-press.net\/tchad\/politique\/yaya-dillo-annule-sa-conference-de-presse-par-respect-a-la-justice\"},\"wordCount\":310,\"commentCount\":0,\"image\":{\"@id\":\"https:\/\/www.africa-press.net\/tchad\/politique\/yaya-dillo-annule-sa-conference-de-presse-par-respect-a-la-justice#primaryimage\"},\"thumbnailUrl\":\"https:\/\/static.africa-press.net\/tchad\/sites\/41\/2022\/08\/postQueueImg_22-630a5debcaa31.jpg\",\"keywords\":[\"Africa Press\",\"Africa Press-Tchad\",\"Tchad\"],\"articleSection\":[\"homepage-french\",\"Politique\",\"Toutes les actualit\u00e9s\"],\"inLanguage\":\"fr-FR\",\"potentialAction\":[{\"@type\":\"CommentAction\",\"name\":\"Comment\",\"target\":[\"https:\/\/www.africa-press.net\/tchad\/politique\/yaya-dillo-annule-sa-conference-de-presse-par-respect-a-la-justice#respond\"]}]},{\"@type\":\"WebPage\",\"@id\":\"https:\/\/www.africa-press.net\/tchad\/politique\/yaya-dillo-annule-sa-conference-de-presse-par-respect-a-la-justice\",\"url\":\"https:\/\/www.africa-press.net\/tchad\/politique\/yaya-dillo-annule-sa-conference-de-presse-par-respect-a-la-justice\",\"name\":\"Yaya Dillo annule sa conf\u00e9rence de presse par \\\"respect \u00e0 la justice\\\" - tchad\",\"isPartOf\":{\"@id\":\"https:\/\/www.africa-press.net\/tchad\/#website\"},\"primaryImageOfPage\":{\"@id\":\"https:\/\/www.africa-press.net\/tchad\/politique\/yaya-dillo-annule-sa-conference-de-presse-par-respect-a-la-justice#primaryimage\"},\"image\":{\"@id\":\"https:\/\/www.africa-press.net\/tchad\/politique\/yaya-dillo-annule-sa-conference-de-presse-par-respect-a-la-justice#primaryimage\"},\"thumbnailUrl\":\"https:\/\/static.africa-press.net\/tchad\/sites\/41\/2022\/08\/postQueueImg_22-630a5debcaa31.jpg\",\"datePublished\":\"2022-08-27T17:42:53+00:00\",\"dateModified\":\"2022-08-27T18:10:06+00:00\",\"author\":{\"@id\":\"https:\/\/www.africa-press.net\/tchad\/#\/schema\/person\/2b1cf3cd81a31e3cd26889ca66d677f1\"},\"description\":\"Le 22 ao\u00fbt 2022, le pr\u00e9sident du Tribunal de grande instance de N\u2019Djamena, Mahamat Saleh Adoum Dabara, a ordonn\u00e9 \u00e0 Yaya ...\",\"breadcrumb\":{\"@id\":\"https:\/\/www.africa-press.net\/tchad\/politique\/yaya-dillo-annule-sa-conference-de-presse-par-respect-a-la-justice#breadcrumb\"},\"inLanguage\":\"fr-FR\",\"potentialAction\":[{\"@type\":\"ReadAction\",\"target\":[\"https:\/\/www.africa-press.net\/tchad\/politique\/yaya-dillo-annule-sa-conference-de-presse-par-respect-a-la-justice\"]}]},{\"@type\":\"ImageObject\",\"inLanguage\":\"fr-FR\",\"@id\":\"https:\/\/www.africa-press.net\/tchad\/politique\/yaya-dillo-annule-sa-conference-de-presse-par-respect-a-la-justice#primaryimage\",\"url\":\"https:\/\/static.africa-press.net\/tchad\/sites\/41\/2022\/08\/postQueueImg_22-630a5debcaa31.jpg\",\"contentUrl\":\"https:\/\/static.africa-press.net\/tchad\/sites\/41\/2022\/08\/postQueueImg_22-630a5debcaa31.jpg\",\"width\":960,\"height\":540,\"caption\":\"Yaya Dillo annule sa conf\u00e9rence de presse par \\\"respect \u00e0 la justice\\\"\"},{\"@type\":\"BreadcrumbList\",\"@id\":\"https:\/\/www.africa-press.net\/tchad\/politique\/yaya-dillo-annule-sa-conference-de-presse-par-respect-a-la-justice#breadcrumb\",\"itemListElement\":[{\"@type\":\"ListItem\",\"position\":1,\"name\":\"Accueil\",\"item\":\"https:\/\/www.africa-press.net\/tchad\/\"},{\"@type\":\"ListItem\",\"position\":2,\"name\":\"Yaya Dillo annule sa conf\u00e9rence de presse par &#8220;respect \u00e0 la justice&#8221;\"}]},{\"@type\":\"WebSite\",\"@id\":\"https:\/\/www.africa-press.net\/tchad\/#website\",\"url\":\"https:\/\/www.africa-press.net\/tchad\/\",\"name\":\"tchad\",\"description\":\"Just another Africa News Agency Sites site\",\"potentialAction\":[{\"@type\":\"SearchAction\",\"target\":{\"@type\":\"EntryPoint\",\"urlTemplate\":\"https:\/\/www.africa-press.net\/tchad\/?s={search_term_string}\"},\"query-input\":{\"@type\":\"PropertyValueSpecification\",\"valueRequired\":true,\"valueName\":\"search_term_string\"}}],\"inLanguage\":\"fr-FR\"},{\"@type\":\"Person\",\"@id\":\"https:\/\/www.africa-press.net\/tchad\/#\/schema\/person\/2b1cf3cd81a31e3cd26889ca66d677f1\",\"name\":\"cfeditorfr\"}]}<\/script>\n<!-- \/ Yoast SEO Premium plugin. -->","yoast_head_json":{"title":"Yaya Dillo annule sa conf\u00e9rence de presse par \"respect \u00e0 la justice\" - tchad","description":"Le 22 ao\u00fbt 2022, le pr\u00e9sident du Tribunal de grande instance de N\u2019Djamena, Mahamat Saleh Adoum Dabara, a ordonn\u00e9 \u00e0 Yaya ...","robots":{"index":"index","follow":"follow","max-snippet":"max-snippet:-1","max-image-preview":"max-image-preview:large","max-video-preview":"max-video-preview:-1"},"canonical":"https:\/\/www.africa-press.net\/tchad\/politique\/yaya-dillo-annule-sa-conference-de-presse-par-respect-a-la-justice","og_locale":"fr_FR","og_type":"article","og_title":"Yaya Dillo annule sa conf\u00e9rence de presse par \"respect \u00e0 la justice\"","og_description":"Le 22 ao\u00fbt 2022, le pr\u00e9sident du Tribunal de grande instance de N\u2019Djamena, Mahamat Saleh Adoum Dabara, a ordonn\u00e9 \u00e0 Yaya ...","og_url":"https:\/\/www.africa-press.net\/tchad\/politique\/yaya-dillo-annule-sa-conference-de-presse-par-respect-a-la-justice","og_site_name":"tchad","article_published_time":"2022-08-27T17:42:53+00:00","article_modified_time":"2022-08-27T18:10:06+00:00","og_image":[{"width":960,"height":540,"url":"https:\/\/static.africa-press.net\/tchad\/sites\/41\/2022\/08\/postQueueImg_22-630a5debcaa31.jpg","type":"image\/jpeg"}],"author":"cfeditorfr","twitter_card":"summary_large_image","twitter_misc":{"\u00c9crit par":"cfeditorfr","Dur\u00e9e de lecture estim\u00e9e":"2 minutes"},"schema":{"@context":"https:\/\/schema.org","@graph":[{"@type":"Article","@id":"https:\/\/www.africa-press.net\/tchad\/politique\/yaya-dillo-annule-sa-conference-de-presse-par-respect-a-la-justice#article","isPartOf":{"@id":"https:\/\/www.africa-press.net\/tchad\/politique\/yaya-dillo-annule-sa-conference-de-presse-par-respect-a-la-justice"},"author":{"name":"cfeditorfr","@id":"https:\/\/www.africa-press.net\/tchad\/#\/schema\/person\/2b1cf3cd81a31e3cd26889ca66d677f1"},"headline":"Yaya Dillo annule sa conf\u00e9rence de presse par \u00ab\u00a0respect \u00e0 la justice\u00a0\u00bb","datePublished":"2022-08-27T17:42:53+00:00","dateModified":"2022-08-27T18:10:06+00:00","mainEntityOfPage":{"@id":"https:\/\/www.africa-press.net\/tchad\/politique\/yaya-dillo-annule-sa-conference-de-presse-par-respect-a-la-justice"},"wordCount":310,"commentCount":0,"image":{"@id":"https:\/\/www.africa-press.net\/tchad\/politique\/yaya-dillo-annule-sa-conference-de-presse-par-respect-a-la-justice#primaryimage"},"thumbnailUrl":"https:\/\/static.africa-press.net\/tchad\/sites\/41\/2022\/08\/postQueueImg_22-630a5debcaa31.jpg","keywords":["Africa Press","Africa Press-Tchad","Tchad"],"articleSection":["homepage-french","Politique","Toutes les actualit\u00e9s"],"inLanguage":"fr-FR","potentialAction":[{"@type":"CommentAction","name":"Comment","target":["https:\/\/www.africa-press.net\/tchad\/politique\/yaya-dillo-annule-sa-conference-de-presse-par-respect-a-la-justice#respond"]}]},{"@type":"WebPage","@id":"https:\/\/www.africa-press.net\/tchad\/politique\/yaya-dillo-annule-sa-conference-de-presse-par-respect-a-la-justice","url":"https:\/\/www.africa-press.net\/tchad\/politique\/yaya-dillo-annule-sa-conference-de-presse-par-respect-a-la-justice","name":"Yaya Dillo annule sa conf\u00e9rence de presse par \"respect \u00e0 la justice\" - tchad","isPartOf":{"@id":"https:\/\/www.africa-press.net\/tchad\/#website"},"primaryImageOfPage":{"@id":"https:\/\/www.africa-press.net\/tchad\/politique\/yaya-dillo-annule-sa-conference-de-presse-par-respect-a-la-justice#primaryimage"},"image":{"@id":"https:\/\/www.africa-press.net\/tchad\/politique\/yaya-dillo-annule-sa-conference-de-presse-par-respect-a-la-justice#primaryimage"},"thumbnailUrl":"https:\/\/static.africa-press.net\/tchad\/sites\/41\/2022\/08\/postQueueImg_22-630a5debcaa31.jpg","datePublished":"2022-08-27T17:42:53+00:00","dateModified":"2022-08-27T18:10:06+00:00","author":{"@id":"https:\/\/www.africa-press.net\/tchad\/#\/schema\/person\/2b1cf3cd81a31e3cd26889ca66d677f1"},"description":"Le 22 ao\u00fbt 2022, le pr\u00e9sident du Tribunal de grande instance de N\u2019Djamena, Mahamat Saleh Adoum Dabara, a ordonn\u00e9 \u00e0 Yaya ...","breadcrumb":{"@id":"https:\/\/www.africa-press.net\/tchad\/politique\/yaya-dillo-annule-sa-conference-de-presse-par-respect-a-la-justice#breadcrumb"},"inLanguage":"fr-FR","potentialAction":[{"@type":"ReadAction","target":["https:\/\/www.africa-press.net\/tchad\/politique\/yaya-dillo-annule-sa-conference-de-presse-par-respect-a-la-justice"]}]},{"@type":"ImageObject","inLanguage":"fr-FR","@id":"https:\/\/www.africa-press.net\/tchad\/politique\/yaya-dillo-annule-sa-conference-de-presse-par-respect-a-la-justice#primaryimage","url":"https:\/\/static.africa-press.net\/tchad\/sites\/41\/2022\/08\/postQueueImg_22-630a5debcaa31.jpg","contentUrl":"https:\/\/static.africa-press.net\/tchad\/sites\/41\/2022\/08\/postQueueImg_22-630a5debcaa31.jpg","width":960,"height":540,"caption":"Yaya Dillo annule sa conf\u00e9rence de presse par \"respect \u00e0 la justice\""},{"@type":"BreadcrumbList","@id":"https:\/\/www.africa-press.net\/tchad\/politique\/yaya-dillo-annule-sa-conference-de-presse-par-respect-a-la-justice#breadcrumb","itemListElement":[{"@type":"ListItem","position":1,"name":"Accueil","item":"https:\/\/www.africa-press.net\/tchad\/"},{"@type":"ListItem","position":2,"name":"Yaya Dillo annule sa conf\u00e9rence de presse par &#8220;respect \u00e0 la justice&#8221;"}]},{"@type":"WebSite","@id":"https:\/\/www.africa-press.net\/tchad\/#website","url":"https:\/\/www.africa-press.net\/tchad\/","name":"tchad","description":"Just another Africa News Agency Sites site","potentialAction":[{"@type":"SearchAction","target":{"@type":"EntryPoint","urlTemplate":"https:\/\/www.africa-press.net\/tchad\/?s={search_term_string}"},"query-input":{"@type":"PropertyValueSpecification","valueRequired":true,"valueName":"search_term_string"}}],"inLanguage":"fr-FR"},{"@type":"Person","@id":"https:\/\/www.africa-press.net\/tchad\/#\/schema\/person\/2b1cf3cd81a31e3cd26889ca66d677f1","name":"cfeditorfr"}]}},"_links":{"self":[{"href":"https:\/\/www.africa-press.net\/tchad\/wp-json\/wp\/v2\/posts\/31363","targetHints":{"allow":["GET"]}}],"collection":[{"href":"https:\/\/www.africa-press.net\/tchad\/wp-json\/wp\/v2\/posts"}],"about":[{"href":"https:\/\/www.africa-press.net\/tchad\/wp-json\/wp\/v2\/types\/post"}],"author":[{"embeddable":true,"href":"https:\/\/www.africa-press.net\/tchad\/wp-json\/wp\/v2\/users\/82"}],"replies":[{"embeddable":true,"href":"https:\/\/www.africa-press.net\/tchad\/wp-json\/wp\/v2\/comments?post=31363"}],"version-history":[{"count":0,"href":"https:\/\/www.africa-press.net\/tchad\/wp-json\/wp\/v2\/posts\/31363\/revisions"}],"wp:featuredmedia":[{"embeddable":true,"href":"https:\/\/www.africa-press.net\/tchad\/wp-json\/wp\/v2\/media\/31362"}],"wp:attachment":[{"href":"https:\/\/www.africa-press.net\/tchad\/wp-json\/wp\/v2\/media?parent=31363"}],"wp:term":[{"taxonomy":"category","embeddable":true,"href":"https:\/\/www.africa-press.net\/tchad\/wp-json\/wp\/v2\/categories?post=31363"},{"taxonomy":"post_tag","embeddable":true,"href":"https:\/\/www.africa-press.net\/tchad\/wp-json\/wp\/v2\/tags?post=31363"}],"curies":[{"name":"wp","href":"https:\/\/api.w.org\/{rel}","templated":true}]}}