{"id":31384,"date":"2022-08-28T16:51:05","date_gmt":"2022-08-28T16:51:05","guid":{"rendered":"https:\/\/www.africa-press.net\/tchad\/politique\/match-tchad-vs-rdc-nous-navons-pas-la-pression-assure-le-selectionneur-des-sao"},"modified":"2022-08-28T17:26:27","modified_gmt":"2022-08-28T17:26:27","slug":"match-tchad-vs-rdc-nous-navons-pas-la-pression-assure-le-selectionneur-des-sao","status":"publish","type":"post","link":"https:\/\/www.africa-press.net\/tchad\/sports\/match-tchad-vs-rdc-nous-navons-pas-la-pression-assure-le-selectionneur-des-sao","title":{"rendered":"Match Tchad vs RDC : \u00ab\u00a0Nous n&rsquo;avons pas la pression\u00a0\u00bb, assure le s\u00e9lectionneur des SAO"},"content":{"rendered":"<p><span style=\"color: #ff6600\"><strong>Africa-Press &#8211; Tchad. <\/strong><\/span>Le s\u00e9lectionneur de l&rsquo;\u00e9quipe des SAO, Mahamat Alamine Abakar, s&rsquo;est exprim\u00e9 samedi en conf\u00e9rence de presse d&rsquo;avant-match. Il se dit confiant de la mobilisation de la communaut\u00e9 tchadienne pour soutenir leur \u00e9quipe, mais aussi des supporters camerounais.<\/p>\n<p>Le s\u00e9lectionneur de l&rsquo;\u00e9quipe de l&rsquo;\u00e9quipe reconnait que \u00ab\u00a0la RDC est un grand pays du football\u00a0\u00bb, ayant remport\u00e9 \u00e0 deux reprises le CHAN (2009 et 2016). <b>\u00ab\u00a0Nous en sommes conscients mais ce n&rsquo;est pas une pression pour nous. C&rsquo;est un d\u00e9fi. Pour nous au Tchad, \u00e7a reste la seule comp\u00e9tition majeure. On fait tout pour se qualifier pour le CHAN. Nous n&rsquo;avons pas la pression\u00a0\u00bb<\/b>, assure Mahamat Alamine Abakar.<\/p>\n<p>Sur deux joueurs des SAO bless\u00e9s, l&rsquo;un a repris l&rsquo;entra\u00eenement hier et sera \u00ab\u00a0surement\u00a0\u00bb dans le groupe pour le match, confie le s\u00e9lectionneur.<\/p>\n<p><strong>Pour plus d&rsquo;informations et d&rsquo;analyses sur la <a href=\"https:\/\/www.africa-press.net\/tchad\">Tchad<\/a>, suivez <a href=\"https:\/\/www.africa-press.net\/\">Africa-Press<\/a><\/strong><\/p>\n","protected":false},"excerpt":{"rendered":"<p>Africa-Press &#8211; Tchad. Le s\u00e9lectionneur de l&rsquo;\u00e9quipe des SAO, Mahamat Alamine Abakar, s&rsquo;est exprim\u00e9 samedi en conf\u00e9rence de presse d&rsquo;avant-match. Il se dit confiant de la mobilisation de la communaut\u00e9 tchadienne pour soutenir leur \u00e9quipe, mais aussi des supporters camerounais. Le s\u00e9lectionneur de l&rsquo;\u00e9quipe de l&rsquo;\u00e9quipe reconnait que \u00ab\u00a0la RDC est un grand pays du [&hellip;]<\/p>\n","protected":false},"author":82,"featured_media":31383,"comment_status":"open","ping_status":"closed","sticky":false,"template":"","format":"standard","meta":{"footnotes":""},"categories":[11,6,10],"tags":[37,292,29],"class_list":["post-31384","post","type-post","status-publish","format-standard","has-post-thumbnail","hentry","category-homepage-french","category-sports","category-toutes-les-actualites","tag-africa-press","tag-africa-press-tchad","tag-tchad"],"yoast_head":"<!-- This site is optimized with the Yoast SEO Premium plugin v26.1 (Yoast SEO v27.0) - https:\/\/yoast.com\/product\/yoast-seo-premium-wordpress\/ -->\n<title>Match Tchad vs RDC : &quot;Nous n&#039;avons pas la pression&quot;, assure le s\u00e9lectionneur des SAO - tchad<\/title>\n<meta name=\"description\" content=\"Le s\u00e9lectionneur de l&#039;\u00e9quipe des SAO, Mahamat Alamine Abakar, s&#039;est exprim\u00e9 samedi en conf\u00e9rence de presse d&#039;avant-match ...\" \/>\n<meta name=\"robots\" content=\"index, follow, max-snippet:-1, max-image-preview:large, max-video-preview:-1\" \/>\n<link rel=\"canonical\" href=\"https:\/\/www.africa-press.net\/tchad\/sports\/match-tchad-vs-rdc-nous-navons-pas-la-pression-assure-le-selectionneur-des-sao\" \/>\n<meta property=\"og:locale\" content=\"fr_FR\" \/>\n<meta property=\"og:type\" content=\"article\" \/>\n<meta property=\"og:title\" content=\"Match Tchad vs RDC : &quot;Nous n&#039;avons pas la pression&quot;, assure le s\u00e9lectionneur des SAO\" \/>\n<meta property=\"og:description\" content=\"Le s\u00e9lectionneur de l&#039;\u00e9quipe des SAO, Mahamat Alamine Abakar, s&#039;est exprim\u00e9 samedi en conf\u00e9rence de presse d&#039;avant-match ...\" \/>\n<meta property=\"og:url\" content=\"https:\/\/www.africa-press.net\/tchad\/sports\/match-tchad-vs-rdc-nous-navons-pas-la-pression-assure-le-selectionneur-des-sao\" \/>\n<meta property=\"og:site_name\" content=\"tchad\" \/>\n<meta property=\"article:published_time\" content=\"2022-08-28T16:51:05+00:00\" \/>\n<meta property=\"article:modified_time\" content=\"2022-08-28T17:26:27+00:00\" \/>\n<meta property=\"og:image\" content=\"https:\/\/static.africa-press.net\/tchad\/sites\/41\/2022\/08\/postQueueImg_22-630ba5229c591.jpg\" \/>\n\t<meta property=\"og:image:width\" content=\"959\" \/>\n\t<meta property=\"og:image:height\" content=\"542\" \/>\n\t<meta property=\"og:image:type\" content=\"image\/jpeg\" \/>\n<meta name=\"author\" content=\"cfeditorfr\" \/>\n<meta name=\"twitter:card\" content=\"summary_large_image\" \/>\n<meta name=\"twitter:label1\" content=\"\u00c9crit par\" \/>\n\t<meta name=\"twitter:data1\" content=\"cfeditorfr\" \/>\n\t<meta name=\"twitter:label2\" content=\"Dur\u00e9e de lecture estim\u00e9e\" \/>\n\t<meta name=\"twitter:data2\" content=\"1 minute\" \/>\n<script type=\"application\/ld+json\" class=\"yoast-schema-graph\">{\"@context\":\"https:\/\/schema.org\",\"@graph\":[{\"@type\":\"Article\",\"@id\":\"https:\/\/www.africa-press.net\/tchad\/sports\/match-tchad-vs-rdc-nous-navons-pas-la-pression-assure-le-selectionneur-des-sao#article\",\"isPartOf\":{\"@id\":\"https:\/\/www.africa-press.net\/tchad\/sports\/match-tchad-vs-rdc-nous-navons-pas-la-pression-assure-le-selectionneur-des-sao\"},\"author\":{\"name\":\"cfeditorfr\",\"@id\":\"https:\/\/www.africa-press.net\/tchad\/#\/schema\/person\/2b1cf3cd81a31e3cd26889ca66d677f1\"},\"headline\":\"Match Tchad vs RDC : \u00ab\u00a0Nous n&rsquo;avons pas la pression\u00a0\u00bb, assure le s\u00e9lectionneur des SAO\",\"datePublished\":\"2022-08-28T16:51:05+00:00\",\"dateModified\":\"2022-08-28T17:26:27+00:00\",\"mainEntityOfPage\":{\"@id\":\"https:\/\/www.africa-press.net\/tchad\/sports\/match-tchad-vs-rdc-nous-navons-pas-la-pression-assure-le-selectionneur-des-sao\"},\"wordCount\":175,\"commentCount\":0,\"image\":{\"@id\":\"https:\/\/www.africa-press.net\/tchad\/sports\/match-tchad-vs-rdc-nous-navons-pas-la-pression-assure-le-selectionneur-des-sao#primaryimage\"},\"thumbnailUrl\":\"https:\/\/static.africa-press.net\/tchad\/sites\/41\/2022\/08\/postQueueImg_22-630ba5229c591.jpg\",\"keywords\":[\"Africa Press\",\"Africa Press-Tchad\",\"Tchad\"],\"articleSection\":[\"homepage-french\",\"Sports\",\"Toutes les actualit\u00e9s\"],\"inLanguage\":\"fr-FR\",\"potentialAction\":[{\"@type\":\"CommentAction\",\"name\":\"Comment\",\"target\":[\"https:\/\/www.africa-press.net\/tchad\/sports\/match-tchad-vs-rdc-nous-navons-pas-la-pression-assure-le-selectionneur-des-sao#respond\"]}]},{\"@type\":\"WebPage\",\"@id\":\"https:\/\/www.africa-press.net\/tchad\/sports\/match-tchad-vs-rdc-nous-navons-pas-la-pression-assure-le-selectionneur-des-sao\",\"url\":\"https:\/\/www.africa-press.net\/tchad\/sports\/match-tchad-vs-rdc-nous-navons-pas-la-pression-assure-le-selectionneur-des-sao\",\"name\":\"Match Tchad vs RDC : \\\"Nous n'avons pas la pression\\\", assure le s\u00e9lectionneur des SAO - tchad\",\"isPartOf\":{\"@id\":\"https:\/\/www.africa-press.net\/tchad\/#website\"},\"primaryImageOfPage\":{\"@id\":\"https:\/\/www.africa-press.net\/tchad\/sports\/match-tchad-vs-rdc-nous-navons-pas-la-pression-assure-le-selectionneur-des-sao#primaryimage\"},\"image\":{\"@id\":\"https:\/\/www.africa-press.net\/tchad\/sports\/match-tchad-vs-rdc-nous-navons-pas-la-pression-assure-le-selectionneur-des-sao#primaryimage\"},\"thumbnailUrl\":\"https:\/\/static.africa-press.net\/tchad\/sites\/41\/2022\/08\/postQueueImg_22-630ba5229c591.jpg\",\"datePublished\":\"2022-08-28T16:51:05+00:00\",\"dateModified\":\"2022-08-28T17:26:27+00:00\",\"author\":{\"@id\":\"https:\/\/www.africa-press.net\/tchad\/#\/schema\/person\/2b1cf3cd81a31e3cd26889ca66d677f1\"},\"description\":\"Le s\u00e9lectionneur de l'\u00e9quipe des SAO, Mahamat Alamine Abakar, s'est exprim\u00e9 samedi en conf\u00e9rence de presse d'avant-match ...\",\"breadcrumb\":{\"@id\":\"https:\/\/www.africa-press.net\/tchad\/sports\/match-tchad-vs-rdc-nous-navons-pas-la-pression-assure-le-selectionneur-des-sao#breadcrumb\"},\"inLanguage\":\"fr-FR\",\"potentialAction\":[{\"@type\":\"ReadAction\",\"target\":[\"https:\/\/www.africa-press.net\/tchad\/sports\/match-tchad-vs-rdc-nous-navons-pas-la-pression-assure-le-selectionneur-des-sao\"]}]},{\"@type\":\"ImageObject\",\"inLanguage\":\"fr-FR\",\"@id\":\"https:\/\/www.africa-press.net\/tchad\/sports\/match-tchad-vs-rdc-nous-navons-pas-la-pression-assure-le-selectionneur-des-sao#primaryimage\",\"url\":\"https:\/\/static.africa-press.net\/tchad\/sites\/41\/2022\/08\/postQueueImg_22-630ba5229c591.jpg\",\"contentUrl\":\"https:\/\/static.africa-press.net\/tchad\/sites\/41\/2022\/08\/postQueueImg_22-630ba5229c591.jpg\",\"width\":959,\"height\":542,\"caption\":\"Match Tchad vs RDC : \\\"Nous n'avons pas la pression\\\", assure le s\u00e9lectionneur des SAO\"},{\"@type\":\"BreadcrumbList\",\"@id\":\"https:\/\/www.africa-press.net\/tchad\/sports\/match-tchad-vs-rdc-nous-navons-pas-la-pression-assure-le-selectionneur-des-sao#breadcrumb\",\"itemListElement\":[{\"@type\":\"ListItem\",\"position\":1,\"name\":\"Accueil\",\"item\":\"https:\/\/www.africa-press.net\/tchad\/\"},{\"@type\":\"ListItem\",\"position\":2,\"name\":\"Match Tchad vs RDC : &#8220;Nous n&#8217;avons pas la pression&#8221;, assure le s\u00e9lectionneur des SAO\"}]},{\"@type\":\"WebSite\",\"@id\":\"https:\/\/www.africa-press.net\/tchad\/#website\",\"url\":\"https:\/\/www.africa-press.net\/tchad\/\",\"name\":\"tchad\",\"description\":\"Just another Africa News Agency Sites site\",\"potentialAction\":[{\"@type\":\"SearchAction\",\"target\":{\"@type\":\"EntryPoint\",\"urlTemplate\":\"https:\/\/www.africa-press.net\/tchad\/?s={search_term_string}\"},\"query-input\":{\"@type\":\"PropertyValueSpecification\",\"valueRequired\":true,\"valueName\":\"search_term_string\"}}],\"inLanguage\":\"fr-FR\"},{\"@type\":\"Person\",\"@id\":\"https:\/\/www.africa-press.net\/tchad\/#\/schema\/person\/2b1cf3cd81a31e3cd26889ca66d677f1\",\"name\":\"cfeditorfr\"}]}<\/script>\n<!-- \/ Yoast SEO Premium plugin. -->","yoast_head_json":{"title":"Match Tchad vs RDC : \"Nous n'avons pas la pression\", assure le s\u00e9lectionneur des SAO - tchad","description":"Le s\u00e9lectionneur de l'\u00e9quipe des SAO, Mahamat Alamine Abakar, s'est exprim\u00e9 samedi en conf\u00e9rence de presse d'avant-match ...","robots":{"index":"index","follow":"follow","max-snippet":"max-snippet:-1","max-image-preview":"max-image-preview:large","max-video-preview":"max-video-preview:-1"},"canonical":"https:\/\/www.africa-press.net\/tchad\/sports\/match-tchad-vs-rdc-nous-navons-pas-la-pression-assure-le-selectionneur-des-sao","og_locale":"fr_FR","og_type":"article","og_title":"Match Tchad vs RDC : \"Nous n'avons pas la pression\", assure le s\u00e9lectionneur des SAO","og_description":"Le s\u00e9lectionneur de l'\u00e9quipe des SAO, Mahamat Alamine Abakar, s'est exprim\u00e9 samedi en conf\u00e9rence de presse d'avant-match ...","og_url":"https:\/\/www.africa-press.net\/tchad\/sports\/match-tchad-vs-rdc-nous-navons-pas-la-pression-assure-le-selectionneur-des-sao","og_site_name":"tchad","article_published_time":"2022-08-28T16:51:05+00:00","article_modified_time":"2022-08-28T17:26:27+00:00","og_image":[{"width":959,"height":542,"url":"https:\/\/static.africa-press.net\/tchad\/sites\/41\/2022\/08\/postQueueImg_22-630ba5229c591.jpg","type":"image\/jpeg"}],"author":"cfeditorfr","twitter_card":"summary_large_image","twitter_misc":{"\u00c9crit par":"cfeditorfr","Dur\u00e9e de lecture estim\u00e9e":"1 minute"},"schema":{"@context":"https:\/\/schema.org","@graph":[{"@type":"Article","@id":"https:\/\/www.africa-press.net\/tchad\/sports\/match-tchad-vs-rdc-nous-navons-pas-la-pression-assure-le-selectionneur-des-sao#article","isPartOf":{"@id":"https:\/\/www.africa-press.net\/tchad\/sports\/match-tchad-vs-rdc-nous-navons-pas-la-pression-assure-le-selectionneur-des-sao"},"author":{"name":"cfeditorfr","@id":"https:\/\/www.africa-press.net\/tchad\/#\/schema\/person\/2b1cf3cd81a31e3cd26889ca66d677f1"},"headline":"Match Tchad vs RDC : \u00ab\u00a0Nous n&rsquo;avons pas la pression\u00a0\u00bb, assure le s\u00e9lectionneur des SAO","datePublished":"2022-08-28T16:51:05+00:00","dateModified":"2022-08-28T17:26:27+00:00","mainEntityOfPage":{"@id":"https:\/\/www.africa-press.net\/tchad\/sports\/match-tchad-vs-rdc-nous-navons-pas-la-pression-assure-le-selectionneur-des-sao"},"wordCount":175,"commentCount":0,"image":{"@id":"https:\/\/www.africa-press.net\/tchad\/sports\/match-tchad-vs-rdc-nous-navons-pas-la-pression-assure-le-selectionneur-des-sao#primaryimage"},"thumbnailUrl":"https:\/\/static.africa-press.net\/tchad\/sites\/41\/2022\/08\/postQueueImg_22-630ba5229c591.jpg","keywords":["Africa Press","Africa Press-Tchad","Tchad"],"articleSection":["homepage-french","Sports","Toutes les actualit\u00e9s"],"inLanguage":"fr-FR","potentialAction":[{"@type":"CommentAction","name":"Comment","target":["https:\/\/www.africa-press.net\/tchad\/sports\/match-tchad-vs-rdc-nous-navons-pas-la-pression-assure-le-selectionneur-des-sao#respond"]}]},{"@type":"WebPage","@id":"https:\/\/www.africa-press.net\/tchad\/sports\/match-tchad-vs-rdc-nous-navons-pas-la-pression-assure-le-selectionneur-des-sao","url":"https:\/\/www.africa-press.net\/tchad\/sports\/match-tchad-vs-rdc-nous-navons-pas-la-pression-assure-le-selectionneur-des-sao","name":"Match Tchad vs RDC : \"Nous n'avons pas la pression\", assure le s\u00e9lectionneur des SAO - tchad","isPartOf":{"@id":"https:\/\/www.africa-press.net\/tchad\/#website"},"primaryImageOfPage":{"@id":"https:\/\/www.africa-press.net\/tchad\/sports\/match-tchad-vs-rdc-nous-navons-pas-la-pression-assure-le-selectionneur-des-sao#primaryimage"},"image":{"@id":"https:\/\/www.africa-press.net\/tchad\/sports\/match-tchad-vs-rdc-nous-navons-pas-la-pression-assure-le-selectionneur-des-sao#primaryimage"},"thumbnailUrl":"https:\/\/static.africa-press.net\/tchad\/sites\/41\/2022\/08\/postQueueImg_22-630ba5229c591.jpg","datePublished":"2022-08-28T16:51:05+00:00","dateModified":"2022-08-28T17:26:27+00:00","author":{"@id":"https:\/\/www.africa-press.net\/tchad\/#\/schema\/person\/2b1cf3cd81a31e3cd26889ca66d677f1"},"description":"Le s\u00e9lectionneur de l'\u00e9quipe des SAO, Mahamat Alamine Abakar, s'est exprim\u00e9 samedi en conf\u00e9rence de presse d'avant-match ...","breadcrumb":{"@id":"https:\/\/www.africa-press.net\/tchad\/sports\/match-tchad-vs-rdc-nous-navons-pas-la-pression-assure-le-selectionneur-des-sao#breadcrumb"},"inLanguage":"fr-FR","potentialAction":[{"@type":"ReadAction","target":["https:\/\/www.africa-press.net\/tchad\/sports\/match-tchad-vs-rdc-nous-navons-pas-la-pression-assure-le-selectionneur-des-sao"]}]},{"@type":"ImageObject","inLanguage":"fr-FR","@id":"https:\/\/www.africa-press.net\/tchad\/sports\/match-tchad-vs-rdc-nous-navons-pas-la-pression-assure-le-selectionneur-des-sao#primaryimage","url":"https:\/\/static.africa-press.net\/tchad\/sites\/41\/2022\/08\/postQueueImg_22-630ba5229c591.jpg","contentUrl":"https:\/\/static.africa-press.net\/tchad\/sites\/41\/2022\/08\/postQueueImg_22-630ba5229c591.jpg","width":959,"height":542,"caption":"Match Tchad vs RDC : \"Nous n'avons pas la pression\", assure le s\u00e9lectionneur des SAO"},{"@type":"BreadcrumbList","@id":"https:\/\/www.africa-press.net\/tchad\/sports\/match-tchad-vs-rdc-nous-navons-pas-la-pression-assure-le-selectionneur-des-sao#breadcrumb","itemListElement":[{"@type":"ListItem","position":1,"name":"Accueil","item":"https:\/\/www.africa-press.net\/tchad\/"},{"@type":"ListItem","position":2,"name":"Match Tchad vs RDC : &#8220;Nous n&#8217;avons pas la pression&#8221;, assure le s\u00e9lectionneur des SAO"}]},{"@type":"WebSite","@id":"https:\/\/www.africa-press.net\/tchad\/#website","url":"https:\/\/www.africa-press.net\/tchad\/","name":"tchad","description":"Just another Africa News Agency Sites site","potentialAction":[{"@type":"SearchAction","target":{"@type":"EntryPoint","urlTemplate":"https:\/\/www.africa-press.net\/tchad\/?s={search_term_string}"},"query-input":{"@type":"PropertyValueSpecification","valueRequired":true,"valueName":"search_term_string"}}],"inLanguage":"fr-FR"},{"@type":"Person","@id":"https:\/\/www.africa-press.net\/tchad\/#\/schema\/person\/2b1cf3cd81a31e3cd26889ca66d677f1","name":"cfeditorfr"}]}},"_links":{"self":[{"href":"https:\/\/www.africa-press.net\/tchad\/wp-json\/wp\/v2\/posts\/31384","targetHints":{"allow":["GET"]}}],"collection":[{"href":"https:\/\/www.africa-press.net\/tchad\/wp-json\/wp\/v2\/posts"}],"about":[{"href":"https:\/\/www.africa-press.net\/tchad\/wp-json\/wp\/v2\/types\/post"}],"author":[{"embeddable":true,"href":"https:\/\/www.africa-press.net\/tchad\/wp-json\/wp\/v2\/users\/82"}],"replies":[{"embeddable":true,"href":"https:\/\/www.africa-press.net\/tchad\/wp-json\/wp\/v2\/comments?post=31384"}],"version-history":[{"count":0,"href":"https:\/\/www.africa-press.net\/tchad\/wp-json\/wp\/v2\/posts\/31384\/revisions"}],"wp:featuredmedia":[{"embeddable":true,"href":"https:\/\/www.africa-press.net\/tchad\/wp-json\/wp\/v2\/media\/31383"}],"wp:attachment":[{"href":"https:\/\/www.africa-press.net\/tchad\/wp-json\/wp\/v2\/media?parent=31384"}],"wp:term":[{"taxonomy":"category","embeddable":true,"href":"https:\/\/www.africa-press.net\/tchad\/wp-json\/wp\/v2\/categories?post=31384"},{"taxonomy":"post_tag","embeddable":true,"href":"https:\/\/www.africa-press.net\/tchad\/wp-json\/wp\/v2\/tags?post=31384"}],"curies":[{"name":"wp","href":"https:\/\/api.w.org\/{rel}","templated":true}]}}