{"id":31392,"date":"2022-08-28T16:52:26","date_gmt":"2022-08-28T16:52:26","guid":{"rendered":"https:\/\/www.africa-press.net\/tchad\/politique\/le-mali-prone-le-renforcement-de-sa-cooperation-avec-le-tchad"},"modified":"2022-08-28T17:27:38","modified_gmt":"2022-08-28T17:27:38","slug":"le-mali-prone-le-renforcement-de-sa-cooperation-avec-le-tchad","status":"publish","type":"post","link":"https:\/\/www.africa-press.net\/tchad\/politique\/le-mali-prone-le-renforcement-de-sa-cooperation-avec-le-tchad","title":{"rendered":"Le Mali pr\u00f4ne le renforcement de sa coop\u00e9ration avec le Tchad"},"content":{"rendered":"<p><span style=\"color: #ff6600\"><strong>Africa-Press &#8211; Tchad. <\/strong><\/span>Avant de rejoindre son poste \u00e0 N&rsquo;Diamena, l&rsquo;attach\u00e9 de d\u00e9fense a recueilli les conseils du ministre sur certains aspects li\u00e9s \u00e0 ses nouvelles missions et, surtout, \u00e0 un moment o\u00f9 la question du G5 Sahel se pose avec acuit\u00e9.<\/p>\n<p>Apr\u00e8s avoir f\u00e9licit\u00e9 son h\u00f4te pour sa nomination, le ministre a rappel\u00e9 le r\u00f4le jou\u00e9 par l&rsquo;arm\u00e9e tchadienne, au tout d\u00e9but de la crise, dans la lutte contre le terrorisme au Mali, ainsi que sa pr\u00e9sence au sein de la MINUSMA.<\/p>\n<p>Poursuivant, le ministre dira qu&rsquo;il est plus que souhaitable que la coop\u00e9ration entre le Tchad et le Mali soit renforc\u00e9e pour le bonheur des deux peuples.<\/p>\n<p><strong>Pour plus d&rsquo;informations et d&rsquo;analyses sur la <a href=\"https:\/\/www.africa-press.net\/tchad\">Tchad<\/a>, suivez <a href=\"https:\/\/www.africa-press.net\/\">Africa-Press<\/a><\/strong><\/p>\n","protected":false},"excerpt":{"rendered":"<p>Africa-Press &#8211; Tchad. Avant de rejoindre son poste \u00e0 N&rsquo;Diamena, l&rsquo;attach\u00e9 de d\u00e9fense a recueilli les conseils du ministre sur certains aspects li\u00e9s \u00e0 ses nouvelles missions et, surtout, \u00e0 un moment o\u00f9 la question du G5 Sahel se pose avec acuit\u00e9. Apr\u00e8s avoir f\u00e9licit\u00e9 son h\u00f4te pour sa nomination, le ministre a rappel\u00e9 le [&hellip;]<\/p>\n","protected":false},"author":82,"featured_media":31391,"comment_status":"open","ping_status":"closed","sticky":false,"template":"","format":"standard","meta":{"footnotes":""},"categories":[11,2,20,10],"tags":[37,292,29],"class_list":["post-31392","post","type-post","status-publish","format-standard","has-post-thumbnail","hentry","category-homepage-french","category-politique","category-top-nouvelles","category-toutes-les-actualites","tag-africa-press","tag-africa-press-tchad","tag-tchad"],"yoast_head":"<!-- This site is optimized with the Yoast SEO Premium plugin v26.1 (Yoast SEO v27.0) - https:\/\/yoast.com\/product\/yoast-seo-premium-wordpress\/ -->\n<title>Le Mali pr\u00f4ne le renforcement de sa coop\u00e9ration avec le Tchad - tchad<\/title>\n<meta name=\"description\" content=\"Avant de rejoindre son poste \u00e0 N&#039;Diamena, l&#039;attach\u00e9 de d\u00e9fense a recueilli les conseils du ministre sur certains aspects ...\" \/>\n<meta name=\"robots\" content=\"index, follow, max-snippet:-1, max-image-preview:large, max-video-preview:-1\" \/>\n<link rel=\"canonical\" href=\"https:\/\/www.africa-press.net\/tchad\/politique\/le-mali-prone-le-renforcement-de-sa-cooperation-avec-le-tchad\" \/>\n<meta property=\"og:locale\" content=\"fr_FR\" \/>\n<meta property=\"og:type\" content=\"article\" \/>\n<meta property=\"og:title\" content=\"Le Mali pr\u00f4ne le renforcement de sa coop\u00e9ration avec le Tchad\" \/>\n<meta property=\"og:description\" content=\"Avant de rejoindre son poste \u00e0 N&#039;Diamena, l&#039;attach\u00e9 de d\u00e9fense a recueilli les conseils du ministre sur certains aspects ...\" \/>\n<meta property=\"og:url\" content=\"https:\/\/www.africa-press.net\/tchad\/politique\/le-mali-prone-le-renforcement-de-sa-cooperation-avec-le-tchad\" \/>\n<meta property=\"og:site_name\" content=\"tchad\" \/>\n<meta property=\"article:published_time\" content=\"2022-08-28T16:52:26+00:00\" \/>\n<meta property=\"article:modified_time\" content=\"2022-08-28T17:27:38+00:00\" \/>\n<meta property=\"og:image\" content=\"https:\/\/static.africa-press.net\/tchad\/sites\/41\/2022\/08\/postQueueImg_24-630ba56e4b33b.jpg\" \/>\n\t<meta property=\"og:image:width\" content=\"720\" \/>\n\t<meta property=\"og:image:height\" content=\"480\" \/>\n\t<meta property=\"og:image:type\" content=\"image\/jpeg\" \/>\n<meta name=\"author\" content=\"cfeditorfr\" \/>\n<meta name=\"twitter:card\" content=\"summary_large_image\" \/>\n<meta name=\"twitter:label1\" content=\"\u00c9crit par\" \/>\n\t<meta name=\"twitter:data1\" content=\"cfeditorfr\" \/>\n\t<meta name=\"twitter:label2\" content=\"Dur\u00e9e de lecture estim\u00e9e\" \/>\n\t<meta name=\"twitter:data2\" content=\"1 minute\" \/>\n<script type=\"application\/ld+json\" class=\"yoast-schema-graph\">{\"@context\":\"https:\/\/schema.org\",\"@graph\":[{\"@type\":\"Article\",\"@id\":\"https:\/\/www.africa-press.net\/tchad\/politique\/le-mali-prone-le-renforcement-de-sa-cooperation-avec-le-tchad#article\",\"isPartOf\":{\"@id\":\"https:\/\/www.africa-press.net\/tchad\/politique\/le-mali-prone-le-renforcement-de-sa-cooperation-avec-le-tchad\"},\"author\":{\"name\":\"cfeditorfr\",\"@id\":\"https:\/\/www.africa-press.net\/tchad\/#\/schema\/person\/2b1cf3cd81a31e3cd26889ca66d677f1\"},\"headline\":\"Le Mali pr\u00f4ne le renforcement de sa coop\u00e9ration avec le Tchad\",\"datePublished\":\"2022-08-28T16:52:26+00:00\",\"dateModified\":\"2022-08-28T17:27:38+00:00\",\"mainEntityOfPage\":{\"@id\":\"https:\/\/www.africa-press.net\/tchad\/politique\/le-mali-prone-le-renforcement-de-sa-cooperation-avec-le-tchad\"},\"wordCount\":146,\"commentCount\":0,\"image\":{\"@id\":\"https:\/\/www.africa-press.net\/tchad\/politique\/le-mali-prone-le-renforcement-de-sa-cooperation-avec-le-tchad#primaryimage\"},\"thumbnailUrl\":\"https:\/\/static.africa-press.net\/tchad\/sites\/41\/2022\/08\/postQueueImg_24-630ba56e4b33b.jpg\",\"keywords\":[\"Africa Press\",\"Africa Press-Tchad\",\"Tchad\"],\"articleSection\":[\"homepage-french\",\"Politique\",\"Top Nouvelles\",\"Toutes les actualit\u00e9s\"],\"inLanguage\":\"fr-FR\",\"potentialAction\":[{\"@type\":\"CommentAction\",\"name\":\"Comment\",\"target\":[\"https:\/\/www.africa-press.net\/tchad\/politique\/le-mali-prone-le-renforcement-de-sa-cooperation-avec-le-tchad#respond\"]}]},{\"@type\":\"WebPage\",\"@id\":\"https:\/\/www.africa-press.net\/tchad\/politique\/le-mali-prone-le-renforcement-de-sa-cooperation-avec-le-tchad\",\"url\":\"https:\/\/www.africa-press.net\/tchad\/politique\/le-mali-prone-le-renforcement-de-sa-cooperation-avec-le-tchad\",\"name\":\"Le Mali pr\u00f4ne le renforcement de sa coop\u00e9ration avec le Tchad - tchad\",\"isPartOf\":{\"@id\":\"https:\/\/www.africa-press.net\/tchad\/#website\"},\"primaryImageOfPage\":{\"@id\":\"https:\/\/www.africa-press.net\/tchad\/politique\/le-mali-prone-le-renforcement-de-sa-cooperation-avec-le-tchad#primaryimage\"},\"image\":{\"@id\":\"https:\/\/www.africa-press.net\/tchad\/politique\/le-mali-prone-le-renforcement-de-sa-cooperation-avec-le-tchad#primaryimage\"},\"thumbnailUrl\":\"https:\/\/static.africa-press.net\/tchad\/sites\/41\/2022\/08\/postQueueImg_24-630ba56e4b33b.jpg\",\"datePublished\":\"2022-08-28T16:52:26+00:00\",\"dateModified\":\"2022-08-28T17:27:38+00:00\",\"author\":{\"@id\":\"https:\/\/www.africa-press.net\/tchad\/#\/schema\/person\/2b1cf3cd81a31e3cd26889ca66d677f1\"},\"description\":\"Avant de rejoindre son poste \u00e0 N'Diamena, l'attach\u00e9 de d\u00e9fense a recueilli les conseils du ministre sur certains aspects ...\",\"breadcrumb\":{\"@id\":\"https:\/\/www.africa-press.net\/tchad\/politique\/le-mali-prone-le-renforcement-de-sa-cooperation-avec-le-tchad#breadcrumb\"},\"inLanguage\":\"fr-FR\",\"potentialAction\":[{\"@type\":\"ReadAction\",\"target\":[\"https:\/\/www.africa-press.net\/tchad\/politique\/le-mali-prone-le-renforcement-de-sa-cooperation-avec-le-tchad\"]}]},{\"@type\":\"ImageObject\",\"inLanguage\":\"fr-FR\",\"@id\":\"https:\/\/www.africa-press.net\/tchad\/politique\/le-mali-prone-le-renforcement-de-sa-cooperation-avec-le-tchad#primaryimage\",\"url\":\"https:\/\/static.africa-press.net\/tchad\/sites\/41\/2022\/08\/postQueueImg_24-630ba56e4b33b.jpg\",\"contentUrl\":\"https:\/\/static.africa-press.net\/tchad\/sites\/41\/2022\/08\/postQueueImg_24-630ba56e4b33b.jpg\",\"width\":720,\"height\":480,\"caption\":\"Le Mali pr\u00f4ne le renforcement de sa coop\u00e9ration avec le Tchad\"},{\"@type\":\"BreadcrumbList\",\"@id\":\"https:\/\/www.africa-press.net\/tchad\/politique\/le-mali-prone-le-renforcement-de-sa-cooperation-avec-le-tchad#breadcrumb\",\"itemListElement\":[{\"@type\":\"ListItem\",\"position\":1,\"name\":\"Accueil\",\"item\":\"https:\/\/www.africa-press.net\/tchad\/\"},{\"@type\":\"ListItem\",\"position\":2,\"name\":\"Le Mali pr\u00f4ne le renforcement de sa coop\u00e9ration avec le Tchad\"}]},{\"@type\":\"WebSite\",\"@id\":\"https:\/\/www.africa-press.net\/tchad\/#website\",\"url\":\"https:\/\/www.africa-press.net\/tchad\/\",\"name\":\"tchad\",\"description\":\"Just another Africa News Agency Sites site\",\"potentialAction\":[{\"@type\":\"SearchAction\",\"target\":{\"@type\":\"EntryPoint\",\"urlTemplate\":\"https:\/\/www.africa-press.net\/tchad\/?s={search_term_string}\"},\"query-input\":{\"@type\":\"PropertyValueSpecification\",\"valueRequired\":true,\"valueName\":\"search_term_string\"}}],\"inLanguage\":\"fr-FR\"},{\"@type\":\"Person\",\"@id\":\"https:\/\/www.africa-press.net\/tchad\/#\/schema\/person\/2b1cf3cd81a31e3cd26889ca66d677f1\",\"name\":\"cfeditorfr\"}]}<\/script>\n<!-- \/ Yoast SEO Premium plugin. -->","yoast_head_json":{"title":"Le Mali pr\u00f4ne le renforcement de sa coop\u00e9ration avec le Tchad - tchad","description":"Avant de rejoindre son poste \u00e0 N'Diamena, l'attach\u00e9 de d\u00e9fense a recueilli les conseils du ministre sur certains aspects ...","robots":{"index":"index","follow":"follow","max-snippet":"max-snippet:-1","max-image-preview":"max-image-preview:large","max-video-preview":"max-video-preview:-1"},"canonical":"https:\/\/www.africa-press.net\/tchad\/politique\/le-mali-prone-le-renforcement-de-sa-cooperation-avec-le-tchad","og_locale":"fr_FR","og_type":"article","og_title":"Le Mali pr\u00f4ne le renforcement de sa coop\u00e9ration avec le Tchad","og_description":"Avant de rejoindre son poste \u00e0 N'Diamena, l'attach\u00e9 de d\u00e9fense a recueilli les conseils du ministre sur certains aspects ...","og_url":"https:\/\/www.africa-press.net\/tchad\/politique\/le-mali-prone-le-renforcement-de-sa-cooperation-avec-le-tchad","og_site_name":"tchad","article_published_time":"2022-08-28T16:52:26+00:00","article_modified_time":"2022-08-28T17:27:38+00:00","og_image":[{"width":720,"height":480,"url":"https:\/\/static.africa-press.net\/tchad\/sites\/41\/2022\/08\/postQueueImg_24-630ba56e4b33b.jpg","type":"image\/jpeg"}],"author":"cfeditorfr","twitter_card":"summary_large_image","twitter_misc":{"\u00c9crit par":"cfeditorfr","Dur\u00e9e de lecture estim\u00e9e":"1 minute"},"schema":{"@context":"https:\/\/schema.org","@graph":[{"@type":"Article","@id":"https:\/\/www.africa-press.net\/tchad\/politique\/le-mali-prone-le-renforcement-de-sa-cooperation-avec-le-tchad#article","isPartOf":{"@id":"https:\/\/www.africa-press.net\/tchad\/politique\/le-mali-prone-le-renforcement-de-sa-cooperation-avec-le-tchad"},"author":{"name":"cfeditorfr","@id":"https:\/\/www.africa-press.net\/tchad\/#\/schema\/person\/2b1cf3cd81a31e3cd26889ca66d677f1"},"headline":"Le Mali pr\u00f4ne le renforcement de sa coop\u00e9ration avec le Tchad","datePublished":"2022-08-28T16:52:26+00:00","dateModified":"2022-08-28T17:27:38+00:00","mainEntityOfPage":{"@id":"https:\/\/www.africa-press.net\/tchad\/politique\/le-mali-prone-le-renforcement-de-sa-cooperation-avec-le-tchad"},"wordCount":146,"commentCount":0,"image":{"@id":"https:\/\/www.africa-press.net\/tchad\/politique\/le-mali-prone-le-renforcement-de-sa-cooperation-avec-le-tchad#primaryimage"},"thumbnailUrl":"https:\/\/static.africa-press.net\/tchad\/sites\/41\/2022\/08\/postQueueImg_24-630ba56e4b33b.jpg","keywords":["Africa Press","Africa Press-Tchad","Tchad"],"articleSection":["homepage-french","Politique","Top Nouvelles","Toutes les actualit\u00e9s"],"inLanguage":"fr-FR","potentialAction":[{"@type":"CommentAction","name":"Comment","target":["https:\/\/www.africa-press.net\/tchad\/politique\/le-mali-prone-le-renforcement-de-sa-cooperation-avec-le-tchad#respond"]}]},{"@type":"WebPage","@id":"https:\/\/www.africa-press.net\/tchad\/politique\/le-mali-prone-le-renforcement-de-sa-cooperation-avec-le-tchad","url":"https:\/\/www.africa-press.net\/tchad\/politique\/le-mali-prone-le-renforcement-de-sa-cooperation-avec-le-tchad","name":"Le Mali pr\u00f4ne le renforcement de sa coop\u00e9ration avec le Tchad - tchad","isPartOf":{"@id":"https:\/\/www.africa-press.net\/tchad\/#website"},"primaryImageOfPage":{"@id":"https:\/\/www.africa-press.net\/tchad\/politique\/le-mali-prone-le-renforcement-de-sa-cooperation-avec-le-tchad#primaryimage"},"image":{"@id":"https:\/\/www.africa-press.net\/tchad\/politique\/le-mali-prone-le-renforcement-de-sa-cooperation-avec-le-tchad#primaryimage"},"thumbnailUrl":"https:\/\/static.africa-press.net\/tchad\/sites\/41\/2022\/08\/postQueueImg_24-630ba56e4b33b.jpg","datePublished":"2022-08-28T16:52:26+00:00","dateModified":"2022-08-28T17:27:38+00:00","author":{"@id":"https:\/\/www.africa-press.net\/tchad\/#\/schema\/person\/2b1cf3cd81a31e3cd26889ca66d677f1"},"description":"Avant de rejoindre son poste \u00e0 N'Diamena, l'attach\u00e9 de d\u00e9fense a recueilli les conseils du ministre sur certains aspects ...","breadcrumb":{"@id":"https:\/\/www.africa-press.net\/tchad\/politique\/le-mali-prone-le-renforcement-de-sa-cooperation-avec-le-tchad#breadcrumb"},"inLanguage":"fr-FR","potentialAction":[{"@type":"ReadAction","target":["https:\/\/www.africa-press.net\/tchad\/politique\/le-mali-prone-le-renforcement-de-sa-cooperation-avec-le-tchad"]}]},{"@type":"ImageObject","inLanguage":"fr-FR","@id":"https:\/\/www.africa-press.net\/tchad\/politique\/le-mali-prone-le-renforcement-de-sa-cooperation-avec-le-tchad#primaryimage","url":"https:\/\/static.africa-press.net\/tchad\/sites\/41\/2022\/08\/postQueueImg_24-630ba56e4b33b.jpg","contentUrl":"https:\/\/static.africa-press.net\/tchad\/sites\/41\/2022\/08\/postQueueImg_24-630ba56e4b33b.jpg","width":720,"height":480,"caption":"Le Mali pr\u00f4ne le renforcement de sa coop\u00e9ration avec le Tchad"},{"@type":"BreadcrumbList","@id":"https:\/\/www.africa-press.net\/tchad\/politique\/le-mali-prone-le-renforcement-de-sa-cooperation-avec-le-tchad#breadcrumb","itemListElement":[{"@type":"ListItem","position":1,"name":"Accueil","item":"https:\/\/www.africa-press.net\/tchad\/"},{"@type":"ListItem","position":2,"name":"Le Mali pr\u00f4ne le renforcement de sa coop\u00e9ration avec le Tchad"}]},{"@type":"WebSite","@id":"https:\/\/www.africa-press.net\/tchad\/#website","url":"https:\/\/www.africa-press.net\/tchad\/","name":"tchad","description":"Just another Africa News Agency Sites site","potentialAction":[{"@type":"SearchAction","target":{"@type":"EntryPoint","urlTemplate":"https:\/\/www.africa-press.net\/tchad\/?s={search_term_string}"},"query-input":{"@type":"PropertyValueSpecification","valueRequired":true,"valueName":"search_term_string"}}],"inLanguage":"fr-FR"},{"@type":"Person","@id":"https:\/\/www.africa-press.net\/tchad\/#\/schema\/person\/2b1cf3cd81a31e3cd26889ca66d677f1","name":"cfeditorfr"}]}},"_links":{"self":[{"href":"https:\/\/www.africa-press.net\/tchad\/wp-json\/wp\/v2\/posts\/31392","targetHints":{"allow":["GET"]}}],"collection":[{"href":"https:\/\/www.africa-press.net\/tchad\/wp-json\/wp\/v2\/posts"}],"about":[{"href":"https:\/\/www.africa-press.net\/tchad\/wp-json\/wp\/v2\/types\/post"}],"author":[{"embeddable":true,"href":"https:\/\/www.africa-press.net\/tchad\/wp-json\/wp\/v2\/users\/82"}],"replies":[{"embeddable":true,"href":"https:\/\/www.africa-press.net\/tchad\/wp-json\/wp\/v2\/comments?post=31392"}],"version-history":[{"count":0,"href":"https:\/\/www.africa-press.net\/tchad\/wp-json\/wp\/v2\/posts\/31392\/revisions"}],"wp:featuredmedia":[{"embeddable":true,"href":"https:\/\/www.africa-press.net\/tchad\/wp-json\/wp\/v2\/media\/31391"}],"wp:attachment":[{"href":"https:\/\/www.africa-press.net\/tchad\/wp-json\/wp\/v2\/media?parent=31392"}],"wp:term":[{"taxonomy":"category","embeddable":true,"href":"https:\/\/www.africa-press.net\/tchad\/wp-json\/wp\/v2\/categories?post=31392"},{"taxonomy":"post_tag","embeddable":true,"href":"https:\/\/www.africa-press.net\/tchad\/wp-json\/wp\/v2\/tags?post=31392"}],"curies":[{"name":"wp","href":"https:\/\/api.w.org\/{rel}","templated":true}]}}