{"id":31405,"date":"2022-08-28T16:54:40","date_gmt":"2022-08-28T16:54:40","guid":{"rendered":"https:\/\/www.africa-press.net\/tchad\/politique\/dialogue-au-tchad-dr-brahim-oguelemi-est-candidat-pour-integrer-le-presidium"},"modified":"2022-08-28T17:30:31","modified_gmt":"2022-08-28T17:30:31","slug":"dialogue-au-tchad-dr-brahim-oguelemi-est-candidat-pour-integrer-le-presidium","status":"publish","type":"post","link":"https:\/\/www.africa-press.net\/tchad\/politique\/dialogue-au-tchad-dr-brahim-oguelemi-est-candidat-pour-integrer-le-presidium","title":{"rendered":"Dialogue au Tchad : Dr. Brahim Oguelemi est candidat pour int\u00e9grer le Pr\u00e9sidium"},"content":{"rendered":"<p><span style=\"color: #ff6600\"><strong>Africa-Press &#8211; Tchad. <\/strong><\/span>Brahim Oguelemi, ancien activiste fra\u00eechement rentr\u00e9 au pays et personne ressource au dialogue national, est candidat \u00e0 un poste au futur Pr\u00e9sidium.<\/p>\n<p><b>\u00ab Je candidate pour \u00eatre l&rsquo;un des rapporteurs g\u00e9n\u00e9raux adjoints du Pr\u00e9sidium \u00bb<\/b>, a-t-il d\u00e9clar\u00e9 \u00e0 Alwihda Info.<\/p>\n<p>Les rapporteurs g\u00e9n\u00e9raux adjoints sont charg\u00e9s d&rsquo;\u00e9laborer les synth\u00e8ses des travaux de mani\u00e8re consensuelle, sous la responsabilit\u00e9 et la supervision du rapporteur g\u00e9n\u00e9ral, mais aussi de la prise des notes, de la pr\u00e9paration des synth\u00e8ses des travaux, de l&rsquo;initiation des projets de d\u00e9cisions et r\u00e9solutions \u00e0 soumettre \u00e0 la pl\u00e9ni\u00e8re, ainsi que de la r\u00e9daction du rapport final du dialogue national inclusif et souverain.<\/p>\n<p><strong>Pour plus d&rsquo;informations et d&rsquo;analyses sur la <a href=\"https:\/\/www.africa-press.net\/tchad\">Tchad<\/a>, suivez <a href=\"https:\/\/www.africa-press.net\/\">Africa-Press<\/a><\/strong><\/p>\n","protected":false},"excerpt":{"rendered":"<p>Africa-Press &#8211; Tchad. Brahim Oguelemi, ancien activiste fra\u00eechement rentr\u00e9 au pays et personne ressource au dialogue national, est candidat \u00e0 un poste au futur Pr\u00e9sidium. \u00ab Je candidate pour \u00eatre l&rsquo;un des rapporteurs g\u00e9n\u00e9raux adjoints du Pr\u00e9sidium \u00bb, a-t-il d\u00e9clar\u00e9 \u00e0 Alwihda Info. Les rapporteurs g\u00e9n\u00e9raux adjoints sont charg\u00e9s d&rsquo;\u00e9laborer les synth\u00e8ses des travaux de [&hellip;]<\/p>\n","protected":false},"author":82,"featured_media":31404,"comment_status":"open","ping_status":"closed","sticky":false,"template":"","format":"standard","meta":{"footnotes":""},"categories":[11,2,10],"tags":[37,292,29],"class_list":["post-31405","post","type-post","status-publish","format-standard","has-post-thumbnail","hentry","category-homepage-french","category-politique","category-toutes-les-actualites","tag-africa-press","tag-africa-press-tchad","tag-tchad"],"yoast_head":"<!-- This site is optimized with the Yoast SEO Premium plugin v26.1 (Yoast SEO v27.0) - https:\/\/yoast.com\/product\/yoast-seo-premium-wordpress\/ -->\n<title>Dialogue au Tchad : Dr. Brahim Oguelemi est candidat pour int\u00e9grer le Pr\u00e9sidium - tchad<\/title>\n<meta name=\"description\" content=\"Brahim Oguelemi, ancien activiste fra\u00eechement rentr\u00e9 au pays et personne ressource au dialogue national, est candidat \u00e0 ...\" \/>\n<meta name=\"robots\" content=\"index, follow, max-snippet:-1, max-image-preview:large, max-video-preview:-1\" \/>\n<link rel=\"canonical\" href=\"https:\/\/www.africa-press.net\/tchad\/politique\/dialogue-au-tchad-dr-brahim-oguelemi-est-candidat-pour-integrer-le-presidium\" \/>\n<meta property=\"og:locale\" content=\"fr_FR\" \/>\n<meta property=\"og:type\" content=\"article\" \/>\n<meta property=\"og:title\" content=\"Dialogue au Tchad : Dr. Brahim Oguelemi est candidat pour int\u00e9grer le Pr\u00e9sidium\" \/>\n<meta property=\"og:description\" content=\"Brahim Oguelemi, ancien activiste fra\u00eechement rentr\u00e9 au pays et personne ressource au dialogue national, est candidat \u00e0 ...\" \/>\n<meta property=\"og:url\" content=\"https:\/\/www.africa-press.net\/tchad\/politique\/dialogue-au-tchad-dr-brahim-oguelemi-est-candidat-pour-integrer-le-presidium\" \/>\n<meta property=\"og:site_name\" content=\"tchad\" \/>\n<meta property=\"article:published_time\" content=\"2022-08-28T16:54:40+00:00\" \/>\n<meta property=\"article:modified_time\" content=\"2022-08-28T17:30:31+00:00\" \/>\n<meta property=\"og:image\" content=\"https:\/\/static.africa-press.net\/tchad\/sites\/41\/2022\/08\/postQueueImg_28-630ba612a26b4.jpg\" \/>\n\t<meta property=\"og:image:width\" content=\"1080\" \/>\n\t<meta property=\"og:image:height\" content=\"718\" \/>\n\t<meta property=\"og:image:type\" content=\"image\/jpeg\" \/>\n<meta name=\"author\" content=\"cfeditorfr\" \/>\n<meta name=\"twitter:card\" content=\"summary_large_image\" \/>\n<meta name=\"twitter:label1\" content=\"\u00c9crit par\" \/>\n\t<meta name=\"twitter:data1\" content=\"cfeditorfr\" \/>\n\t<meta name=\"twitter:label2\" content=\"Dur\u00e9e de lecture estim\u00e9e\" \/>\n\t<meta name=\"twitter:data2\" content=\"1 minute\" \/>\n<script type=\"application\/ld+json\" class=\"yoast-schema-graph\">{\"@context\":\"https:\/\/schema.org\",\"@graph\":[{\"@type\":\"Article\",\"@id\":\"https:\/\/www.africa-press.net\/tchad\/politique\/dialogue-au-tchad-dr-brahim-oguelemi-est-candidat-pour-integrer-le-presidium#article\",\"isPartOf\":{\"@id\":\"https:\/\/www.africa-press.net\/tchad\/politique\/dialogue-au-tchad-dr-brahim-oguelemi-est-candidat-pour-integrer-le-presidium\"},\"author\":{\"name\":\"cfeditorfr\",\"@id\":\"https:\/\/www.africa-press.net\/tchad\/#\/schema\/person\/2b1cf3cd81a31e3cd26889ca66d677f1\"},\"headline\":\"Dialogue au Tchad : Dr. Brahim Oguelemi est candidat pour int\u00e9grer le Pr\u00e9sidium\",\"datePublished\":\"2022-08-28T16:54:40+00:00\",\"dateModified\":\"2022-08-28T17:30:31+00:00\",\"mainEntityOfPage\":{\"@id\":\"https:\/\/www.africa-press.net\/tchad\/politique\/dialogue-au-tchad-dr-brahim-oguelemi-est-candidat-pour-integrer-le-presidium\"},\"wordCount\":150,\"commentCount\":0,\"image\":{\"@id\":\"https:\/\/www.africa-press.net\/tchad\/politique\/dialogue-au-tchad-dr-brahim-oguelemi-est-candidat-pour-integrer-le-presidium#primaryimage\"},\"thumbnailUrl\":\"https:\/\/static.africa-press.net\/tchad\/sites\/41\/2022\/08\/postQueueImg_28-630ba612a26b4.jpg\",\"keywords\":[\"Africa Press\",\"Africa Press-Tchad\",\"Tchad\"],\"articleSection\":[\"homepage-french\",\"Politique\",\"Toutes les actualit\u00e9s\"],\"inLanguage\":\"fr-FR\",\"potentialAction\":[{\"@type\":\"CommentAction\",\"name\":\"Comment\",\"target\":[\"https:\/\/www.africa-press.net\/tchad\/politique\/dialogue-au-tchad-dr-brahim-oguelemi-est-candidat-pour-integrer-le-presidium#respond\"]}]},{\"@type\":\"WebPage\",\"@id\":\"https:\/\/www.africa-press.net\/tchad\/politique\/dialogue-au-tchad-dr-brahim-oguelemi-est-candidat-pour-integrer-le-presidium\",\"url\":\"https:\/\/www.africa-press.net\/tchad\/politique\/dialogue-au-tchad-dr-brahim-oguelemi-est-candidat-pour-integrer-le-presidium\",\"name\":\"Dialogue au Tchad : Dr. Brahim Oguelemi est candidat pour int\u00e9grer le Pr\u00e9sidium - tchad\",\"isPartOf\":{\"@id\":\"https:\/\/www.africa-press.net\/tchad\/#website\"},\"primaryImageOfPage\":{\"@id\":\"https:\/\/www.africa-press.net\/tchad\/politique\/dialogue-au-tchad-dr-brahim-oguelemi-est-candidat-pour-integrer-le-presidium#primaryimage\"},\"image\":{\"@id\":\"https:\/\/www.africa-press.net\/tchad\/politique\/dialogue-au-tchad-dr-brahim-oguelemi-est-candidat-pour-integrer-le-presidium#primaryimage\"},\"thumbnailUrl\":\"https:\/\/static.africa-press.net\/tchad\/sites\/41\/2022\/08\/postQueueImg_28-630ba612a26b4.jpg\",\"datePublished\":\"2022-08-28T16:54:40+00:00\",\"dateModified\":\"2022-08-28T17:30:31+00:00\",\"author\":{\"@id\":\"https:\/\/www.africa-press.net\/tchad\/#\/schema\/person\/2b1cf3cd81a31e3cd26889ca66d677f1\"},\"description\":\"Brahim Oguelemi, ancien activiste fra\u00eechement rentr\u00e9 au pays et personne ressource au dialogue national, est candidat \u00e0 ...\",\"breadcrumb\":{\"@id\":\"https:\/\/www.africa-press.net\/tchad\/politique\/dialogue-au-tchad-dr-brahim-oguelemi-est-candidat-pour-integrer-le-presidium#breadcrumb\"},\"inLanguage\":\"fr-FR\",\"potentialAction\":[{\"@type\":\"ReadAction\",\"target\":[\"https:\/\/www.africa-press.net\/tchad\/politique\/dialogue-au-tchad-dr-brahim-oguelemi-est-candidat-pour-integrer-le-presidium\"]}]},{\"@type\":\"ImageObject\",\"inLanguage\":\"fr-FR\",\"@id\":\"https:\/\/www.africa-press.net\/tchad\/politique\/dialogue-au-tchad-dr-brahim-oguelemi-est-candidat-pour-integrer-le-presidium#primaryimage\",\"url\":\"https:\/\/static.africa-press.net\/tchad\/sites\/41\/2022\/08\/postQueueImg_28-630ba612a26b4.jpg\",\"contentUrl\":\"https:\/\/static.africa-press.net\/tchad\/sites\/41\/2022\/08\/postQueueImg_28-630ba612a26b4.jpg\",\"width\":1080,\"height\":718,\"caption\":\"Dialogue au Tchad : Dr. Brahim Oguelemi est candidat pour int\u00e9grer le Pr\u00e9sidium\"},{\"@type\":\"BreadcrumbList\",\"@id\":\"https:\/\/www.africa-press.net\/tchad\/politique\/dialogue-au-tchad-dr-brahim-oguelemi-est-candidat-pour-integrer-le-presidium#breadcrumb\",\"itemListElement\":[{\"@type\":\"ListItem\",\"position\":1,\"name\":\"Accueil\",\"item\":\"https:\/\/www.africa-press.net\/tchad\/\"},{\"@type\":\"ListItem\",\"position\":2,\"name\":\"Dialogue au Tchad : Dr. Brahim Oguelemi est candidat pour int\u00e9grer le Pr\u00e9sidium\"}]},{\"@type\":\"WebSite\",\"@id\":\"https:\/\/www.africa-press.net\/tchad\/#website\",\"url\":\"https:\/\/www.africa-press.net\/tchad\/\",\"name\":\"tchad\",\"description\":\"Just another Africa News Agency Sites site\",\"potentialAction\":[{\"@type\":\"SearchAction\",\"target\":{\"@type\":\"EntryPoint\",\"urlTemplate\":\"https:\/\/www.africa-press.net\/tchad\/?s={search_term_string}\"},\"query-input\":{\"@type\":\"PropertyValueSpecification\",\"valueRequired\":true,\"valueName\":\"search_term_string\"}}],\"inLanguage\":\"fr-FR\"},{\"@type\":\"Person\",\"@id\":\"https:\/\/www.africa-press.net\/tchad\/#\/schema\/person\/2b1cf3cd81a31e3cd26889ca66d677f1\",\"name\":\"cfeditorfr\"}]}<\/script>\n<!-- \/ Yoast SEO Premium plugin. -->","yoast_head_json":{"title":"Dialogue au Tchad : Dr. Brahim Oguelemi est candidat pour int\u00e9grer le Pr\u00e9sidium - tchad","description":"Brahim Oguelemi, ancien activiste fra\u00eechement rentr\u00e9 au pays et personne ressource au dialogue national, est candidat \u00e0 ...","robots":{"index":"index","follow":"follow","max-snippet":"max-snippet:-1","max-image-preview":"max-image-preview:large","max-video-preview":"max-video-preview:-1"},"canonical":"https:\/\/www.africa-press.net\/tchad\/politique\/dialogue-au-tchad-dr-brahim-oguelemi-est-candidat-pour-integrer-le-presidium","og_locale":"fr_FR","og_type":"article","og_title":"Dialogue au Tchad : Dr. Brahim Oguelemi est candidat pour int\u00e9grer le Pr\u00e9sidium","og_description":"Brahim Oguelemi, ancien activiste fra\u00eechement rentr\u00e9 au pays et personne ressource au dialogue national, est candidat \u00e0 ...","og_url":"https:\/\/www.africa-press.net\/tchad\/politique\/dialogue-au-tchad-dr-brahim-oguelemi-est-candidat-pour-integrer-le-presidium","og_site_name":"tchad","article_published_time":"2022-08-28T16:54:40+00:00","article_modified_time":"2022-08-28T17:30:31+00:00","og_image":[{"width":1080,"height":718,"url":"https:\/\/static.africa-press.net\/tchad\/sites\/41\/2022\/08\/postQueueImg_28-630ba612a26b4.jpg","type":"image\/jpeg"}],"author":"cfeditorfr","twitter_card":"summary_large_image","twitter_misc":{"\u00c9crit par":"cfeditorfr","Dur\u00e9e de lecture estim\u00e9e":"1 minute"},"schema":{"@context":"https:\/\/schema.org","@graph":[{"@type":"Article","@id":"https:\/\/www.africa-press.net\/tchad\/politique\/dialogue-au-tchad-dr-brahim-oguelemi-est-candidat-pour-integrer-le-presidium#article","isPartOf":{"@id":"https:\/\/www.africa-press.net\/tchad\/politique\/dialogue-au-tchad-dr-brahim-oguelemi-est-candidat-pour-integrer-le-presidium"},"author":{"name":"cfeditorfr","@id":"https:\/\/www.africa-press.net\/tchad\/#\/schema\/person\/2b1cf3cd81a31e3cd26889ca66d677f1"},"headline":"Dialogue au Tchad : Dr. Brahim Oguelemi est candidat pour int\u00e9grer le Pr\u00e9sidium","datePublished":"2022-08-28T16:54:40+00:00","dateModified":"2022-08-28T17:30:31+00:00","mainEntityOfPage":{"@id":"https:\/\/www.africa-press.net\/tchad\/politique\/dialogue-au-tchad-dr-brahim-oguelemi-est-candidat-pour-integrer-le-presidium"},"wordCount":150,"commentCount":0,"image":{"@id":"https:\/\/www.africa-press.net\/tchad\/politique\/dialogue-au-tchad-dr-brahim-oguelemi-est-candidat-pour-integrer-le-presidium#primaryimage"},"thumbnailUrl":"https:\/\/static.africa-press.net\/tchad\/sites\/41\/2022\/08\/postQueueImg_28-630ba612a26b4.jpg","keywords":["Africa Press","Africa Press-Tchad","Tchad"],"articleSection":["homepage-french","Politique","Toutes les actualit\u00e9s"],"inLanguage":"fr-FR","potentialAction":[{"@type":"CommentAction","name":"Comment","target":["https:\/\/www.africa-press.net\/tchad\/politique\/dialogue-au-tchad-dr-brahim-oguelemi-est-candidat-pour-integrer-le-presidium#respond"]}]},{"@type":"WebPage","@id":"https:\/\/www.africa-press.net\/tchad\/politique\/dialogue-au-tchad-dr-brahim-oguelemi-est-candidat-pour-integrer-le-presidium","url":"https:\/\/www.africa-press.net\/tchad\/politique\/dialogue-au-tchad-dr-brahim-oguelemi-est-candidat-pour-integrer-le-presidium","name":"Dialogue au Tchad : Dr. Brahim Oguelemi est candidat pour int\u00e9grer le Pr\u00e9sidium - tchad","isPartOf":{"@id":"https:\/\/www.africa-press.net\/tchad\/#website"},"primaryImageOfPage":{"@id":"https:\/\/www.africa-press.net\/tchad\/politique\/dialogue-au-tchad-dr-brahim-oguelemi-est-candidat-pour-integrer-le-presidium#primaryimage"},"image":{"@id":"https:\/\/www.africa-press.net\/tchad\/politique\/dialogue-au-tchad-dr-brahim-oguelemi-est-candidat-pour-integrer-le-presidium#primaryimage"},"thumbnailUrl":"https:\/\/static.africa-press.net\/tchad\/sites\/41\/2022\/08\/postQueueImg_28-630ba612a26b4.jpg","datePublished":"2022-08-28T16:54:40+00:00","dateModified":"2022-08-28T17:30:31+00:00","author":{"@id":"https:\/\/www.africa-press.net\/tchad\/#\/schema\/person\/2b1cf3cd81a31e3cd26889ca66d677f1"},"description":"Brahim Oguelemi, ancien activiste fra\u00eechement rentr\u00e9 au pays et personne ressource au dialogue national, est candidat \u00e0 ...","breadcrumb":{"@id":"https:\/\/www.africa-press.net\/tchad\/politique\/dialogue-au-tchad-dr-brahim-oguelemi-est-candidat-pour-integrer-le-presidium#breadcrumb"},"inLanguage":"fr-FR","potentialAction":[{"@type":"ReadAction","target":["https:\/\/www.africa-press.net\/tchad\/politique\/dialogue-au-tchad-dr-brahim-oguelemi-est-candidat-pour-integrer-le-presidium"]}]},{"@type":"ImageObject","inLanguage":"fr-FR","@id":"https:\/\/www.africa-press.net\/tchad\/politique\/dialogue-au-tchad-dr-brahim-oguelemi-est-candidat-pour-integrer-le-presidium#primaryimage","url":"https:\/\/static.africa-press.net\/tchad\/sites\/41\/2022\/08\/postQueueImg_28-630ba612a26b4.jpg","contentUrl":"https:\/\/static.africa-press.net\/tchad\/sites\/41\/2022\/08\/postQueueImg_28-630ba612a26b4.jpg","width":1080,"height":718,"caption":"Dialogue au Tchad : Dr. Brahim Oguelemi est candidat pour int\u00e9grer le Pr\u00e9sidium"},{"@type":"BreadcrumbList","@id":"https:\/\/www.africa-press.net\/tchad\/politique\/dialogue-au-tchad-dr-brahim-oguelemi-est-candidat-pour-integrer-le-presidium#breadcrumb","itemListElement":[{"@type":"ListItem","position":1,"name":"Accueil","item":"https:\/\/www.africa-press.net\/tchad\/"},{"@type":"ListItem","position":2,"name":"Dialogue au Tchad : Dr. Brahim Oguelemi est candidat pour int\u00e9grer le Pr\u00e9sidium"}]},{"@type":"WebSite","@id":"https:\/\/www.africa-press.net\/tchad\/#website","url":"https:\/\/www.africa-press.net\/tchad\/","name":"tchad","description":"Just another Africa News Agency Sites site","potentialAction":[{"@type":"SearchAction","target":{"@type":"EntryPoint","urlTemplate":"https:\/\/www.africa-press.net\/tchad\/?s={search_term_string}"},"query-input":{"@type":"PropertyValueSpecification","valueRequired":true,"valueName":"search_term_string"}}],"inLanguage":"fr-FR"},{"@type":"Person","@id":"https:\/\/www.africa-press.net\/tchad\/#\/schema\/person\/2b1cf3cd81a31e3cd26889ca66d677f1","name":"cfeditorfr"}]}},"_links":{"self":[{"href":"https:\/\/www.africa-press.net\/tchad\/wp-json\/wp\/v2\/posts\/31405","targetHints":{"allow":["GET"]}}],"collection":[{"href":"https:\/\/www.africa-press.net\/tchad\/wp-json\/wp\/v2\/posts"}],"about":[{"href":"https:\/\/www.africa-press.net\/tchad\/wp-json\/wp\/v2\/types\/post"}],"author":[{"embeddable":true,"href":"https:\/\/www.africa-press.net\/tchad\/wp-json\/wp\/v2\/users\/82"}],"replies":[{"embeddable":true,"href":"https:\/\/www.africa-press.net\/tchad\/wp-json\/wp\/v2\/comments?post=31405"}],"version-history":[{"count":0,"href":"https:\/\/www.africa-press.net\/tchad\/wp-json\/wp\/v2\/posts\/31405\/revisions"}],"wp:featuredmedia":[{"embeddable":true,"href":"https:\/\/www.africa-press.net\/tchad\/wp-json\/wp\/v2\/media\/31404"}],"wp:attachment":[{"href":"https:\/\/www.africa-press.net\/tchad\/wp-json\/wp\/v2\/media?parent=31405"}],"wp:term":[{"taxonomy":"category","embeddable":true,"href":"https:\/\/www.africa-press.net\/tchad\/wp-json\/wp\/v2\/categories?post=31405"},{"taxonomy":"post_tag","embeddable":true,"href":"https:\/\/www.africa-press.net\/tchad\/wp-json\/wp\/v2\/tags?post=31405"}],"curies":[{"name":"wp","href":"https:\/\/api.w.org\/{rel}","templated":true}]}}