{"id":31429,"date":"2022-08-29T07:06:42","date_gmt":"2022-08-29T07:06:42","guid":{"rendered":"https:\/\/www.africa-press.net\/tchad\/politique\/climat-lafrique-fixe-sa-feuille-de-route-pour-la-cop27"},"modified":"2022-08-29T07:18:53","modified_gmt":"2022-08-29T07:18:53","slug":"climat-lafrique-fixe-sa-feuille-de-route-pour-la-cop27","status":"publish","type":"post","link":"https:\/\/www.africa-press.net\/tchad\/toutes-les-actualites\/climat-lafrique-fixe-sa-feuille-de-route-pour-la-cop27","title":{"rendered":"Climat\u00a0: l\u2019Afrique fixe sa feuille de route pour la\u00a0COP27"},"content":{"rendered":"<p><span style=\"color: #ff6600\"><strong>Africa-Press &#8211; Tchad. <\/strong><\/span>Les conf\u00e9rences, d\u00e9bats et rapports se multiplient pour pr\u00e9parer et porter la voix de l&rsquo;Afrique devant la COP27, la conf\u00e9rence des Nations unies sur le climat qui se tiendra en novembre \u00e0 Charm el-Cheikh, en \u00c9gypte. Le changement climatique est devenu une pr\u00e9occupation br\u00fblante avec ses cons\u00e9quences de plus en plus palpables.<\/p>\n<p>Inlassablement, les Africains se doivent de rappeler que bien qu&rsquo;ils ne repr\u00e9sentent que 17 % de la population mondiale, ils ne p\u00e8sent que 3 % des \u00e9missions mondiales de gaz \u00e0 effets de serre. En revanche, ce sont eux qui sont le plus expos\u00e9s aux cons\u00e9quences du changement climatique. Une terrible injustice ! En deux ans, 131 \u00e9v\u00e9nements climatiques extr\u00eames (temp\u00eates, s\u00e9cheresses, inondations\u2026) ont frapp\u00e9 le continent, d\u00e9compte la Banque africaine de d\u00e9veloppement (BAD) dans son \u00e9dition 2022 sur les Perspectives \u00e9conomiques en Afrique (PEA), intitul\u00e9e, \u00ab Soutenir la r\u00e9silience climatique et une transition \u00e9nerg\u00e9tique juste en Afrique \u00bb. Ce rapport met en exergue la menace croissante que fait peser le changement climatique sur les vies et les moyens de subsistance en Afrique.<\/p>\n<p>Compar\u00e9 aux autres r\u00e9gions du monde, l&rsquo;Afrique est le continent le moins r\u00e9silient au changement climatique en raison d&rsquo;un niveau de vuln\u00e9rabilit\u00e9 \u00e9lev\u00e9 et d&rsquo;un faible niveau de pr\u00e9paration. \u00ab Le poids du changement climatique sur les \u00e9conomies du continent et les moyens de subsistance des Africains est disproportionnellement \u00e9lev\u00e9 en rapport \u00e0 leur faible participation dans les \u00e9missions mondiales de carbone \u00bb, observe le rapport sur les PEA. \u00ab Il est essentiel que les prochains engagements climatiques prennent en consid\u00e9ration le contexte sp\u00e9cifique du continent africain, notamment ses perspectives souhait\u00e9es de d\u00e9veloppement, et int\u00e8grent \u00e9galement le r\u00f4le important que le continent peut jouer dans un avenir \u00e0 bas carbone au niveau mondial \u00bb, souligne de son c\u00f4t\u00e9 la Fondation Mo-Ibrahim, pr\u00e9sentant son rapport publi\u00e9 en juillet, \u00ab En route vers la COP27 : positionner l&rsquo;Afrique dans le d\u00e9bat global sur le climat \u00bb.<\/p>\n<p><b>Recommandations<\/b><\/p>\n<p>La Fondation pr\u00e9sente un ensemble de donn\u00e9es, mais surtout 15 recommandations \u00e0 l&rsquo;attention des d\u00e9cideurs politiques et des citoyens et acteurs du d\u00e9bat climatique, afin de mieux positionner l&rsquo;Afrique dans le d\u00e9bat global sur le climat. Ces recommandations tournent autour de trois axes : prendre en compte la vuln\u00e9rabilit\u00e9 sp\u00e9cifique de l&rsquo;Afrique, r\u00e9pondre au droit des populations africaines \u00e0 l&rsquo;acc\u00e8s \u00e0 l&rsquo;\u00e9nergie et mettre en \u00e9vidence le potentiel de l&rsquo;Afrique pour le d\u00e9veloppement d&rsquo;une \u00e9conomie verte \u00e0 l&rsquo;\u00e9chelle mondiale.<\/p>\n<p>Dans la m\u00eame veine, le rapport sur les PEA pr\u00e9sente des arguments en faveur du d\u00e9veloppement durable et de l&rsquo;\u00e9quit\u00e9 pour un syst\u00e8me \u00e9nerg\u00e9tique mondial juste et explore les opportunit\u00e9s de croissance durable de l&rsquo;Afrique gr\u00e2ce \u00e0 sa dotation en ressources.<\/p>\n<p><b>Le d\u00e9bat sur l&rsquo;\u00e9nergie \u00e0 la COP27<\/b><\/p>\n<p>Mo Ibrahim, fondateur et pr\u00e9sident de la Fondation Mo-Ibrahim, a d\u00e9clar\u00e9 qu&rsquo;il est clair que le d\u00e9bat actuel sur le climat ne r\u00e9pond pas aux attentes de l&rsquo;Afrique, lorsque plus de 600 millions d&rsquo;habitants du continent n&rsquo;ont toujours pas acc\u00e8s \u00e0 l&rsquo;\u00e9lectricit\u00e9. \u00ab L&rsquo;acc\u00e8s universel aux services \u00e9nerg\u00e9tiques est essentiel \u00e0 l&rsquo;atteinte des objectifs de d\u00e9veloppement durable. \u00bb<\/p>\n<p>Cette position se heurte \u00e0 la d\u00e9cision d&rsquo;en finir avec les combustibles fossiles en serrant les cordons de la bourse, prise par une majorit\u00e9 de pays l&rsquo;an dernier, lors de la COP26 \u00e0 Glasgow. D\u00e8s la fin 2022 tout financement public des sources d&rsquo;\u00e9nergie fossile \u2013 p\u00e9trole, gaz et charbon \u2013 responsables d&rsquo;au moins 70 % des \u00e9missions de gaz \u00e0 effet de serre devrait cesser.<\/p>\n<p>Pour l&rsquo;Afrique, cette d\u00e9cision va \u00e0 l&rsquo;encontre de son d\u00e9veloppement. Macky Sall, pr\u00e9sident en exercice de l&rsquo;Union africaine et pr\u00e9sident du S\u00e9n\u00e9gal, a affirm\u00e9, avec conviction, lors de la conf\u00e9rence sur le climat organis\u00e9e par la Fondation Mo-Ibrahim qu&rsquo;il souhaitait avoir un vrai d\u00e9bat sur la transition \u00e9nerg\u00e9tique, un d\u00e9bat qui permette d&rsquo;avoir une transition juste et \u00e9quitable et de faire en sorte que l&rsquo;Afrique puisse utiliser son propre gaz au b\u00e9n\u00e9fice d&rsquo;abord de sa population.<\/p>\n<p>Le d\u00e9bat a chang\u00e9 de dimension depuis les sanctions contre la Russie qui, en retour, a ferm\u00e9 les robinets du gaz cr\u00e9ant une p\u00e9nurie mondiale. L&rsquo;Afrique compte 18 pays producteurs et dispose de r\u00e9serves importantes encore peu exploit\u00e9es, notamment au Mozambique, en Afrique du Sud en Namibie. Ainsi, la Fondation Mo-Ibrahim, d\u00e9fend l&rsquo;id\u00e9e de \u00ab consid\u00e9rer le gaz comme un combustible de transition cl\u00e9, en parall\u00e8le au d\u00e9veloppement des \u00e9nergies renouvelables \u00bb. Il faut permettre au gaz, ressource abondante en Afrique et combustible fossile de loin le moins polluant, de contribuer \u00e0 combler le d\u00e9ficit imm\u00e9diat d&rsquo;acc\u00e8s \u00e0 l&rsquo;\u00e9nergie sur le continent.<\/p>\n<p>S&rsquo;engager pour le climat sans compromettre son d\u00e9veloppement, c&rsquo;est la position que l&rsquo;Afrique entend d\u00e9fendre \u00e0 la COP27. L&rsquo;Afrique perd chaque ann\u00e9e entre 5 % et 15 % de son produit int\u00e9rieur brut \u00e0 cause du changement climatique. Pour rappel, un Am\u00e9ricain \u00e9met chaque ann\u00e9e en moyenne 14 de tonnes \u00e9quivalent CO2, contre 10 tonnes pour un Europ\u00e9en et moins d&rsquo;une tonne pour un Africain.<\/p>\n<p><b>La question du financement reste primordiale<\/b><\/p>\n<p>Les promesses ne sont pas tenues. Lors de la COP de Copenhague en 2009, les pays riches s&rsquo;\u00e9taient engag\u00e9s \u00e0 verser 100 milliards par an aux plus pauvres. Onze ans plus tard, le compte n&rsquo;y est toujours pas. En 2020, le financement climat pour les pays en d\u00e9veloppement s&rsquo;est \u00e9lev\u00e9 \u00e0 83,3 milliards de dollars.<\/p>\n<p>\u00ab La part de l&rsquo;Afrique dans le financement climatique mondial total n&rsquo;a augment\u00e9 en moyenne que de 3 % entre 2010 et 2019, passant de 23 % (48 milliards de dollars) pour la p\u00e9riode 2010-2015 \u00e0 26 % ( 73 milliards) pour la p\u00e9riode 2016-2019 \u00bb, constate le rapport sur les PEA. De nouvelles \u00e9tudes de la BAD sur la dette et les cr\u00e9dits carbone estiment que le financement climatique total n\u00e9cessaire pour indemniser l&rsquo;Afrique pour les \u00e9missions historiques et futures jusqu&rsquo;en 2050 est compris entre 4,76 et 4,84 billions de dollars (163 \u00e0 173 milliards de dollars par an), et donc un montant annuel pr\u00e8s de 10 fois sup\u00e9rieur \u00e0 celui re\u00e7u par le continent entre 2016 et 2019.<\/p>\n<p>Ce rapport sur les PEA \u00ab appelle \u00e0 des \u00e9changes francs sur l&rsquo;architecture actuelle du financement climatique mondial et son d\u00e9s\u00e9quilibre ; d\u00e9crit les outils de r\u00e9formes ; et r\u00e9pertorie les sources existantes de financement climatique ciblant les besoins et d\u00e9ficits du continent. Il \u00e9tudie plus en d\u00e9tail des instruments innovants de financement climatique susceptibles de renforcer la r\u00e9silience et d&rsquo;assurer une transition \u00e9nerg\u00e9tique juste aux niveaux international, r\u00e9gional et national, qui profite au continent \u00bb, commente Akinwumi Adesinale, pr\u00e9sident de la (BAD), dans la pr\u00e9face.<\/p>\n<p>Parmi ces financements innovants, on peut citer les obligations et les pr\u00eats verts, les obligations et pr\u00eats durables, les \u00e9changes dette-contre-climat et des march\u00e9s du carbone plus efficients et mieux \u00e9valu\u00e9s. De son c\u00f4t\u00e9, le rapport de la Fondation Mo-Ibrahim pr\u00e9conise d&rsquo;\u00e9valuer (et mon\u00e9tiser) le potentiel de s\u00e9questration du carbone en Afrique : \u00ab Le continent est non seulement le plus faible \u00e9metteur de carbone par habitant, mais il abrite \u00e9galement des puits carbones majeurs. Les pays africains doivent \u00eatre d\u00fbment indemnis\u00e9s pour la pr\u00e9servation de ces actifs mondiaux, notamment via un prix de stockage du carbone. \u00bb<\/p>\n<p>Sur la question du climat, les conf\u00e9rences se succ\u00e8dent aussi. D\u00e9but ao\u00fbt, trois jours de tables rondes r\u00e9gionales sur le changement et l&rsquo;adaptation climatiques se sont d\u00e9roul\u00e9s \u00e0 Addis-Abeba et le 18 ao\u00fbt, une conf\u00e9rence organis\u00e9e par l&rsquo;Africa Risk Capacity Group (ARC), agence de l&rsquo;Union africaine qui permet aux gouvernements de mieux r\u00e9pondre aux besoins face aux catastrophes li\u00e9es au climat. L&rsquo;objectif, comme pour les rapports, est de transmettre des connaissances et d&rsquo;affiner la position africaine pour mieux peser dans les d\u00e9bats.<\/p>\n<p>Mahmoud Mohieldin, champion \u00e9gyptien de haut niveau des Nations unies pour le changement climatique, a soulign\u00e9 lors de cette derni\u00e8re conf\u00e9rence de l&rsquo;ARC, les opportunit\u00e9s prometteuses dans le domaine de l&rsquo;action climatique en Afrique, saluant notamment les progr\u00e8s r\u00e9alis\u00e9s par un certain nombre de pays africains dans le domaine de l&rsquo;hydrog\u00e8ne vert. Six pays (Kenya, Afrique du Sud, Namibie, \u00c9gypte, Maroc et Mauritanie) ont lanc\u00e9 en mai dernier l&rsquo;Africa Green Hydrogen Alliance pour stimuler le d\u00e9veloppement de l&rsquo;hydrog\u00e8ne vert. Il a en outre rappel\u00e9 que lors du forum r\u00e9gional qui vient de se tenir \u00e0 Addis-Abeba, plus de 140 projets prometteurs ont \u00e9t\u00e9 examin\u00e9s, dont 19 ont \u00e9t\u00e9 pr\u00e9s\u00e9lectionn\u00e9s et seront mis en \u0153uvre prochainement.<\/p>\n<p>Il a \u00e9galement soulign\u00e9 la n\u00e9cessit\u00e9 d&rsquo;aligner les objectifs de d\u00e9veloppement durable sur l&rsquo;action climatique. Tout est li\u00e9. Il faut arr\u00eater de \u00ab travailler en silos \u00bb, d\u00e9veloppement d&rsquo;un c\u00f4t\u00e9, climat de l&rsquo;autre, s\u00e9curit\u00e9 de son c\u00f4t\u00e9, affirme le rapport Mo Ibrahim, qui rejoint le constat du rapport sur les PEA, qui pr\u00e9conise un d\u00e9veloppement inclusif et r\u00e9silient qui int\u00e8gre les dimensions \u00e9conomique, sociale et environnementale du d\u00e9veloppement durable.<\/p>\n<p>Si la COP27 se profile rapidement, le prochain grand rendez-vous se d\u00e9roulera au Gabon qui accueillera du 29 ao\u00fbt au 1er septembre la Semaine africaine du climat. Cette conf\u00e9rence organis\u00e9e par les Nations unies est consid\u00e9r\u00e9e comme une \u00e9tape cl\u00e9. Lors de la pr\u00e9c\u00e9dente COP, la collaboration r\u00e9gionale, mixant les pouvoirs publics et la soci\u00e9t\u00e9 civile, est apparue comme un moteur du progr\u00e8s mondial.<\/p>\n<p>Ainsi, au fil des rapports et des conf\u00e9rences, l&rsquo;Afrique dessine sa voix, celle qu&rsquo;elle devra faire entendre en \u00c9gypte. Les recommandations du rapport de la Fondation Mo-Ibrahim s&rsquo;ach\u00e8vent sur un rappel important avant la COP27 : \u00ab On n&rsquo;obtient pas ce dont on a besoin ou ce que l&rsquo;on m\u00e9rite, on obtient ce que l&rsquo;on n\u00e9gocie. \u00bb C&rsquo;est dit.<\/p>\n<p><strong>Pour plus d&rsquo;informations et d&rsquo;analyses sur la <a href=\"https:\/\/www.africa-press.net\/tchad\">Tchad<\/a>, suivez <a href=\"https:\/\/www.africa-press.net\/\">Africa-Press<\/a><\/strong><\/p>\n","protected":false},"excerpt":{"rendered":"<p>Africa-Press &#8211; Tchad. Les conf\u00e9rences, d\u00e9bats et rapports se multiplient pour pr\u00e9parer et porter la voix de l&rsquo;Afrique devant la COP27, la conf\u00e9rence des Nations unies sur le climat qui se tiendra en novembre \u00e0 Charm el-Cheikh, en \u00c9gypte. Le changement climatique est devenu une pr\u00e9occupation br\u00fblante avec ses cons\u00e9quences de plus en plus palpables. [&hellip;]<\/p>\n","protected":false},"author":82,"featured_media":31428,"comment_status":"open","ping_status":"closed","sticky":false,"template":"","format":"standard","meta":{"footnotes":""},"categories":[21,11,10],"tags":[37,292,29],"class_list":["post-31429","post","type-post","status-publish","format-standard","has-post-thumbnail","hentry","category-communaute","category-homepage-french","category-toutes-les-actualites","tag-africa-press","tag-africa-press-tchad","tag-tchad"],"yoast_head":"<!-- This site is optimized with the Yoast SEO Premium plugin v26.1 (Yoast SEO v27.0) - https:\/\/yoast.com\/product\/yoast-seo-premium-wordpress\/ -->\n<title>Climat\u00a0: l\u2019Afrique fixe sa feuille de route pour la\u00a0COP27 - tchad<\/title>\n<meta name=\"description\" content=\"Les conf\u00e9rences, d\u00e9bats et rapports se multiplient pour pr\u00e9parer et porter la voix de l&#039;Afrique devant la COP27, la conf ...\" \/>\n<meta name=\"robots\" content=\"index, follow, max-snippet:-1, max-image-preview:large, max-video-preview:-1\" \/>\n<link rel=\"canonical\" href=\"https:\/\/www.africa-press.net\/tchad\/toutes-les-actualites\/climat-lafrique-fixe-sa-feuille-de-route-pour-la-cop27\" \/>\n<meta property=\"og:locale\" content=\"fr_FR\" \/>\n<meta property=\"og:type\" content=\"article\" \/>\n<meta property=\"og:title\" content=\"Climat\u00a0: l\u2019Afrique fixe sa feuille de route pour la\u00a0COP27\" \/>\n<meta property=\"og:description\" content=\"Les conf\u00e9rences, d\u00e9bats et rapports se multiplient pour pr\u00e9parer et porter la voix de l&#039;Afrique devant la COP27, la conf ...\" \/>\n<meta property=\"og:url\" content=\"https:\/\/www.africa-press.net\/tchad\/toutes-les-actualites\/climat-lafrique-fixe-sa-feuille-de-route-pour-la-cop27\" \/>\n<meta property=\"og:site_name\" content=\"tchad\" \/>\n<meta property=\"article:published_time\" content=\"2022-08-29T07:06:42+00:00\" \/>\n<meta property=\"article:modified_time\" content=\"2022-08-29T07:18:53+00:00\" \/>\n<meta property=\"og:image\" content=\"https:\/\/static.africa-press.net\/tchad\/sites\/41\/2022\/08\/postQueueImg_7-630c684ac2479.jpg\" \/>\n\t<meta property=\"og:image:width\" content=\"1148\" \/>\n\t<meta property=\"og:image:height\" content=\"618\" \/>\n\t<meta property=\"og:image:type\" content=\"image\/jpeg\" \/>\n<meta name=\"author\" content=\"cfeditorfr\" \/>\n<meta name=\"twitter:card\" content=\"summary_large_image\" \/>\n<meta name=\"twitter:label1\" content=\"\u00c9crit par\" \/>\n\t<meta name=\"twitter:data1\" content=\"cfeditorfr\" \/>\n\t<meta name=\"twitter:label2\" content=\"Dur\u00e9e de lecture estim\u00e9e\" \/>\n\t<meta name=\"twitter:data2\" content=\"8 minutes\" \/>\n<script type=\"application\/ld+json\" class=\"yoast-schema-graph\">{\"@context\":\"https:\/\/schema.org\",\"@graph\":[{\"@type\":\"Article\",\"@id\":\"https:\/\/www.africa-press.net\/tchad\/toutes-les-actualites\/climat-lafrique-fixe-sa-feuille-de-route-pour-la-cop27#article\",\"isPartOf\":{\"@id\":\"https:\/\/www.africa-press.net\/tchad\/toutes-les-actualites\/climat-lafrique-fixe-sa-feuille-de-route-pour-la-cop27\"},\"author\":{\"name\":\"cfeditorfr\",\"@id\":\"https:\/\/www.africa-press.net\/tchad\/#\/schema\/person\/2b1cf3cd81a31e3cd26889ca66d677f1\"},\"headline\":\"Climat\u00a0: l\u2019Afrique fixe sa feuille de route pour la\u00a0COP27\",\"datePublished\":\"2022-08-29T07:06:42+00:00\",\"dateModified\":\"2022-08-29T07:18:53+00:00\",\"mainEntityOfPage\":{\"@id\":\"https:\/\/www.africa-press.net\/tchad\/toutes-les-actualites\/climat-lafrique-fixe-sa-feuille-de-route-pour-la-cop27\"},\"wordCount\":1746,\"commentCount\":0,\"image\":{\"@id\":\"https:\/\/www.africa-press.net\/tchad\/toutes-les-actualites\/climat-lafrique-fixe-sa-feuille-de-route-pour-la-cop27#primaryimage\"},\"thumbnailUrl\":\"https:\/\/static.africa-press.net\/tchad\/sites\/41\/2022\/08\/postQueueImg_7-630c684ac2479.jpg\",\"keywords\":[\"Africa Press\",\"Africa Press-Tchad\",\"Tchad\"],\"articleSection\":[\"Communaut\u00e9\",\"homepage-french\",\"Toutes les actualit\u00e9s\"],\"inLanguage\":\"fr-FR\",\"potentialAction\":[{\"@type\":\"CommentAction\",\"name\":\"Comment\",\"target\":[\"https:\/\/www.africa-press.net\/tchad\/toutes-les-actualites\/climat-lafrique-fixe-sa-feuille-de-route-pour-la-cop27#respond\"]}]},{\"@type\":\"WebPage\",\"@id\":\"https:\/\/www.africa-press.net\/tchad\/toutes-les-actualites\/climat-lafrique-fixe-sa-feuille-de-route-pour-la-cop27\",\"url\":\"https:\/\/www.africa-press.net\/tchad\/toutes-les-actualites\/climat-lafrique-fixe-sa-feuille-de-route-pour-la-cop27\",\"name\":\"Climat\u00a0: l\u2019Afrique fixe sa feuille de route pour la\u00a0COP27 - tchad\",\"isPartOf\":{\"@id\":\"https:\/\/www.africa-press.net\/tchad\/#website\"},\"primaryImageOfPage\":{\"@id\":\"https:\/\/www.africa-press.net\/tchad\/toutes-les-actualites\/climat-lafrique-fixe-sa-feuille-de-route-pour-la-cop27#primaryimage\"},\"image\":{\"@id\":\"https:\/\/www.africa-press.net\/tchad\/toutes-les-actualites\/climat-lafrique-fixe-sa-feuille-de-route-pour-la-cop27#primaryimage\"},\"thumbnailUrl\":\"https:\/\/static.africa-press.net\/tchad\/sites\/41\/2022\/08\/postQueueImg_7-630c684ac2479.jpg\",\"datePublished\":\"2022-08-29T07:06:42+00:00\",\"dateModified\":\"2022-08-29T07:18:53+00:00\",\"author\":{\"@id\":\"https:\/\/www.africa-press.net\/tchad\/#\/schema\/person\/2b1cf3cd81a31e3cd26889ca66d677f1\"},\"description\":\"Les conf\u00e9rences, d\u00e9bats et rapports se multiplient pour pr\u00e9parer et porter la voix de l'Afrique devant la COP27, la conf ...\",\"breadcrumb\":{\"@id\":\"https:\/\/www.africa-press.net\/tchad\/toutes-les-actualites\/climat-lafrique-fixe-sa-feuille-de-route-pour-la-cop27#breadcrumb\"},\"inLanguage\":\"fr-FR\",\"potentialAction\":[{\"@type\":\"ReadAction\",\"target\":[\"https:\/\/www.africa-press.net\/tchad\/toutes-les-actualites\/climat-lafrique-fixe-sa-feuille-de-route-pour-la-cop27\"]}]},{\"@type\":\"ImageObject\",\"inLanguage\":\"fr-FR\",\"@id\":\"https:\/\/www.africa-press.net\/tchad\/toutes-les-actualites\/climat-lafrique-fixe-sa-feuille-de-route-pour-la-cop27#primaryimage\",\"url\":\"https:\/\/static.africa-press.net\/tchad\/sites\/41\/2022\/08\/postQueueImg_7-630c684ac2479.jpg\",\"contentUrl\":\"https:\/\/static.africa-press.net\/tchad\/sites\/41\/2022\/08\/postQueueImg_7-630c684ac2479.jpg\",\"width\":1148,\"height\":618,\"caption\":\"Climat\u00a0: l\u2019Afrique fixe sa feuille de route pour la\u00a0COP27\"},{\"@type\":\"BreadcrumbList\",\"@id\":\"https:\/\/www.africa-press.net\/tchad\/toutes-les-actualites\/climat-lafrique-fixe-sa-feuille-de-route-pour-la-cop27#breadcrumb\",\"itemListElement\":[{\"@type\":\"ListItem\",\"position\":1,\"name\":\"Accueil\",\"item\":\"https:\/\/www.africa-press.net\/tchad\/\"},{\"@type\":\"ListItem\",\"position\":2,\"name\":\"Climat\u00a0: l\u2019Afrique fixe sa feuille de route pour la\u00a0COP27\"}]},{\"@type\":\"WebSite\",\"@id\":\"https:\/\/www.africa-press.net\/tchad\/#website\",\"url\":\"https:\/\/www.africa-press.net\/tchad\/\",\"name\":\"tchad\",\"description\":\"Just another Africa News Agency Sites site\",\"potentialAction\":[{\"@type\":\"SearchAction\",\"target\":{\"@type\":\"EntryPoint\",\"urlTemplate\":\"https:\/\/www.africa-press.net\/tchad\/?s={search_term_string}\"},\"query-input\":{\"@type\":\"PropertyValueSpecification\",\"valueRequired\":true,\"valueName\":\"search_term_string\"}}],\"inLanguage\":\"fr-FR\"},{\"@type\":\"Person\",\"@id\":\"https:\/\/www.africa-press.net\/tchad\/#\/schema\/person\/2b1cf3cd81a31e3cd26889ca66d677f1\",\"name\":\"cfeditorfr\"}]}<\/script>\n<!-- \/ Yoast SEO Premium plugin. -->","yoast_head_json":{"title":"Climat\u00a0: l\u2019Afrique fixe sa feuille de route pour la\u00a0COP27 - tchad","description":"Les conf\u00e9rences, d\u00e9bats et rapports se multiplient pour pr\u00e9parer et porter la voix de l'Afrique devant la COP27, la conf ...","robots":{"index":"index","follow":"follow","max-snippet":"max-snippet:-1","max-image-preview":"max-image-preview:large","max-video-preview":"max-video-preview:-1"},"canonical":"https:\/\/www.africa-press.net\/tchad\/toutes-les-actualites\/climat-lafrique-fixe-sa-feuille-de-route-pour-la-cop27","og_locale":"fr_FR","og_type":"article","og_title":"Climat\u00a0: l\u2019Afrique fixe sa feuille de route pour la\u00a0COP27","og_description":"Les conf\u00e9rences, d\u00e9bats et rapports se multiplient pour pr\u00e9parer et porter la voix de l'Afrique devant la COP27, la conf ...","og_url":"https:\/\/www.africa-press.net\/tchad\/toutes-les-actualites\/climat-lafrique-fixe-sa-feuille-de-route-pour-la-cop27","og_site_name":"tchad","article_published_time":"2022-08-29T07:06:42+00:00","article_modified_time":"2022-08-29T07:18:53+00:00","og_image":[{"width":1148,"height":618,"url":"https:\/\/static.africa-press.net\/tchad\/sites\/41\/2022\/08\/postQueueImg_7-630c684ac2479.jpg","type":"image\/jpeg"}],"author":"cfeditorfr","twitter_card":"summary_large_image","twitter_misc":{"\u00c9crit par":"cfeditorfr","Dur\u00e9e de lecture estim\u00e9e":"8 minutes"},"schema":{"@context":"https:\/\/schema.org","@graph":[{"@type":"Article","@id":"https:\/\/www.africa-press.net\/tchad\/toutes-les-actualites\/climat-lafrique-fixe-sa-feuille-de-route-pour-la-cop27#article","isPartOf":{"@id":"https:\/\/www.africa-press.net\/tchad\/toutes-les-actualites\/climat-lafrique-fixe-sa-feuille-de-route-pour-la-cop27"},"author":{"name":"cfeditorfr","@id":"https:\/\/www.africa-press.net\/tchad\/#\/schema\/person\/2b1cf3cd81a31e3cd26889ca66d677f1"},"headline":"Climat\u00a0: l\u2019Afrique fixe sa feuille de route pour la\u00a0COP27","datePublished":"2022-08-29T07:06:42+00:00","dateModified":"2022-08-29T07:18:53+00:00","mainEntityOfPage":{"@id":"https:\/\/www.africa-press.net\/tchad\/toutes-les-actualites\/climat-lafrique-fixe-sa-feuille-de-route-pour-la-cop27"},"wordCount":1746,"commentCount":0,"image":{"@id":"https:\/\/www.africa-press.net\/tchad\/toutes-les-actualites\/climat-lafrique-fixe-sa-feuille-de-route-pour-la-cop27#primaryimage"},"thumbnailUrl":"https:\/\/static.africa-press.net\/tchad\/sites\/41\/2022\/08\/postQueueImg_7-630c684ac2479.jpg","keywords":["Africa Press","Africa Press-Tchad","Tchad"],"articleSection":["Communaut\u00e9","homepage-french","Toutes les actualit\u00e9s"],"inLanguage":"fr-FR","potentialAction":[{"@type":"CommentAction","name":"Comment","target":["https:\/\/www.africa-press.net\/tchad\/toutes-les-actualites\/climat-lafrique-fixe-sa-feuille-de-route-pour-la-cop27#respond"]}]},{"@type":"WebPage","@id":"https:\/\/www.africa-press.net\/tchad\/toutes-les-actualites\/climat-lafrique-fixe-sa-feuille-de-route-pour-la-cop27","url":"https:\/\/www.africa-press.net\/tchad\/toutes-les-actualites\/climat-lafrique-fixe-sa-feuille-de-route-pour-la-cop27","name":"Climat\u00a0: l\u2019Afrique fixe sa feuille de route pour la\u00a0COP27 - tchad","isPartOf":{"@id":"https:\/\/www.africa-press.net\/tchad\/#website"},"primaryImageOfPage":{"@id":"https:\/\/www.africa-press.net\/tchad\/toutes-les-actualites\/climat-lafrique-fixe-sa-feuille-de-route-pour-la-cop27#primaryimage"},"image":{"@id":"https:\/\/www.africa-press.net\/tchad\/toutes-les-actualites\/climat-lafrique-fixe-sa-feuille-de-route-pour-la-cop27#primaryimage"},"thumbnailUrl":"https:\/\/static.africa-press.net\/tchad\/sites\/41\/2022\/08\/postQueueImg_7-630c684ac2479.jpg","datePublished":"2022-08-29T07:06:42+00:00","dateModified":"2022-08-29T07:18:53+00:00","author":{"@id":"https:\/\/www.africa-press.net\/tchad\/#\/schema\/person\/2b1cf3cd81a31e3cd26889ca66d677f1"},"description":"Les conf\u00e9rences, d\u00e9bats et rapports se multiplient pour pr\u00e9parer et porter la voix de l'Afrique devant la COP27, la conf ...","breadcrumb":{"@id":"https:\/\/www.africa-press.net\/tchad\/toutes-les-actualites\/climat-lafrique-fixe-sa-feuille-de-route-pour-la-cop27#breadcrumb"},"inLanguage":"fr-FR","potentialAction":[{"@type":"ReadAction","target":["https:\/\/www.africa-press.net\/tchad\/toutes-les-actualites\/climat-lafrique-fixe-sa-feuille-de-route-pour-la-cop27"]}]},{"@type":"ImageObject","inLanguage":"fr-FR","@id":"https:\/\/www.africa-press.net\/tchad\/toutes-les-actualites\/climat-lafrique-fixe-sa-feuille-de-route-pour-la-cop27#primaryimage","url":"https:\/\/static.africa-press.net\/tchad\/sites\/41\/2022\/08\/postQueueImg_7-630c684ac2479.jpg","contentUrl":"https:\/\/static.africa-press.net\/tchad\/sites\/41\/2022\/08\/postQueueImg_7-630c684ac2479.jpg","width":1148,"height":618,"caption":"Climat\u00a0: l\u2019Afrique fixe sa feuille de route pour la\u00a0COP27"},{"@type":"BreadcrumbList","@id":"https:\/\/www.africa-press.net\/tchad\/toutes-les-actualites\/climat-lafrique-fixe-sa-feuille-de-route-pour-la-cop27#breadcrumb","itemListElement":[{"@type":"ListItem","position":1,"name":"Accueil","item":"https:\/\/www.africa-press.net\/tchad\/"},{"@type":"ListItem","position":2,"name":"Climat\u00a0: l\u2019Afrique fixe sa feuille de route pour la\u00a0COP27"}]},{"@type":"WebSite","@id":"https:\/\/www.africa-press.net\/tchad\/#website","url":"https:\/\/www.africa-press.net\/tchad\/","name":"tchad","description":"Just another Africa News Agency Sites site","potentialAction":[{"@type":"SearchAction","target":{"@type":"EntryPoint","urlTemplate":"https:\/\/www.africa-press.net\/tchad\/?s={search_term_string}"},"query-input":{"@type":"PropertyValueSpecification","valueRequired":true,"valueName":"search_term_string"}}],"inLanguage":"fr-FR"},{"@type":"Person","@id":"https:\/\/www.africa-press.net\/tchad\/#\/schema\/person\/2b1cf3cd81a31e3cd26889ca66d677f1","name":"cfeditorfr"}]}},"_links":{"self":[{"href":"https:\/\/www.africa-press.net\/tchad\/wp-json\/wp\/v2\/posts\/31429","targetHints":{"allow":["GET"]}}],"collection":[{"href":"https:\/\/www.africa-press.net\/tchad\/wp-json\/wp\/v2\/posts"}],"about":[{"href":"https:\/\/www.africa-press.net\/tchad\/wp-json\/wp\/v2\/types\/post"}],"author":[{"embeddable":true,"href":"https:\/\/www.africa-press.net\/tchad\/wp-json\/wp\/v2\/users\/82"}],"replies":[{"embeddable":true,"href":"https:\/\/www.africa-press.net\/tchad\/wp-json\/wp\/v2\/comments?post=31429"}],"version-history":[{"count":0,"href":"https:\/\/www.africa-press.net\/tchad\/wp-json\/wp\/v2\/posts\/31429\/revisions"}],"wp:featuredmedia":[{"embeddable":true,"href":"https:\/\/www.africa-press.net\/tchad\/wp-json\/wp\/v2\/media\/31428"}],"wp:attachment":[{"href":"https:\/\/www.africa-press.net\/tchad\/wp-json\/wp\/v2\/media?parent=31429"}],"wp:term":[{"taxonomy":"category","embeddable":true,"href":"https:\/\/www.africa-press.net\/tchad\/wp-json\/wp\/v2\/categories?post=31429"},{"taxonomy":"post_tag","embeddable":true,"href":"https:\/\/www.africa-press.net\/tchad\/wp-json\/wp\/v2\/tags?post=31429"}],"curies":[{"name":"wp","href":"https:\/\/api.w.org\/{rel}","templated":true}]}}