{"id":31438,"date":"2022-08-29T18:04:01","date_gmt":"2022-08-29T18:04:01","guid":{"rendered":"https:\/\/www.africa-press.net\/tchad\/politique\/dialogue-national-inclusif-et-souverain-le-presidium-conteste"},"modified":"2022-08-29T18:17:40","modified_gmt":"2022-08-29T18:17:40","slug":"dialogue-national-inclusif-et-souverain-le-presidium-conteste","status":"publish","type":"post","link":"https:\/\/www.africa-press.net\/tchad\/politique\/dialogue-national-inclusif-et-souverain-le-presidium-conteste","title":{"rendered":"dialogue national inclusif et souverain, le pr\u00e9sidium contest\u00e9"},"content":{"rendered":"<p><span style=\"color: #ff6600\"><strong>Africa-Press &#8211; Tchad. <\/strong><\/span><b>Le pr\u00e9sidium propos\u00e9 par le comit\u00e9 d\u2019organisation du dialogue national et inclusif est contest\u00e9 par les participants. Suite aux tensions qui ont suivi l\u2019annonce les travaux ont \u00e9t\u00e9 interrompus.<\/b><\/p>\n<p>Certaines organisations de la soci\u00e9t\u00e9 civiles, des leaders politiques et l\u2019organisation des jeunes contestent le pr\u00e9sidium propos\u00e9 par le CODNI. Ils ont laiss\u00e9 entendre qu\u2019ils n\u2019accepteront pas : \u00ab<b> cette machination MPS\/CMT<\/b> \u00bb. A savoir l\u2019ancien parti au pouvoir et le Conseil militaire de transition.<\/p>\n<p>D\u2019apr\u00e8s le leader du Front populaire de lib\u00e9ration du Sud (SPLS), <b>Takilal Ndolassem<\/b> les propositions faites par la pl\u00e9ni\u00e8re n\u2019ont pas \u00e9t\u00e9 prises en compte. La premi\u00e8re proposition \u00e9tait compos\u00e9e de 500 noms. Certains noms qui sont revenus \u00e0 plusieurs reprises dans les propositions ne faisaient pas partie de la liste, indiquent les contestataires.<\/p>\n<p>\u00ab <b>Nous rejetons en bloc le Pr\u00e9sidium qui a \u00e9t\u00e9 mis en place. \u00c7a fait une semaine qu\u2019on a dit que le CODNI ne devrait pas mettre en place le dialogue. C\u2019est la m\u00eame machination, le m\u00eame forum que 2018 et 2020 qui va se r\u00e9p\u00e9ter ici. Nous vous prenons tous \u00e0 t\u00e9moin et ils assumeront toutes les cons\u00e9quences de cet \u00e9chec \u00bb<\/b>, d\u00e9clare Siddikh Abdelkerim Haggar, leader du Comit\u00e9 d\u2019harmonisation.<\/p>\n<p>Tchad : Dialogue national inclusif, les travaux se poursuivent au Palais de la culture<\/p>\n<p><b>Voici le pr\u00e9sidium propos\u00e9 par le CODNI<\/b><\/p>\n<p>Pr\u00e9sident : Gali Gatta Ngoth\u00e9 1er vice-pr\u00e9sident : Abderahim Birem\u00e9 Hamid 2e vice-pr\u00e9sident : Mahamat Allahou Taher 3e vice-pr\u00e9sidente : Marie Yodamn\u00e9<\/p>\n<p>4e vice-pr\u00e9sident : Mahamat Hamid<\/p>\n<p>5e vice-pr\u00e9sident : Ziansing L\u00e9on Rapporteur g\u00e9n\u00e9ral : Limane Mahamat<\/p>\n<p>Rapporteur g\u00e9n\u00e9ral 1er adjoint : Armand Djegoltar Rapporteur g\u00e9n\u00e9ral 2e adjoint : Zenab Mahamat Adoum Rapporteur g\u00e9n\u00e9ral 3e adjoint : Mba\u00efremtar Prosper<\/p>\n<p>Rapporteur 4e adjoint : Yalngar Sadjina D\u00e9ba Tr\u00e9sorier g\u00e9n\u00e9ral : Soudan Kadjonka Tr\u00e9sori\u00e8re g\u00e9n\u00e9rale adjointe : Mme Amine Ach\u00e9 1er conseiller : Pr Facho Balaam<\/p>\n<p>2e conseiller : Ousmane Bizenbidy<\/p>\n<p>3e conseiller : Mahamat Egrey<\/p>\n<p>4e conseill\u00e8re : Mme Koulakou Kram Mega<\/p>\n<p>5e conseill\u00e8re : Mme Zenab B\u00e9chir<\/p>\n<p>6e conseiller : Ben Barka Tahir Goumbal<\/p>\n<p>1er carillonneur : Abakar Dangaya<\/p>\n<p>2e carillonneur : Amouna Adissoubi. Tchad : les Ordres nationaux professionnels entendent se retirer du dialogue en cours<\/p>\n<p><strong>Pour plus d&rsquo;informations et d&rsquo;analyses sur la <a href=\"https:\/\/www.africa-press.net\/tchad\">Tchad<\/a>, suivez <a href=\"https:\/\/www.africa-press.net\/\">Africa-Press<\/a><\/strong><\/p>\n","protected":false},"excerpt":{"rendered":"<p>Africa-Press &#8211; Tchad. Le pr\u00e9sidium propos\u00e9 par le comit\u00e9 d\u2019organisation du dialogue national et inclusif est contest\u00e9 par les participants. Suite aux tensions qui ont suivi l\u2019annonce les travaux ont \u00e9t\u00e9 interrompus. Certaines organisations de la soci\u00e9t\u00e9 civiles, des leaders politiques et l\u2019organisation des jeunes contestent le pr\u00e9sidium propos\u00e9 par le CODNI. Ils ont laiss\u00e9 [&hellip;]<\/p>\n","protected":false},"author":82,"featured_media":31437,"comment_status":"open","ping_status":"closed","sticky":false,"template":"","format":"standard","meta":{"footnotes":""},"categories":[11,2,20,10],"tags":[37,292,29],"class_list":["post-31438","post","type-post","status-publish","format-standard","has-post-thumbnail","hentry","category-homepage-french","category-politique","category-top-nouvelles","category-toutes-les-actualites","tag-africa-press","tag-africa-press-tchad","tag-tchad"],"yoast_head":"<!-- This site is optimized with the Yoast SEO Premium plugin v26.1 (Yoast SEO v27.0) - https:\/\/yoast.com\/product\/yoast-seo-premium-wordpress\/ -->\n<title>dialogue national inclusif et souverain, le pr\u00e9sidium contest\u00e9 - tchad<\/title>\n<meta name=\"description\" content=\"Le pr\u00e9sidium propos\u00e9 par le comit\u00e9 d\u2019organisation du dialogue national et inclusif est contest\u00e9 par les participants. ...\" \/>\n<meta name=\"robots\" content=\"index, follow, max-snippet:-1, max-image-preview:large, max-video-preview:-1\" \/>\n<link rel=\"canonical\" href=\"https:\/\/www.africa-press.net\/tchad\/politique\/dialogue-national-inclusif-et-souverain-le-presidium-conteste\" \/>\n<meta property=\"og:locale\" content=\"fr_FR\" \/>\n<meta property=\"og:type\" content=\"article\" \/>\n<meta property=\"og:title\" content=\"dialogue national inclusif et souverain, le pr\u00e9sidium contest\u00e9\" \/>\n<meta property=\"og:description\" content=\"Le pr\u00e9sidium propos\u00e9 par le comit\u00e9 d\u2019organisation du dialogue national et inclusif est contest\u00e9 par les participants. ...\" \/>\n<meta property=\"og:url\" content=\"https:\/\/www.africa-press.net\/tchad\/politique\/dialogue-national-inclusif-et-souverain-le-presidium-conteste\" \/>\n<meta property=\"og:site_name\" content=\"tchad\" \/>\n<meta property=\"article:published_time\" content=\"2022-08-29T18:04:01+00:00\" \/>\n<meta property=\"article:modified_time\" content=\"2022-08-29T18:17:40+00:00\" \/>\n<meta property=\"og:image\" content=\"https:\/\/static.africa-press.net\/tchad\/sites\/41\/2022\/08\/postQueueImg_4-630d02aeda94f.jpg\" \/>\n\t<meta property=\"og:image:width\" content=\"780\" \/>\n\t<meta property=\"og:image:height\" content=\"440\" \/>\n\t<meta property=\"og:image:type\" content=\"image\/jpeg\" \/>\n<meta name=\"author\" content=\"cfeditorfr\" \/>\n<meta name=\"twitter:card\" content=\"summary_large_image\" \/>\n<meta name=\"twitter:label1\" content=\"\u00c9crit par\" \/>\n\t<meta name=\"twitter:data1\" content=\"cfeditorfr\" \/>\n\t<meta name=\"twitter:label2\" content=\"Dur\u00e9e de lecture estim\u00e9e\" \/>\n\t<meta name=\"twitter:data2\" content=\"2 minutes\" \/>\n<script type=\"application\/ld+json\" class=\"yoast-schema-graph\">{\"@context\":\"https:\/\/schema.org\",\"@graph\":[{\"@type\":\"Article\",\"@id\":\"https:\/\/www.africa-press.net\/tchad\/politique\/dialogue-national-inclusif-et-souverain-le-presidium-conteste#article\",\"isPartOf\":{\"@id\":\"https:\/\/www.africa-press.net\/tchad\/politique\/dialogue-national-inclusif-et-souverain-le-presidium-conteste\"},\"author\":{\"name\":\"cfeditorfr\",\"@id\":\"https:\/\/www.africa-press.net\/tchad\/#\/schema\/person\/2b1cf3cd81a31e3cd26889ca66d677f1\"},\"headline\":\"dialogue national inclusif et souverain, le pr\u00e9sidium contest\u00e9\",\"datePublished\":\"2022-08-29T18:04:01+00:00\",\"dateModified\":\"2022-08-29T18:17:40+00:00\",\"mainEntityOfPage\":{\"@id\":\"https:\/\/www.africa-press.net\/tchad\/politique\/dialogue-national-inclusif-et-souverain-le-presidium-conteste\"},\"wordCount\":405,\"commentCount\":0,\"image\":{\"@id\":\"https:\/\/www.africa-press.net\/tchad\/politique\/dialogue-national-inclusif-et-souverain-le-presidium-conteste#primaryimage\"},\"thumbnailUrl\":\"https:\/\/static.africa-press.net\/tchad\/sites\/41\/2022\/08\/postQueueImg_4-630d02aeda94f.jpg\",\"keywords\":[\"Africa Press\",\"Africa Press-Tchad\",\"Tchad\"],\"articleSection\":[\"homepage-french\",\"Politique\",\"Top Nouvelles\",\"Toutes les actualit\u00e9s\"],\"inLanguage\":\"fr-FR\",\"potentialAction\":[{\"@type\":\"CommentAction\",\"name\":\"Comment\",\"target\":[\"https:\/\/www.africa-press.net\/tchad\/politique\/dialogue-national-inclusif-et-souverain-le-presidium-conteste#respond\"]}]},{\"@type\":\"WebPage\",\"@id\":\"https:\/\/www.africa-press.net\/tchad\/politique\/dialogue-national-inclusif-et-souverain-le-presidium-conteste\",\"url\":\"https:\/\/www.africa-press.net\/tchad\/politique\/dialogue-national-inclusif-et-souverain-le-presidium-conteste\",\"name\":\"dialogue national inclusif et souverain, le pr\u00e9sidium contest\u00e9 - tchad\",\"isPartOf\":{\"@id\":\"https:\/\/www.africa-press.net\/tchad\/#website\"},\"primaryImageOfPage\":{\"@id\":\"https:\/\/www.africa-press.net\/tchad\/politique\/dialogue-national-inclusif-et-souverain-le-presidium-conteste#primaryimage\"},\"image\":{\"@id\":\"https:\/\/www.africa-press.net\/tchad\/politique\/dialogue-national-inclusif-et-souverain-le-presidium-conteste#primaryimage\"},\"thumbnailUrl\":\"https:\/\/static.africa-press.net\/tchad\/sites\/41\/2022\/08\/postQueueImg_4-630d02aeda94f.jpg\",\"datePublished\":\"2022-08-29T18:04:01+00:00\",\"dateModified\":\"2022-08-29T18:17:40+00:00\",\"author\":{\"@id\":\"https:\/\/www.africa-press.net\/tchad\/#\/schema\/person\/2b1cf3cd81a31e3cd26889ca66d677f1\"},\"description\":\"Le pr\u00e9sidium propos\u00e9 par le comit\u00e9 d\u2019organisation du dialogue national et inclusif est contest\u00e9 par les participants. ...\",\"breadcrumb\":{\"@id\":\"https:\/\/www.africa-press.net\/tchad\/politique\/dialogue-national-inclusif-et-souverain-le-presidium-conteste#breadcrumb\"},\"inLanguage\":\"fr-FR\",\"potentialAction\":[{\"@type\":\"ReadAction\",\"target\":[\"https:\/\/www.africa-press.net\/tchad\/politique\/dialogue-national-inclusif-et-souverain-le-presidium-conteste\"]}]},{\"@type\":\"ImageObject\",\"inLanguage\":\"fr-FR\",\"@id\":\"https:\/\/www.africa-press.net\/tchad\/politique\/dialogue-national-inclusif-et-souverain-le-presidium-conteste#primaryimage\",\"url\":\"https:\/\/static.africa-press.net\/tchad\/sites\/41\/2022\/08\/postQueueImg_4-630d02aeda94f.jpg\",\"contentUrl\":\"https:\/\/static.africa-press.net\/tchad\/sites\/41\/2022\/08\/postQueueImg_4-630d02aeda94f.jpg\",\"width\":780,\"height\":440,\"caption\":\"dialogue national inclusif et souverain, le pr\u00e9sidium contest\u00e9\"},{\"@type\":\"BreadcrumbList\",\"@id\":\"https:\/\/www.africa-press.net\/tchad\/politique\/dialogue-national-inclusif-et-souverain-le-presidium-conteste#breadcrumb\",\"itemListElement\":[{\"@type\":\"ListItem\",\"position\":1,\"name\":\"Accueil\",\"item\":\"https:\/\/www.africa-press.net\/tchad\/\"},{\"@type\":\"ListItem\",\"position\":2,\"name\":\"dialogue national inclusif et souverain, le pr\u00e9sidium contest\u00e9\"}]},{\"@type\":\"WebSite\",\"@id\":\"https:\/\/www.africa-press.net\/tchad\/#website\",\"url\":\"https:\/\/www.africa-press.net\/tchad\/\",\"name\":\"tchad\",\"description\":\"Just another Africa News Agency Sites site\",\"potentialAction\":[{\"@type\":\"SearchAction\",\"target\":{\"@type\":\"EntryPoint\",\"urlTemplate\":\"https:\/\/www.africa-press.net\/tchad\/?s={search_term_string}\"},\"query-input\":{\"@type\":\"PropertyValueSpecification\",\"valueRequired\":true,\"valueName\":\"search_term_string\"}}],\"inLanguage\":\"fr-FR\"},{\"@type\":\"Person\",\"@id\":\"https:\/\/www.africa-press.net\/tchad\/#\/schema\/person\/2b1cf3cd81a31e3cd26889ca66d677f1\",\"name\":\"cfeditorfr\"}]}<\/script>\n<!-- \/ Yoast SEO Premium plugin. -->","yoast_head_json":{"title":"dialogue national inclusif et souverain, le pr\u00e9sidium contest\u00e9 - tchad","description":"Le pr\u00e9sidium propos\u00e9 par le comit\u00e9 d\u2019organisation du dialogue national et inclusif est contest\u00e9 par les participants. ...","robots":{"index":"index","follow":"follow","max-snippet":"max-snippet:-1","max-image-preview":"max-image-preview:large","max-video-preview":"max-video-preview:-1"},"canonical":"https:\/\/www.africa-press.net\/tchad\/politique\/dialogue-national-inclusif-et-souverain-le-presidium-conteste","og_locale":"fr_FR","og_type":"article","og_title":"dialogue national inclusif et souverain, le pr\u00e9sidium contest\u00e9","og_description":"Le pr\u00e9sidium propos\u00e9 par le comit\u00e9 d\u2019organisation du dialogue national et inclusif est contest\u00e9 par les participants. ...","og_url":"https:\/\/www.africa-press.net\/tchad\/politique\/dialogue-national-inclusif-et-souverain-le-presidium-conteste","og_site_name":"tchad","article_published_time":"2022-08-29T18:04:01+00:00","article_modified_time":"2022-08-29T18:17:40+00:00","og_image":[{"width":780,"height":440,"url":"https:\/\/static.africa-press.net\/tchad\/sites\/41\/2022\/08\/postQueueImg_4-630d02aeda94f.jpg","type":"image\/jpeg"}],"author":"cfeditorfr","twitter_card":"summary_large_image","twitter_misc":{"\u00c9crit par":"cfeditorfr","Dur\u00e9e de lecture estim\u00e9e":"2 minutes"},"schema":{"@context":"https:\/\/schema.org","@graph":[{"@type":"Article","@id":"https:\/\/www.africa-press.net\/tchad\/politique\/dialogue-national-inclusif-et-souverain-le-presidium-conteste#article","isPartOf":{"@id":"https:\/\/www.africa-press.net\/tchad\/politique\/dialogue-national-inclusif-et-souverain-le-presidium-conteste"},"author":{"name":"cfeditorfr","@id":"https:\/\/www.africa-press.net\/tchad\/#\/schema\/person\/2b1cf3cd81a31e3cd26889ca66d677f1"},"headline":"dialogue national inclusif et souverain, le pr\u00e9sidium contest\u00e9","datePublished":"2022-08-29T18:04:01+00:00","dateModified":"2022-08-29T18:17:40+00:00","mainEntityOfPage":{"@id":"https:\/\/www.africa-press.net\/tchad\/politique\/dialogue-national-inclusif-et-souverain-le-presidium-conteste"},"wordCount":405,"commentCount":0,"image":{"@id":"https:\/\/www.africa-press.net\/tchad\/politique\/dialogue-national-inclusif-et-souverain-le-presidium-conteste#primaryimage"},"thumbnailUrl":"https:\/\/static.africa-press.net\/tchad\/sites\/41\/2022\/08\/postQueueImg_4-630d02aeda94f.jpg","keywords":["Africa Press","Africa Press-Tchad","Tchad"],"articleSection":["homepage-french","Politique","Top Nouvelles","Toutes les actualit\u00e9s"],"inLanguage":"fr-FR","potentialAction":[{"@type":"CommentAction","name":"Comment","target":["https:\/\/www.africa-press.net\/tchad\/politique\/dialogue-national-inclusif-et-souverain-le-presidium-conteste#respond"]}]},{"@type":"WebPage","@id":"https:\/\/www.africa-press.net\/tchad\/politique\/dialogue-national-inclusif-et-souverain-le-presidium-conteste","url":"https:\/\/www.africa-press.net\/tchad\/politique\/dialogue-national-inclusif-et-souverain-le-presidium-conteste","name":"dialogue national inclusif et souverain, le pr\u00e9sidium contest\u00e9 - tchad","isPartOf":{"@id":"https:\/\/www.africa-press.net\/tchad\/#website"},"primaryImageOfPage":{"@id":"https:\/\/www.africa-press.net\/tchad\/politique\/dialogue-national-inclusif-et-souverain-le-presidium-conteste#primaryimage"},"image":{"@id":"https:\/\/www.africa-press.net\/tchad\/politique\/dialogue-national-inclusif-et-souverain-le-presidium-conteste#primaryimage"},"thumbnailUrl":"https:\/\/static.africa-press.net\/tchad\/sites\/41\/2022\/08\/postQueueImg_4-630d02aeda94f.jpg","datePublished":"2022-08-29T18:04:01+00:00","dateModified":"2022-08-29T18:17:40+00:00","author":{"@id":"https:\/\/www.africa-press.net\/tchad\/#\/schema\/person\/2b1cf3cd81a31e3cd26889ca66d677f1"},"description":"Le pr\u00e9sidium propos\u00e9 par le comit\u00e9 d\u2019organisation du dialogue national et inclusif est contest\u00e9 par les participants. ...","breadcrumb":{"@id":"https:\/\/www.africa-press.net\/tchad\/politique\/dialogue-national-inclusif-et-souverain-le-presidium-conteste#breadcrumb"},"inLanguage":"fr-FR","potentialAction":[{"@type":"ReadAction","target":["https:\/\/www.africa-press.net\/tchad\/politique\/dialogue-national-inclusif-et-souverain-le-presidium-conteste"]}]},{"@type":"ImageObject","inLanguage":"fr-FR","@id":"https:\/\/www.africa-press.net\/tchad\/politique\/dialogue-national-inclusif-et-souverain-le-presidium-conteste#primaryimage","url":"https:\/\/static.africa-press.net\/tchad\/sites\/41\/2022\/08\/postQueueImg_4-630d02aeda94f.jpg","contentUrl":"https:\/\/static.africa-press.net\/tchad\/sites\/41\/2022\/08\/postQueueImg_4-630d02aeda94f.jpg","width":780,"height":440,"caption":"dialogue national inclusif et souverain, le pr\u00e9sidium contest\u00e9"},{"@type":"BreadcrumbList","@id":"https:\/\/www.africa-press.net\/tchad\/politique\/dialogue-national-inclusif-et-souverain-le-presidium-conteste#breadcrumb","itemListElement":[{"@type":"ListItem","position":1,"name":"Accueil","item":"https:\/\/www.africa-press.net\/tchad\/"},{"@type":"ListItem","position":2,"name":"dialogue national inclusif et souverain, le pr\u00e9sidium contest\u00e9"}]},{"@type":"WebSite","@id":"https:\/\/www.africa-press.net\/tchad\/#website","url":"https:\/\/www.africa-press.net\/tchad\/","name":"tchad","description":"Just another Africa News Agency Sites site","potentialAction":[{"@type":"SearchAction","target":{"@type":"EntryPoint","urlTemplate":"https:\/\/www.africa-press.net\/tchad\/?s={search_term_string}"},"query-input":{"@type":"PropertyValueSpecification","valueRequired":true,"valueName":"search_term_string"}}],"inLanguage":"fr-FR"},{"@type":"Person","@id":"https:\/\/www.africa-press.net\/tchad\/#\/schema\/person\/2b1cf3cd81a31e3cd26889ca66d677f1","name":"cfeditorfr"}]}},"_links":{"self":[{"href":"https:\/\/www.africa-press.net\/tchad\/wp-json\/wp\/v2\/posts\/31438","targetHints":{"allow":["GET"]}}],"collection":[{"href":"https:\/\/www.africa-press.net\/tchad\/wp-json\/wp\/v2\/posts"}],"about":[{"href":"https:\/\/www.africa-press.net\/tchad\/wp-json\/wp\/v2\/types\/post"}],"author":[{"embeddable":true,"href":"https:\/\/www.africa-press.net\/tchad\/wp-json\/wp\/v2\/users\/82"}],"replies":[{"embeddable":true,"href":"https:\/\/www.africa-press.net\/tchad\/wp-json\/wp\/v2\/comments?post=31438"}],"version-history":[{"count":0,"href":"https:\/\/www.africa-press.net\/tchad\/wp-json\/wp\/v2\/posts\/31438\/revisions"}],"wp:featuredmedia":[{"embeddable":true,"href":"https:\/\/www.africa-press.net\/tchad\/wp-json\/wp\/v2\/media\/31437"}],"wp:attachment":[{"href":"https:\/\/www.africa-press.net\/tchad\/wp-json\/wp\/v2\/media?parent=31438"}],"wp:term":[{"taxonomy":"category","embeddable":true,"href":"https:\/\/www.africa-press.net\/tchad\/wp-json\/wp\/v2\/categories?post=31438"},{"taxonomy":"post_tag","embeddable":true,"href":"https:\/\/www.africa-press.net\/tchad\/wp-json\/wp\/v2\/tags?post=31438"}],"curies":[{"name":"wp","href":"https:\/\/api.w.org\/{rel}","templated":true}]}}