{"id":31462,"date":"2022-08-29T18:00:22","date_gmt":"2022-08-29T18:00:22","guid":{"rendered":"https:\/\/www.africa-press.net\/tchad\/politique\/le-far-de-yorongar-se-retire-du-dialogue-national"},"modified":"2022-08-29T18:21:18","modified_gmt":"2022-08-29T18:21:18","slug":"le-far-de-yorongar-se-retire-du-dialogue-national","status":"publish","type":"post","link":"https:\/\/www.africa-press.net\/tchad\/politique\/le-far-de-yorongar-se-retire-du-dialogue-national","title":{"rendered":"le FAR de Yorongar se retire du dialogue national"},"content":{"rendered":"<p><span style=\"color: #ff6600\"><strong>Africa-Press &#8211; Tchad. <\/strong><\/span>Le parti annonce son retrait des assises au vu \u00ab\u00a0d&rsquo;imperfections expresses li\u00e9es \u00e0 l&rsquo;organisation en amont\u00a0\u00bb de ces assises. D&rsquo;apr\u00e8s Djimbaye Ousmane Kakol\u00e9, apr\u00e8s quatre jours de d\u00e9bat, il leur a \u00e9t\u00e9 donn\u00e9 de faire des <b>\u00ab\u00a0constats peu encourageants\u00a0\u00bb.<\/b><\/p>\n<p>Selon lui, le CODNI dont le mandat prend fin avec la pr\u00e9sentation du bilan de ses activit\u00e9s, s\u2019est maintenu contre toute attente pour diriger l\u2019examen du projet de R\u00e8glement Int\u00e9rieur qu\u2019il a propos\u00e9.<\/p>\n<p>Le parti estime que les membres du CODNI ont dirig\u00e9 le d\u00e9bat sans r\u00e8glement int\u00e9rieur, distribuant la parole de fa\u00e7on s\u00e9lective, donnant trop souvent le micro aux caciques du pouvoir et leurs complices, et poussant ainsi l\u2019assembl\u00e9e \u00e0 protester.<\/p>\n<p>Le parti d\u00e9nonce \u00e9galement le principe du vote \u00e0 main lev\u00e9e visant notamment \u00e0 \u00ab\u00a0faire passer en catimini des dispositions\u00a0\u00bb.<\/p>\n<p>Par ailleurs, Djimbaye Ousmane Kakol\u00e9 \u00e9voque des propos injurieux du vice-pr\u00e9sident du CODNI Saleh Kebzabo, traitant certains chefs de partis politiques qui demandent des motions de \u00ab\u00a0perturbateurs et agitateurs\u00a0\u00bb.<\/p>\n<p><strong>Pour plus d&rsquo;informations et d&rsquo;analyses sur la <a href=\"https:\/\/www.africa-press.net\/tchad\">Tchad<\/a>, suivez <a href=\"https:\/\/www.africa-press.net\/\">Africa-Press<\/a><\/strong><\/p>\n","protected":false},"excerpt":{"rendered":"<p>Africa-Press &#8211; Tchad. Le parti annonce son retrait des assises au vu \u00ab\u00a0d&rsquo;imperfections expresses li\u00e9es \u00e0 l&rsquo;organisation en amont\u00a0\u00bb de ces assises. D&rsquo;apr\u00e8s Djimbaye Ousmane Kakol\u00e9, apr\u00e8s quatre jours de d\u00e9bat, il leur a \u00e9t\u00e9 donn\u00e9 de faire des \u00ab\u00a0constats peu encourageants\u00a0\u00bb. Selon lui, le CODNI dont le mandat prend fin avec la pr\u00e9sentation du [&hellip;]<\/p>\n","protected":false},"author":82,"featured_media":31461,"comment_status":"open","ping_status":"closed","sticky":false,"template":"","format":"standard","meta":{"footnotes":""},"categories":[11,2,10],"tags":[37,292,29],"class_list":["post-31462","post","type-post","status-publish","format-standard","has-post-thumbnail","hentry","category-homepage-french","category-politique","category-toutes-les-actualites","tag-africa-press","tag-africa-press-tchad","tag-tchad"],"yoast_head":"<!-- This site is optimized with the Yoast SEO Premium plugin v26.1 (Yoast SEO v27.0) - https:\/\/yoast.com\/product\/yoast-seo-premium-wordpress\/ -->\n<title>le FAR de Yorongar se retire du dialogue national - tchad<\/title>\n<meta name=\"description\" content=\"Le parti annonce son retrait des assises au vu &quot;d&#039;imperfections expresses li\u00e9es \u00e0 l&#039;organisation en amont&quot; de ces assise ...\" \/>\n<meta name=\"robots\" content=\"index, follow, max-snippet:-1, max-image-preview:large, max-video-preview:-1\" \/>\n<link rel=\"canonical\" href=\"https:\/\/www.africa-press.net\/tchad\/politique\/le-far-de-yorongar-se-retire-du-dialogue-national\" \/>\n<meta property=\"og:locale\" content=\"fr_FR\" \/>\n<meta property=\"og:type\" content=\"article\" \/>\n<meta property=\"og:title\" content=\"le FAR de Yorongar se retire du dialogue national\" \/>\n<meta property=\"og:description\" content=\"Le parti annonce son retrait des assises au vu &quot;d&#039;imperfections expresses li\u00e9es \u00e0 l&#039;organisation en amont&quot; de ces assise ...\" \/>\n<meta property=\"og:url\" content=\"https:\/\/www.africa-press.net\/tchad\/politique\/le-far-de-yorongar-se-retire-du-dialogue-national\" \/>\n<meta property=\"og:site_name\" content=\"tchad\" \/>\n<meta property=\"article:published_time\" content=\"2022-08-29T18:00:22+00:00\" \/>\n<meta property=\"article:modified_time\" content=\"2022-08-29T18:21:18+00:00\" \/>\n<meta property=\"og:image\" content=\"https:\/\/static.africa-press.net\/tchad\/sites\/41\/2022\/08\/postQueueImg_12-630d038ad3592.jpg\" \/>\n\t<meta property=\"og:image:width\" content=\"940\" \/>\n\t<meta property=\"og:image:height\" content=\"529\" \/>\n\t<meta property=\"og:image:type\" content=\"image\/jpeg\" \/>\n<meta name=\"author\" content=\"cfeditorfr\" \/>\n<meta name=\"twitter:card\" content=\"summary_large_image\" \/>\n<meta name=\"twitter:label1\" content=\"\u00c9crit par\" \/>\n\t<meta name=\"twitter:data1\" content=\"cfeditorfr\" \/>\n\t<meta name=\"twitter:label2\" content=\"Dur\u00e9e de lecture estim\u00e9e\" \/>\n\t<meta name=\"twitter:data2\" content=\"1 minute\" \/>\n<script type=\"application\/ld+json\" class=\"yoast-schema-graph\">{\"@context\":\"https:\/\/schema.org\",\"@graph\":[{\"@type\":\"Article\",\"@id\":\"https:\/\/www.africa-press.net\/tchad\/politique\/le-far-de-yorongar-se-retire-du-dialogue-national#article\",\"isPartOf\":{\"@id\":\"https:\/\/www.africa-press.net\/tchad\/politique\/le-far-de-yorongar-se-retire-du-dialogue-national\"},\"author\":{\"name\":\"cfeditorfr\",\"@id\":\"https:\/\/www.africa-press.net\/tchad\/#\/schema\/person\/2b1cf3cd81a31e3cd26889ca66d677f1\"},\"headline\":\"le FAR de Yorongar se retire du dialogue national\",\"datePublished\":\"2022-08-29T18:00:22+00:00\",\"dateModified\":\"2022-08-29T18:21:18+00:00\",\"mainEntityOfPage\":{\"@id\":\"https:\/\/www.africa-press.net\/tchad\/politique\/le-far-de-yorongar-se-retire-du-dialogue-national\"},\"wordCount\":204,\"commentCount\":0,\"image\":{\"@id\":\"https:\/\/www.africa-press.net\/tchad\/politique\/le-far-de-yorongar-se-retire-du-dialogue-national#primaryimage\"},\"thumbnailUrl\":\"https:\/\/static.africa-press.net\/tchad\/sites\/41\/2022\/08\/postQueueImg_12-630d038ad3592.jpg\",\"keywords\":[\"Africa Press\",\"Africa Press-Tchad\",\"Tchad\"],\"articleSection\":[\"homepage-french\",\"Politique\",\"Toutes les actualit\u00e9s\"],\"inLanguage\":\"fr-FR\",\"potentialAction\":[{\"@type\":\"CommentAction\",\"name\":\"Comment\",\"target\":[\"https:\/\/www.africa-press.net\/tchad\/politique\/le-far-de-yorongar-se-retire-du-dialogue-national#respond\"]}]},{\"@type\":\"WebPage\",\"@id\":\"https:\/\/www.africa-press.net\/tchad\/politique\/le-far-de-yorongar-se-retire-du-dialogue-national\",\"url\":\"https:\/\/www.africa-press.net\/tchad\/politique\/le-far-de-yorongar-se-retire-du-dialogue-national\",\"name\":\"le FAR de Yorongar se retire du dialogue national - tchad\",\"isPartOf\":{\"@id\":\"https:\/\/www.africa-press.net\/tchad\/#website\"},\"primaryImageOfPage\":{\"@id\":\"https:\/\/www.africa-press.net\/tchad\/politique\/le-far-de-yorongar-se-retire-du-dialogue-national#primaryimage\"},\"image\":{\"@id\":\"https:\/\/www.africa-press.net\/tchad\/politique\/le-far-de-yorongar-se-retire-du-dialogue-national#primaryimage\"},\"thumbnailUrl\":\"https:\/\/static.africa-press.net\/tchad\/sites\/41\/2022\/08\/postQueueImg_12-630d038ad3592.jpg\",\"datePublished\":\"2022-08-29T18:00:22+00:00\",\"dateModified\":\"2022-08-29T18:21:18+00:00\",\"author\":{\"@id\":\"https:\/\/www.africa-press.net\/tchad\/#\/schema\/person\/2b1cf3cd81a31e3cd26889ca66d677f1\"},\"description\":\"Le parti annonce son retrait des assises au vu \\\"d'imperfections expresses li\u00e9es \u00e0 l'organisation en amont\\\" de ces assise ...\",\"breadcrumb\":{\"@id\":\"https:\/\/www.africa-press.net\/tchad\/politique\/le-far-de-yorongar-se-retire-du-dialogue-national#breadcrumb\"},\"inLanguage\":\"fr-FR\",\"potentialAction\":[{\"@type\":\"ReadAction\",\"target\":[\"https:\/\/www.africa-press.net\/tchad\/politique\/le-far-de-yorongar-se-retire-du-dialogue-national\"]}]},{\"@type\":\"ImageObject\",\"inLanguage\":\"fr-FR\",\"@id\":\"https:\/\/www.africa-press.net\/tchad\/politique\/le-far-de-yorongar-se-retire-du-dialogue-national#primaryimage\",\"url\":\"https:\/\/static.africa-press.net\/tchad\/sites\/41\/2022\/08\/postQueueImg_12-630d038ad3592.jpg\",\"contentUrl\":\"https:\/\/static.africa-press.net\/tchad\/sites\/41\/2022\/08\/postQueueImg_12-630d038ad3592.jpg\",\"width\":940,\"height\":529,\"caption\":\"le FAR de Yorongar se retire du dialogue national\"},{\"@type\":\"BreadcrumbList\",\"@id\":\"https:\/\/www.africa-press.net\/tchad\/politique\/le-far-de-yorongar-se-retire-du-dialogue-national#breadcrumb\",\"itemListElement\":[{\"@type\":\"ListItem\",\"position\":1,\"name\":\"Accueil\",\"item\":\"https:\/\/www.africa-press.net\/tchad\/\"},{\"@type\":\"ListItem\",\"position\":2,\"name\":\"le FAR de Yorongar se retire du dialogue national\"}]},{\"@type\":\"WebSite\",\"@id\":\"https:\/\/www.africa-press.net\/tchad\/#website\",\"url\":\"https:\/\/www.africa-press.net\/tchad\/\",\"name\":\"tchad\",\"description\":\"Just another Africa News Agency Sites site\",\"potentialAction\":[{\"@type\":\"SearchAction\",\"target\":{\"@type\":\"EntryPoint\",\"urlTemplate\":\"https:\/\/www.africa-press.net\/tchad\/?s={search_term_string}\"},\"query-input\":{\"@type\":\"PropertyValueSpecification\",\"valueRequired\":true,\"valueName\":\"search_term_string\"}}],\"inLanguage\":\"fr-FR\"},{\"@type\":\"Person\",\"@id\":\"https:\/\/www.africa-press.net\/tchad\/#\/schema\/person\/2b1cf3cd81a31e3cd26889ca66d677f1\",\"name\":\"cfeditorfr\"}]}<\/script>\n<!-- \/ Yoast SEO Premium plugin. -->","yoast_head_json":{"title":"le FAR de Yorongar se retire du dialogue national - tchad","description":"Le parti annonce son retrait des assises au vu \"d'imperfections expresses li\u00e9es \u00e0 l'organisation en amont\" de ces assise ...","robots":{"index":"index","follow":"follow","max-snippet":"max-snippet:-1","max-image-preview":"max-image-preview:large","max-video-preview":"max-video-preview:-1"},"canonical":"https:\/\/www.africa-press.net\/tchad\/politique\/le-far-de-yorongar-se-retire-du-dialogue-national","og_locale":"fr_FR","og_type":"article","og_title":"le FAR de Yorongar se retire du dialogue national","og_description":"Le parti annonce son retrait des assises au vu \"d'imperfections expresses li\u00e9es \u00e0 l'organisation en amont\" de ces assise ...","og_url":"https:\/\/www.africa-press.net\/tchad\/politique\/le-far-de-yorongar-se-retire-du-dialogue-national","og_site_name":"tchad","article_published_time":"2022-08-29T18:00:22+00:00","article_modified_time":"2022-08-29T18:21:18+00:00","og_image":[{"width":940,"height":529,"url":"https:\/\/static.africa-press.net\/tchad\/sites\/41\/2022\/08\/postQueueImg_12-630d038ad3592.jpg","type":"image\/jpeg"}],"author":"cfeditorfr","twitter_card":"summary_large_image","twitter_misc":{"\u00c9crit par":"cfeditorfr","Dur\u00e9e de lecture estim\u00e9e":"1 minute"},"schema":{"@context":"https:\/\/schema.org","@graph":[{"@type":"Article","@id":"https:\/\/www.africa-press.net\/tchad\/politique\/le-far-de-yorongar-se-retire-du-dialogue-national#article","isPartOf":{"@id":"https:\/\/www.africa-press.net\/tchad\/politique\/le-far-de-yorongar-se-retire-du-dialogue-national"},"author":{"name":"cfeditorfr","@id":"https:\/\/www.africa-press.net\/tchad\/#\/schema\/person\/2b1cf3cd81a31e3cd26889ca66d677f1"},"headline":"le FAR de Yorongar se retire du dialogue national","datePublished":"2022-08-29T18:00:22+00:00","dateModified":"2022-08-29T18:21:18+00:00","mainEntityOfPage":{"@id":"https:\/\/www.africa-press.net\/tchad\/politique\/le-far-de-yorongar-se-retire-du-dialogue-national"},"wordCount":204,"commentCount":0,"image":{"@id":"https:\/\/www.africa-press.net\/tchad\/politique\/le-far-de-yorongar-se-retire-du-dialogue-national#primaryimage"},"thumbnailUrl":"https:\/\/static.africa-press.net\/tchad\/sites\/41\/2022\/08\/postQueueImg_12-630d038ad3592.jpg","keywords":["Africa Press","Africa Press-Tchad","Tchad"],"articleSection":["homepage-french","Politique","Toutes les actualit\u00e9s"],"inLanguage":"fr-FR","potentialAction":[{"@type":"CommentAction","name":"Comment","target":["https:\/\/www.africa-press.net\/tchad\/politique\/le-far-de-yorongar-se-retire-du-dialogue-national#respond"]}]},{"@type":"WebPage","@id":"https:\/\/www.africa-press.net\/tchad\/politique\/le-far-de-yorongar-se-retire-du-dialogue-national","url":"https:\/\/www.africa-press.net\/tchad\/politique\/le-far-de-yorongar-se-retire-du-dialogue-national","name":"le FAR de Yorongar se retire du dialogue national - tchad","isPartOf":{"@id":"https:\/\/www.africa-press.net\/tchad\/#website"},"primaryImageOfPage":{"@id":"https:\/\/www.africa-press.net\/tchad\/politique\/le-far-de-yorongar-se-retire-du-dialogue-national#primaryimage"},"image":{"@id":"https:\/\/www.africa-press.net\/tchad\/politique\/le-far-de-yorongar-se-retire-du-dialogue-national#primaryimage"},"thumbnailUrl":"https:\/\/static.africa-press.net\/tchad\/sites\/41\/2022\/08\/postQueueImg_12-630d038ad3592.jpg","datePublished":"2022-08-29T18:00:22+00:00","dateModified":"2022-08-29T18:21:18+00:00","author":{"@id":"https:\/\/www.africa-press.net\/tchad\/#\/schema\/person\/2b1cf3cd81a31e3cd26889ca66d677f1"},"description":"Le parti annonce son retrait des assises au vu \"d'imperfections expresses li\u00e9es \u00e0 l'organisation en amont\" de ces assise ...","breadcrumb":{"@id":"https:\/\/www.africa-press.net\/tchad\/politique\/le-far-de-yorongar-se-retire-du-dialogue-national#breadcrumb"},"inLanguage":"fr-FR","potentialAction":[{"@type":"ReadAction","target":["https:\/\/www.africa-press.net\/tchad\/politique\/le-far-de-yorongar-se-retire-du-dialogue-national"]}]},{"@type":"ImageObject","inLanguage":"fr-FR","@id":"https:\/\/www.africa-press.net\/tchad\/politique\/le-far-de-yorongar-se-retire-du-dialogue-national#primaryimage","url":"https:\/\/static.africa-press.net\/tchad\/sites\/41\/2022\/08\/postQueueImg_12-630d038ad3592.jpg","contentUrl":"https:\/\/static.africa-press.net\/tchad\/sites\/41\/2022\/08\/postQueueImg_12-630d038ad3592.jpg","width":940,"height":529,"caption":"le FAR de Yorongar se retire du dialogue national"},{"@type":"BreadcrumbList","@id":"https:\/\/www.africa-press.net\/tchad\/politique\/le-far-de-yorongar-se-retire-du-dialogue-national#breadcrumb","itemListElement":[{"@type":"ListItem","position":1,"name":"Accueil","item":"https:\/\/www.africa-press.net\/tchad\/"},{"@type":"ListItem","position":2,"name":"le FAR de Yorongar se retire du dialogue national"}]},{"@type":"WebSite","@id":"https:\/\/www.africa-press.net\/tchad\/#website","url":"https:\/\/www.africa-press.net\/tchad\/","name":"tchad","description":"Just another Africa News Agency Sites site","potentialAction":[{"@type":"SearchAction","target":{"@type":"EntryPoint","urlTemplate":"https:\/\/www.africa-press.net\/tchad\/?s={search_term_string}"},"query-input":{"@type":"PropertyValueSpecification","valueRequired":true,"valueName":"search_term_string"}}],"inLanguage":"fr-FR"},{"@type":"Person","@id":"https:\/\/www.africa-press.net\/tchad\/#\/schema\/person\/2b1cf3cd81a31e3cd26889ca66d677f1","name":"cfeditorfr"}]}},"_links":{"self":[{"href":"https:\/\/www.africa-press.net\/tchad\/wp-json\/wp\/v2\/posts\/31462","targetHints":{"allow":["GET"]}}],"collection":[{"href":"https:\/\/www.africa-press.net\/tchad\/wp-json\/wp\/v2\/posts"}],"about":[{"href":"https:\/\/www.africa-press.net\/tchad\/wp-json\/wp\/v2\/types\/post"}],"author":[{"embeddable":true,"href":"https:\/\/www.africa-press.net\/tchad\/wp-json\/wp\/v2\/users\/82"}],"replies":[{"embeddable":true,"href":"https:\/\/www.africa-press.net\/tchad\/wp-json\/wp\/v2\/comments?post=31462"}],"version-history":[{"count":0,"href":"https:\/\/www.africa-press.net\/tchad\/wp-json\/wp\/v2\/posts\/31462\/revisions"}],"wp:featuredmedia":[{"embeddable":true,"href":"https:\/\/www.africa-press.net\/tchad\/wp-json\/wp\/v2\/media\/31461"}],"wp:attachment":[{"href":"https:\/\/www.africa-press.net\/tchad\/wp-json\/wp\/v2\/media?parent=31462"}],"wp:term":[{"taxonomy":"category","embeddable":true,"href":"https:\/\/www.africa-press.net\/tchad\/wp-json\/wp\/v2\/categories?post=31462"},{"taxonomy":"post_tag","embeddable":true,"href":"https:\/\/www.africa-press.net\/tchad\/wp-json\/wp\/v2\/tags?post=31462"}],"curies":[{"name":"wp","href":"https:\/\/api.w.org\/{rel}","templated":true}]}}