{"id":3613,"date":"2021-03-19T14:30:38","date_gmt":"2021-03-19T14:30:38","guid":{"rendered":"https:\/\/www.africa-press.net\/tchad\/?p=3613"},"modified":"2021-03-19T14:03:08","modified_gmt":"2021-03-19T14:03:08","slug":"le-senegal-lance-un-programme-de-cantines-scolaires","status":"publish","type":"post","link":"https:\/\/www.africa-press.net\/tchad\/toutes-les-actualites\/le-senegal-lance-un-programme-de-cantines-scolaires","title":{"rendered":"Le S\u00e9n\u00e9gal lance un programme de cantines scolaires"},"content":{"rendered":"<p><span style=\"color: #ff6600\"><strong><a href=\"https:\/\/www.africa-press.net\/\">Africa-Press<\/a> &#8211; <a href=\"https:\/\/www.africa-press.net\/tchad\">Tchad<\/a>. <\/strong><\/span>L\u2019initiative est financ\u00e9e par le Partenariat mondial pour l\u2019\u00e9ducation (PME) et d\u00e9l\u00e9gu\u00e9e \u00e0 l\u2019Agence fran\u00e7aise de d\u00e9veloppement (AFD).Lanc\u00e9, ce jeudi \u00e0 Diamniadio (30 km de Dakar), le programme de cantines scolaires appuie au Plan de riposte du minist\u00e8re de l\u2019Education nationale \u00e0 la Covid-19.<\/p>\n<p>\u00ab (\u2026) le programme de cantines scolaires, financ\u00e9 \u00e0 hauteur de 552 millions de FCFA est mis en \u0153uvre avec l\u2019appui du Programme alimentaire mondial (PAM) \u00bb, rapporte un communiqu\u00e9 de l\u2019AFD.<\/p>\n<p>Le texte souligne que l\u2019initiative est d\u00e9ploy\u00e9e dans le cadre du Programme d\u2019appui au d\u00e9veloppement de l\u2019enseignement au S\u00e9n\u00e9gal (Riposte et R\u00e9silience, PADES-RR). \u00ab Ce programme d\u2019urgence, poursuit le communiqu\u00e9, d\u2019un montant total de 3,8 milliards Fcfa (\u2026) vise \u00e0 att\u00e9nuer les effets de la crise sanitaire sur la scolarit\u00e9 des \u00e9l\u00e8ves et \u00e0 assurer la continuit\u00e9 des services \u00e9ducatifs \u00bb.<\/p>\n<p>L\u2019objectif de ce programme est de mettre en place des services de cantine dans les \u00e9coles publiques des zones rurales et p\u00e9ri-urbaines les plus d\u00e9favoris\u00e9es et impact\u00e9es par la Covid-19. Il s\u2019agit donc d\u2019att\u00e9nuer l\u2019impact sanitaire et socio\u00e9conomique de la pand\u00e9mie sur les \u00e9l\u00e8ves et leur famille, et de stimuler la fr\u00e9quentation et la r\u00e9ussite scolaire des \u00e9l\u00e8ves les plus vuln\u00e9rables.<\/p>\n<p>\u00ab Ce programme de cantines scolaires s\u2019inscrit \u00e9galement en coh\u00e9rence avec le Programme pr\u00e9sidentiel de cantines scolaires (PPCS). Il b\u00e9n\u00e9ficie \u00e0 pr\u00e8s de 107 000 \u00e9l\u00e8ves scolaris\u00e9s dans 637 \u00e9coles \u00e9l\u00e9mentaires. Les \u00e9coles sont r\u00e9parties au sein de 23 Inspections de l\u2019Education et de la Formation (IEF) des r\u00e9gions de Thi\u00e8s, Diourbel, Kaolack, Saint-Louis, Kolda, S\u00e9dhiou et Ziguinchor \u00bb, expliquer l\u2019AFD.<\/p>\n<p>Elle souligne que ces r\u00e9gions ont \u00e9t\u00e9 cibl\u00e9es sur la base des trois indicateurs de vuln\u00e9rabilit\u00e9 suivants, d\u2019ordre sanitaire, scolaire et alimentaire : le cumul du nombre de cas \u00e0 la Covid19 recens\u00e9s, le taux d\u2019abandon scolaire et le niveau d\u2019ins\u00e9curit\u00e9 alimentaire et de malnutrition aig\u00fce. Au total, 8,5 millions de repas seront servis aux \u00e9l\u00e8ves.<\/p>\n","protected":false},"excerpt":{"rendered":"<p>Africa-Press &#8211; Tchad. L\u2019initiative est financ\u00e9e par le Partenariat mondial pour l\u2019\u00e9ducation (PME) et d\u00e9l\u00e9gu\u00e9e \u00e0 l\u2019Agence fran\u00e7aise de d\u00e9veloppement (AFD).Lanc\u00e9, ce jeudi \u00e0 Diamniadio (30 km de Dakar), le programme de cantines scolaires appuie au Plan de riposte du minist\u00e8re de l\u2019Education nationale \u00e0 la Covid-19. \u00ab (\u2026) le programme de cantines scolaires, financ\u00e9 [&hellip;]<\/p>\n","protected":false},"author":82,"featured_media":3612,"comment_status":"open","ping_status":"closed","sticky":false,"template":"","format":"standard","meta":{"footnotes":""},"categories":[22,11,10],"tags":[37,292,398,69,129,386,246,385,29],"class_list":["post-3613","post","type-post","status-publish","format-standard","has-post-thumbnail","hentry","category-divers","category-homepage-french","category-toutes-les-actualites","tag-africa-press","tag-africa-press-tchad","tag-apa","tag-coronavirus","tag-education","tag-ouest","tag-sante","tag-senegal","tag-tchad"],"yoast_head":"<!-- This site is optimized with the Yoast SEO Premium plugin v26.1 (Yoast SEO v27.0) - https:\/\/yoast.com\/product\/yoast-seo-premium-wordpress\/ -->\n<title>Le S\u00e9n\u00e9gal lance un programme de cantines scolaires - tchad<\/title>\n<meta name=\"description\" content=\"L\u2019initiative est financ\u00e9e par le Partenariat mondial pour l\u2019\u00e9ducation (PME) et d\u00e9l\u00e9gu\u00e9e \u00e0 l\u2019Agence fran\u00e7aise de d\u00e9velopp ...\" \/>\n<meta name=\"robots\" content=\"index, follow, max-snippet:-1, max-image-preview:large, max-video-preview:-1\" \/>\n<link rel=\"canonical\" href=\"https:\/\/www.africa-press.net\/tchad\/toutes-les-actualites\/le-senegal-lance-un-programme-de-cantines-scolaires\" \/>\n<meta property=\"og:locale\" content=\"fr_FR\" \/>\n<meta property=\"og:type\" content=\"article\" \/>\n<meta property=\"og:title\" content=\"Le S\u00e9n\u00e9gal lance un programme de cantines scolaires\" \/>\n<meta property=\"og:description\" content=\"L\u2019initiative est financ\u00e9e par le Partenariat mondial pour l\u2019\u00e9ducation (PME) et d\u00e9l\u00e9gu\u00e9e \u00e0 l\u2019Agence fran\u00e7aise de d\u00e9velopp ...\" \/>\n<meta property=\"og:url\" content=\"https:\/\/www.africa-press.net\/tchad\/toutes-les-actualites\/le-senegal-lance-un-programme-de-cantines-scolaires\" \/>\n<meta property=\"og:site_name\" content=\"tchad\" \/>\n<meta property=\"article:published_time\" content=\"2021-03-19T14:30:38+00:00\" \/>\n<meta property=\"og:image\" content=\"https:\/\/static.africa-press.net\/tchad\/sites\/41\/2021\/03\/img-6054a981a5c33.jpg\" \/>\n\t<meta property=\"og:image:width\" content=\"780\" \/>\n\t<meta property=\"og:image:height\" content=\"440\" \/>\n\t<meta property=\"og:image:type\" content=\"image\/jpeg\" \/>\n<meta name=\"author\" content=\"cfeditorfr\" \/>\n<meta name=\"twitter:card\" content=\"summary_large_image\" \/>\n<meta name=\"twitter:label1\" content=\"\u00c9crit par\" \/>\n\t<meta name=\"twitter:data1\" content=\"cfeditorfr\" \/>\n\t<meta name=\"twitter:label2\" content=\"Dur\u00e9e de lecture estim\u00e9e\" \/>\n\t<meta name=\"twitter:data2\" content=\"2 minutes\" \/>\n<script type=\"application\/ld+json\" class=\"yoast-schema-graph\">{\"@context\":\"https:\/\/schema.org\",\"@graph\":[{\"@type\":\"Article\",\"@id\":\"https:\/\/www.africa-press.net\/tchad\/toutes-les-actualites\/le-senegal-lance-un-programme-de-cantines-scolaires#article\",\"isPartOf\":{\"@id\":\"https:\/\/www.africa-press.net\/tchad\/toutes-les-actualites\/le-senegal-lance-un-programme-de-cantines-scolaires\"},\"author\":{\"name\":\"cfeditorfr\",\"@id\":\"https:\/\/www.africa-press.net\/tchad\/#\/schema\/person\/2b1cf3cd81a31e3cd26889ca66d677f1\"},\"headline\":\"Le S\u00e9n\u00e9gal lance un programme de cantines scolaires\",\"datePublished\":\"2021-03-19T14:30:38+00:00\",\"mainEntityOfPage\":{\"@id\":\"https:\/\/www.africa-press.net\/tchad\/toutes-les-actualites\/le-senegal-lance-un-programme-de-cantines-scolaires\"},\"wordCount\":371,\"commentCount\":0,\"image\":{\"@id\":\"https:\/\/www.africa-press.net\/tchad\/toutes-les-actualites\/le-senegal-lance-un-programme-de-cantines-scolaires#primaryimage\"},\"thumbnailUrl\":\"https:\/\/static.africa-press.net\/tchad\/sites\/41\/2021\/03\/img-6054a981a5c33.jpg\",\"keywords\":[\"Africa Press\",\"Africa Press-Tchad\",\"APA\",\"Coronavirus\",\"Education\",\"OUEST\",\"Sant\u00e9\",\"SENEGAL\",\"Tchad\"],\"articleSection\":[\"Divers\",\"homepage-french\",\"Toutes les actualit\u00e9s\"],\"inLanguage\":\"fr-FR\",\"potentialAction\":[{\"@type\":\"CommentAction\",\"name\":\"Comment\",\"target\":[\"https:\/\/www.africa-press.net\/tchad\/toutes-les-actualites\/le-senegal-lance-un-programme-de-cantines-scolaires#respond\"]}]},{\"@type\":\"WebPage\",\"@id\":\"https:\/\/www.africa-press.net\/tchad\/toutes-les-actualites\/le-senegal-lance-un-programme-de-cantines-scolaires\",\"url\":\"https:\/\/www.africa-press.net\/tchad\/toutes-les-actualites\/le-senegal-lance-un-programme-de-cantines-scolaires\",\"name\":\"Le S\u00e9n\u00e9gal lance un programme de cantines scolaires - tchad\",\"isPartOf\":{\"@id\":\"https:\/\/www.africa-press.net\/tchad\/#website\"},\"primaryImageOfPage\":{\"@id\":\"https:\/\/www.africa-press.net\/tchad\/toutes-les-actualites\/le-senegal-lance-un-programme-de-cantines-scolaires#primaryimage\"},\"image\":{\"@id\":\"https:\/\/www.africa-press.net\/tchad\/toutes-les-actualites\/le-senegal-lance-un-programme-de-cantines-scolaires#primaryimage\"},\"thumbnailUrl\":\"https:\/\/static.africa-press.net\/tchad\/sites\/41\/2021\/03\/img-6054a981a5c33.jpg\",\"datePublished\":\"2021-03-19T14:30:38+00:00\",\"author\":{\"@id\":\"https:\/\/www.africa-press.net\/tchad\/#\/schema\/person\/2b1cf3cd81a31e3cd26889ca66d677f1\"},\"description\":\"L\u2019initiative est financ\u00e9e par le Partenariat mondial pour l\u2019\u00e9ducation (PME) et d\u00e9l\u00e9gu\u00e9e \u00e0 l\u2019Agence fran\u00e7aise de d\u00e9velopp ...\",\"breadcrumb\":{\"@id\":\"https:\/\/www.africa-press.net\/tchad\/toutes-les-actualites\/le-senegal-lance-un-programme-de-cantines-scolaires#breadcrumb\"},\"inLanguage\":\"fr-FR\",\"potentialAction\":[{\"@type\":\"ReadAction\",\"target\":[\"https:\/\/www.africa-press.net\/tchad\/toutes-les-actualites\/le-senegal-lance-un-programme-de-cantines-scolaires\"]}]},{\"@type\":\"ImageObject\",\"inLanguage\":\"fr-FR\",\"@id\":\"https:\/\/www.africa-press.net\/tchad\/toutes-les-actualites\/le-senegal-lance-un-programme-de-cantines-scolaires#primaryimage\",\"url\":\"https:\/\/static.africa-press.net\/tchad\/sites\/41\/2021\/03\/img-6054a981a5c33.jpg\",\"contentUrl\":\"https:\/\/static.africa-press.net\/tchad\/sites\/41\/2021\/03\/img-6054a981a5c33.jpg\",\"width\":780,\"height\":440,\"caption\":\"Le S\u00e9n\u00e9gal lance un programme de cantines scolaires\"},{\"@type\":\"BreadcrumbList\",\"@id\":\"https:\/\/www.africa-press.net\/tchad\/toutes-les-actualites\/le-senegal-lance-un-programme-de-cantines-scolaires#breadcrumb\",\"itemListElement\":[{\"@type\":\"ListItem\",\"position\":1,\"name\":\"Accueil\",\"item\":\"https:\/\/www.africa-press.net\/tchad\/\"},{\"@type\":\"ListItem\",\"position\":2,\"name\":\"Le S\u00e9n\u00e9gal lance un programme de cantines scolaires\"}]},{\"@type\":\"WebSite\",\"@id\":\"https:\/\/www.africa-press.net\/tchad\/#website\",\"url\":\"https:\/\/www.africa-press.net\/tchad\/\",\"name\":\"tchad\",\"description\":\"Just another Africa News Agency Sites site\",\"potentialAction\":[{\"@type\":\"SearchAction\",\"target\":{\"@type\":\"EntryPoint\",\"urlTemplate\":\"https:\/\/www.africa-press.net\/tchad\/?s={search_term_string}\"},\"query-input\":{\"@type\":\"PropertyValueSpecification\",\"valueRequired\":true,\"valueName\":\"search_term_string\"}}],\"inLanguage\":\"fr-FR\"},{\"@type\":\"Person\",\"@id\":\"https:\/\/www.africa-press.net\/tchad\/#\/schema\/person\/2b1cf3cd81a31e3cd26889ca66d677f1\",\"name\":\"cfeditorfr\"}]}<\/script>\n<!-- \/ Yoast SEO Premium plugin. -->","yoast_head_json":{"title":"Le S\u00e9n\u00e9gal lance un programme de cantines scolaires - tchad","description":"L\u2019initiative est financ\u00e9e par le Partenariat mondial pour l\u2019\u00e9ducation (PME) et d\u00e9l\u00e9gu\u00e9e \u00e0 l\u2019Agence fran\u00e7aise de d\u00e9velopp ...","robots":{"index":"index","follow":"follow","max-snippet":"max-snippet:-1","max-image-preview":"max-image-preview:large","max-video-preview":"max-video-preview:-1"},"canonical":"https:\/\/www.africa-press.net\/tchad\/toutes-les-actualites\/le-senegal-lance-un-programme-de-cantines-scolaires","og_locale":"fr_FR","og_type":"article","og_title":"Le S\u00e9n\u00e9gal lance un programme de cantines scolaires","og_description":"L\u2019initiative est financ\u00e9e par le Partenariat mondial pour l\u2019\u00e9ducation (PME) et d\u00e9l\u00e9gu\u00e9e \u00e0 l\u2019Agence fran\u00e7aise de d\u00e9velopp ...","og_url":"https:\/\/www.africa-press.net\/tchad\/toutes-les-actualites\/le-senegal-lance-un-programme-de-cantines-scolaires","og_site_name":"tchad","article_published_time":"2021-03-19T14:30:38+00:00","og_image":[{"width":780,"height":440,"url":"https:\/\/static.africa-press.net\/tchad\/sites\/41\/2021\/03\/img-6054a981a5c33.jpg","type":"image\/jpeg"}],"author":"cfeditorfr","twitter_card":"summary_large_image","twitter_misc":{"\u00c9crit par":"cfeditorfr","Dur\u00e9e de lecture estim\u00e9e":"2 minutes"},"schema":{"@context":"https:\/\/schema.org","@graph":[{"@type":"Article","@id":"https:\/\/www.africa-press.net\/tchad\/toutes-les-actualites\/le-senegal-lance-un-programme-de-cantines-scolaires#article","isPartOf":{"@id":"https:\/\/www.africa-press.net\/tchad\/toutes-les-actualites\/le-senegal-lance-un-programme-de-cantines-scolaires"},"author":{"name":"cfeditorfr","@id":"https:\/\/www.africa-press.net\/tchad\/#\/schema\/person\/2b1cf3cd81a31e3cd26889ca66d677f1"},"headline":"Le S\u00e9n\u00e9gal lance un programme de cantines scolaires","datePublished":"2021-03-19T14:30:38+00:00","mainEntityOfPage":{"@id":"https:\/\/www.africa-press.net\/tchad\/toutes-les-actualites\/le-senegal-lance-un-programme-de-cantines-scolaires"},"wordCount":371,"commentCount":0,"image":{"@id":"https:\/\/www.africa-press.net\/tchad\/toutes-les-actualites\/le-senegal-lance-un-programme-de-cantines-scolaires#primaryimage"},"thumbnailUrl":"https:\/\/static.africa-press.net\/tchad\/sites\/41\/2021\/03\/img-6054a981a5c33.jpg","keywords":["Africa Press","Africa Press-Tchad","APA","Coronavirus","Education","OUEST","Sant\u00e9","SENEGAL","Tchad"],"articleSection":["Divers","homepage-french","Toutes les actualit\u00e9s"],"inLanguage":"fr-FR","potentialAction":[{"@type":"CommentAction","name":"Comment","target":["https:\/\/www.africa-press.net\/tchad\/toutes-les-actualites\/le-senegal-lance-un-programme-de-cantines-scolaires#respond"]}]},{"@type":"WebPage","@id":"https:\/\/www.africa-press.net\/tchad\/toutes-les-actualites\/le-senegal-lance-un-programme-de-cantines-scolaires","url":"https:\/\/www.africa-press.net\/tchad\/toutes-les-actualites\/le-senegal-lance-un-programme-de-cantines-scolaires","name":"Le S\u00e9n\u00e9gal lance un programme de cantines scolaires - tchad","isPartOf":{"@id":"https:\/\/www.africa-press.net\/tchad\/#website"},"primaryImageOfPage":{"@id":"https:\/\/www.africa-press.net\/tchad\/toutes-les-actualites\/le-senegal-lance-un-programme-de-cantines-scolaires#primaryimage"},"image":{"@id":"https:\/\/www.africa-press.net\/tchad\/toutes-les-actualites\/le-senegal-lance-un-programme-de-cantines-scolaires#primaryimage"},"thumbnailUrl":"https:\/\/static.africa-press.net\/tchad\/sites\/41\/2021\/03\/img-6054a981a5c33.jpg","datePublished":"2021-03-19T14:30:38+00:00","author":{"@id":"https:\/\/www.africa-press.net\/tchad\/#\/schema\/person\/2b1cf3cd81a31e3cd26889ca66d677f1"},"description":"L\u2019initiative est financ\u00e9e par le Partenariat mondial pour l\u2019\u00e9ducation (PME) et d\u00e9l\u00e9gu\u00e9e \u00e0 l\u2019Agence fran\u00e7aise de d\u00e9velopp ...","breadcrumb":{"@id":"https:\/\/www.africa-press.net\/tchad\/toutes-les-actualites\/le-senegal-lance-un-programme-de-cantines-scolaires#breadcrumb"},"inLanguage":"fr-FR","potentialAction":[{"@type":"ReadAction","target":["https:\/\/www.africa-press.net\/tchad\/toutes-les-actualites\/le-senegal-lance-un-programme-de-cantines-scolaires"]}]},{"@type":"ImageObject","inLanguage":"fr-FR","@id":"https:\/\/www.africa-press.net\/tchad\/toutes-les-actualites\/le-senegal-lance-un-programme-de-cantines-scolaires#primaryimage","url":"https:\/\/static.africa-press.net\/tchad\/sites\/41\/2021\/03\/img-6054a981a5c33.jpg","contentUrl":"https:\/\/static.africa-press.net\/tchad\/sites\/41\/2021\/03\/img-6054a981a5c33.jpg","width":780,"height":440,"caption":"Le S\u00e9n\u00e9gal lance un programme de cantines scolaires"},{"@type":"BreadcrumbList","@id":"https:\/\/www.africa-press.net\/tchad\/toutes-les-actualites\/le-senegal-lance-un-programme-de-cantines-scolaires#breadcrumb","itemListElement":[{"@type":"ListItem","position":1,"name":"Accueil","item":"https:\/\/www.africa-press.net\/tchad\/"},{"@type":"ListItem","position":2,"name":"Le S\u00e9n\u00e9gal lance un programme de cantines scolaires"}]},{"@type":"WebSite","@id":"https:\/\/www.africa-press.net\/tchad\/#website","url":"https:\/\/www.africa-press.net\/tchad\/","name":"tchad","description":"Just another Africa News Agency Sites site","potentialAction":[{"@type":"SearchAction","target":{"@type":"EntryPoint","urlTemplate":"https:\/\/www.africa-press.net\/tchad\/?s={search_term_string}"},"query-input":{"@type":"PropertyValueSpecification","valueRequired":true,"valueName":"search_term_string"}}],"inLanguage":"fr-FR"},{"@type":"Person","@id":"https:\/\/www.africa-press.net\/tchad\/#\/schema\/person\/2b1cf3cd81a31e3cd26889ca66d677f1","name":"cfeditorfr"}]}},"_links":{"self":[{"href":"https:\/\/www.africa-press.net\/tchad\/wp-json\/wp\/v2\/posts\/3613","targetHints":{"allow":["GET"]}}],"collection":[{"href":"https:\/\/www.africa-press.net\/tchad\/wp-json\/wp\/v2\/posts"}],"about":[{"href":"https:\/\/www.africa-press.net\/tchad\/wp-json\/wp\/v2\/types\/post"}],"author":[{"embeddable":true,"href":"https:\/\/www.africa-press.net\/tchad\/wp-json\/wp\/v2\/users\/82"}],"replies":[{"embeddable":true,"href":"https:\/\/www.africa-press.net\/tchad\/wp-json\/wp\/v2\/comments?post=3613"}],"version-history":[{"count":0,"href":"https:\/\/www.africa-press.net\/tchad\/wp-json\/wp\/v2\/posts\/3613\/revisions"}],"wp:featuredmedia":[{"embeddable":true,"href":"https:\/\/www.africa-press.net\/tchad\/wp-json\/wp\/v2\/media\/3612"}],"wp:attachment":[{"href":"https:\/\/www.africa-press.net\/tchad\/wp-json\/wp\/v2\/media?parent=3613"}],"wp:term":[{"taxonomy":"category","embeddable":true,"href":"https:\/\/www.africa-press.net\/tchad\/wp-json\/wp\/v2\/categories?post=3613"},{"taxonomy":"post_tag","embeddable":true,"href":"https:\/\/www.africa-press.net\/tchad\/wp-json\/wp\/v2\/tags?post=3613"}],"curies":[{"name":"wp","href":"https:\/\/api.w.org\/{rel}","templated":true}]}}