{"id":38747,"date":"2023-01-30T18:27:38","date_gmt":"2023-01-30T18:27:38","guid":{"rendered":"https:\/\/www.africa-press.net\/tchad\/politique\/visite-du-vice-president-du-conseil-souverain-de-transition-du-soudan"},"modified":"2023-01-30T19:01:38","modified_gmt":"2023-01-30T19:01:38","slug":"visite-du-vice-president-du-conseil-souverain-de-transition-du-soudan","status":"publish","type":"post","link":"https:\/\/www.africa-press.net\/tchad\/politique\/visite-du-vice-president-du-conseil-souverain-de-transition-du-soudan","title":{"rendered":"visite du vice-pr\u00e9sident du Conseil souverain de transition du Soudan"},"content":{"rendered":"<p><span style=\"color: #ff6600\"><strong>Africa-Press &#8211; Tchad. <\/strong><\/span>Le Vice-Pre\u0301sident du Conseil souverain de transition du Soudan, le ge\u0301ne\u0301ral Mahamat Hamdane Daglo, a entame\u0301 une visite officielle au Tchad ce 30 janvier. A\u0300 son arrive\u0301e a\u0300 l&rsquo;ae\u0301roport Internationale Hassan Djamous de NDjamena, il a e\u0301te\u0301 accueilli par le Premier ministre de transition et chef du gouvernement d&rsquo;union nationale, Saleh Kebzabo.<\/p>\n<p>Les deux personnalite\u0301s ont eu l&rsquo;occasion de discuter brie\u0300vement dans le salon d&rsquo;honneur de l&rsquo;ae\u0301roport, avant que le ge\u0301ne\u0301ral Mahamat Hamdane Daglo et sa de\u0301le\u0301gation ne soient conduits au Palais de Toumai\u0308 pour rencontrer le pre\u0301sident de transition, le ge\u0301ne\u0301ral Mahamat Idriss Deby Itno.<\/p>\n<p>Cette visite du vice-pre\u0301sident du Conseil souverain de transition du Soudan te\u0301moigne de la volonte\u0301 des deux pays de renforcer leur collaboration et de travailler ensemble sur des enjeux communs de de\u0301veloppement et de stabilite\u0301.*<\/p>\n<p>La veille, le pre\u0301sident du Conseil souverain de transition, le ge\u0301ne\u0301ral Abdelfattah Al Burhan, a rencontre\u0301 le pre\u0301sident de transition a\u0300 N&rsquo;Djamena.<\/p>\n<p><strong>Pour plus d&rsquo;informations et d&rsquo;analyses sur la <a href=\"https:\/\/www.africa-press.net\/tchad\">Tchad<\/a>, suivez <a href=\"https:\/\/www.africa-press.net\/\">Africa-Press<\/a><\/strong><\/p>\n","protected":false},"excerpt":{"rendered":"<p>Africa-Press &#8211; Tchad. Le Vice-Pre\u0301sident du Conseil souverain de transition du Soudan, le ge\u0301ne\u0301ral Mahamat Hamdane Daglo, a entame\u0301 une visite officielle au Tchad ce 30 janvier. A\u0300 son arrive\u0301e a\u0300 l&rsquo;ae\u0301roport Internationale Hassan Djamous de NDjamena, il a e\u0301te\u0301 accueilli par le Premier ministre de transition et chef du gouvernement d&rsquo;union nationale, Saleh Kebzabo. [&hellip;]<\/p>\n","protected":false},"author":82,"featured_media":38745,"comment_status":"open","ping_status":"closed","sticky":false,"template":"","format":"standard","meta":{"footnotes":""},"categories":[2,20,10],"tags":[37,292,29],"class_list":["post-38747","post","type-post","status-publish","format-standard","has-post-thumbnail","hentry","category-politique","category-top-nouvelles","category-toutes-les-actualites","tag-africa-press","tag-africa-press-tchad","tag-tchad"],"yoast_head":"<!-- This site is optimized with the Yoast SEO Premium plugin v26.1 (Yoast SEO v27.0) - https:\/\/yoast.com\/product\/yoast-seo-premium-wordpress\/ -->\n<title>visite du vice-pr\u00e9sident du Conseil souverain de transition du Soudan - tchad<\/title>\n<meta name=\"description\" content=\"Le Vice-Pre\u0301sident du Conseil souverain de transition du Soudan, le ge\u0301ne\u0301ral Mahamat Hamdane Daglo, a entame\u0301 une visit ...\" \/>\n<meta name=\"robots\" content=\"index, follow, max-snippet:-1, max-image-preview:large, max-video-preview:-1\" \/>\n<link rel=\"canonical\" href=\"https:\/\/www.africa-press.net\/tchad\/politique\/visite-du-vice-president-du-conseil-souverain-de-transition-du-soudan\" \/>\n<meta property=\"og:locale\" content=\"fr_FR\" \/>\n<meta property=\"og:type\" content=\"article\" \/>\n<meta property=\"og:title\" content=\"visite du vice-pr\u00e9sident du Conseil souverain de transition du Soudan\" \/>\n<meta property=\"og:description\" content=\"Le Vice-Pre\u0301sident du Conseil souverain de transition du Soudan, le ge\u0301ne\u0301ral Mahamat Hamdane Daglo, a entame\u0301 une visit ...\" \/>\n<meta property=\"og:url\" content=\"https:\/\/www.africa-press.net\/tchad\/politique\/visite-du-vice-president-du-conseil-souverain-de-transition-du-soudan\" \/>\n<meta property=\"og:site_name\" content=\"tchad\" \/>\n<meta property=\"article:published_time\" content=\"2023-01-30T18:27:38+00:00\" \/>\n<meta property=\"article:modified_time\" content=\"2023-01-30T19:01:38+00:00\" \/>\n<meta property=\"og:image\" content=\"https:\/\/static.africa-press.net\/tchad\/sites\/41\/2023\/01\/postQueueImg_1675090668.48.jpg\" \/>\n\t<meta property=\"og:image:width\" content=\"960\" \/>\n\t<meta property=\"og:image:height\" content=\"540\" \/>\n\t<meta property=\"og:image:type\" content=\"image\/jpeg\" \/>\n<meta name=\"author\" content=\"cfeditorfr\" \/>\n<meta name=\"twitter:card\" content=\"summary_large_image\" \/>\n<meta name=\"twitter:label1\" content=\"\u00c9crit par\" \/>\n\t<meta name=\"twitter:data1\" content=\"cfeditorfr\" \/>\n\t<meta name=\"twitter:label2\" content=\"Dur\u00e9e de lecture estim\u00e9e\" \/>\n\t<meta name=\"twitter:data2\" content=\"1 minute\" \/>\n<script type=\"application\/ld+json\" class=\"yoast-schema-graph\">{\"@context\":\"https:\/\/schema.org\",\"@graph\":[{\"@type\":\"Article\",\"@id\":\"https:\/\/www.africa-press.net\/tchad\/politique\/visite-du-vice-president-du-conseil-souverain-de-transition-du-soudan#article\",\"isPartOf\":{\"@id\":\"https:\/\/www.africa-press.net\/tchad\/politique\/visite-du-vice-president-du-conseil-souverain-de-transition-du-soudan\"},\"author\":{\"name\":\"cfeditorfr\",\"@id\":\"https:\/\/www.africa-press.net\/tchad\/#\/schema\/person\/2b1cf3cd81a31e3cd26889ca66d677f1\"},\"headline\":\"visite du vice-pr\u00e9sident du Conseil souverain de transition du Soudan\",\"datePublished\":\"2023-01-30T18:27:38+00:00\",\"dateModified\":\"2023-01-30T19:01:38+00:00\",\"mainEntityOfPage\":{\"@id\":\"https:\/\/www.africa-press.net\/tchad\/politique\/visite-du-vice-president-du-conseil-souverain-de-transition-du-soudan\"},\"wordCount\":207,\"commentCount\":0,\"image\":{\"@id\":\"https:\/\/www.africa-press.net\/tchad\/politique\/visite-du-vice-president-du-conseil-souverain-de-transition-du-soudan#primaryimage\"},\"thumbnailUrl\":\"https:\/\/static.africa-press.net\/tchad\/sites\/41\/2023\/01\/postQueueImg_1675090668.48.jpg\",\"keywords\":[\"Africa Press\",\"Africa Press-Tchad\",\"Tchad\"],\"articleSection\":[\"Politique\",\"Top Nouvelles\",\"Toutes les actualit\u00e9s\"],\"inLanguage\":\"fr-FR\",\"potentialAction\":[{\"@type\":\"CommentAction\",\"name\":\"Comment\",\"target\":[\"https:\/\/www.africa-press.net\/tchad\/politique\/visite-du-vice-president-du-conseil-souverain-de-transition-du-soudan#respond\"]}]},{\"@type\":\"WebPage\",\"@id\":\"https:\/\/www.africa-press.net\/tchad\/politique\/visite-du-vice-president-du-conseil-souverain-de-transition-du-soudan\",\"url\":\"https:\/\/www.africa-press.net\/tchad\/politique\/visite-du-vice-president-du-conseil-souverain-de-transition-du-soudan\",\"name\":\"visite du vice-pr\u00e9sident du Conseil souverain de transition du Soudan - tchad\",\"isPartOf\":{\"@id\":\"https:\/\/www.africa-press.net\/tchad\/#website\"},\"primaryImageOfPage\":{\"@id\":\"https:\/\/www.africa-press.net\/tchad\/politique\/visite-du-vice-president-du-conseil-souverain-de-transition-du-soudan#primaryimage\"},\"image\":{\"@id\":\"https:\/\/www.africa-press.net\/tchad\/politique\/visite-du-vice-president-du-conseil-souverain-de-transition-du-soudan#primaryimage\"},\"thumbnailUrl\":\"https:\/\/static.africa-press.net\/tchad\/sites\/41\/2023\/01\/postQueueImg_1675090668.48.jpg\",\"datePublished\":\"2023-01-30T18:27:38+00:00\",\"dateModified\":\"2023-01-30T19:01:38+00:00\",\"author\":{\"@id\":\"https:\/\/www.africa-press.net\/tchad\/#\/schema\/person\/2b1cf3cd81a31e3cd26889ca66d677f1\"},\"description\":\"Le Vice-Pre\u0301sident du Conseil souverain de transition du Soudan, le ge\u0301ne\u0301ral Mahamat Hamdane Daglo, a entame\u0301 une visit ...\",\"breadcrumb\":{\"@id\":\"https:\/\/www.africa-press.net\/tchad\/politique\/visite-du-vice-president-du-conseil-souverain-de-transition-du-soudan#breadcrumb\"},\"inLanguage\":\"fr-FR\",\"potentialAction\":[{\"@type\":\"ReadAction\",\"target\":[\"https:\/\/www.africa-press.net\/tchad\/politique\/visite-du-vice-president-du-conseil-souverain-de-transition-du-soudan\"]}]},{\"@type\":\"ImageObject\",\"inLanguage\":\"fr-FR\",\"@id\":\"https:\/\/www.africa-press.net\/tchad\/politique\/visite-du-vice-president-du-conseil-souverain-de-transition-du-soudan#primaryimage\",\"url\":\"https:\/\/static.africa-press.net\/tchad\/sites\/41\/2023\/01\/postQueueImg_1675090668.48.jpg\",\"contentUrl\":\"https:\/\/static.africa-press.net\/tchad\/sites\/41\/2023\/01\/postQueueImg_1675090668.48.jpg\",\"width\":960,\"height\":540,\"caption\":\"visite du vice-pr\u00e9sident du Conseil souverain de transition du Soudan\"},{\"@type\":\"BreadcrumbList\",\"@id\":\"https:\/\/www.africa-press.net\/tchad\/politique\/visite-du-vice-president-du-conseil-souverain-de-transition-du-soudan#breadcrumb\",\"itemListElement\":[{\"@type\":\"ListItem\",\"position\":1,\"name\":\"Accueil\",\"item\":\"https:\/\/www.africa-press.net\/tchad\/\"},{\"@type\":\"ListItem\",\"position\":2,\"name\":\"visite du vice-pr\u00e9sident du Conseil souverain de transition du Soudan\"}]},{\"@type\":\"WebSite\",\"@id\":\"https:\/\/www.africa-press.net\/tchad\/#website\",\"url\":\"https:\/\/www.africa-press.net\/tchad\/\",\"name\":\"tchad\",\"description\":\"Just another Africa News Agency Sites site\",\"potentialAction\":[{\"@type\":\"SearchAction\",\"target\":{\"@type\":\"EntryPoint\",\"urlTemplate\":\"https:\/\/www.africa-press.net\/tchad\/?s={search_term_string}\"},\"query-input\":{\"@type\":\"PropertyValueSpecification\",\"valueRequired\":true,\"valueName\":\"search_term_string\"}}],\"inLanguage\":\"fr-FR\"},{\"@type\":\"Person\",\"@id\":\"https:\/\/www.africa-press.net\/tchad\/#\/schema\/person\/2b1cf3cd81a31e3cd26889ca66d677f1\",\"name\":\"cfeditorfr\"}]}<\/script>\n<!-- \/ Yoast SEO Premium plugin. -->","yoast_head_json":{"title":"visite du vice-pr\u00e9sident du Conseil souverain de transition du Soudan - tchad","description":"Le Vice-Pre\u0301sident du Conseil souverain de transition du Soudan, le ge\u0301ne\u0301ral Mahamat Hamdane Daglo, a entame\u0301 une visit ...","robots":{"index":"index","follow":"follow","max-snippet":"max-snippet:-1","max-image-preview":"max-image-preview:large","max-video-preview":"max-video-preview:-1"},"canonical":"https:\/\/www.africa-press.net\/tchad\/politique\/visite-du-vice-president-du-conseil-souverain-de-transition-du-soudan","og_locale":"fr_FR","og_type":"article","og_title":"visite du vice-pr\u00e9sident du Conseil souverain de transition du Soudan","og_description":"Le Vice-Pre\u0301sident du Conseil souverain de transition du Soudan, le ge\u0301ne\u0301ral Mahamat Hamdane Daglo, a entame\u0301 une visit ...","og_url":"https:\/\/www.africa-press.net\/tchad\/politique\/visite-du-vice-president-du-conseil-souverain-de-transition-du-soudan","og_site_name":"tchad","article_published_time":"2023-01-30T18:27:38+00:00","article_modified_time":"2023-01-30T19:01:38+00:00","og_image":[{"width":960,"height":540,"url":"https:\/\/static.africa-press.net\/tchad\/sites\/41\/2023\/01\/postQueueImg_1675090668.48.jpg","type":"image\/jpeg"}],"author":"cfeditorfr","twitter_card":"summary_large_image","twitter_misc":{"\u00c9crit par":"cfeditorfr","Dur\u00e9e de lecture estim\u00e9e":"1 minute"},"schema":{"@context":"https:\/\/schema.org","@graph":[{"@type":"Article","@id":"https:\/\/www.africa-press.net\/tchad\/politique\/visite-du-vice-president-du-conseil-souverain-de-transition-du-soudan#article","isPartOf":{"@id":"https:\/\/www.africa-press.net\/tchad\/politique\/visite-du-vice-president-du-conseil-souverain-de-transition-du-soudan"},"author":{"name":"cfeditorfr","@id":"https:\/\/www.africa-press.net\/tchad\/#\/schema\/person\/2b1cf3cd81a31e3cd26889ca66d677f1"},"headline":"visite du vice-pr\u00e9sident du Conseil souverain de transition du Soudan","datePublished":"2023-01-30T18:27:38+00:00","dateModified":"2023-01-30T19:01:38+00:00","mainEntityOfPage":{"@id":"https:\/\/www.africa-press.net\/tchad\/politique\/visite-du-vice-president-du-conseil-souverain-de-transition-du-soudan"},"wordCount":207,"commentCount":0,"image":{"@id":"https:\/\/www.africa-press.net\/tchad\/politique\/visite-du-vice-president-du-conseil-souverain-de-transition-du-soudan#primaryimage"},"thumbnailUrl":"https:\/\/static.africa-press.net\/tchad\/sites\/41\/2023\/01\/postQueueImg_1675090668.48.jpg","keywords":["Africa Press","Africa Press-Tchad","Tchad"],"articleSection":["Politique","Top Nouvelles","Toutes les actualit\u00e9s"],"inLanguage":"fr-FR","potentialAction":[{"@type":"CommentAction","name":"Comment","target":["https:\/\/www.africa-press.net\/tchad\/politique\/visite-du-vice-president-du-conseil-souverain-de-transition-du-soudan#respond"]}]},{"@type":"WebPage","@id":"https:\/\/www.africa-press.net\/tchad\/politique\/visite-du-vice-president-du-conseil-souverain-de-transition-du-soudan","url":"https:\/\/www.africa-press.net\/tchad\/politique\/visite-du-vice-president-du-conseil-souverain-de-transition-du-soudan","name":"visite du vice-pr\u00e9sident du Conseil souverain de transition du Soudan - tchad","isPartOf":{"@id":"https:\/\/www.africa-press.net\/tchad\/#website"},"primaryImageOfPage":{"@id":"https:\/\/www.africa-press.net\/tchad\/politique\/visite-du-vice-president-du-conseil-souverain-de-transition-du-soudan#primaryimage"},"image":{"@id":"https:\/\/www.africa-press.net\/tchad\/politique\/visite-du-vice-president-du-conseil-souverain-de-transition-du-soudan#primaryimage"},"thumbnailUrl":"https:\/\/static.africa-press.net\/tchad\/sites\/41\/2023\/01\/postQueueImg_1675090668.48.jpg","datePublished":"2023-01-30T18:27:38+00:00","dateModified":"2023-01-30T19:01:38+00:00","author":{"@id":"https:\/\/www.africa-press.net\/tchad\/#\/schema\/person\/2b1cf3cd81a31e3cd26889ca66d677f1"},"description":"Le Vice-Pre\u0301sident du Conseil souverain de transition du Soudan, le ge\u0301ne\u0301ral Mahamat Hamdane Daglo, a entame\u0301 une visit ...","breadcrumb":{"@id":"https:\/\/www.africa-press.net\/tchad\/politique\/visite-du-vice-president-du-conseil-souverain-de-transition-du-soudan#breadcrumb"},"inLanguage":"fr-FR","potentialAction":[{"@type":"ReadAction","target":["https:\/\/www.africa-press.net\/tchad\/politique\/visite-du-vice-president-du-conseil-souverain-de-transition-du-soudan"]}]},{"@type":"ImageObject","inLanguage":"fr-FR","@id":"https:\/\/www.africa-press.net\/tchad\/politique\/visite-du-vice-president-du-conseil-souverain-de-transition-du-soudan#primaryimage","url":"https:\/\/static.africa-press.net\/tchad\/sites\/41\/2023\/01\/postQueueImg_1675090668.48.jpg","contentUrl":"https:\/\/static.africa-press.net\/tchad\/sites\/41\/2023\/01\/postQueueImg_1675090668.48.jpg","width":960,"height":540,"caption":"visite du vice-pr\u00e9sident du Conseil souverain de transition du Soudan"},{"@type":"BreadcrumbList","@id":"https:\/\/www.africa-press.net\/tchad\/politique\/visite-du-vice-president-du-conseil-souverain-de-transition-du-soudan#breadcrumb","itemListElement":[{"@type":"ListItem","position":1,"name":"Accueil","item":"https:\/\/www.africa-press.net\/tchad\/"},{"@type":"ListItem","position":2,"name":"visite du vice-pr\u00e9sident du Conseil souverain de transition du Soudan"}]},{"@type":"WebSite","@id":"https:\/\/www.africa-press.net\/tchad\/#website","url":"https:\/\/www.africa-press.net\/tchad\/","name":"tchad","description":"Just another Africa News Agency Sites site","potentialAction":[{"@type":"SearchAction","target":{"@type":"EntryPoint","urlTemplate":"https:\/\/www.africa-press.net\/tchad\/?s={search_term_string}"},"query-input":{"@type":"PropertyValueSpecification","valueRequired":true,"valueName":"search_term_string"}}],"inLanguage":"fr-FR"},{"@type":"Person","@id":"https:\/\/www.africa-press.net\/tchad\/#\/schema\/person\/2b1cf3cd81a31e3cd26889ca66d677f1","name":"cfeditorfr"}]}},"_links":{"self":[{"href":"https:\/\/www.africa-press.net\/tchad\/wp-json\/wp\/v2\/posts\/38747","targetHints":{"allow":["GET"]}}],"collection":[{"href":"https:\/\/www.africa-press.net\/tchad\/wp-json\/wp\/v2\/posts"}],"about":[{"href":"https:\/\/www.africa-press.net\/tchad\/wp-json\/wp\/v2\/types\/post"}],"author":[{"embeddable":true,"href":"https:\/\/www.africa-press.net\/tchad\/wp-json\/wp\/v2\/users\/82"}],"replies":[{"embeddable":true,"href":"https:\/\/www.africa-press.net\/tchad\/wp-json\/wp\/v2\/comments?post=38747"}],"version-history":[{"count":0,"href":"https:\/\/www.africa-press.net\/tchad\/wp-json\/wp\/v2\/posts\/38747\/revisions"}],"wp:featuredmedia":[{"embeddable":true,"href":"https:\/\/www.africa-press.net\/tchad\/wp-json\/wp\/v2\/media\/38745"}],"wp:attachment":[{"href":"https:\/\/www.africa-press.net\/tchad\/wp-json\/wp\/v2\/media?parent=38747"}],"wp:term":[{"taxonomy":"category","embeddable":true,"href":"https:\/\/www.africa-press.net\/tchad\/wp-json\/wp\/v2\/categories?post=38747"},{"taxonomy":"post_tag","embeddable":true,"href":"https:\/\/www.africa-press.net\/tchad\/wp-json\/wp\/v2\/tags?post=38747"}],"curies":[{"name":"wp","href":"https:\/\/api.w.org\/{rel}","templated":true}]}}