{"id":441,"date":"2020-12-03T15:19:34","date_gmt":"2020-12-03T15:19:34","guid":{"rendered":"https:\/\/www.africa-press.com\/tchad\/?p=441"},"modified":"2020-12-03T14:30:40","modified_gmt":"2020-12-03T14:30:40","slug":"tchad-coronavirus-une-augmentation-de-cas-constatee-a-ndjamena-et-gore","status":"publish","type":"post","link":"https:\/\/www.africa-press.net\/tchad\/toutes-les-actualites\/tchad-coronavirus-une-augmentation-de-cas-constatee-a-ndjamena-et-gore","title":{"rendered":"coronavirus : une augmentation de cas constat\u00e9e \u00e0 N\u2019Djamena et Gor\u00e9"},"content":{"rendered":"<p><span style=\"color: #ff6600\"><strong><a href=\"https:\/\/www.africa-press.com\">Africa-Press<\/a> &#8211; <a href=\"https:\/\/www.africa-press.com\/tchad\">Tchad<\/a>. <\/strong><\/span>Le Comit\u00e9 de gestion de la crise sanitaire s\u2019est r\u00e9uni ce 2 d\u00e9cembre \u00e0 la pr\u00e9sidence de la R\u00e9publique, pour \u00e9valuer la situation \u00e9pid\u00e9miologique li\u00e9e \u00e0 la pand\u00e9mie impos\u00e9e par le coronavirus. Les assises ont \u00e9t\u00e9 pr\u00e9sid\u00e9es par l\u2019Amb Amine Abba Sidick, ministre des Affaires \u00e9trang\u00e8res, de l\u2019int\u00e9gration africaine et des tchadiens de l\u2019\u00e9tranger.<\/p>\n<p>Les responsables en charge des institutions sanitaires, \u00e0 savoir le ministre de la Sant\u00e9 publique et le Coordinateur national de lutte contre la crise sanitaire ont pr\u00e9sent\u00e9 l\u2019\u00e9volution de la maladie. Il en ressort qu\u2019apr\u00e8s la r\u00e9union du 18 novembre 2020, 86 cas positifs ont \u00e9t\u00e9 enregistr\u00e9s sur 4951 \u00e9chantillons analys\u00e9s, ainsi qu\u2019un cas de d\u00e9c\u00e8s, rapporte le ministre de la communication, porte-parole du gouvernement, Ch\u00e9rif Mahamat Zene. Il note qu\u2019une nette am\u00e9lioration a \u00e9t\u00e9 enregistr\u00e9e dans la province du Mayo Kebbi Est.<\/p>\n<p>Le gouvernement assure que toutes : \u00ab les dispositions sont prises pour circonscrire ces deux foyers, y compris par le renforcement et le relais continu des \u00e9quipes sanitaires dont le professionnalisme, le d\u00e9vouement et les efforts soutenus ont \u00e9t\u00e9 salu\u00e9s \u00bb. Quant \u00e0 la vaccination, le ministre de la sant\u00e9 publique informe qu\u2019elle se fera sur la base du volontariat.<\/p>\n","protected":false},"excerpt":{"rendered":"<p>Africa-Press &#8211; Tchad. Le Comit\u00e9 de gestion de la crise sanitaire s\u2019est r\u00e9uni ce 2 d\u00e9cembre \u00e0 la pr\u00e9sidence de la R\u00e9publique, pour \u00e9valuer la situation \u00e9pid\u00e9miologique li\u00e9e \u00e0 la pand\u00e9mie impos\u00e9e par le coronavirus. Les assises ont \u00e9t\u00e9 pr\u00e9sid\u00e9es par l\u2019Amb Amine Abba Sidick, ministre des Affaires \u00e9trang\u00e8res, de l\u2019int\u00e9gration africaine et des tchadiens [&hellip;]<\/p>\n","protected":false},"author":82,"featured_media":440,"comment_status":"open","ping_status":"closed","sticky":false,"template":"","format":"standard","meta":{"footnotes":""},"categories":[21,11,10],"tags":[37,186,69,29,185],"class_list":["post-441","post","type-post","status-publish","format-standard","has-post-thumbnail","hentry","category-communaute","category-homepage-french","category-toutes-les-actualites","tag-africa-press","tag-augmentation","tag-coronavirus","tag-tchad","tag-tchad-des-cas"],"yoast_head":"<!-- This site is optimized with the Yoast SEO Premium plugin v26.1 (Yoast SEO v27.0) - https:\/\/yoast.com\/product\/yoast-seo-premium-wordpress\/ -->\n<title>coronavirus : une augmentation de cas constat\u00e9e \u00e0 N\u2019Djamena et Gor\u00e9 - tchad<\/title>\n<meta name=\"description\" content=\"Le Comit\u00e9 de gestion de la crise sanitaire s\u2019est r\u00e9uni ce 2 d\u00e9cembre \u00e0 la pr\u00e9sidence de la R\u00e9publique,\" \/>\n<meta name=\"robots\" content=\"index, follow, max-snippet:-1, max-image-preview:large, max-video-preview:-1\" \/>\n<link rel=\"canonical\" href=\"https:\/\/www.africa-press.net\/tchad\/toutes-les-actualites\/tchad-coronavirus-une-augmentation-de-cas-constatee-a-ndjamena-et-gore\" \/>\n<meta property=\"og:locale\" content=\"fr_FR\" \/>\n<meta property=\"og:type\" content=\"article\" \/>\n<meta property=\"og:title\" content=\"coronavirus : une augmentation de cas constat\u00e9e \u00e0 N\u2019Djamena et Gor\u00e9\" \/>\n<meta property=\"og:description\" content=\"Le Comit\u00e9 de gestion de la crise sanitaire s\u2019est r\u00e9uni ce 2 d\u00e9cembre \u00e0 la pr\u00e9sidence de la R\u00e9publique,\" \/>\n<meta property=\"og:url\" content=\"https:\/\/www.africa-press.net\/tchad\/toutes-les-actualites\/tchad-coronavirus-une-augmentation-de-cas-constatee-a-ndjamena-et-gore\" \/>\n<meta property=\"og:site_name\" content=\"tchad\" \/>\n<meta property=\"article:published_time\" content=\"2020-12-03T15:19:34+00:00\" \/>\n<meta property=\"og:image\" content=\"https:\/\/static.africa-press.net\/tchad\/sites\/41\/2020\/12\/img-5fc8ed58e5cec.jpg\" \/>\n\t<meta property=\"og:image:width\" content=\"780\" \/>\n\t<meta property=\"og:image:height\" content=\"440\" \/>\n\t<meta property=\"og:image:type\" content=\"image\/jpeg\" \/>\n<meta name=\"author\" content=\"cfeditorfr\" \/>\n<meta name=\"twitter:card\" content=\"summary_large_image\" \/>\n<meta name=\"twitter:label1\" content=\"\u00c9crit par\" \/>\n\t<meta name=\"twitter:data1\" content=\"cfeditorfr\" \/>\n\t<meta name=\"twitter:label2\" content=\"Dur\u00e9e de lecture estim\u00e9e\" \/>\n\t<meta name=\"twitter:data2\" content=\"1 minute\" \/>\n<script type=\"application\/ld+json\" class=\"yoast-schema-graph\">{\"@context\":\"https:\/\/schema.org\",\"@graph\":[{\"@type\":\"Article\",\"@id\":\"https:\/\/www.africa-press.net\/tchad\/toutes-les-actualites\/tchad-coronavirus-une-augmentation-de-cas-constatee-a-ndjamena-et-gore#article\",\"isPartOf\":{\"@id\":\"https:\/\/www.africa-press.net\/tchad\/toutes-les-actualites\/tchad-coronavirus-une-augmentation-de-cas-constatee-a-ndjamena-et-gore\"},\"author\":{\"name\":\"cfeditorfr\",\"@id\":\"https:\/\/www.africa-press.net\/tchad\/#\/schema\/person\/2b1cf3cd81a31e3cd26889ca66d677f1\"},\"headline\":\"coronavirus : une augmentation de cas constat\u00e9e \u00e0 N\u2019Djamena et Gor\u00e9\",\"datePublished\":\"2020-12-03T15:19:34+00:00\",\"mainEntityOfPage\":{\"@id\":\"https:\/\/www.africa-press.net\/tchad\/toutes-les-actualites\/tchad-coronavirus-une-augmentation-de-cas-constatee-a-ndjamena-et-gore\"},\"wordCount\":232,\"commentCount\":0,\"image\":{\"@id\":\"https:\/\/www.africa-press.net\/tchad\/toutes-les-actualites\/tchad-coronavirus-une-augmentation-de-cas-constatee-a-ndjamena-et-gore#primaryimage\"},\"thumbnailUrl\":\"https:\/\/static.africa-press.net\/tchad\/sites\/41\/2020\/12\/img-5fc8ed58e5cec.jpg\",\"keywords\":[\"Africa Press\",\"Augmentation\",\"Coronavirus\",\"Tchad\",\"Tchad des cas\"],\"articleSection\":[\"Communaut\u00e9\",\"homepage-french\",\"Toutes les actualit\u00e9s\"],\"inLanguage\":\"fr-FR\",\"potentialAction\":[{\"@type\":\"CommentAction\",\"name\":\"Comment\",\"target\":[\"https:\/\/www.africa-press.net\/tchad\/toutes-les-actualites\/tchad-coronavirus-une-augmentation-de-cas-constatee-a-ndjamena-et-gore#respond\"]}]},{\"@type\":\"WebPage\",\"@id\":\"https:\/\/www.africa-press.net\/tchad\/toutes-les-actualites\/tchad-coronavirus-une-augmentation-de-cas-constatee-a-ndjamena-et-gore\",\"url\":\"https:\/\/www.africa-press.net\/tchad\/toutes-les-actualites\/tchad-coronavirus-une-augmentation-de-cas-constatee-a-ndjamena-et-gore\",\"name\":\"coronavirus : une augmentation de cas constat\u00e9e \u00e0 N\u2019Djamena et Gor\u00e9 - tchad\",\"isPartOf\":{\"@id\":\"https:\/\/www.africa-press.net\/tchad\/#website\"},\"primaryImageOfPage\":{\"@id\":\"https:\/\/www.africa-press.net\/tchad\/toutes-les-actualites\/tchad-coronavirus-une-augmentation-de-cas-constatee-a-ndjamena-et-gore#primaryimage\"},\"image\":{\"@id\":\"https:\/\/www.africa-press.net\/tchad\/toutes-les-actualites\/tchad-coronavirus-une-augmentation-de-cas-constatee-a-ndjamena-et-gore#primaryimage\"},\"thumbnailUrl\":\"https:\/\/static.africa-press.net\/tchad\/sites\/41\/2020\/12\/img-5fc8ed58e5cec.jpg\",\"datePublished\":\"2020-12-03T15:19:34+00:00\",\"author\":{\"@id\":\"https:\/\/www.africa-press.net\/tchad\/#\/schema\/person\/2b1cf3cd81a31e3cd26889ca66d677f1\"},\"description\":\"Le Comit\u00e9 de gestion de la crise sanitaire s\u2019est r\u00e9uni ce 2 d\u00e9cembre \u00e0 la pr\u00e9sidence de la R\u00e9publique,\",\"breadcrumb\":{\"@id\":\"https:\/\/www.africa-press.net\/tchad\/toutes-les-actualites\/tchad-coronavirus-une-augmentation-de-cas-constatee-a-ndjamena-et-gore#breadcrumb\"},\"inLanguage\":\"fr-FR\",\"potentialAction\":[{\"@type\":\"ReadAction\",\"target\":[\"https:\/\/www.africa-press.net\/tchad\/toutes-les-actualites\/tchad-coronavirus-une-augmentation-de-cas-constatee-a-ndjamena-et-gore\"]}]},{\"@type\":\"ImageObject\",\"inLanguage\":\"fr-FR\",\"@id\":\"https:\/\/www.africa-press.net\/tchad\/toutes-les-actualites\/tchad-coronavirus-une-augmentation-de-cas-constatee-a-ndjamena-et-gore#primaryimage\",\"url\":\"https:\/\/static.africa-press.net\/tchad\/sites\/41\/2020\/12\/img-5fc8ed58e5cec.jpg\",\"contentUrl\":\"https:\/\/static.africa-press.net\/tchad\/sites\/41\/2020\/12\/img-5fc8ed58e5cec.jpg\",\"width\":780,\"height\":440,\"caption\":\"Tchad-coronavirus : une augmentation de cas constat\u00e9e \u00e0 N\u2019Djamena et Gor\u00e9\"},{\"@type\":\"BreadcrumbList\",\"@id\":\"https:\/\/www.africa-press.net\/tchad\/toutes-les-actualites\/tchad-coronavirus-une-augmentation-de-cas-constatee-a-ndjamena-et-gore#breadcrumb\",\"itemListElement\":[{\"@type\":\"ListItem\",\"position\":1,\"name\":\"Accueil\",\"item\":\"https:\/\/www.africa-press.net\/tchad\/\"},{\"@type\":\"ListItem\",\"position\":2,\"name\":\"coronavirus : une augmentation de cas constat\u00e9e \u00e0 N\u2019Djamena et Gor\u00e9\"}]},{\"@type\":\"WebSite\",\"@id\":\"https:\/\/www.africa-press.net\/tchad\/#website\",\"url\":\"https:\/\/www.africa-press.net\/tchad\/\",\"name\":\"tchad\",\"description\":\"Just another Africa News Agency Sites site\",\"potentialAction\":[{\"@type\":\"SearchAction\",\"target\":{\"@type\":\"EntryPoint\",\"urlTemplate\":\"https:\/\/www.africa-press.net\/tchad\/?s={search_term_string}\"},\"query-input\":{\"@type\":\"PropertyValueSpecification\",\"valueRequired\":true,\"valueName\":\"search_term_string\"}}],\"inLanguage\":\"fr-FR\"},{\"@type\":\"Person\",\"@id\":\"https:\/\/www.africa-press.net\/tchad\/#\/schema\/person\/2b1cf3cd81a31e3cd26889ca66d677f1\",\"name\":\"cfeditorfr\"}]}<\/script>\n<!-- \/ Yoast SEO Premium plugin. -->","yoast_head_json":{"title":"coronavirus : une augmentation de cas constat\u00e9e \u00e0 N\u2019Djamena et Gor\u00e9 - tchad","description":"Le Comit\u00e9 de gestion de la crise sanitaire s\u2019est r\u00e9uni ce 2 d\u00e9cembre \u00e0 la pr\u00e9sidence de la R\u00e9publique,","robots":{"index":"index","follow":"follow","max-snippet":"max-snippet:-1","max-image-preview":"max-image-preview:large","max-video-preview":"max-video-preview:-1"},"canonical":"https:\/\/www.africa-press.net\/tchad\/toutes-les-actualites\/tchad-coronavirus-une-augmentation-de-cas-constatee-a-ndjamena-et-gore","og_locale":"fr_FR","og_type":"article","og_title":"coronavirus : une augmentation de cas constat\u00e9e \u00e0 N\u2019Djamena et Gor\u00e9","og_description":"Le Comit\u00e9 de gestion de la crise sanitaire s\u2019est r\u00e9uni ce 2 d\u00e9cembre \u00e0 la pr\u00e9sidence de la R\u00e9publique,","og_url":"https:\/\/www.africa-press.net\/tchad\/toutes-les-actualites\/tchad-coronavirus-une-augmentation-de-cas-constatee-a-ndjamena-et-gore","og_site_name":"tchad","article_published_time":"2020-12-03T15:19:34+00:00","og_image":[{"width":780,"height":440,"url":"https:\/\/static.africa-press.net\/tchad\/sites\/41\/2020\/12\/img-5fc8ed58e5cec.jpg","type":"image\/jpeg"}],"author":"cfeditorfr","twitter_card":"summary_large_image","twitter_misc":{"\u00c9crit par":"cfeditorfr","Dur\u00e9e de lecture estim\u00e9e":"1 minute"},"schema":{"@context":"https:\/\/schema.org","@graph":[{"@type":"Article","@id":"https:\/\/www.africa-press.net\/tchad\/toutes-les-actualites\/tchad-coronavirus-une-augmentation-de-cas-constatee-a-ndjamena-et-gore#article","isPartOf":{"@id":"https:\/\/www.africa-press.net\/tchad\/toutes-les-actualites\/tchad-coronavirus-une-augmentation-de-cas-constatee-a-ndjamena-et-gore"},"author":{"name":"cfeditorfr","@id":"https:\/\/www.africa-press.net\/tchad\/#\/schema\/person\/2b1cf3cd81a31e3cd26889ca66d677f1"},"headline":"coronavirus : une augmentation de cas constat\u00e9e \u00e0 N\u2019Djamena et Gor\u00e9","datePublished":"2020-12-03T15:19:34+00:00","mainEntityOfPage":{"@id":"https:\/\/www.africa-press.net\/tchad\/toutes-les-actualites\/tchad-coronavirus-une-augmentation-de-cas-constatee-a-ndjamena-et-gore"},"wordCount":232,"commentCount":0,"image":{"@id":"https:\/\/www.africa-press.net\/tchad\/toutes-les-actualites\/tchad-coronavirus-une-augmentation-de-cas-constatee-a-ndjamena-et-gore#primaryimage"},"thumbnailUrl":"https:\/\/static.africa-press.net\/tchad\/sites\/41\/2020\/12\/img-5fc8ed58e5cec.jpg","keywords":["Africa Press","Augmentation","Coronavirus","Tchad","Tchad des cas"],"articleSection":["Communaut\u00e9","homepage-french","Toutes les actualit\u00e9s"],"inLanguage":"fr-FR","potentialAction":[{"@type":"CommentAction","name":"Comment","target":["https:\/\/www.africa-press.net\/tchad\/toutes-les-actualites\/tchad-coronavirus-une-augmentation-de-cas-constatee-a-ndjamena-et-gore#respond"]}]},{"@type":"WebPage","@id":"https:\/\/www.africa-press.net\/tchad\/toutes-les-actualites\/tchad-coronavirus-une-augmentation-de-cas-constatee-a-ndjamena-et-gore","url":"https:\/\/www.africa-press.net\/tchad\/toutes-les-actualites\/tchad-coronavirus-une-augmentation-de-cas-constatee-a-ndjamena-et-gore","name":"coronavirus : une augmentation de cas constat\u00e9e \u00e0 N\u2019Djamena et Gor\u00e9 - tchad","isPartOf":{"@id":"https:\/\/www.africa-press.net\/tchad\/#website"},"primaryImageOfPage":{"@id":"https:\/\/www.africa-press.net\/tchad\/toutes-les-actualites\/tchad-coronavirus-une-augmentation-de-cas-constatee-a-ndjamena-et-gore#primaryimage"},"image":{"@id":"https:\/\/www.africa-press.net\/tchad\/toutes-les-actualites\/tchad-coronavirus-une-augmentation-de-cas-constatee-a-ndjamena-et-gore#primaryimage"},"thumbnailUrl":"https:\/\/static.africa-press.net\/tchad\/sites\/41\/2020\/12\/img-5fc8ed58e5cec.jpg","datePublished":"2020-12-03T15:19:34+00:00","author":{"@id":"https:\/\/www.africa-press.net\/tchad\/#\/schema\/person\/2b1cf3cd81a31e3cd26889ca66d677f1"},"description":"Le Comit\u00e9 de gestion de la crise sanitaire s\u2019est r\u00e9uni ce 2 d\u00e9cembre \u00e0 la pr\u00e9sidence de la R\u00e9publique,","breadcrumb":{"@id":"https:\/\/www.africa-press.net\/tchad\/toutes-les-actualites\/tchad-coronavirus-une-augmentation-de-cas-constatee-a-ndjamena-et-gore#breadcrumb"},"inLanguage":"fr-FR","potentialAction":[{"@type":"ReadAction","target":["https:\/\/www.africa-press.net\/tchad\/toutes-les-actualites\/tchad-coronavirus-une-augmentation-de-cas-constatee-a-ndjamena-et-gore"]}]},{"@type":"ImageObject","inLanguage":"fr-FR","@id":"https:\/\/www.africa-press.net\/tchad\/toutes-les-actualites\/tchad-coronavirus-une-augmentation-de-cas-constatee-a-ndjamena-et-gore#primaryimage","url":"https:\/\/static.africa-press.net\/tchad\/sites\/41\/2020\/12\/img-5fc8ed58e5cec.jpg","contentUrl":"https:\/\/static.africa-press.net\/tchad\/sites\/41\/2020\/12\/img-5fc8ed58e5cec.jpg","width":780,"height":440,"caption":"Tchad-coronavirus : une augmentation de cas constat\u00e9e \u00e0 N\u2019Djamena et Gor\u00e9"},{"@type":"BreadcrumbList","@id":"https:\/\/www.africa-press.net\/tchad\/toutes-les-actualites\/tchad-coronavirus-une-augmentation-de-cas-constatee-a-ndjamena-et-gore#breadcrumb","itemListElement":[{"@type":"ListItem","position":1,"name":"Accueil","item":"https:\/\/www.africa-press.net\/tchad\/"},{"@type":"ListItem","position":2,"name":"coronavirus : une augmentation de cas constat\u00e9e \u00e0 N\u2019Djamena et Gor\u00e9"}]},{"@type":"WebSite","@id":"https:\/\/www.africa-press.net\/tchad\/#website","url":"https:\/\/www.africa-press.net\/tchad\/","name":"tchad","description":"Just another Africa News Agency Sites site","potentialAction":[{"@type":"SearchAction","target":{"@type":"EntryPoint","urlTemplate":"https:\/\/www.africa-press.net\/tchad\/?s={search_term_string}"},"query-input":{"@type":"PropertyValueSpecification","valueRequired":true,"valueName":"search_term_string"}}],"inLanguage":"fr-FR"},{"@type":"Person","@id":"https:\/\/www.africa-press.net\/tchad\/#\/schema\/person\/2b1cf3cd81a31e3cd26889ca66d677f1","name":"cfeditorfr"}]}},"_links":{"self":[{"href":"https:\/\/www.africa-press.net\/tchad\/wp-json\/wp\/v2\/posts\/441","targetHints":{"allow":["GET"]}}],"collection":[{"href":"https:\/\/www.africa-press.net\/tchad\/wp-json\/wp\/v2\/posts"}],"about":[{"href":"https:\/\/www.africa-press.net\/tchad\/wp-json\/wp\/v2\/types\/post"}],"author":[{"embeddable":true,"href":"https:\/\/www.africa-press.net\/tchad\/wp-json\/wp\/v2\/users\/82"}],"replies":[{"embeddable":true,"href":"https:\/\/www.africa-press.net\/tchad\/wp-json\/wp\/v2\/comments?post=441"}],"version-history":[{"count":0,"href":"https:\/\/www.africa-press.net\/tchad\/wp-json\/wp\/v2\/posts\/441\/revisions"}],"wp:featuredmedia":[{"embeddable":true,"href":"https:\/\/www.africa-press.net\/tchad\/wp-json\/wp\/v2\/media\/440"}],"wp:attachment":[{"href":"https:\/\/www.africa-press.net\/tchad\/wp-json\/wp\/v2\/media?parent=441"}],"wp:term":[{"taxonomy":"category","embeddable":true,"href":"https:\/\/www.africa-press.net\/tchad\/wp-json\/wp\/v2\/categories?post=441"},{"taxonomy":"post_tag","embeddable":true,"href":"https:\/\/www.africa-press.net\/tchad\/wp-json\/wp\/v2\/tags?post=441"}],"curies":[{"name":"wp","href":"https:\/\/api.w.org\/{rel}","templated":true}]}}