{"id":4775,"date":"2021-04-20T17:43:47","date_gmt":"2021-04-20T17:43:47","guid":{"rendered":"https:\/\/www.africa-press.net\/tchad\/?p=4775"},"modified":"2021-04-20T17:03:57","modified_gmt":"2021-04-20T17:03:57","slug":"mort-didriss-deby-toutes-les-frontieres-terrestres-et-aeriennes-du-tchad-ont-ete-fermees","status":"publish","type":"post","link":"https:\/\/www.africa-press.net\/tchad\/video\/mort-didriss-deby-toutes-les-frontieres-terrestres-et-aeriennes-du-tchad-ont-ete-fermees","title":{"rendered":"Mort d&rsquo;Idriss D\u00e9by : toutes les fronti\u00e8res terrestres et a\u00e9riennes du Tchad ont \u00e9t\u00e9 ferm\u00e9es"},"content":{"rendered":"<p><span style=\"color: #ff6600\"><strong><a href=\"https:\/\/www.africa-press.net\/\">Africa-Press<\/a> &#8211; <a href=\"https:\/\/www.africa-press.net\/tchad\">Tchad<\/a>. <\/strong><\/span><b>Le pr\u00e9sident tchadien Idriss D\u00e9by est mort au lendemain de l&rsquo;annonce de sa victoire \u00e0 l&rsquo;\u00e9lection pr\u00e9sidentielle pour un sixi\u00e8me mandat et son fils, Mahamat Kaka, a \u00e9t\u00e9 d\u00e9sign\u00e9 chef d&rsquo;Etat par int\u00e9rim, a-t-on appris aupr\u00e8s de l&rsquo;arm\u00e9e le 20 avril. Le correspondant France 24, Cl\u00e9ment Di Roma fait un point sur la situation depuis Bangui en Centrafrique.<\/b><\/p>\n<p><span style=\"color: #ff6600\"><b>vid\u00e9o: <\/b><\/span><\/p>\n<p><iframe loading=\"lazy\" title=\"Mort d&#039;Idriss D\u00e9by : toutes les fronti\u00e8res terrestres et a\u00e9riennes du Tchad ont \u00e9t\u00e9 ferm\u00e9es\" width=\"696\" height=\"392\" src=\"https:\/\/www.youtube.com\/embed\/xd3WrR10FYU?feature=oembed\" frameborder=\"0\" allow=\"accelerometer; autoplay; clipboard-write; encrypted-media; gyroscope; picture-in-picture\" allowfullscreen><\/iframe><\/p>\n","protected":false},"excerpt":{"rendered":"<p>Africa-Press &#8211; Tchad. Le pr\u00e9sident tchadien Idriss D\u00e9by est mort au lendemain de l&rsquo;annonce de sa victoire \u00e0 l&rsquo;\u00e9lection pr\u00e9sidentielle pour un sixi\u00e8me mandat et son fils, Mahamat Kaka, a \u00e9t\u00e9 d\u00e9sign\u00e9 chef d&rsquo;Etat par int\u00e9rim, a-t-on appris aupr\u00e8s de l&rsquo;arm\u00e9e le 20 avril. Le correspondant France 24, Cl\u00e9ment Di Roma fait un point sur [&hellip;]<\/p>\n","protected":false},"author":82,"featured_media":4774,"comment_status":"open","ping_status":"closed","sticky":false,"template":"","format":"standard","meta":{"footnotes":""},"categories":[11,10,9],"tags":[37,292,342,414,692,87,29],"class_list":["post-4775","post","type-post","status-publish","format-standard","has-post-thumbnail","hentry","category-homepage-french","category-toutes-les-actualites","category-video","tag-africa-press","tag-africa-press-tchad","tag-afrique","tag-deces","tag-france-24","tag-idriss-deby-itno","tag-tchad"],"yoast_head":"<!-- This site is optimized with the Yoast SEO Premium plugin v26.1 (Yoast SEO v27.0) - https:\/\/yoast.com\/product\/yoast-seo-premium-wordpress\/ -->\n<title>Mort d&#039;Idriss D\u00e9by : toutes les fronti\u00e8res terrestres et a\u00e9riennes du Tchad ont \u00e9t\u00e9 ferm\u00e9es - tchad<\/title>\n<meta name=\"description\" content=\"Le pr\u00e9sident tchadien Idriss D\u00e9by est mort au lendemain de l&#039;annonce de sa victoire \u00e0 l&#039;\u00e9lection pr\u00e9sidentielle pour ...\" \/>\n<meta name=\"robots\" content=\"index, follow, max-snippet:-1, max-image-preview:large, max-video-preview:-1\" \/>\n<link rel=\"canonical\" href=\"https:\/\/www.africa-press.net\/tchad\/video\/mort-didriss-deby-toutes-les-frontieres-terrestres-et-aeriennes-du-tchad-ont-ete-fermees\" \/>\n<meta property=\"og:locale\" content=\"fr_FR\" \/>\n<meta property=\"og:type\" content=\"article\" \/>\n<meta property=\"og:title\" content=\"Mort d&#039;Idriss D\u00e9by : toutes les fronti\u00e8res terrestres et a\u00e9riennes du Tchad ont \u00e9t\u00e9 ferm\u00e9es\" \/>\n<meta property=\"og:description\" content=\"Le pr\u00e9sident tchadien Idriss D\u00e9by est mort au lendemain de l&#039;annonce de sa victoire \u00e0 l&#039;\u00e9lection pr\u00e9sidentielle pour ...\" \/>\n<meta property=\"og:url\" content=\"https:\/\/www.africa-press.net\/tchad\/video\/mort-didriss-deby-toutes-les-frontieres-terrestres-et-aeriennes-du-tchad-ont-ete-fermees\" \/>\n<meta property=\"og:site_name\" content=\"tchad\" \/>\n<meta property=\"article:published_time\" content=\"2021-04-20T17:43:47+00:00\" \/>\n<meta property=\"og:image\" content=\"https:\/\/static.africa-press.net\/tchad\/sites\/41\/2021\/04\/img-607f061357a6c.jpg\" \/>\n\t<meta property=\"og:image:width\" content=\"1024\" \/>\n\t<meta property=\"og:image:height\" content=\"576\" \/>\n\t<meta property=\"og:image:type\" content=\"image\/jpeg\" \/>\n<meta name=\"author\" content=\"cfeditorfr\" \/>\n<meta name=\"twitter:card\" content=\"summary_large_image\" \/>\n<meta name=\"twitter:label1\" content=\"\u00c9crit par\" \/>\n\t<meta name=\"twitter:data1\" content=\"cfeditorfr\" \/>\n<script type=\"application\/ld+json\" class=\"yoast-schema-graph\">{\"@context\":\"https:\/\/schema.org\",\"@graph\":[{\"@type\":\"Article\",\"@id\":\"https:\/\/www.africa-press.net\/tchad\/video\/mort-didriss-deby-toutes-les-frontieres-terrestres-et-aeriennes-du-tchad-ont-ete-fermees#article\",\"isPartOf\":{\"@id\":\"https:\/\/www.africa-press.net\/tchad\/video\/mort-didriss-deby-toutes-les-frontieres-terrestres-et-aeriennes-du-tchad-ont-ete-fermees\"},\"author\":{\"name\":\"cfeditorfr\",\"@id\":\"https:\/\/www.africa-press.net\/tchad\/#\/schema\/person\/2b1cf3cd81a31e3cd26889ca66d677f1\"},\"headline\":\"Mort d&rsquo;Idriss D\u00e9by : toutes les fronti\u00e8res terrestres et a\u00e9riennes du Tchad ont \u00e9t\u00e9 ferm\u00e9es\",\"datePublished\":\"2021-04-20T17:43:47+00:00\",\"mainEntityOfPage\":{\"@id\":\"https:\/\/www.africa-press.net\/tchad\/video\/mort-didriss-deby-toutes-les-frontieres-terrestres-et-aeriennes-du-tchad-ont-ete-fermees\"},\"wordCount\":101,\"commentCount\":0,\"image\":{\"@id\":\"https:\/\/www.africa-press.net\/tchad\/video\/mort-didriss-deby-toutes-les-frontieres-terrestres-et-aeriennes-du-tchad-ont-ete-fermees#primaryimage\"},\"thumbnailUrl\":\"https:\/\/static.africa-press.net\/tchad\/sites\/41\/2021\/04\/img-607f061357a6c.jpg\",\"keywords\":[\"Africa Press\",\"Africa Press-Tchad\",\"Afrique\",\"D\u00e9c\u00e8s\",\"FRANCE 24\",\"Idriss DEBY ITNO\",\"Tchad\"],\"articleSection\":[\"homepage-french\",\"Toutes les actualit\u00e9s\",\"vid\u00e9o\"],\"inLanguage\":\"fr-FR\",\"potentialAction\":[{\"@type\":\"CommentAction\",\"name\":\"Comment\",\"target\":[\"https:\/\/www.africa-press.net\/tchad\/video\/mort-didriss-deby-toutes-les-frontieres-terrestres-et-aeriennes-du-tchad-ont-ete-fermees#respond\"]}]},{\"@type\":\"WebPage\",\"@id\":\"https:\/\/www.africa-press.net\/tchad\/video\/mort-didriss-deby-toutes-les-frontieres-terrestres-et-aeriennes-du-tchad-ont-ete-fermees\",\"url\":\"https:\/\/www.africa-press.net\/tchad\/video\/mort-didriss-deby-toutes-les-frontieres-terrestres-et-aeriennes-du-tchad-ont-ete-fermees\",\"name\":\"Mort d'Idriss D\u00e9by : toutes les fronti\u00e8res terrestres et a\u00e9riennes du Tchad ont \u00e9t\u00e9 ferm\u00e9es - tchad\",\"isPartOf\":{\"@id\":\"https:\/\/www.africa-press.net\/tchad\/#website\"},\"primaryImageOfPage\":{\"@id\":\"https:\/\/www.africa-press.net\/tchad\/video\/mort-didriss-deby-toutes-les-frontieres-terrestres-et-aeriennes-du-tchad-ont-ete-fermees#primaryimage\"},\"image\":{\"@id\":\"https:\/\/www.africa-press.net\/tchad\/video\/mort-didriss-deby-toutes-les-frontieres-terrestres-et-aeriennes-du-tchad-ont-ete-fermees#primaryimage\"},\"thumbnailUrl\":\"https:\/\/static.africa-press.net\/tchad\/sites\/41\/2021\/04\/img-607f061357a6c.jpg\",\"datePublished\":\"2021-04-20T17:43:47+00:00\",\"author\":{\"@id\":\"https:\/\/www.africa-press.net\/tchad\/#\/schema\/person\/2b1cf3cd81a31e3cd26889ca66d677f1\"},\"description\":\"Le pr\u00e9sident tchadien Idriss D\u00e9by est mort au lendemain de l'annonce de sa victoire \u00e0 l'\u00e9lection pr\u00e9sidentielle pour ...\",\"breadcrumb\":{\"@id\":\"https:\/\/www.africa-press.net\/tchad\/video\/mort-didriss-deby-toutes-les-frontieres-terrestres-et-aeriennes-du-tchad-ont-ete-fermees#breadcrumb\"},\"inLanguage\":\"fr-FR\",\"potentialAction\":[{\"@type\":\"ReadAction\",\"target\":[\"https:\/\/www.africa-press.net\/tchad\/video\/mort-didriss-deby-toutes-les-frontieres-terrestres-et-aeriennes-du-tchad-ont-ete-fermees\"]}]},{\"@type\":\"ImageObject\",\"inLanguage\":\"fr-FR\",\"@id\":\"https:\/\/www.africa-press.net\/tchad\/video\/mort-didriss-deby-toutes-les-frontieres-terrestres-et-aeriennes-du-tchad-ont-ete-fermees#primaryimage\",\"url\":\"https:\/\/static.africa-press.net\/tchad\/sites\/41\/2021\/04\/img-607f061357a6c.jpg\",\"contentUrl\":\"https:\/\/static.africa-press.net\/tchad\/sites\/41\/2021\/04\/img-607f061357a6c.jpg\",\"width\":1024,\"height\":576,\"caption\":\"Mort d'Idriss D\u00e9by : toutes les fronti\u00e8res terrestres et a\u00e9riennes du Tchad ont \u00e9t\u00e9 ferm\u00e9es\"},{\"@type\":\"BreadcrumbList\",\"@id\":\"https:\/\/www.africa-press.net\/tchad\/video\/mort-didriss-deby-toutes-les-frontieres-terrestres-et-aeriennes-du-tchad-ont-ete-fermees#breadcrumb\",\"itemListElement\":[{\"@type\":\"ListItem\",\"position\":1,\"name\":\"Accueil\",\"item\":\"https:\/\/www.africa-press.net\/tchad\/\"},{\"@type\":\"ListItem\",\"position\":2,\"name\":\"Mort d&#8217;Idriss D\u00e9by : toutes les fronti\u00e8res terrestres et a\u00e9riennes du Tchad ont \u00e9t\u00e9 ferm\u00e9es\"}]},{\"@type\":\"WebSite\",\"@id\":\"https:\/\/www.africa-press.net\/tchad\/#website\",\"url\":\"https:\/\/www.africa-press.net\/tchad\/\",\"name\":\"tchad\",\"description\":\"Just another Africa News Agency Sites site\",\"potentialAction\":[{\"@type\":\"SearchAction\",\"target\":{\"@type\":\"EntryPoint\",\"urlTemplate\":\"https:\/\/www.africa-press.net\/tchad\/?s={search_term_string}\"},\"query-input\":{\"@type\":\"PropertyValueSpecification\",\"valueRequired\":true,\"valueName\":\"search_term_string\"}}],\"inLanguage\":\"fr-FR\"},{\"@type\":\"Person\",\"@id\":\"https:\/\/www.africa-press.net\/tchad\/#\/schema\/person\/2b1cf3cd81a31e3cd26889ca66d677f1\",\"name\":\"cfeditorfr\"}]}<\/script>\n<!-- \/ Yoast SEO Premium plugin. -->","yoast_head_json":{"title":"Mort d'Idriss D\u00e9by : toutes les fronti\u00e8res terrestres et a\u00e9riennes du Tchad ont \u00e9t\u00e9 ferm\u00e9es - tchad","description":"Le pr\u00e9sident tchadien Idriss D\u00e9by est mort au lendemain de l'annonce de sa victoire \u00e0 l'\u00e9lection pr\u00e9sidentielle pour ...","robots":{"index":"index","follow":"follow","max-snippet":"max-snippet:-1","max-image-preview":"max-image-preview:large","max-video-preview":"max-video-preview:-1"},"canonical":"https:\/\/www.africa-press.net\/tchad\/video\/mort-didriss-deby-toutes-les-frontieres-terrestres-et-aeriennes-du-tchad-ont-ete-fermees","og_locale":"fr_FR","og_type":"article","og_title":"Mort d'Idriss D\u00e9by : toutes les fronti\u00e8res terrestres et a\u00e9riennes du Tchad ont \u00e9t\u00e9 ferm\u00e9es","og_description":"Le pr\u00e9sident tchadien Idriss D\u00e9by est mort au lendemain de l'annonce de sa victoire \u00e0 l'\u00e9lection pr\u00e9sidentielle pour ...","og_url":"https:\/\/www.africa-press.net\/tchad\/video\/mort-didriss-deby-toutes-les-frontieres-terrestres-et-aeriennes-du-tchad-ont-ete-fermees","og_site_name":"tchad","article_published_time":"2021-04-20T17:43:47+00:00","og_image":[{"width":1024,"height":576,"url":"https:\/\/static.africa-press.net\/tchad\/sites\/41\/2021\/04\/img-607f061357a6c.jpg","type":"image\/jpeg"}],"author":"cfeditorfr","twitter_card":"summary_large_image","twitter_misc":{"\u00c9crit par":"cfeditorfr"},"schema":{"@context":"https:\/\/schema.org","@graph":[{"@type":"Article","@id":"https:\/\/www.africa-press.net\/tchad\/video\/mort-didriss-deby-toutes-les-frontieres-terrestres-et-aeriennes-du-tchad-ont-ete-fermees#article","isPartOf":{"@id":"https:\/\/www.africa-press.net\/tchad\/video\/mort-didriss-deby-toutes-les-frontieres-terrestres-et-aeriennes-du-tchad-ont-ete-fermees"},"author":{"name":"cfeditorfr","@id":"https:\/\/www.africa-press.net\/tchad\/#\/schema\/person\/2b1cf3cd81a31e3cd26889ca66d677f1"},"headline":"Mort d&rsquo;Idriss D\u00e9by : toutes les fronti\u00e8res terrestres et a\u00e9riennes du Tchad ont \u00e9t\u00e9 ferm\u00e9es","datePublished":"2021-04-20T17:43:47+00:00","mainEntityOfPage":{"@id":"https:\/\/www.africa-press.net\/tchad\/video\/mort-didriss-deby-toutes-les-frontieres-terrestres-et-aeriennes-du-tchad-ont-ete-fermees"},"wordCount":101,"commentCount":0,"image":{"@id":"https:\/\/www.africa-press.net\/tchad\/video\/mort-didriss-deby-toutes-les-frontieres-terrestres-et-aeriennes-du-tchad-ont-ete-fermees#primaryimage"},"thumbnailUrl":"https:\/\/static.africa-press.net\/tchad\/sites\/41\/2021\/04\/img-607f061357a6c.jpg","keywords":["Africa Press","Africa Press-Tchad","Afrique","D\u00e9c\u00e8s","FRANCE 24","Idriss DEBY ITNO","Tchad"],"articleSection":["homepage-french","Toutes les actualit\u00e9s","vid\u00e9o"],"inLanguage":"fr-FR","potentialAction":[{"@type":"CommentAction","name":"Comment","target":["https:\/\/www.africa-press.net\/tchad\/video\/mort-didriss-deby-toutes-les-frontieres-terrestres-et-aeriennes-du-tchad-ont-ete-fermees#respond"]}]},{"@type":"WebPage","@id":"https:\/\/www.africa-press.net\/tchad\/video\/mort-didriss-deby-toutes-les-frontieres-terrestres-et-aeriennes-du-tchad-ont-ete-fermees","url":"https:\/\/www.africa-press.net\/tchad\/video\/mort-didriss-deby-toutes-les-frontieres-terrestres-et-aeriennes-du-tchad-ont-ete-fermees","name":"Mort d'Idriss D\u00e9by : toutes les fronti\u00e8res terrestres et a\u00e9riennes du Tchad ont \u00e9t\u00e9 ferm\u00e9es - tchad","isPartOf":{"@id":"https:\/\/www.africa-press.net\/tchad\/#website"},"primaryImageOfPage":{"@id":"https:\/\/www.africa-press.net\/tchad\/video\/mort-didriss-deby-toutes-les-frontieres-terrestres-et-aeriennes-du-tchad-ont-ete-fermees#primaryimage"},"image":{"@id":"https:\/\/www.africa-press.net\/tchad\/video\/mort-didriss-deby-toutes-les-frontieres-terrestres-et-aeriennes-du-tchad-ont-ete-fermees#primaryimage"},"thumbnailUrl":"https:\/\/static.africa-press.net\/tchad\/sites\/41\/2021\/04\/img-607f061357a6c.jpg","datePublished":"2021-04-20T17:43:47+00:00","author":{"@id":"https:\/\/www.africa-press.net\/tchad\/#\/schema\/person\/2b1cf3cd81a31e3cd26889ca66d677f1"},"description":"Le pr\u00e9sident tchadien Idriss D\u00e9by est mort au lendemain de l'annonce de sa victoire \u00e0 l'\u00e9lection pr\u00e9sidentielle pour ...","breadcrumb":{"@id":"https:\/\/www.africa-press.net\/tchad\/video\/mort-didriss-deby-toutes-les-frontieres-terrestres-et-aeriennes-du-tchad-ont-ete-fermees#breadcrumb"},"inLanguage":"fr-FR","potentialAction":[{"@type":"ReadAction","target":["https:\/\/www.africa-press.net\/tchad\/video\/mort-didriss-deby-toutes-les-frontieres-terrestres-et-aeriennes-du-tchad-ont-ete-fermees"]}]},{"@type":"ImageObject","inLanguage":"fr-FR","@id":"https:\/\/www.africa-press.net\/tchad\/video\/mort-didriss-deby-toutes-les-frontieres-terrestres-et-aeriennes-du-tchad-ont-ete-fermees#primaryimage","url":"https:\/\/static.africa-press.net\/tchad\/sites\/41\/2021\/04\/img-607f061357a6c.jpg","contentUrl":"https:\/\/static.africa-press.net\/tchad\/sites\/41\/2021\/04\/img-607f061357a6c.jpg","width":1024,"height":576,"caption":"Mort d'Idriss D\u00e9by : toutes les fronti\u00e8res terrestres et a\u00e9riennes du Tchad ont \u00e9t\u00e9 ferm\u00e9es"},{"@type":"BreadcrumbList","@id":"https:\/\/www.africa-press.net\/tchad\/video\/mort-didriss-deby-toutes-les-frontieres-terrestres-et-aeriennes-du-tchad-ont-ete-fermees#breadcrumb","itemListElement":[{"@type":"ListItem","position":1,"name":"Accueil","item":"https:\/\/www.africa-press.net\/tchad\/"},{"@type":"ListItem","position":2,"name":"Mort d&#8217;Idriss D\u00e9by : toutes les fronti\u00e8res terrestres et a\u00e9riennes du Tchad ont \u00e9t\u00e9 ferm\u00e9es"}]},{"@type":"WebSite","@id":"https:\/\/www.africa-press.net\/tchad\/#website","url":"https:\/\/www.africa-press.net\/tchad\/","name":"tchad","description":"Just another Africa News Agency Sites site","potentialAction":[{"@type":"SearchAction","target":{"@type":"EntryPoint","urlTemplate":"https:\/\/www.africa-press.net\/tchad\/?s={search_term_string}"},"query-input":{"@type":"PropertyValueSpecification","valueRequired":true,"valueName":"search_term_string"}}],"inLanguage":"fr-FR"},{"@type":"Person","@id":"https:\/\/www.africa-press.net\/tchad\/#\/schema\/person\/2b1cf3cd81a31e3cd26889ca66d677f1","name":"cfeditorfr"}]}},"_links":{"self":[{"href":"https:\/\/www.africa-press.net\/tchad\/wp-json\/wp\/v2\/posts\/4775","targetHints":{"allow":["GET"]}}],"collection":[{"href":"https:\/\/www.africa-press.net\/tchad\/wp-json\/wp\/v2\/posts"}],"about":[{"href":"https:\/\/www.africa-press.net\/tchad\/wp-json\/wp\/v2\/types\/post"}],"author":[{"embeddable":true,"href":"https:\/\/www.africa-press.net\/tchad\/wp-json\/wp\/v2\/users\/82"}],"replies":[{"embeddable":true,"href":"https:\/\/www.africa-press.net\/tchad\/wp-json\/wp\/v2\/comments?post=4775"}],"version-history":[{"count":0,"href":"https:\/\/www.africa-press.net\/tchad\/wp-json\/wp\/v2\/posts\/4775\/revisions"}],"wp:featuredmedia":[{"embeddable":true,"href":"https:\/\/www.africa-press.net\/tchad\/wp-json\/wp\/v2\/media\/4774"}],"wp:attachment":[{"href":"https:\/\/www.africa-press.net\/tchad\/wp-json\/wp\/v2\/media?parent=4775"}],"wp:term":[{"taxonomy":"category","embeddable":true,"href":"https:\/\/www.africa-press.net\/tchad\/wp-json\/wp\/v2\/categories?post=4775"},{"taxonomy":"post_tag","embeddable":true,"href":"https:\/\/www.africa-press.net\/tchad\/wp-json\/wp\/v2\/tags?post=4775"}],"curies":[{"name":"wp","href":"https:\/\/api.w.org\/{rel}","templated":true}]}}