{"id":4906,"date":"2021-04-22T15:31:13","date_gmt":"2021-04-22T15:31:13","guid":{"rendered":"https:\/\/www.africa-press.net\/tchad\/?p=4906"},"modified":"2021-04-22T20:22:54","modified_gmt":"2021-04-22T20:22:54","slug":"tchad-apres-le-deces-didriss-deby-son-fils-devient-chef-de-letat-et-chef-des-armees","status":"publish","type":"post","link":"https:\/\/www.africa-press.net\/tchad\/homepage-french\/tchad-apres-le-deces-didriss-deby-son-fils-devient-chef-de-letat-et-chef-des-armees","title":{"rendered":"apr\u00e8s le d\u00e9c\u00e8s d&rsquo;Idriss D\u00e9by, son fils devient \u00ab\u00a0chef de l&rsquo;\u00c9tat et chef des arm\u00e9es\u00a0\u00bb"},"content":{"rendered":"<p><span style=\"color: #ff6600\"><strong><a href=\"https:\/\/www.africa-press.net\/\">Africa-Press<\/a> &#8211; <a href=\"https:\/\/www.africa-press.net\/tchad\">Tchad<\/a>. <\/strong><\/span><b>\u00c0 N&rsquo;Djamena, au Tchad, apr\u00e8s la mort du pr\u00e9sident Idriss D\u00e9by, les visions sur la transition politique divergent. L\u2019opposition d\u00e9nonce une transition en dehors du cadre constitutionnel, d\u2019autres appellent \u00e0 l\u2019union nationale. La correspondance de Khadidja Douga.<\/b><\/p>\n<p>En C\u00f4te d&rsquo;Ivoire, un camp militaire d&rsquo;Abidjan a \u00e9t\u00e9 la cible d&rsquo;hommes arm\u00e9s non identifi\u00e9s, dans la nuit de mardi \u00e0 mercredi. Bilan : trois morts parmi les assaillants et un soldat bless\u00e9.<\/p>\n<p>Reporters sans fronti\u00e8res (RSF) a publi\u00e9 son classement mondial annuel de la libert\u00e9 de la presse. La situation sur le continent africain est toujours critique. Au Rwanda (156e sur 180), les journalistes continuent de fuir la surveillance du pouvoir. Ceux qui utilisent la plateforme YouTube, devenue un espace de libert\u00e9 d\u2019expression, restent dans le viseur des autorit\u00e9s.<\/p>\n<p>Un r\u00e9cent rapport de Human Rights Watch pointe des arrestations et des menaces \u00e0 l&rsquo;encontre de ceux qui s&rsquo;expriment sur l&rsquo;actualit\u00e9 sur les r\u00e9seaux sociaux.<\/p>\n<p><span style=\"color: #ff6600\"><b>vid\u00e9o: <\/b><\/span><\/p>\n<p><iframe loading=\"lazy\" title=\"Tchad - D\u00e9c\u00e8s d&#039;Idriss D\u00e9by : son fils, Mahamat D\u00e9by devient &quot;chef de l&#039;Etat et chef des arm\u00e9es&quot;\" width=\"696\" height=\"392\" src=\"https:\/\/www.youtube.com\/embed\/XvisQqZyD4o?feature=oembed\" frameborder=\"0\" allow=\"accelerometer; autoplay; clipboard-write; encrypted-media; gyroscope; picture-in-picture\" allowfullscreen><\/iframe><\/p>\n","protected":false},"excerpt":{"rendered":"<p>Africa-Press &#8211; Tchad. \u00c0 N&rsquo;Djamena, au Tchad, apr\u00e8s la mort du pr\u00e9sident Idriss D\u00e9by, les visions sur la transition politique divergent. L\u2019opposition d\u00e9nonce une transition en dehors du cadre constitutionnel, d\u2019autres appellent \u00e0 l\u2019union nationale. La correspondance de Khadidja Douga. En C\u00f4te d&rsquo;Ivoire, un camp militaire d&rsquo;Abidjan a \u00e9t\u00e9 la cible d&rsquo;hommes arm\u00e9s non identifi\u00e9s, [&hellip;]<\/p>\n","protected":false},"author":82,"featured_media":4905,"comment_status":"open","ping_status":"closed","sticky":false,"template":"","format":"standard","meta":{"footnotes":""},"categories":[11,2,10,9],"tags":[37,292,342,397,87,695,625,29],"class_list":["post-4906","post","type-post","status-publish","format-standard","has-post-thumbnail","hentry","category-homepage-french","category-politique","category-toutes-les-actualites","category-video","tag-africa-press","tag-africa-press-tchad","tag-afrique","tag-cote-divoire","tag-idriss-deby-itno","tag-paul-kagame","tag-rwanda","tag-tchad"],"yoast_head":"<!-- This site is optimized with the Yoast SEO Premium plugin v26.1 (Yoast SEO v27.0) - https:\/\/yoast.com\/product\/yoast-seo-premium-wordpress\/ -->\n<title>apr\u00e8s le d\u00e9c\u00e8s d&#039;Idriss D\u00e9by, son fils devient &quot;chef de l&#039;\u00c9tat et chef des arm\u00e9es&quot; - tchad<\/title>\n<meta name=\"description\" content=\"\u00c0 N&#039;Djamena, au Tchad, apr\u00e8s la mort du pr\u00e9sident Idriss D\u00e9by, les visions sur la transition politique divergent. L\u2019o ...\" \/>\n<meta name=\"robots\" content=\"index, follow, max-snippet:-1, max-image-preview:large, max-video-preview:-1\" \/>\n<link rel=\"canonical\" href=\"https:\/\/www.africa-press.net\/tchad\/homepage-french\/tchad-apres-le-deces-didriss-deby-son-fils-devient-chef-de-letat-et-chef-des-armees\" \/>\n<meta property=\"og:locale\" content=\"fr_FR\" \/>\n<meta property=\"og:type\" content=\"article\" \/>\n<meta property=\"og:title\" content=\"apr\u00e8s le d\u00e9c\u00e8s d&#039;Idriss D\u00e9by, son fils devient &quot;chef de l&#039;\u00c9tat et chef des arm\u00e9es&quot;\" \/>\n<meta property=\"og:description\" content=\"\u00c0 N&#039;Djamena, au Tchad, apr\u00e8s la mort du pr\u00e9sident Idriss D\u00e9by, les visions sur la transition politique divergent. L\u2019o ...\" \/>\n<meta property=\"og:url\" content=\"https:\/\/www.africa-press.net\/tchad\/homepage-french\/tchad-apres-le-deces-didriss-deby-son-fils-devient-chef-de-letat-et-chef-des-armees\" \/>\n<meta property=\"og:site_name\" content=\"tchad\" \/>\n<meta property=\"article:published_time\" content=\"2021-04-22T15:31:13+00:00\" \/>\n<meta property=\"article:modified_time\" content=\"2021-04-22T20:22:54+00:00\" \/>\n<meta property=\"og:image\" content=\"https:\/\/static.africa-press.net\/tchad\/sites\/41\/2021\/04\/img-6081948b1eaa2.jpg\" \/>\n\t<meta property=\"og:image:width\" content=\"1920\" \/>\n\t<meta property=\"og:image:height\" content=\"1080\" \/>\n\t<meta property=\"og:image:type\" content=\"image\/jpeg\" \/>\n<meta name=\"author\" content=\"cfeditorfr\" \/>\n<meta name=\"twitter:card\" content=\"summary_large_image\" \/>\n<meta name=\"twitter:label1\" content=\"\u00c9crit par\" \/>\n\t<meta name=\"twitter:data1\" content=\"cfeditorfr\" \/>\n\t<meta name=\"twitter:label2\" content=\"Dur\u00e9e de lecture estim\u00e9e\" \/>\n\t<meta name=\"twitter:data2\" content=\"1 minute\" \/>\n<script type=\"application\/ld+json\" class=\"yoast-schema-graph\">{\"@context\":\"https:\/\/schema.org\",\"@graph\":[{\"@type\":\"Article\",\"@id\":\"https:\/\/www.africa-press.net\/tchad\/homepage-french\/tchad-apres-le-deces-didriss-deby-son-fils-devient-chef-de-letat-et-chef-des-armees#article\",\"isPartOf\":{\"@id\":\"https:\/\/www.africa-press.net\/tchad\/homepage-french\/tchad-apres-le-deces-didriss-deby-son-fils-devient-chef-de-letat-et-chef-des-armees\"},\"author\":{\"name\":\"cfeditorfr\",\"@id\":\"https:\/\/www.africa-press.net\/tchad\/#\/schema\/person\/2b1cf3cd81a31e3cd26889ca66d677f1\"},\"headline\":\"apr\u00e8s le d\u00e9c\u00e8s d&rsquo;Idriss D\u00e9by, son fils devient \u00ab\u00a0chef de l&rsquo;\u00c9tat et chef des arm\u00e9es\u00a0\u00bb\",\"datePublished\":\"2021-04-22T15:31:13+00:00\",\"dateModified\":\"2021-04-22T20:22:54+00:00\",\"mainEntityOfPage\":{\"@id\":\"https:\/\/www.africa-press.net\/tchad\/homepage-french\/tchad-apres-le-deces-didriss-deby-son-fils-devient-chef-de-letat-et-chef-des-armees\"},\"wordCount\":203,\"commentCount\":0,\"image\":{\"@id\":\"https:\/\/www.africa-press.net\/tchad\/homepage-french\/tchad-apres-le-deces-didriss-deby-son-fils-devient-chef-de-letat-et-chef-des-armees#primaryimage\"},\"thumbnailUrl\":\"https:\/\/static.africa-press.net\/tchad\/sites\/41\/2021\/04\/img-6081948b1eaa2.jpg\",\"keywords\":[\"Africa Press\",\"Africa Press-Tchad\",\"Afrique\",\"COTE D'IVOIRE\",\"Idriss DEBY ITNO\",\"Paul Kagame\",\"Rwanda\",\"Tchad\"],\"articleSection\":[\"homepage-french\",\"Politique\",\"Toutes les actualit\u00e9s\",\"vid\u00e9o\"],\"inLanguage\":\"fr-FR\",\"potentialAction\":[{\"@type\":\"CommentAction\",\"name\":\"Comment\",\"target\":[\"https:\/\/www.africa-press.net\/tchad\/homepage-french\/tchad-apres-le-deces-didriss-deby-son-fils-devient-chef-de-letat-et-chef-des-armees#respond\"]}]},{\"@type\":\"WebPage\",\"@id\":\"https:\/\/www.africa-press.net\/tchad\/homepage-french\/tchad-apres-le-deces-didriss-deby-son-fils-devient-chef-de-letat-et-chef-des-armees\",\"url\":\"https:\/\/www.africa-press.net\/tchad\/homepage-french\/tchad-apres-le-deces-didriss-deby-son-fils-devient-chef-de-letat-et-chef-des-armees\",\"name\":\"apr\u00e8s le d\u00e9c\u00e8s d'Idriss D\u00e9by, son fils devient \\\"chef de l'\u00c9tat et chef des arm\u00e9es\\\" - tchad\",\"isPartOf\":{\"@id\":\"https:\/\/www.africa-press.net\/tchad\/#website\"},\"primaryImageOfPage\":{\"@id\":\"https:\/\/www.africa-press.net\/tchad\/homepage-french\/tchad-apres-le-deces-didriss-deby-son-fils-devient-chef-de-letat-et-chef-des-armees#primaryimage\"},\"image\":{\"@id\":\"https:\/\/www.africa-press.net\/tchad\/homepage-french\/tchad-apres-le-deces-didriss-deby-son-fils-devient-chef-de-letat-et-chef-des-armees#primaryimage\"},\"thumbnailUrl\":\"https:\/\/static.africa-press.net\/tchad\/sites\/41\/2021\/04\/img-6081948b1eaa2.jpg\",\"datePublished\":\"2021-04-22T15:31:13+00:00\",\"dateModified\":\"2021-04-22T20:22:54+00:00\",\"author\":{\"@id\":\"https:\/\/www.africa-press.net\/tchad\/#\/schema\/person\/2b1cf3cd81a31e3cd26889ca66d677f1\"},\"description\":\"\u00c0 N'Djamena, au Tchad, apr\u00e8s la mort du pr\u00e9sident Idriss D\u00e9by, les visions sur la transition politique divergent. L\u2019o ...\",\"breadcrumb\":{\"@id\":\"https:\/\/www.africa-press.net\/tchad\/homepage-french\/tchad-apres-le-deces-didriss-deby-son-fils-devient-chef-de-letat-et-chef-des-armees#breadcrumb\"},\"inLanguage\":\"fr-FR\",\"potentialAction\":[{\"@type\":\"ReadAction\",\"target\":[\"https:\/\/www.africa-press.net\/tchad\/homepage-french\/tchad-apres-le-deces-didriss-deby-son-fils-devient-chef-de-letat-et-chef-des-armees\"]}]},{\"@type\":\"ImageObject\",\"inLanguage\":\"fr-FR\",\"@id\":\"https:\/\/www.africa-press.net\/tchad\/homepage-french\/tchad-apres-le-deces-didriss-deby-son-fils-devient-chef-de-letat-et-chef-des-armees#primaryimage\",\"url\":\"https:\/\/static.africa-press.net\/tchad\/sites\/41\/2021\/04\/img-6081948b1eaa2.jpg\",\"contentUrl\":\"https:\/\/static.africa-press.net\/tchad\/sites\/41\/2021\/04\/img-6081948b1eaa2.jpg\",\"width\":1920,\"height\":1080,\"caption\":\"Tchad : apr\u00e8s le d\u00e9c\u00e8s d'Idriss D\u00e9by, son fils devient \\\"chef de l'\u00c9tat et chef des arm\u00e9es\\\"\"},{\"@type\":\"BreadcrumbList\",\"@id\":\"https:\/\/www.africa-press.net\/tchad\/homepage-french\/tchad-apres-le-deces-didriss-deby-son-fils-devient-chef-de-letat-et-chef-des-armees#breadcrumb\",\"itemListElement\":[{\"@type\":\"ListItem\",\"position\":1,\"name\":\"Accueil\",\"item\":\"https:\/\/www.africa-press.net\/tchad\/\"},{\"@type\":\"ListItem\",\"position\":2,\"name\":\"apr\u00e8s le d\u00e9c\u00e8s d&#8217;Idriss D\u00e9by, son fils devient &#8220;chef de l&#8217;\u00c9tat et chef des arm\u00e9es&#8221;\"}]},{\"@type\":\"WebSite\",\"@id\":\"https:\/\/www.africa-press.net\/tchad\/#website\",\"url\":\"https:\/\/www.africa-press.net\/tchad\/\",\"name\":\"tchad\",\"description\":\"Just another Africa News Agency Sites site\",\"potentialAction\":[{\"@type\":\"SearchAction\",\"target\":{\"@type\":\"EntryPoint\",\"urlTemplate\":\"https:\/\/www.africa-press.net\/tchad\/?s={search_term_string}\"},\"query-input\":{\"@type\":\"PropertyValueSpecification\",\"valueRequired\":true,\"valueName\":\"search_term_string\"}}],\"inLanguage\":\"fr-FR\"},{\"@type\":\"Person\",\"@id\":\"https:\/\/www.africa-press.net\/tchad\/#\/schema\/person\/2b1cf3cd81a31e3cd26889ca66d677f1\",\"name\":\"cfeditorfr\"}]}<\/script>\n<!-- \/ Yoast SEO Premium plugin. -->","yoast_head_json":{"title":"apr\u00e8s le d\u00e9c\u00e8s d'Idriss D\u00e9by, son fils devient \"chef de l'\u00c9tat et chef des arm\u00e9es\" - tchad","description":"\u00c0 N'Djamena, au Tchad, apr\u00e8s la mort du pr\u00e9sident Idriss D\u00e9by, les visions sur la transition politique divergent. L\u2019o ...","robots":{"index":"index","follow":"follow","max-snippet":"max-snippet:-1","max-image-preview":"max-image-preview:large","max-video-preview":"max-video-preview:-1"},"canonical":"https:\/\/www.africa-press.net\/tchad\/homepage-french\/tchad-apres-le-deces-didriss-deby-son-fils-devient-chef-de-letat-et-chef-des-armees","og_locale":"fr_FR","og_type":"article","og_title":"apr\u00e8s le d\u00e9c\u00e8s d'Idriss D\u00e9by, son fils devient \"chef de l'\u00c9tat et chef des arm\u00e9es\"","og_description":"\u00c0 N'Djamena, au Tchad, apr\u00e8s la mort du pr\u00e9sident Idriss D\u00e9by, les visions sur la transition politique divergent. L\u2019o ...","og_url":"https:\/\/www.africa-press.net\/tchad\/homepage-french\/tchad-apres-le-deces-didriss-deby-son-fils-devient-chef-de-letat-et-chef-des-armees","og_site_name":"tchad","article_published_time":"2021-04-22T15:31:13+00:00","article_modified_time":"2021-04-22T20:22:54+00:00","og_image":[{"width":1920,"height":1080,"url":"https:\/\/static.africa-press.net\/tchad\/sites\/41\/2021\/04\/img-6081948b1eaa2.jpg","type":"image\/jpeg"}],"author":"cfeditorfr","twitter_card":"summary_large_image","twitter_misc":{"\u00c9crit par":"cfeditorfr","Dur\u00e9e de lecture estim\u00e9e":"1 minute"},"schema":{"@context":"https:\/\/schema.org","@graph":[{"@type":"Article","@id":"https:\/\/www.africa-press.net\/tchad\/homepage-french\/tchad-apres-le-deces-didriss-deby-son-fils-devient-chef-de-letat-et-chef-des-armees#article","isPartOf":{"@id":"https:\/\/www.africa-press.net\/tchad\/homepage-french\/tchad-apres-le-deces-didriss-deby-son-fils-devient-chef-de-letat-et-chef-des-armees"},"author":{"name":"cfeditorfr","@id":"https:\/\/www.africa-press.net\/tchad\/#\/schema\/person\/2b1cf3cd81a31e3cd26889ca66d677f1"},"headline":"apr\u00e8s le d\u00e9c\u00e8s d&rsquo;Idriss D\u00e9by, son fils devient \u00ab\u00a0chef de l&rsquo;\u00c9tat et chef des arm\u00e9es\u00a0\u00bb","datePublished":"2021-04-22T15:31:13+00:00","dateModified":"2021-04-22T20:22:54+00:00","mainEntityOfPage":{"@id":"https:\/\/www.africa-press.net\/tchad\/homepage-french\/tchad-apres-le-deces-didriss-deby-son-fils-devient-chef-de-letat-et-chef-des-armees"},"wordCount":203,"commentCount":0,"image":{"@id":"https:\/\/www.africa-press.net\/tchad\/homepage-french\/tchad-apres-le-deces-didriss-deby-son-fils-devient-chef-de-letat-et-chef-des-armees#primaryimage"},"thumbnailUrl":"https:\/\/static.africa-press.net\/tchad\/sites\/41\/2021\/04\/img-6081948b1eaa2.jpg","keywords":["Africa Press","Africa Press-Tchad","Afrique","COTE D'IVOIRE","Idriss DEBY ITNO","Paul Kagame","Rwanda","Tchad"],"articleSection":["homepage-french","Politique","Toutes les actualit\u00e9s","vid\u00e9o"],"inLanguage":"fr-FR","potentialAction":[{"@type":"CommentAction","name":"Comment","target":["https:\/\/www.africa-press.net\/tchad\/homepage-french\/tchad-apres-le-deces-didriss-deby-son-fils-devient-chef-de-letat-et-chef-des-armees#respond"]}]},{"@type":"WebPage","@id":"https:\/\/www.africa-press.net\/tchad\/homepage-french\/tchad-apres-le-deces-didriss-deby-son-fils-devient-chef-de-letat-et-chef-des-armees","url":"https:\/\/www.africa-press.net\/tchad\/homepage-french\/tchad-apres-le-deces-didriss-deby-son-fils-devient-chef-de-letat-et-chef-des-armees","name":"apr\u00e8s le d\u00e9c\u00e8s d'Idriss D\u00e9by, son fils devient \"chef de l'\u00c9tat et chef des arm\u00e9es\" - tchad","isPartOf":{"@id":"https:\/\/www.africa-press.net\/tchad\/#website"},"primaryImageOfPage":{"@id":"https:\/\/www.africa-press.net\/tchad\/homepage-french\/tchad-apres-le-deces-didriss-deby-son-fils-devient-chef-de-letat-et-chef-des-armees#primaryimage"},"image":{"@id":"https:\/\/www.africa-press.net\/tchad\/homepage-french\/tchad-apres-le-deces-didriss-deby-son-fils-devient-chef-de-letat-et-chef-des-armees#primaryimage"},"thumbnailUrl":"https:\/\/static.africa-press.net\/tchad\/sites\/41\/2021\/04\/img-6081948b1eaa2.jpg","datePublished":"2021-04-22T15:31:13+00:00","dateModified":"2021-04-22T20:22:54+00:00","author":{"@id":"https:\/\/www.africa-press.net\/tchad\/#\/schema\/person\/2b1cf3cd81a31e3cd26889ca66d677f1"},"description":"\u00c0 N'Djamena, au Tchad, apr\u00e8s la mort du pr\u00e9sident Idriss D\u00e9by, les visions sur la transition politique divergent. L\u2019o ...","breadcrumb":{"@id":"https:\/\/www.africa-press.net\/tchad\/homepage-french\/tchad-apres-le-deces-didriss-deby-son-fils-devient-chef-de-letat-et-chef-des-armees#breadcrumb"},"inLanguage":"fr-FR","potentialAction":[{"@type":"ReadAction","target":["https:\/\/www.africa-press.net\/tchad\/homepage-french\/tchad-apres-le-deces-didriss-deby-son-fils-devient-chef-de-letat-et-chef-des-armees"]}]},{"@type":"ImageObject","inLanguage":"fr-FR","@id":"https:\/\/www.africa-press.net\/tchad\/homepage-french\/tchad-apres-le-deces-didriss-deby-son-fils-devient-chef-de-letat-et-chef-des-armees#primaryimage","url":"https:\/\/static.africa-press.net\/tchad\/sites\/41\/2021\/04\/img-6081948b1eaa2.jpg","contentUrl":"https:\/\/static.africa-press.net\/tchad\/sites\/41\/2021\/04\/img-6081948b1eaa2.jpg","width":1920,"height":1080,"caption":"Tchad : apr\u00e8s le d\u00e9c\u00e8s d'Idriss D\u00e9by, son fils devient \"chef de l'\u00c9tat et chef des arm\u00e9es\""},{"@type":"BreadcrumbList","@id":"https:\/\/www.africa-press.net\/tchad\/homepage-french\/tchad-apres-le-deces-didriss-deby-son-fils-devient-chef-de-letat-et-chef-des-armees#breadcrumb","itemListElement":[{"@type":"ListItem","position":1,"name":"Accueil","item":"https:\/\/www.africa-press.net\/tchad\/"},{"@type":"ListItem","position":2,"name":"apr\u00e8s le d\u00e9c\u00e8s d&#8217;Idriss D\u00e9by, son fils devient &#8220;chef de l&#8217;\u00c9tat et chef des arm\u00e9es&#8221;"}]},{"@type":"WebSite","@id":"https:\/\/www.africa-press.net\/tchad\/#website","url":"https:\/\/www.africa-press.net\/tchad\/","name":"tchad","description":"Just another Africa News Agency Sites site","potentialAction":[{"@type":"SearchAction","target":{"@type":"EntryPoint","urlTemplate":"https:\/\/www.africa-press.net\/tchad\/?s={search_term_string}"},"query-input":{"@type":"PropertyValueSpecification","valueRequired":true,"valueName":"search_term_string"}}],"inLanguage":"fr-FR"},{"@type":"Person","@id":"https:\/\/www.africa-press.net\/tchad\/#\/schema\/person\/2b1cf3cd81a31e3cd26889ca66d677f1","name":"cfeditorfr"}]}},"_links":{"self":[{"href":"https:\/\/www.africa-press.net\/tchad\/wp-json\/wp\/v2\/posts\/4906","targetHints":{"allow":["GET"]}}],"collection":[{"href":"https:\/\/www.africa-press.net\/tchad\/wp-json\/wp\/v2\/posts"}],"about":[{"href":"https:\/\/www.africa-press.net\/tchad\/wp-json\/wp\/v2\/types\/post"}],"author":[{"embeddable":true,"href":"https:\/\/www.africa-press.net\/tchad\/wp-json\/wp\/v2\/users\/82"}],"replies":[{"embeddable":true,"href":"https:\/\/www.africa-press.net\/tchad\/wp-json\/wp\/v2\/comments?post=4906"}],"version-history":[{"count":0,"href":"https:\/\/www.africa-press.net\/tchad\/wp-json\/wp\/v2\/posts\/4906\/revisions"}],"wp:featuredmedia":[{"embeddable":true,"href":"https:\/\/www.africa-press.net\/tchad\/wp-json\/wp\/v2\/media\/4905"}],"wp:attachment":[{"href":"https:\/\/www.africa-press.net\/tchad\/wp-json\/wp\/v2\/media?parent=4906"}],"wp:term":[{"taxonomy":"category","embeddable":true,"href":"https:\/\/www.africa-press.net\/tchad\/wp-json\/wp\/v2\/categories?post=4906"},{"taxonomy":"post_tag","embeddable":true,"href":"https:\/\/www.africa-press.net\/tchad\/wp-json\/wp\/v2\/tags?post=4906"}],"curies":[{"name":"wp","href":"https:\/\/api.w.org\/{rel}","templated":true}]}}