{"id":49101,"date":"2023-08-17T11:03:27","date_gmt":"2023-08-17T11:03:27","guid":{"rendered":"https:\/\/www.africa-press.net\/tchad\/politique\/apparition-dune-epidemie-de-dengue-a-abeche"},"modified":"2023-08-17T11:22:44","modified_gmt":"2023-08-17T11:22:44","slug":"apparition-dune-epidemie-de-dengue-a-abeche","status":"publish","type":"post","link":"https:\/\/www.africa-press.net\/tchad\/toutes-les-actualites\/apparition-dune-epidemie-de-dengue-a-abeche","title":{"rendered":"Apparition d\u2019une \u00e9pid\u00e9mie de dengue \u00e0 Ab\u00e9ch\u00e9"},"content":{"rendered":"<p><span style=\"color: #ff6600\"><strong>Africa-Press &#8211; Tchad. <\/strong><\/span>Le ministe\u0300re tchadien de la Sante\u0301 publique et de la Pre\u0301vention a annonce\u0301 l\u2019apparition d\u2019une e\u0301pide\u0301mie de dengue dans le district sanitaire d\u2019Abe\u0301che\u0301, province du Ouadai\u0308, dans l&rsquo;est du pays.<\/p>\n<p>\u00ab\u00a0En date du 7 aou\u0302t 2023, des pre\u0301le\u0300vements des e\u0301chantillons ont e\u0301te\u0301 analyse\u0301s par le Laboratoire national de biose\u0301curite\u0301 et des e\u0301pide\u0301mies (LaBiEp) de N\u2019Djame\u0301na et confirme\u0301 cette maladie\u00a0\u00bb, informe le ministe\u0300re dans un communique\u0301 relaye\u0301 mercredi par la presse locale.<\/p>\n<p>\u2018\u2019Les habitants et les voyageurs qui se\u0301journent dans des districts ou\u0300 la dengue se\u0301vit actuellement doivent prendre des mesures de protection personnelles pour e\u0301viter d\u2019e\u0302tre pique\u0301s par les moustiques et ceux pre\u0301sentant une fie\u0300vre dans les deux semaines suivant leur retour d\u2019un se\u0301jour dans un district infecte\u0301 doivent consulter un personnel de sante\u0301 le plus to\u0302t possible\u2019\u2019, indique le ministe\u0300re.<\/p>\n<p>La dengue est une infection virale qui se transmet des moustiques aux humains. La plupart des malades n&rsquo;ont pas de sympto\u0302mes, mais les plus courants sont une forte fie\u0300vre, des maux de te\u0302te, des courbatures, des nause\u0301es et des e\u0301ruptions cutane\u0301es. La forme courante de la maladie est be\u0301nigne. La forme grave, la dengue he\u0301morragique, peut se compliquer d&rsquo;un e\u0301tat de choc souvent mortel.<\/p>\n<p>Fin juillet dernier, l&rsquo;Organisation mondiale de la sante\u0301 (OMS) avait alerte\u0301 que la moitie\u0301 de la population mondiale est expose\u0301e aux risques d\u2019infection au virus de la dengue.<\/p>\n<p>Environ 100 a\u0300 400 millions de cas sont signale\u0301s annuellement, ce qui menace \u00ab\u00a0d&rsquo;exposer la moitie\u0301 de la population mondiale au risque de contracter le virus de la dengue, dans environ 129 pays\u00a0\u00bb, avait note\u0301 Raman Walayudhan, chef de l&rsquo;Unite\u0301 des maladies tropicales de l&rsquo;OMS, pre\u0301cisant que l&rsquo;organisation avait releve\u0301 une multiplication par huit des cas de dengue entre 2000 et 2022.<\/p>\n<p><strong>Pour plus d&rsquo;informations et d&rsquo;analyses sur la <a href=\"https:\/\/www.africa-press.net\/tchad\">Tchad<\/a>, suivez <a href=\"https:\/\/www.africa-press.net\/\">Africa-Press<\/a><\/strong><\/p>\n","protected":false},"excerpt":{"rendered":"<p>Africa-Press &#8211; Tchad. Le ministe\u0300re tchadien de la Sante\u0301 publique et de la Pre\u0301vention a annonce\u0301 l\u2019apparition d\u2019une e\u0301pide\u0301mie de dengue dans le district sanitaire d\u2019Abe\u0301che\u0301, province du Ouadai\u0308, dans l&rsquo;est du pays. \u00ab\u00a0En date du 7 aou\u0302t 2023, des pre\u0301le\u0300vements des e\u0301chantillons ont e\u0301te\u0301 analyse\u0301s par le Laboratoire national de biose\u0301curite\u0301 et des e\u0301pide\u0301mies [&hellip;]<\/p>\n","protected":false},"author":82,"featured_media":49099,"comment_status":"open","ping_status":"closed","sticky":false,"template":"","format":"standard","meta":{"footnotes":""},"categories":[21,426,20,10],"tags":[67,37,292,4367,3642,4365,29],"class_list":["post-49101","post","type-post","status-publish","format-standard","has-post-thumbnail","hentry","category-communaute","category-to-homepage","category-top-nouvelles","category-toutes-les-actualites","tag-abeche","tag-africa-press","tag-africa-press-tchad","tag-dengue","tag-epidemie","tag-ouadai","tag-tchad"],"yoast_head":"<!-- This site is optimized with the Yoast SEO Premium plugin v26.1 (Yoast SEO v27.0) - https:\/\/yoast.com\/product\/yoast-seo-premium-wordpress\/ -->\n<title>Apparition d\u2019une \u00e9pid\u00e9mie de dengue \u00e0 Ab\u00e9ch\u00e9 - tchad<\/title>\n<meta name=\"description\" content=\"Le ministe\u0300re tchadien de la Sante\u0301 publique et de la Pre\u0301vention a annonce\u0301 l\u2019apparition d\u2019une e\u0301pide\u0301mie de dengue dan ...\" \/>\n<meta name=\"robots\" content=\"index, follow, max-snippet:-1, max-image-preview:large, max-video-preview:-1\" \/>\n<link rel=\"canonical\" href=\"https:\/\/www.africa-press.net\/tchad\/toutes-les-actualites\/apparition-dune-epidemie-de-dengue-a-abeche\" \/>\n<meta property=\"og:locale\" content=\"fr_FR\" \/>\n<meta property=\"og:type\" content=\"article\" \/>\n<meta property=\"og:title\" content=\"Apparition d\u2019une \u00e9pid\u00e9mie de dengue \u00e0 Ab\u00e9ch\u00e9\" \/>\n<meta property=\"og:description\" content=\"Le ministe\u0300re tchadien de la Sante\u0301 publique et de la Pre\u0301vention a annonce\u0301 l\u2019apparition d\u2019une e\u0301pide\u0301mie de dengue dan ...\" \/>\n<meta property=\"og:url\" content=\"https:\/\/www.africa-press.net\/tchad\/toutes-les-actualites\/apparition-dune-epidemie-de-dengue-a-abeche\" \/>\n<meta property=\"og:site_name\" content=\"tchad\" \/>\n<meta property=\"article:published_time\" content=\"2023-08-17T11:03:27+00:00\" \/>\n<meta property=\"article:modified_time\" content=\"2023-08-17T11:22:44+00:00\" \/>\n<meta property=\"og:image\" content=\"https:\/\/static.africa-press.net\/tchad\/sites\/41\/2023\/08\/sm_1692258656.91346.jpg\" \/>\n\t<meta property=\"og:image:width\" content=\"864\" \/>\n\t<meta property=\"og:image:height\" content=\"486\" \/>\n\t<meta property=\"og:image:type\" content=\"image\/jpeg\" \/>\n<meta name=\"author\" content=\"cfeditorfr\" \/>\n<meta name=\"twitter:card\" content=\"summary_large_image\" \/>\n<meta name=\"twitter:label1\" content=\"\u00c9crit par\" \/>\n\t<meta name=\"twitter:data1\" content=\"cfeditorfr\" \/>\n\t<meta name=\"twitter:label2\" content=\"Dur\u00e9e de lecture estim\u00e9e\" \/>\n\t<meta name=\"twitter:data2\" content=\"2 minutes\" \/>\n<script type=\"application\/ld+json\" class=\"yoast-schema-graph\">{\"@context\":\"https:\/\/schema.org\",\"@graph\":[{\"@type\":\"Article\",\"@id\":\"https:\/\/www.africa-press.net\/tchad\/toutes-les-actualites\/apparition-dune-epidemie-de-dengue-a-abeche#article\",\"isPartOf\":{\"@id\":\"https:\/\/www.africa-press.net\/tchad\/toutes-les-actualites\/apparition-dune-epidemie-de-dengue-a-abeche\"},\"author\":{\"name\":\"cfeditorfr\",\"@id\":\"https:\/\/www.africa-press.net\/tchad\/#\/schema\/person\/2b1cf3cd81a31e3cd26889ca66d677f1\"},\"headline\":\"Apparition d\u2019une \u00e9pid\u00e9mie de dengue \u00e0 Ab\u00e9ch\u00e9\",\"datePublished\":\"2023-08-17T11:03:27+00:00\",\"dateModified\":\"2023-08-17T11:22:44+00:00\",\"mainEntityOfPage\":{\"@id\":\"https:\/\/www.africa-press.net\/tchad\/toutes-les-actualites\/apparition-dune-epidemie-de-dengue-a-abeche\"},\"wordCount\":355,\"commentCount\":0,\"image\":{\"@id\":\"https:\/\/www.africa-press.net\/tchad\/toutes-les-actualites\/apparition-dune-epidemie-de-dengue-a-abeche#primaryimage\"},\"thumbnailUrl\":\"https:\/\/static.africa-press.net\/tchad\/sites\/41\/2023\/08\/sm_1692258656.91346.jpg\",\"keywords\":[\"Ab\u00e9ch\u00e9\",\"Africa Press\",\"Africa Press-Tchad\",\"Dengue\",\"\u00c9pid\u00e9mie\",\"Ouada\u00ef\",\"Tchad\"],\"articleSection\":[\"Communaut\u00e9\",\"to-homepage\",\"Top Nouvelles\",\"Toutes les actualit\u00e9s\"],\"inLanguage\":\"fr-FR\",\"potentialAction\":[{\"@type\":\"CommentAction\",\"name\":\"Comment\",\"target\":[\"https:\/\/www.africa-press.net\/tchad\/toutes-les-actualites\/apparition-dune-epidemie-de-dengue-a-abeche#respond\"]}]},{\"@type\":\"WebPage\",\"@id\":\"https:\/\/www.africa-press.net\/tchad\/toutes-les-actualites\/apparition-dune-epidemie-de-dengue-a-abeche\",\"url\":\"https:\/\/www.africa-press.net\/tchad\/toutes-les-actualites\/apparition-dune-epidemie-de-dengue-a-abeche\",\"name\":\"Apparition d\u2019une \u00e9pid\u00e9mie de dengue \u00e0 Ab\u00e9ch\u00e9 - tchad\",\"isPartOf\":{\"@id\":\"https:\/\/www.africa-press.net\/tchad\/#website\"},\"primaryImageOfPage\":{\"@id\":\"https:\/\/www.africa-press.net\/tchad\/toutes-les-actualites\/apparition-dune-epidemie-de-dengue-a-abeche#primaryimage\"},\"image\":{\"@id\":\"https:\/\/www.africa-press.net\/tchad\/toutes-les-actualites\/apparition-dune-epidemie-de-dengue-a-abeche#primaryimage\"},\"thumbnailUrl\":\"https:\/\/static.africa-press.net\/tchad\/sites\/41\/2023\/08\/sm_1692258656.91346.jpg\",\"datePublished\":\"2023-08-17T11:03:27+00:00\",\"dateModified\":\"2023-08-17T11:22:44+00:00\",\"author\":{\"@id\":\"https:\/\/www.africa-press.net\/tchad\/#\/schema\/person\/2b1cf3cd81a31e3cd26889ca66d677f1\"},\"description\":\"Le ministe\u0300re tchadien de la Sante\u0301 publique et de la Pre\u0301vention a annonce\u0301 l\u2019apparition d\u2019une e\u0301pide\u0301mie de dengue dan ...\",\"breadcrumb\":{\"@id\":\"https:\/\/www.africa-press.net\/tchad\/toutes-les-actualites\/apparition-dune-epidemie-de-dengue-a-abeche#breadcrumb\"},\"inLanguage\":\"fr-FR\",\"potentialAction\":[{\"@type\":\"ReadAction\",\"target\":[\"https:\/\/www.africa-press.net\/tchad\/toutes-les-actualites\/apparition-dune-epidemie-de-dengue-a-abeche\"]}]},{\"@type\":\"ImageObject\",\"inLanguage\":\"fr-FR\",\"@id\":\"https:\/\/www.africa-press.net\/tchad\/toutes-les-actualites\/apparition-dune-epidemie-de-dengue-a-abeche#primaryimage\",\"url\":\"https:\/\/static.africa-press.net\/tchad\/sites\/41\/2023\/08\/sm_1692258656.91346.jpg\",\"contentUrl\":\"https:\/\/static.africa-press.net\/tchad\/sites\/41\/2023\/08\/sm_1692258656.91346.jpg\",\"width\":864,\"height\":486,\"caption\":\"Apparition d\u2019une \u00e9pid\u00e9mie de dengue \u00e0 Ab\u00e9ch\u00e9\"},{\"@type\":\"BreadcrumbList\",\"@id\":\"https:\/\/www.africa-press.net\/tchad\/toutes-les-actualites\/apparition-dune-epidemie-de-dengue-a-abeche#breadcrumb\",\"itemListElement\":[{\"@type\":\"ListItem\",\"position\":1,\"name\":\"Accueil\",\"item\":\"https:\/\/www.africa-press.net\/tchad\/\"},{\"@type\":\"ListItem\",\"position\":2,\"name\":\"Apparition d\u2019une \u00e9pid\u00e9mie de dengue \u00e0 Ab\u00e9ch\u00e9\"}]},{\"@type\":\"WebSite\",\"@id\":\"https:\/\/www.africa-press.net\/tchad\/#website\",\"url\":\"https:\/\/www.africa-press.net\/tchad\/\",\"name\":\"tchad\",\"description\":\"Just another Africa News Agency Sites site\",\"potentialAction\":[{\"@type\":\"SearchAction\",\"target\":{\"@type\":\"EntryPoint\",\"urlTemplate\":\"https:\/\/www.africa-press.net\/tchad\/?s={search_term_string}\"},\"query-input\":{\"@type\":\"PropertyValueSpecification\",\"valueRequired\":true,\"valueName\":\"search_term_string\"}}],\"inLanguage\":\"fr-FR\"},{\"@type\":\"Person\",\"@id\":\"https:\/\/www.africa-press.net\/tchad\/#\/schema\/person\/2b1cf3cd81a31e3cd26889ca66d677f1\",\"name\":\"cfeditorfr\"}]}<\/script>\n<!-- \/ Yoast SEO Premium plugin. -->","yoast_head_json":{"title":"Apparition d\u2019une \u00e9pid\u00e9mie de dengue \u00e0 Ab\u00e9ch\u00e9 - tchad","description":"Le ministe\u0300re tchadien de la Sante\u0301 publique et de la Pre\u0301vention a annonce\u0301 l\u2019apparition d\u2019une e\u0301pide\u0301mie de dengue dan ...","robots":{"index":"index","follow":"follow","max-snippet":"max-snippet:-1","max-image-preview":"max-image-preview:large","max-video-preview":"max-video-preview:-1"},"canonical":"https:\/\/www.africa-press.net\/tchad\/toutes-les-actualites\/apparition-dune-epidemie-de-dengue-a-abeche","og_locale":"fr_FR","og_type":"article","og_title":"Apparition d\u2019une \u00e9pid\u00e9mie de dengue \u00e0 Ab\u00e9ch\u00e9","og_description":"Le ministe\u0300re tchadien de la Sante\u0301 publique et de la Pre\u0301vention a annonce\u0301 l\u2019apparition d\u2019une e\u0301pide\u0301mie de dengue dan ...","og_url":"https:\/\/www.africa-press.net\/tchad\/toutes-les-actualites\/apparition-dune-epidemie-de-dengue-a-abeche","og_site_name":"tchad","article_published_time":"2023-08-17T11:03:27+00:00","article_modified_time":"2023-08-17T11:22:44+00:00","og_image":[{"width":864,"height":486,"url":"https:\/\/static.africa-press.net\/tchad\/sites\/41\/2023\/08\/sm_1692258656.91346.jpg","type":"image\/jpeg"}],"author":"cfeditorfr","twitter_card":"summary_large_image","twitter_misc":{"\u00c9crit par":"cfeditorfr","Dur\u00e9e de lecture estim\u00e9e":"2 minutes"},"schema":{"@context":"https:\/\/schema.org","@graph":[{"@type":"Article","@id":"https:\/\/www.africa-press.net\/tchad\/toutes-les-actualites\/apparition-dune-epidemie-de-dengue-a-abeche#article","isPartOf":{"@id":"https:\/\/www.africa-press.net\/tchad\/toutes-les-actualites\/apparition-dune-epidemie-de-dengue-a-abeche"},"author":{"name":"cfeditorfr","@id":"https:\/\/www.africa-press.net\/tchad\/#\/schema\/person\/2b1cf3cd81a31e3cd26889ca66d677f1"},"headline":"Apparition d\u2019une \u00e9pid\u00e9mie de dengue \u00e0 Ab\u00e9ch\u00e9","datePublished":"2023-08-17T11:03:27+00:00","dateModified":"2023-08-17T11:22:44+00:00","mainEntityOfPage":{"@id":"https:\/\/www.africa-press.net\/tchad\/toutes-les-actualites\/apparition-dune-epidemie-de-dengue-a-abeche"},"wordCount":355,"commentCount":0,"image":{"@id":"https:\/\/www.africa-press.net\/tchad\/toutes-les-actualites\/apparition-dune-epidemie-de-dengue-a-abeche#primaryimage"},"thumbnailUrl":"https:\/\/static.africa-press.net\/tchad\/sites\/41\/2023\/08\/sm_1692258656.91346.jpg","keywords":["Ab\u00e9ch\u00e9","Africa Press","Africa Press-Tchad","Dengue","\u00c9pid\u00e9mie","Ouada\u00ef","Tchad"],"articleSection":["Communaut\u00e9","to-homepage","Top Nouvelles","Toutes les actualit\u00e9s"],"inLanguage":"fr-FR","potentialAction":[{"@type":"CommentAction","name":"Comment","target":["https:\/\/www.africa-press.net\/tchad\/toutes-les-actualites\/apparition-dune-epidemie-de-dengue-a-abeche#respond"]}]},{"@type":"WebPage","@id":"https:\/\/www.africa-press.net\/tchad\/toutes-les-actualites\/apparition-dune-epidemie-de-dengue-a-abeche","url":"https:\/\/www.africa-press.net\/tchad\/toutes-les-actualites\/apparition-dune-epidemie-de-dengue-a-abeche","name":"Apparition d\u2019une \u00e9pid\u00e9mie de dengue \u00e0 Ab\u00e9ch\u00e9 - tchad","isPartOf":{"@id":"https:\/\/www.africa-press.net\/tchad\/#website"},"primaryImageOfPage":{"@id":"https:\/\/www.africa-press.net\/tchad\/toutes-les-actualites\/apparition-dune-epidemie-de-dengue-a-abeche#primaryimage"},"image":{"@id":"https:\/\/www.africa-press.net\/tchad\/toutes-les-actualites\/apparition-dune-epidemie-de-dengue-a-abeche#primaryimage"},"thumbnailUrl":"https:\/\/static.africa-press.net\/tchad\/sites\/41\/2023\/08\/sm_1692258656.91346.jpg","datePublished":"2023-08-17T11:03:27+00:00","dateModified":"2023-08-17T11:22:44+00:00","author":{"@id":"https:\/\/www.africa-press.net\/tchad\/#\/schema\/person\/2b1cf3cd81a31e3cd26889ca66d677f1"},"description":"Le ministe\u0300re tchadien de la Sante\u0301 publique et de la Pre\u0301vention a annonce\u0301 l\u2019apparition d\u2019une e\u0301pide\u0301mie de dengue dan ...","breadcrumb":{"@id":"https:\/\/www.africa-press.net\/tchad\/toutes-les-actualites\/apparition-dune-epidemie-de-dengue-a-abeche#breadcrumb"},"inLanguage":"fr-FR","potentialAction":[{"@type":"ReadAction","target":["https:\/\/www.africa-press.net\/tchad\/toutes-les-actualites\/apparition-dune-epidemie-de-dengue-a-abeche"]}]},{"@type":"ImageObject","inLanguage":"fr-FR","@id":"https:\/\/www.africa-press.net\/tchad\/toutes-les-actualites\/apparition-dune-epidemie-de-dengue-a-abeche#primaryimage","url":"https:\/\/static.africa-press.net\/tchad\/sites\/41\/2023\/08\/sm_1692258656.91346.jpg","contentUrl":"https:\/\/static.africa-press.net\/tchad\/sites\/41\/2023\/08\/sm_1692258656.91346.jpg","width":864,"height":486,"caption":"Apparition d\u2019une \u00e9pid\u00e9mie de dengue \u00e0 Ab\u00e9ch\u00e9"},{"@type":"BreadcrumbList","@id":"https:\/\/www.africa-press.net\/tchad\/toutes-les-actualites\/apparition-dune-epidemie-de-dengue-a-abeche#breadcrumb","itemListElement":[{"@type":"ListItem","position":1,"name":"Accueil","item":"https:\/\/www.africa-press.net\/tchad\/"},{"@type":"ListItem","position":2,"name":"Apparition d\u2019une \u00e9pid\u00e9mie de dengue \u00e0 Ab\u00e9ch\u00e9"}]},{"@type":"WebSite","@id":"https:\/\/www.africa-press.net\/tchad\/#website","url":"https:\/\/www.africa-press.net\/tchad\/","name":"tchad","description":"Just another Africa News Agency Sites site","potentialAction":[{"@type":"SearchAction","target":{"@type":"EntryPoint","urlTemplate":"https:\/\/www.africa-press.net\/tchad\/?s={search_term_string}"},"query-input":{"@type":"PropertyValueSpecification","valueRequired":true,"valueName":"search_term_string"}}],"inLanguage":"fr-FR"},{"@type":"Person","@id":"https:\/\/www.africa-press.net\/tchad\/#\/schema\/person\/2b1cf3cd81a31e3cd26889ca66d677f1","name":"cfeditorfr"}]}},"_links":{"self":[{"href":"https:\/\/www.africa-press.net\/tchad\/wp-json\/wp\/v2\/posts\/49101","targetHints":{"allow":["GET"]}}],"collection":[{"href":"https:\/\/www.africa-press.net\/tchad\/wp-json\/wp\/v2\/posts"}],"about":[{"href":"https:\/\/www.africa-press.net\/tchad\/wp-json\/wp\/v2\/types\/post"}],"author":[{"embeddable":true,"href":"https:\/\/www.africa-press.net\/tchad\/wp-json\/wp\/v2\/users\/82"}],"replies":[{"embeddable":true,"href":"https:\/\/www.africa-press.net\/tchad\/wp-json\/wp\/v2\/comments?post=49101"}],"version-history":[{"count":0,"href":"https:\/\/www.africa-press.net\/tchad\/wp-json\/wp\/v2\/posts\/49101\/revisions"}],"wp:featuredmedia":[{"embeddable":true,"href":"https:\/\/www.africa-press.net\/tchad\/wp-json\/wp\/v2\/media\/49099"}],"wp:attachment":[{"href":"https:\/\/www.africa-press.net\/tchad\/wp-json\/wp\/v2\/media?parent=49101"}],"wp:term":[{"taxonomy":"category","embeddable":true,"href":"https:\/\/www.africa-press.net\/tchad\/wp-json\/wp\/v2\/categories?post=49101"},{"taxonomy":"post_tag","embeddable":true,"href":"https:\/\/www.africa-press.net\/tchad\/wp-json\/wp\/v2\/tags?post=49101"}],"curies":[{"name":"wp","href":"https:\/\/api.w.org\/{rel}","templated":true}]}}