{"id":50169,"date":"2023-09-10T16:27:57","date_gmt":"2023-09-10T16:27:57","guid":{"rendered":"https:\/\/www.africa-press.net\/tchad\/politique\/wakit-tamma-demande-le-retrait-de-larmee-francaise-du-tchad"},"modified":"2023-09-10T16:56:39","modified_gmt":"2023-09-10T16:56:39","slug":"wakit-tamma-demande-le-retrait-de-larmee-francaise-du-tchad","status":"publish","type":"post","link":"https:\/\/www.africa-press.net\/tchad\/politique\/wakit-tamma-demande-le-retrait-de-larmee-francaise-du-tchad","title":{"rendered":"Wakit Tamma demande le retrait de l&rsquo;arm\u00e9e fran\u00e7aise du Tchad"},"content":{"rendered":"<p><span style=\"color: #ff6600\"><strong>Africa-Press &#8211; Tchad. <\/strong><\/span>Les membres de Wakit Tamma ont exprime\u0301 leur profonde inquie\u0301tude quant a\u0300 la situation a\u0300 Faya et ont de\u0301nonce\u0301 le \u00ab\u00a0meurtre brutal du jeune tchadien, Mahamat Dakou, par les forces franc\u0327aises\u00a0\u00bb. Selon le parquet d&rsquo;instance de N&rsquo;Djamena et les autorite\u0301s provinciales du Borkou, l&rsquo;infirmier militaire franc\u0327ais a e\u0301te\u0301 attaque\u0301 au scalpel par le militaire tchadien et a agi par le\u0301gitime de\u0301fense.<\/p>\n<p>Le porte-parole de la section politique de Wakit Tama, Hamza Mahamat Moussa, a souligne\u0301 que \u00ab\u00a0le Tchad e\u0301tait en retard depuis que la France avait octroye\u0301 une \u00ab\u00a0fausse inde\u0301pendance\u00a0\u00bb au pays, alors que d&rsquo;autres nations luttaient pour obtenir une inde\u0301pendance totale\u00a0\u00bb. Selon lui, \u00ab\u00a0les accords entre la France et le Tchad ne servent pas les inte\u0301re\u0302ts de la nation tchadienne.\u00a0\u00bb<\/p>\n<p>Hamza Mahamat Moussa a annonce\u0301 que les membres de Wakit Tamma se tiennent aux co\u0302te\u0301s de la famille de la victime et leur apporteront tout leur soutien en ces moments difficiles. Il a affirme\u0301 que Wakit Tamma soutient toutes les de\u0301cisions et actions entreprises par les habitants de Faya.<\/p>\n<p>Le porte-parole a qualifie\u0301 cet acte de \u00ab\u00a0criminel\u00a0\u00bb et \u00ab\u00a0immoral\u00a0\u00bb, en violation des droits de l&rsquo;homme et de la souverainete\u0301 nationale. Il a appele\u0301 tous les Tchadiens \u00ab\u00a0qui de\u0301fendent la justice et l&rsquo;e\u0301quite\u0301 a\u0300 se rassembler pour faire front commun.\u00a0\u00bb<\/p>\n<p>Enfin, Hamza Mahamat Moussa a annonce\u0301 que Wakit Tamma pre\u0301voyait d&rsquo;organiser une manifestation pacifique en solidarite\u0301 avec la famille de la victime et pour exiger le retrait imme\u0301diat des forces franc\u0327aises du territoire national. Il a e\u0301galement exhorte\u0301 le pre\u0301sident de la transition a\u0300 ordonner le de\u0301part des forces franc\u0327aises dans les plus brefs de\u0301lais.<\/p>\n<p><strong>Pour plus d&rsquo;informations et d&rsquo;analyses sur la <a href=\"https:\/\/www.africa-press.net\/tchad\">Tchad<\/a>, suivez <a href=\"https:\/\/www.africa-press.net\/\">Africa-Press<\/a><\/strong><\/p>\n","protected":false},"excerpt":{"rendered":"<p>Africa-Press &#8211; Tchad. Les membres de Wakit Tamma ont exprime\u0301 leur profonde inquie\u0301tude quant a\u0300 la situation a\u0300 Faya et ont de\u0301nonce\u0301 le \u00ab\u00a0meurtre brutal du jeune tchadien, Mahamat Dakou, par les forces franc\u0327aises\u00a0\u00bb. Selon le parquet d&rsquo;instance de N&rsquo;Djamena et les autorite\u0301s provinciales du Borkou, l&rsquo;infirmier militaire franc\u0327ais a e\u0301te\u0301 attaque\u0301 au scalpel par [&hellip;]<\/p>\n","protected":false},"author":82,"featured_media":50168,"comment_status":"open","ping_status":"closed","sticky":false,"template":"","format":"standard","meta":{"footnotes":""},"categories":[2,10],"tags":[37,292,29],"class_list":["post-50169","post","type-post","status-publish","format-standard","has-post-thumbnail","hentry","category-politique","category-toutes-les-actualites","tag-africa-press","tag-africa-press-tchad","tag-tchad"],"yoast_head":"<!-- This site is optimized with the Yoast SEO Premium plugin v26.1 (Yoast SEO v27.0) - https:\/\/yoast.com\/product\/yoast-seo-premium-wordpress\/ -->\n<title>Wakit Tamma demande le retrait de l&#039;arm\u00e9e fran\u00e7aise du Tchad - tchad<\/title>\n<meta name=\"description\" content=\"Les membres de Wakit Tamma ont exprime\u0301 leur profonde inquie\u0301tude quant a\u0300 la situation a\u0300 Faya et ont de\u0301nonce\u0301 le &quot;meu ...\" \/>\n<meta name=\"robots\" content=\"index, follow, max-snippet:-1, max-image-preview:large, max-video-preview:-1\" \/>\n<link rel=\"canonical\" href=\"https:\/\/www.africa-press.net\/tchad\/politique\/wakit-tamma-demande-le-retrait-de-larmee-francaise-du-tchad\" \/>\n<meta property=\"og:locale\" content=\"fr_FR\" \/>\n<meta property=\"og:type\" content=\"article\" \/>\n<meta property=\"og:title\" content=\"Wakit Tamma demande le retrait de l&#039;arm\u00e9e fran\u00e7aise du Tchad\" \/>\n<meta property=\"og:description\" content=\"Les membres de Wakit Tamma ont exprime\u0301 leur profonde inquie\u0301tude quant a\u0300 la situation a\u0300 Faya et ont de\u0301nonce\u0301 le &quot;meu ...\" \/>\n<meta property=\"og:url\" content=\"https:\/\/www.africa-press.net\/tchad\/politique\/wakit-tamma-demande-le-retrait-de-larmee-francaise-du-tchad\" \/>\n<meta property=\"og:site_name\" content=\"tchad\" \/>\n<meta property=\"article:published_time\" content=\"2023-09-10T16:27:57+00:00\" \/>\n<meta property=\"article:modified_time\" content=\"2023-09-10T16:56:39+00:00\" \/>\n<meta property=\"og:image\" content=\"https:\/\/static.africa-press.net\/tchad\/sites\/41\/2023\/09\/sm_1694352354.901088.jpg\" \/>\n\t<meta property=\"og:image:width\" content=\"1152\" \/>\n\t<meta property=\"og:image:height\" content=\"864\" \/>\n\t<meta property=\"og:image:type\" content=\"image\/jpeg\" \/>\n<meta name=\"author\" content=\"cfeditorfr\" \/>\n<meta name=\"twitter:card\" content=\"summary_large_image\" \/>\n<meta name=\"twitter:label1\" content=\"\u00c9crit par\" \/>\n\t<meta name=\"twitter:data1\" content=\"cfeditorfr\" \/>\n\t<meta name=\"twitter:label2\" content=\"Dur\u00e9e de lecture estim\u00e9e\" \/>\n\t<meta name=\"twitter:data2\" content=\"2 minutes\" \/>\n<script type=\"application\/ld+json\" class=\"yoast-schema-graph\">{\"@context\":\"https:\/\/schema.org\",\"@graph\":[{\"@type\":\"Article\",\"@id\":\"https:\/\/www.africa-press.net\/tchad\/politique\/wakit-tamma-demande-le-retrait-de-larmee-francaise-du-tchad#article\",\"isPartOf\":{\"@id\":\"https:\/\/www.africa-press.net\/tchad\/politique\/wakit-tamma-demande-le-retrait-de-larmee-francaise-du-tchad\"},\"author\":{\"name\":\"cfeditorfr\",\"@id\":\"https:\/\/www.africa-press.net\/tchad\/#\/schema\/person\/2b1cf3cd81a31e3cd26889ca66d677f1\"},\"headline\":\"Wakit Tamma demande le retrait de l&rsquo;arm\u00e9e fran\u00e7aise du Tchad\",\"datePublished\":\"2023-09-10T16:27:57+00:00\",\"dateModified\":\"2023-09-10T16:56:39+00:00\",\"mainEntityOfPage\":{\"@id\":\"https:\/\/www.africa-press.net\/tchad\/politique\/wakit-tamma-demande-le-retrait-de-larmee-francaise-du-tchad\"},\"wordCount\":326,\"commentCount\":0,\"image\":{\"@id\":\"https:\/\/www.africa-press.net\/tchad\/politique\/wakit-tamma-demande-le-retrait-de-larmee-francaise-du-tchad#primaryimage\"},\"thumbnailUrl\":\"https:\/\/static.africa-press.net\/tchad\/sites\/41\/2023\/09\/sm_1694352354.901088.jpg\",\"keywords\":[\"Africa Press\",\"Africa Press-Tchad\",\"Tchad\"],\"articleSection\":[\"Politique\",\"Toutes les actualit\u00e9s\"],\"inLanguage\":\"fr-FR\",\"potentialAction\":[{\"@type\":\"CommentAction\",\"name\":\"Comment\",\"target\":[\"https:\/\/www.africa-press.net\/tchad\/politique\/wakit-tamma-demande-le-retrait-de-larmee-francaise-du-tchad#respond\"]}]},{\"@type\":\"WebPage\",\"@id\":\"https:\/\/www.africa-press.net\/tchad\/politique\/wakit-tamma-demande-le-retrait-de-larmee-francaise-du-tchad\",\"url\":\"https:\/\/www.africa-press.net\/tchad\/politique\/wakit-tamma-demande-le-retrait-de-larmee-francaise-du-tchad\",\"name\":\"Wakit Tamma demande le retrait de l'arm\u00e9e fran\u00e7aise du Tchad - tchad\",\"isPartOf\":{\"@id\":\"https:\/\/www.africa-press.net\/tchad\/#website\"},\"primaryImageOfPage\":{\"@id\":\"https:\/\/www.africa-press.net\/tchad\/politique\/wakit-tamma-demande-le-retrait-de-larmee-francaise-du-tchad#primaryimage\"},\"image\":{\"@id\":\"https:\/\/www.africa-press.net\/tchad\/politique\/wakit-tamma-demande-le-retrait-de-larmee-francaise-du-tchad#primaryimage\"},\"thumbnailUrl\":\"https:\/\/static.africa-press.net\/tchad\/sites\/41\/2023\/09\/sm_1694352354.901088.jpg\",\"datePublished\":\"2023-09-10T16:27:57+00:00\",\"dateModified\":\"2023-09-10T16:56:39+00:00\",\"author\":{\"@id\":\"https:\/\/www.africa-press.net\/tchad\/#\/schema\/person\/2b1cf3cd81a31e3cd26889ca66d677f1\"},\"description\":\"Les membres de Wakit Tamma ont exprime\u0301 leur profonde inquie\u0301tude quant a\u0300 la situation a\u0300 Faya et ont de\u0301nonce\u0301 le \\\"meu ...\",\"breadcrumb\":{\"@id\":\"https:\/\/www.africa-press.net\/tchad\/politique\/wakit-tamma-demande-le-retrait-de-larmee-francaise-du-tchad#breadcrumb\"},\"inLanguage\":\"fr-FR\",\"potentialAction\":[{\"@type\":\"ReadAction\",\"target\":[\"https:\/\/www.africa-press.net\/tchad\/politique\/wakit-tamma-demande-le-retrait-de-larmee-francaise-du-tchad\"]}]},{\"@type\":\"ImageObject\",\"inLanguage\":\"fr-FR\",\"@id\":\"https:\/\/www.africa-press.net\/tchad\/politique\/wakit-tamma-demande-le-retrait-de-larmee-francaise-du-tchad#primaryimage\",\"url\":\"https:\/\/static.africa-press.net\/tchad\/sites\/41\/2023\/09\/sm_1694352354.901088.jpg\",\"contentUrl\":\"https:\/\/static.africa-press.net\/tchad\/sites\/41\/2023\/09\/sm_1694352354.901088.jpg\",\"width\":1152,\"height\":864,\"caption\":\"Wakit Tamma demande le retrait de l'arm\u00e9e fran\u00e7aise du Tchad\"},{\"@type\":\"BreadcrumbList\",\"@id\":\"https:\/\/www.africa-press.net\/tchad\/politique\/wakit-tamma-demande-le-retrait-de-larmee-francaise-du-tchad#breadcrumb\",\"itemListElement\":[{\"@type\":\"ListItem\",\"position\":1,\"name\":\"Accueil\",\"item\":\"https:\/\/www.africa-press.net\/tchad\/\"},{\"@type\":\"ListItem\",\"position\":2,\"name\":\"Wakit Tamma demande le retrait de l&#8217;arm\u00e9e fran\u00e7aise du Tchad\"}]},{\"@type\":\"WebSite\",\"@id\":\"https:\/\/www.africa-press.net\/tchad\/#website\",\"url\":\"https:\/\/www.africa-press.net\/tchad\/\",\"name\":\"tchad\",\"description\":\"Just another Africa News Agency Sites site\",\"potentialAction\":[{\"@type\":\"SearchAction\",\"target\":{\"@type\":\"EntryPoint\",\"urlTemplate\":\"https:\/\/www.africa-press.net\/tchad\/?s={search_term_string}\"},\"query-input\":{\"@type\":\"PropertyValueSpecification\",\"valueRequired\":true,\"valueName\":\"search_term_string\"}}],\"inLanguage\":\"fr-FR\"},{\"@type\":\"Person\",\"@id\":\"https:\/\/www.africa-press.net\/tchad\/#\/schema\/person\/2b1cf3cd81a31e3cd26889ca66d677f1\",\"name\":\"cfeditorfr\"}]}<\/script>\n<!-- \/ Yoast SEO Premium plugin. -->","yoast_head_json":{"title":"Wakit Tamma demande le retrait de l'arm\u00e9e fran\u00e7aise du Tchad - tchad","description":"Les membres de Wakit Tamma ont exprime\u0301 leur profonde inquie\u0301tude quant a\u0300 la situation a\u0300 Faya et ont de\u0301nonce\u0301 le \"meu ...","robots":{"index":"index","follow":"follow","max-snippet":"max-snippet:-1","max-image-preview":"max-image-preview:large","max-video-preview":"max-video-preview:-1"},"canonical":"https:\/\/www.africa-press.net\/tchad\/politique\/wakit-tamma-demande-le-retrait-de-larmee-francaise-du-tchad","og_locale":"fr_FR","og_type":"article","og_title":"Wakit Tamma demande le retrait de l'arm\u00e9e fran\u00e7aise du Tchad","og_description":"Les membres de Wakit Tamma ont exprime\u0301 leur profonde inquie\u0301tude quant a\u0300 la situation a\u0300 Faya et ont de\u0301nonce\u0301 le \"meu ...","og_url":"https:\/\/www.africa-press.net\/tchad\/politique\/wakit-tamma-demande-le-retrait-de-larmee-francaise-du-tchad","og_site_name":"tchad","article_published_time":"2023-09-10T16:27:57+00:00","article_modified_time":"2023-09-10T16:56:39+00:00","og_image":[{"width":1152,"height":864,"url":"https:\/\/static.africa-press.net\/tchad\/sites\/41\/2023\/09\/sm_1694352354.901088.jpg","type":"image\/jpeg"}],"author":"cfeditorfr","twitter_card":"summary_large_image","twitter_misc":{"\u00c9crit par":"cfeditorfr","Dur\u00e9e de lecture estim\u00e9e":"2 minutes"},"schema":{"@context":"https:\/\/schema.org","@graph":[{"@type":"Article","@id":"https:\/\/www.africa-press.net\/tchad\/politique\/wakit-tamma-demande-le-retrait-de-larmee-francaise-du-tchad#article","isPartOf":{"@id":"https:\/\/www.africa-press.net\/tchad\/politique\/wakit-tamma-demande-le-retrait-de-larmee-francaise-du-tchad"},"author":{"name":"cfeditorfr","@id":"https:\/\/www.africa-press.net\/tchad\/#\/schema\/person\/2b1cf3cd81a31e3cd26889ca66d677f1"},"headline":"Wakit Tamma demande le retrait de l&rsquo;arm\u00e9e fran\u00e7aise du Tchad","datePublished":"2023-09-10T16:27:57+00:00","dateModified":"2023-09-10T16:56:39+00:00","mainEntityOfPage":{"@id":"https:\/\/www.africa-press.net\/tchad\/politique\/wakit-tamma-demande-le-retrait-de-larmee-francaise-du-tchad"},"wordCount":326,"commentCount":0,"image":{"@id":"https:\/\/www.africa-press.net\/tchad\/politique\/wakit-tamma-demande-le-retrait-de-larmee-francaise-du-tchad#primaryimage"},"thumbnailUrl":"https:\/\/static.africa-press.net\/tchad\/sites\/41\/2023\/09\/sm_1694352354.901088.jpg","keywords":["Africa Press","Africa Press-Tchad","Tchad"],"articleSection":["Politique","Toutes les actualit\u00e9s"],"inLanguage":"fr-FR","potentialAction":[{"@type":"CommentAction","name":"Comment","target":["https:\/\/www.africa-press.net\/tchad\/politique\/wakit-tamma-demande-le-retrait-de-larmee-francaise-du-tchad#respond"]}]},{"@type":"WebPage","@id":"https:\/\/www.africa-press.net\/tchad\/politique\/wakit-tamma-demande-le-retrait-de-larmee-francaise-du-tchad","url":"https:\/\/www.africa-press.net\/tchad\/politique\/wakit-tamma-demande-le-retrait-de-larmee-francaise-du-tchad","name":"Wakit Tamma demande le retrait de l'arm\u00e9e fran\u00e7aise du Tchad - tchad","isPartOf":{"@id":"https:\/\/www.africa-press.net\/tchad\/#website"},"primaryImageOfPage":{"@id":"https:\/\/www.africa-press.net\/tchad\/politique\/wakit-tamma-demande-le-retrait-de-larmee-francaise-du-tchad#primaryimage"},"image":{"@id":"https:\/\/www.africa-press.net\/tchad\/politique\/wakit-tamma-demande-le-retrait-de-larmee-francaise-du-tchad#primaryimage"},"thumbnailUrl":"https:\/\/static.africa-press.net\/tchad\/sites\/41\/2023\/09\/sm_1694352354.901088.jpg","datePublished":"2023-09-10T16:27:57+00:00","dateModified":"2023-09-10T16:56:39+00:00","author":{"@id":"https:\/\/www.africa-press.net\/tchad\/#\/schema\/person\/2b1cf3cd81a31e3cd26889ca66d677f1"},"description":"Les membres de Wakit Tamma ont exprime\u0301 leur profonde inquie\u0301tude quant a\u0300 la situation a\u0300 Faya et ont de\u0301nonce\u0301 le \"meu ...","breadcrumb":{"@id":"https:\/\/www.africa-press.net\/tchad\/politique\/wakit-tamma-demande-le-retrait-de-larmee-francaise-du-tchad#breadcrumb"},"inLanguage":"fr-FR","potentialAction":[{"@type":"ReadAction","target":["https:\/\/www.africa-press.net\/tchad\/politique\/wakit-tamma-demande-le-retrait-de-larmee-francaise-du-tchad"]}]},{"@type":"ImageObject","inLanguage":"fr-FR","@id":"https:\/\/www.africa-press.net\/tchad\/politique\/wakit-tamma-demande-le-retrait-de-larmee-francaise-du-tchad#primaryimage","url":"https:\/\/static.africa-press.net\/tchad\/sites\/41\/2023\/09\/sm_1694352354.901088.jpg","contentUrl":"https:\/\/static.africa-press.net\/tchad\/sites\/41\/2023\/09\/sm_1694352354.901088.jpg","width":1152,"height":864,"caption":"Wakit Tamma demande le retrait de l'arm\u00e9e fran\u00e7aise du Tchad"},{"@type":"BreadcrumbList","@id":"https:\/\/www.africa-press.net\/tchad\/politique\/wakit-tamma-demande-le-retrait-de-larmee-francaise-du-tchad#breadcrumb","itemListElement":[{"@type":"ListItem","position":1,"name":"Accueil","item":"https:\/\/www.africa-press.net\/tchad\/"},{"@type":"ListItem","position":2,"name":"Wakit Tamma demande le retrait de l&#8217;arm\u00e9e fran\u00e7aise du Tchad"}]},{"@type":"WebSite","@id":"https:\/\/www.africa-press.net\/tchad\/#website","url":"https:\/\/www.africa-press.net\/tchad\/","name":"tchad","description":"Just another Africa News Agency Sites site","potentialAction":[{"@type":"SearchAction","target":{"@type":"EntryPoint","urlTemplate":"https:\/\/www.africa-press.net\/tchad\/?s={search_term_string}"},"query-input":{"@type":"PropertyValueSpecification","valueRequired":true,"valueName":"search_term_string"}}],"inLanguage":"fr-FR"},{"@type":"Person","@id":"https:\/\/www.africa-press.net\/tchad\/#\/schema\/person\/2b1cf3cd81a31e3cd26889ca66d677f1","name":"cfeditorfr"}]}},"_links":{"self":[{"href":"https:\/\/www.africa-press.net\/tchad\/wp-json\/wp\/v2\/posts\/50169","targetHints":{"allow":["GET"]}}],"collection":[{"href":"https:\/\/www.africa-press.net\/tchad\/wp-json\/wp\/v2\/posts"}],"about":[{"href":"https:\/\/www.africa-press.net\/tchad\/wp-json\/wp\/v2\/types\/post"}],"author":[{"embeddable":true,"href":"https:\/\/www.africa-press.net\/tchad\/wp-json\/wp\/v2\/users\/82"}],"replies":[{"embeddable":true,"href":"https:\/\/www.africa-press.net\/tchad\/wp-json\/wp\/v2\/comments?post=50169"}],"version-history":[{"count":0,"href":"https:\/\/www.africa-press.net\/tchad\/wp-json\/wp\/v2\/posts\/50169\/revisions"}],"wp:featuredmedia":[{"embeddable":true,"href":"https:\/\/www.africa-press.net\/tchad\/wp-json\/wp\/v2\/media\/50168"}],"wp:attachment":[{"href":"https:\/\/www.africa-press.net\/tchad\/wp-json\/wp\/v2\/media?parent=50169"}],"wp:term":[{"taxonomy":"category","embeddable":true,"href":"https:\/\/www.africa-press.net\/tchad\/wp-json\/wp\/v2\/categories?post=50169"},{"taxonomy":"post_tag","embeddable":true,"href":"https:\/\/www.africa-press.net\/tchad\/wp-json\/wp\/v2\/tags?post=50169"}],"curies":[{"name":"wp","href":"https:\/\/api.w.org\/{rel}","templated":true}]}}