{"id":50853,"date":"2023-09-19T15:55:32","date_gmt":"2023-09-19T15:55:32","guid":{"rendered":"https:\/\/www.africa-press.net\/tchad\/politique\/le-gouverneur-du-batha-remet-un-vehicule-neuf-a-la-police-judiciaire"},"modified":"2023-09-19T17:37:53","modified_gmt":"2023-09-19T17:37:53","slug":"le-gouverneur-du-batha-remet-un-vehicule-neuf-a-la-police-judiciaire","status":"publish","type":"post","link":"https:\/\/www.africa-press.net\/tchad\/politique\/le-gouverneur-du-batha-remet-un-vehicule-neuf-a-la-police-judiciaire","title":{"rendered":"le gouverneur du Batha remet un v\u00e9hicule neuf \u00e0 la Police judiciaire"},"content":{"rendered":"<p><span style=\"color: #ff6600\"><strong>Africa-Press &#8211; Tchad. <\/strong><\/span>Apre\u0300s le constant fait sur les difficulte\u0301s de de\u0301placement que rencontre la chai\u0302ne judiciaire, pour les renseignements et les investigations, pour effectuer leurs activite\u0301s de terrain, le gouvernement de l&rsquo;Union sous la houlette du pre\u0301sident de la Transition, a dote la police judiciaire du Batha d&rsquo;un ve\u0301hicule tout terrain, permettant de traquer ceux qui enfreignent aux lois et textes de la Re\u0301publique.<\/p>\n<p>En remettant officiellement la cle\u0301 du ve\u0301hicule, le gouverneur de la province du Batha, le ge\u0301ne\u0301ral de brigade Djimta Ben Dergon, a souligne\u0301 que cette dotation vient a\u0300 point nomme\u0301, et permet de combler le vide en moyen roulant.<\/p>\n<p>Cette situation limite les services de se\u0301curite\u0301 dans leurs diffe\u0301rentes actions, pour se\u0301curiser les personnes et remplir avec assiduite\u0301, les activite\u0301s quotidiennes de la justice. Le gouverneur exhorte donc les be\u0301ne\u0301ficiaires a\u0300 veiller a\u0300 l&rsquo;entretien de ce moyen roulant.<\/p>\n<p>Il demande au procureur de la Re\u0301publique pre\u0300s le tribunal de grande instance d&rsquo;Ati, de bien jouer son ro\u0302le dans le cadre du suivi de l&rsquo;utilisation de ce ve\u0301hicule, pour sa rentabilite\u0301.<\/p>\n<p>Le chef de division de la Police judiciaire du Batha, Adoum Idriss Hamad, remercie la plus haute autorite\u0301 qui a mis a\u0300 leur disposition ce ve\u0301hicule. Enfin, il rassure le gouverneur que ce ve\u0301hicule sera utilise\u0301 a\u0300 bon escient.<\/p>\n<p><strong>Pour plus d&rsquo;informations et d&rsquo;analyses sur la <a href=\"https:\/\/www.africa-press.net\/tchad\">Tchad<\/a>, suivez <a href=\"https:\/\/www.africa-press.net\/\">Africa-Press<\/a><\/strong><\/p>\n","protected":false},"excerpt":{"rendered":"<p>Africa-Press &#8211; Tchad. Apre\u0300s le constant fait sur les difficulte\u0301s de de\u0301placement que rencontre la chai\u0302ne judiciaire, pour les renseignements et les investigations, pour effectuer leurs activite\u0301s de terrain, le gouvernement de l&rsquo;Union sous la houlette du pre\u0301sident de la Transition, a dote la police judiciaire du Batha d&rsquo;un ve\u0301hicule tout terrain, permettant de traquer [&hellip;]<\/p>\n","protected":false},"author":82,"featured_media":50851,"comment_status":"open","ping_status":"closed","sticky":false,"template":"","format":"standard","meta":{"footnotes":""},"categories":[2,10],"tags":[37,292,29],"class_list":["post-50853","post","type-post","status-publish","format-standard","has-post-thumbnail","hentry","category-politique","category-toutes-les-actualites","tag-africa-press","tag-africa-press-tchad","tag-tchad"],"yoast_head":"<!-- This site is optimized with the Yoast SEO Premium plugin v26.1 (Yoast SEO v27.0) - https:\/\/yoast.com\/product\/yoast-seo-premium-wordpress\/ -->\n<title>le gouverneur du Batha remet un v\u00e9hicule neuf \u00e0 la Police judiciaire - tchad<\/title>\n<meta name=\"description\" content=\"Apre\u0300s le constant fait sur les difficulte\u0301s de de\u0301placement que rencontre la chai\u0302ne judiciaire, pour les renseignement ...\" \/>\n<meta name=\"robots\" content=\"index, follow, max-snippet:-1, max-image-preview:large, max-video-preview:-1\" \/>\n<link rel=\"canonical\" href=\"https:\/\/www.africa-press.net\/tchad\/politique\/le-gouverneur-du-batha-remet-un-vehicule-neuf-a-la-police-judiciaire\" \/>\n<meta property=\"og:locale\" content=\"fr_FR\" \/>\n<meta property=\"og:type\" content=\"article\" \/>\n<meta property=\"og:title\" content=\"le gouverneur du Batha remet un v\u00e9hicule neuf \u00e0 la Police judiciaire\" \/>\n<meta property=\"og:description\" content=\"Apre\u0300s le constant fait sur les difficulte\u0301s de de\u0301placement que rencontre la chai\u0302ne judiciaire, pour les renseignement ...\" \/>\n<meta property=\"og:url\" content=\"https:\/\/www.africa-press.net\/tchad\/politique\/le-gouverneur-du-batha-remet-un-vehicule-neuf-a-la-police-judiciaire\" \/>\n<meta property=\"og:site_name\" content=\"tchad\" \/>\n<meta property=\"article:published_time\" content=\"2023-09-19T15:55:32+00:00\" \/>\n<meta property=\"article:modified_time\" content=\"2023-09-19T17:37:53+00:00\" \/>\n<meta property=\"og:image\" content=\"https:\/\/static.africa-press.net\/tchad\/sites\/41\/2023\/09\/sm_1695132402.015213.jpg\" \/>\n\t<meta property=\"og:image:width\" content=\"720\" \/>\n\t<meta property=\"og:image:height\" content=\"540\" \/>\n\t<meta property=\"og:image:type\" content=\"image\/jpeg\" \/>\n<meta name=\"author\" content=\"cfeditorfr\" \/>\n<meta name=\"twitter:card\" content=\"summary_large_image\" \/>\n<meta name=\"twitter:label1\" content=\"\u00c9crit par\" \/>\n\t<meta name=\"twitter:data1\" content=\"cfeditorfr\" \/>\n\t<meta name=\"twitter:label2\" content=\"Dur\u00e9e de lecture estim\u00e9e\" \/>\n\t<meta name=\"twitter:data2\" content=\"2 minutes\" \/>\n<script type=\"application\/ld+json\" class=\"yoast-schema-graph\">{\"@context\":\"https:\/\/schema.org\",\"@graph\":[{\"@type\":\"Article\",\"@id\":\"https:\/\/www.africa-press.net\/tchad\/politique\/le-gouverneur-du-batha-remet-un-vehicule-neuf-a-la-police-judiciaire#article\",\"isPartOf\":{\"@id\":\"https:\/\/www.africa-press.net\/tchad\/politique\/le-gouverneur-du-batha-remet-un-vehicule-neuf-a-la-police-judiciaire\"},\"author\":{\"name\":\"cfeditorfr\",\"@id\":\"https:\/\/www.africa-press.net\/tchad\/#\/schema\/person\/2b1cf3cd81a31e3cd26889ca66d677f1\"},\"headline\":\"le gouverneur du Batha remet un v\u00e9hicule neuf \u00e0 la Police judiciaire\",\"datePublished\":\"2023-09-19T15:55:32+00:00\",\"dateModified\":\"2023-09-19T17:37:53+00:00\",\"mainEntityOfPage\":{\"@id\":\"https:\/\/www.africa-press.net\/tchad\/politique\/le-gouverneur-du-batha-remet-un-vehicule-neuf-a-la-police-judiciaire\"},\"wordCount\":266,\"commentCount\":0,\"image\":{\"@id\":\"https:\/\/www.africa-press.net\/tchad\/politique\/le-gouverneur-du-batha-remet-un-vehicule-neuf-a-la-police-judiciaire#primaryimage\"},\"thumbnailUrl\":\"https:\/\/static.africa-press.net\/tchad\/sites\/41\/2023\/09\/sm_1695132402.015213.jpg\",\"keywords\":[\"Africa Press\",\"Africa Press-Tchad\",\"Tchad\"],\"articleSection\":[\"Politique\",\"Toutes les actualit\u00e9s\"],\"inLanguage\":\"fr-FR\",\"potentialAction\":[{\"@type\":\"CommentAction\",\"name\":\"Comment\",\"target\":[\"https:\/\/www.africa-press.net\/tchad\/politique\/le-gouverneur-du-batha-remet-un-vehicule-neuf-a-la-police-judiciaire#respond\"]}]},{\"@type\":\"WebPage\",\"@id\":\"https:\/\/www.africa-press.net\/tchad\/politique\/le-gouverneur-du-batha-remet-un-vehicule-neuf-a-la-police-judiciaire\",\"url\":\"https:\/\/www.africa-press.net\/tchad\/politique\/le-gouverneur-du-batha-remet-un-vehicule-neuf-a-la-police-judiciaire\",\"name\":\"le gouverneur du Batha remet un v\u00e9hicule neuf \u00e0 la Police judiciaire - tchad\",\"isPartOf\":{\"@id\":\"https:\/\/www.africa-press.net\/tchad\/#website\"},\"primaryImageOfPage\":{\"@id\":\"https:\/\/www.africa-press.net\/tchad\/politique\/le-gouverneur-du-batha-remet-un-vehicule-neuf-a-la-police-judiciaire#primaryimage\"},\"image\":{\"@id\":\"https:\/\/www.africa-press.net\/tchad\/politique\/le-gouverneur-du-batha-remet-un-vehicule-neuf-a-la-police-judiciaire#primaryimage\"},\"thumbnailUrl\":\"https:\/\/static.africa-press.net\/tchad\/sites\/41\/2023\/09\/sm_1695132402.015213.jpg\",\"datePublished\":\"2023-09-19T15:55:32+00:00\",\"dateModified\":\"2023-09-19T17:37:53+00:00\",\"author\":{\"@id\":\"https:\/\/www.africa-press.net\/tchad\/#\/schema\/person\/2b1cf3cd81a31e3cd26889ca66d677f1\"},\"description\":\"Apre\u0300s le constant fait sur les difficulte\u0301s de de\u0301placement que rencontre la chai\u0302ne judiciaire, pour les renseignement ...\",\"breadcrumb\":{\"@id\":\"https:\/\/www.africa-press.net\/tchad\/politique\/le-gouverneur-du-batha-remet-un-vehicule-neuf-a-la-police-judiciaire#breadcrumb\"},\"inLanguage\":\"fr-FR\",\"potentialAction\":[{\"@type\":\"ReadAction\",\"target\":[\"https:\/\/www.africa-press.net\/tchad\/politique\/le-gouverneur-du-batha-remet-un-vehicule-neuf-a-la-police-judiciaire\"]}]},{\"@type\":\"ImageObject\",\"inLanguage\":\"fr-FR\",\"@id\":\"https:\/\/www.africa-press.net\/tchad\/politique\/le-gouverneur-du-batha-remet-un-vehicule-neuf-a-la-police-judiciaire#primaryimage\",\"url\":\"https:\/\/static.africa-press.net\/tchad\/sites\/41\/2023\/09\/sm_1695132402.015213.jpg\",\"contentUrl\":\"https:\/\/static.africa-press.net\/tchad\/sites\/41\/2023\/09\/sm_1695132402.015213.jpg\",\"width\":720,\"height\":540,\"caption\":\"le gouverneur du Batha remet un v\u00e9hicule neuf \u00e0 la Police judiciaire\"},{\"@type\":\"BreadcrumbList\",\"@id\":\"https:\/\/www.africa-press.net\/tchad\/politique\/le-gouverneur-du-batha-remet-un-vehicule-neuf-a-la-police-judiciaire#breadcrumb\",\"itemListElement\":[{\"@type\":\"ListItem\",\"position\":1,\"name\":\"Accueil\",\"item\":\"https:\/\/www.africa-press.net\/tchad\/\"},{\"@type\":\"ListItem\",\"position\":2,\"name\":\"le gouverneur du Batha remet un v\u00e9hicule neuf \u00e0 la Police judiciaire\"}]},{\"@type\":\"WebSite\",\"@id\":\"https:\/\/www.africa-press.net\/tchad\/#website\",\"url\":\"https:\/\/www.africa-press.net\/tchad\/\",\"name\":\"tchad\",\"description\":\"Just another Africa News Agency Sites site\",\"potentialAction\":[{\"@type\":\"SearchAction\",\"target\":{\"@type\":\"EntryPoint\",\"urlTemplate\":\"https:\/\/www.africa-press.net\/tchad\/?s={search_term_string}\"},\"query-input\":{\"@type\":\"PropertyValueSpecification\",\"valueRequired\":true,\"valueName\":\"search_term_string\"}}],\"inLanguage\":\"fr-FR\"},{\"@type\":\"Person\",\"@id\":\"https:\/\/www.africa-press.net\/tchad\/#\/schema\/person\/2b1cf3cd81a31e3cd26889ca66d677f1\",\"name\":\"cfeditorfr\"}]}<\/script>\n<!-- \/ Yoast SEO Premium plugin. -->","yoast_head_json":{"title":"le gouverneur du Batha remet un v\u00e9hicule neuf \u00e0 la Police judiciaire - tchad","description":"Apre\u0300s le constant fait sur les difficulte\u0301s de de\u0301placement que rencontre la chai\u0302ne judiciaire, pour les renseignement ...","robots":{"index":"index","follow":"follow","max-snippet":"max-snippet:-1","max-image-preview":"max-image-preview:large","max-video-preview":"max-video-preview:-1"},"canonical":"https:\/\/www.africa-press.net\/tchad\/politique\/le-gouverneur-du-batha-remet-un-vehicule-neuf-a-la-police-judiciaire","og_locale":"fr_FR","og_type":"article","og_title":"le gouverneur du Batha remet un v\u00e9hicule neuf \u00e0 la Police judiciaire","og_description":"Apre\u0300s le constant fait sur les difficulte\u0301s de de\u0301placement que rencontre la chai\u0302ne judiciaire, pour les renseignement ...","og_url":"https:\/\/www.africa-press.net\/tchad\/politique\/le-gouverneur-du-batha-remet-un-vehicule-neuf-a-la-police-judiciaire","og_site_name":"tchad","article_published_time":"2023-09-19T15:55:32+00:00","article_modified_time":"2023-09-19T17:37:53+00:00","og_image":[{"width":720,"height":540,"url":"https:\/\/static.africa-press.net\/tchad\/sites\/41\/2023\/09\/sm_1695132402.015213.jpg","type":"image\/jpeg"}],"author":"cfeditorfr","twitter_card":"summary_large_image","twitter_misc":{"\u00c9crit par":"cfeditorfr","Dur\u00e9e de lecture estim\u00e9e":"2 minutes"},"schema":{"@context":"https:\/\/schema.org","@graph":[{"@type":"Article","@id":"https:\/\/www.africa-press.net\/tchad\/politique\/le-gouverneur-du-batha-remet-un-vehicule-neuf-a-la-police-judiciaire#article","isPartOf":{"@id":"https:\/\/www.africa-press.net\/tchad\/politique\/le-gouverneur-du-batha-remet-un-vehicule-neuf-a-la-police-judiciaire"},"author":{"name":"cfeditorfr","@id":"https:\/\/www.africa-press.net\/tchad\/#\/schema\/person\/2b1cf3cd81a31e3cd26889ca66d677f1"},"headline":"le gouverneur du Batha remet un v\u00e9hicule neuf \u00e0 la Police judiciaire","datePublished":"2023-09-19T15:55:32+00:00","dateModified":"2023-09-19T17:37:53+00:00","mainEntityOfPage":{"@id":"https:\/\/www.africa-press.net\/tchad\/politique\/le-gouverneur-du-batha-remet-un-vehicule-neuf-a-la-police-judiciaire"},"wordCount":266,"commentCount":0,"image":{"@id":"https:\/\/www.africa-press.net\/tchad\/politique\/le-gouverneur-du-batha-remet-un-vehicule-neuf-a-la-police-judiciaire#primaryimage"},"thumbnailUrl":"https:\/\/static.africa-press.net\/tchad\/sites\/41\/2023\/09\/sm_1695132402.015213.jpg","keywords":["Africa Press","Africa Press-Tchad","Tchad"],"articleSection":["Politique","Toutes les actualit\u00e9s"],"inLanguage":"fr-FR","potentialAction":[{"@type":"CommentAction","name":"Comment","target":["https:\/\/www.africa-press.net\/tchad\/politique\/le-gouverneur-du-batha-remet-un-vehicule-neuf-a-la-police-judiciaire#respond"]}]},{"@type":"WebPage","@id":"https:\/\/www.africa-press.net\/tchad\/politique\/le-gouverneur-du-batha-remet-un-vehicule-neuf-a-la-police-judiciaire","url":"https:\/\/www.africa-press.net\/tchad\/politique\/le-gouverneur-du-batha-remet-un-vehicule-neuf-a-la-police-judiciaire","name":"le gouverneur du Batha remet un v\u00e9hicule neuf \u00e0 la Police judiciaire - tchad","isPartOf":{"@id":"https:\/\/www.africa-press.net\/tchad\/#website"},"primaryImageOfPage":{"@id":"https:\/\/www.africa-press.net\/tchad\/politique\/le-gouverneur-du-batha-remet-un-vehicule-neuf-a-la-police-judiciaire#primaryimage"},"image":{"@id":"https:\/\/www.africa-press.net\/tchad\/politique\/le-gouverneur-du-batha-remet-un-vehicule-neuf-a-la-police-judiciaire#primaryimage"},"thumbnailUrl":"https:\/\/static.africa-press.net\/tchad\/sites\/41\/2023\/09\/sm_1695132402.015213.jpg","datePublished":"2023-09-19T15:55:32+00:00","dateModified":"2023-09-19T17:37:53+00:00","author":{"@id":"https:\/\/www.africa-press.net\/tchad\/#\/schema\/person\/2b1cf3cd81a31e3cd26889ca66d677f1"},"description":"Apre\u0300s le constant fait sur les difficulte\u0301s de de\u0301placement que rencontre la chai\u0302ne judiciaire, pour les renseignement ...","breadcrumb":{"@id":"https:\/\/www.africa-press.net\/tchad\/politique\/le-gouverneur-du-batha-remet-un-vehicule-neuf-a-la-police-judiciaire#breadcrumb"},"inLanguage":"fr-FR","potentialAction":[{"@type":"ReadAction","target":["https:\/\/www.africa-press.net\/tchad\/politique\/le-gouverneur-du-batha-remet-un-vehicule-neuf-a-la-police-judiciaire"]}]},{"@type":"ImageObject","inLanguage":"fr-FR","@id":"https:\/\/www.africa-press.net\/tchad\/politique\/le-gouverneur-du-batha-remet-un-vehicule-neuf-a-la-police-judiciaire#primaryimage","url":"https:\/\/static.africa-press.net\/tchad\/sites\/41\/2023\/09\/sm_1695132402.015213.jpg","contentUrl":"https:\/\/static.africa-press.net\/tchad\/sites\/41\/2023\/09\/sm_1695132402.015213.jpg","width":720,"height":540,"caption":"le gouverneur du Batha remet un v\u00e9hicule neuf \u00e0 la Police judiciaire"},{"@type":"BreadcrumbList","@id":"https:\/\/www.africa-press.net\/tchad\/politique\/le-gouverneur-du-batha-remet-un-vehicule-neuf-a-la-police-judiciaire#breadcrumb","itemListElement":[{"@type":"ListItem","position":1,"name":"Accueil","item":"https:\/\/www.africa-press.net\/tchad\/"},{"@type":"ListItem","position":2,"name":"le gouverneur du Batha remet un v\u00e9hicule neuf \u00e0 la Police judiciaire"}]},{"@type":"WebSite","@id":"https:\/\/www.africa-press.net\/tchad\/#website","url":"https:\/\/www.africa-press.net\/tchad\/","name":"tchad","description":"Just another Africa News Agency Sites site","potentialAction":[{"@type":"SearchAction","target":{"@type":"EntryPoint","urlTemplate":"https:\/\/www.africa-press.net\/tchad\/?s={search_term_string}"},"query-input":{"@type":"PropertyValueSpecification","valueRequired":true,"valueName":"search_term_string"}}],"inLanguage":"fr-FR"},{"@type":"Person","@id":"https:\/\/www.africa-press.net\/tchad\/#\/schema\/person\/2b1cf3cd81a31e3cd26889ca66d677f1","name":"cfeditorfr"}]}},"_links":{"self":[{"href":"https:\/\/www.africa-press.net\/tchad\/wp-json\/wp\/v2\/posts\/50853","targetHints":{"allow":["GET"]}}],"collection":[{"href":"https:\/\/www.africa-press.net\/tchad\/wp-json\/wp\/v2\/posts"}],"about":[{"href":"https:\/\/www.africa-press.net\/tchad\/wp-json\/wp\/v2\/types\/post"}],"author":[{"embeddable":true,"href":"https:\/\/www.africa-press.net\/tchad\/wp-json\/wp\/v2\/users\/82"}],"replies":[{"embeddable":true,"href":"https:\/\/www.africa-press.net\/tchad\/wp-json\/wp\/v2\/comments?post=50853"}],"version-history":[{"count":0,"href":"https:\/\/www.africa-press.net\/tchad\/wp-json\/wp\/v2\/posts\/50853\/revisions"}],"wp:featuredmedia":[{"embeddable":true,"href":"https:\/\/www.africa-press.net\/tchad\/wp-json\/wp\/v2\/media\/50851"}],"wp:attachment":[{"href":"https:\/\/www.africa-press.net\/tchad\/wp-json\/wp\/v2\/media?parent=50853"}],"wp:term":[{"taxonomy":"category","embeddable":true,"href":"https:\/\/www.africa-press.net\/tchad\/wp-json\/wp\/v2\/categories?post=50853"},{"taxonomy":"post_tag","embeddable":true,"href":"https:\/\/www.africa-press.net\/tchad\/wp-json\/wp\/v2\/tags?post=50853"}],"curies":[{"name":"wp","href":"https:\/\/api.w.org\/{rel}","templated":true}]}}