{"id":52097,"date":"2023-10-10T17:03:48","date_gmt":"2023-10-10T17:03:48","guid":{"rendered":"https:\/\/www.africa-press.net\/tchad\/politique\/les-jeunes-leaders-pour-le-maintien-de-la-paix-et-la-stabilite-au-tchad-felicitent-le-president-de-transition-pour-sa-tournee"},"modified":"2023-10-10T17:23:57","modified_gmt":"2023-10-10T17:23:57","slug":"les-jeunes-leaders-pour-le-maintien-de-la-paix-et-la-stabilite-au-tchad-felicitent-le-president-de-transition-pour-sa-tournee","status":"publish","type":"post","link":"https:\/\/www.africa-press.net\/tchad\/politique\/les-jeunes-leaders-pour-le-maintien-de-la-paix-et-la-stabilite-au-tchad-felicitent-le-president-de-transition-pour-sa-tournee","title":{"rendered":"Les jeunes leaders pour le maintien de la paix et la stabilit\u00e9 au Tchad f\u00e9licitent le pr\u00e9sident de transition pour sa tourn\u00e9e"},"content":{"rendered":"<p><span style=\"color: #ff6600\"><strong>Africa-Press &#8211; Tchad. <\/strong><\/span>Le cadre des jeunes leaders pour le maintien de la paix et la stabilite\u0301 au Tchad a fait un point de presse le lundi 9 octobre a\u0300 son sie\u0300ge. Un point de presse relatif a\u0300 la tourne\u0301e du pre\u0301sident de transition dans le Tchad profond.<\/p>\n<p>\u00ab Il vous souviendra que depuis mai 2023, le Pre\u0301sident de transition a entame\u0301 une tourne\u0301e nationale qui l\u2019a conduit dans les 23 provinces de notre pays. Cette tourne\u0301e s\u2019est acheve\u0301e ce samedi par l\u2019e\u0301tape de la ville de N\u2019Djamena. C\u2019est le lieu ici de remercier le Pre\u0301sident de Transition pour cette initiative qui lui a permis de toucher du doigt le quotidien des Tchadiens pour mieux re\u0301pondre a\u0300 leurs pre\u0301occupations\u00bb, indique le pre\u0301sident des jeunes leaders, Carmel Ndjilmaye.<\/p>\n<p>Pour lui, ce geste et cette politique de re\u0301conciliation me\u0301ritent un encouragement particulier a\u0300 l\u2019endroit du pre\u0301sident de transition. \u00ab Tout au long de ce pe\u0301riple, le chef de l\u2019Etat a fait des promesses pour ame\u0301liorer la vie des concitoyens. Nous l\u2019encourageons a\u0300 tout mettre en \u0153uvre pour re\u0301aliser ces promesses qui, sans doute apporteront de solutions aux populations de toutes les provinces. En outre, nous saluons les populations de toutes les provinces qui ont triomphalement accueilli leur Pre\u0301sident. C\u2019est la preuve de l\u2019adhe\u0301sion du peuple a\u0300 la politique de re\u0301conciliation porte\u0301e par le Pre\u0301sident de Transition\u00bb.<\/p>\n<p><strong>Pour plus d&rsquo;informations et d&rsquo;analyses sur la <a href=\"https:\/\/www.africa-press.net\/tchad\">Tchad<\/a>, suivez <a href=\"https:\/\/www.africa-press.net\/\">Africa-Press<\/a><\/strong><\/p>\n","protected":false},"excerpt":{"rendered":"<p>Africa-Press &#8211; Tchad. Le cadre des jeunes leaders pour le maintien de la paix et la stabilite\u0301 au Tchad a fait un point de presse le lundi 9 octobre a\u0300 son sie\u0300ge. Un point de presse relatif a\u0300 la tourne\u0301e du pre\u0301sident de transition dans le Tchad profond. \u00ab Il vous souviendra que depuis mai [&hellip;]<\/p>\n","protected":false},"author":82,"featured_media":52095,"comment_status":"open","ping_status":"closed","sticky":false,"template":"","format":"standard","meta":{"footnotes":""},"categories":[2,10],"tags":[37,292,29],"class_list":["post-52097","post","type-post","status-publish","format-standard","has-post-thumbnail","hentry","category-politique","category-toutes-les-actualites","tag-africa-press","tag-africa-press-tchad","tag-tchad"],"yoast_head":"<!-- This site is optimized with the Yoast SEO Premium plugin v26.1 (Yoast SEO v27.0) - https:\/\/yoast.com\/product\/yoast-seo-premium-wordpress\/ -->\n<title>Les jeunes leaders pour le maintien de la paix et la stabilit\u00e9 au Tchad f\u00e9licitent le pr\u00e9sident de transition pour sa tourn\u00e9e - tchad<\/title>\n<meta name=\"description\" content=\"Le cadre des jeunes leaders pour le maintien de la paix et la stabilite\u0301 au Tchad a fait un point de presse le lundi 9 o ...\" \/>\n<meta name=\"robots\" content=\"index, follow, max-snippet:-1, max-image-preview:large, max-video-preview:-1\" \/>\n<link rel=\"canonical\" href=\"https:\/\/www.africa-press.net\/tchad\/politique\/les-jeunes-leaders-pour-le-maintien-de-la-paix-et-la-stabilite-au-tchad-felicitent-le-president-de-transition-pour-sa-tournee\" \/>\n<meta property=\"og:locale\" content=\"fr_FR\" \/>\n<meta property=\"og:type\" content=\"article\" \/>\n<meta property=\"og:title\" content=\"Les jeunes leaders pour le maintien de la paix et la stabilit\u00e9 au Tchad f\u00e9licitent le pr\u00e9sident de transition pour sa tourn\u00e9e\" \/>\n<meta property=\"og:description\" content=\"Le cadre des jeunes leaders pour le maintien de la paix et la stabilite\u0301 au Tchad a fait un point de presse le lundi 9 o ...\" \/>\n<meta property=\"og:url\" content=\"https:\/\/www.africa-press.net\/tchad\/politique\/les-jeunes-leaders-pour-le-maintien-de-la-paix-et-la-stabilite-au-tchad-felicitent-le-president-de-transition-pour-sa-tournee\" \/>\n<meta property=\"og:site_name\" content=\"tchad\" \/>\n<meta property=\"article:published_time\" content=\"2023-10-10T17:03:48+00:00\" \/>\n<meta property=\"article:modified_time\" content=\"2023-10-10T17:23:57+00:00\" \/>\n<meta property=\"og:image\" content=\"https:\/\/static.africa-press.net\/tchad\/sites\/41\/2023\/10\/sm_1696945989.686649.jpg\" \/>\n\t<meta property=\"og:image:width\" content=\"1080\" \/>\n\t<meta property=\"og:image:height\" content=\"675\" \/>\n\t<meta property=\"og:image:type\" content=\"image\/jpeg\" \/>\n<meta name=\"author\" content=\"cfeditorfr\" \/>\n<meta name=\"twitter:card\" content=\"summary_large_image\" \/>\n<meta name=\"twitter:label1\" content=\"\u00c9crit par\" \/>\n\t<meta name=\"twitter:data1\" content=\"cfeditorfr\" \/>\n\t<meta name=\"twitter:label2\" content=\"Dur\u00e9e de lecture estim\u00e9e\" \/>\n\t<meta name=\"twitter:data2\" content=\"1 minute\" \/>\n<script type=\"application\/ld+json\" class=\"yoast-schema-graph\">{\"@context\":\"https:\/\/schema.org\",\"@graph\":[{\"@type\":\"Article\",\"@id\":\"https:\/\/www.africa-press.net\/tchad\/politique\/les-jeunes-leaders-pour-le-maintien-de-la-paix-et-la-stabilite-au-tchad-felicitent-le-president-de-transition-pour-sa-tournee#article\",\"isPartOf\":{\"@id\":\"https:\/\/www.africa-press.net\/tchad\/politique\/les-jeunes-leaders-pour-le-maintien-de-la-paix-et-la-stabilite-au-tchad-felicitent-le-president-de-transition-pour-sa-tournee\"},\"author\":{\"name\":\"cfeditorfr\",\"@id\":\"https:\/\/www.africa-press.net\/tchad\/#\/schema\/person\/2b1cf3cd81a31e3cd26889ca66d677f1\"},\"headline\":\"Les jeunes leaders pour le maintien de la paix et la stabilit\u00e9 au Tchad f\u00e9licitent le pr\u00e9sident de transition pour sa tourn\u00e9e\",\"datePublished\":\"2023-10-10T17:03:48+00:00\",\"dateModified\":\"2023-10-10T17:23:57+00:00\",\"mainEntityOfPage\":{\"@id\":\"https:\/\/www.africa-press.net\/tchad\/politique\/les-jeunes-leaders-pour-le-maintien-de-la-paix-et-la-stabilite-au-tchad-felicitent-le-president-de-transition-pour-sa-tournee\"},\"wordCount\":289,\"commentCount\":0,\"image\":{\"@id\":\"https:\/\/www.africa-press.net\/tchad\/politique\/les-jeunes-leaders-pour-le-maintien-de-la-paix-et-la-stabilite-au-tchad-felicitent-le-president-de-transition-pour-sa-tournee#primaryimage\"},\"thumbnailUrl\":\"https:\/\/static.africa-press.net\/tchad\/sites\/41\/2023\/10\/sm_1696945989.686649.jpg\",\"keywords\":[\"Africa Press\",\"Africa Press-Tchad\",\"Tchad\"],\"articleSection\":[\"Politique\",\"Toutes les actualit\u00e9s\"],\"inLanguage\":\"fr-FR\",\"potentialAction\":[{\"@type\":\"CommentAction\",\"name\":\"Comment\",\"target\":[\"https:\/\/www.africa-press.net\/tchad\/politique\/les-jeunes-leaders-pour-le-maintien-de-la-paix-et-la-stabilite-au-tchad-felicitent-le-president-de-transition-pour-sa-tournee#respond\"]}]},{\"@type\":\"WebPage\",\"@id\":\"https:\/\/www.africa-press.net\/tchad\/politique\/les-jeunes-leaders-pour-le-maintien-de-la-paix-et-la-stabilite-au-tchad-felicitent-le-president-de-transition-pour-sa-tournee\",\"url\":\"https:\/\/www.africa-press.net\/tchad\/politique\/les-jeunes-leaders-pour-le-maintien-de-la-paix-et-la-stabilite-au-tchad-felicitent-le-president-de-transition-pour-sa-tournee\",\"name\":\"Les jeunes leaders pour le maintien de la paix et la stabilit\u00e9 au Tchad f\u00e9licitent le pr\u00e9sident de transition pour sa tourn\u00e9e - tchad\",\"isPartOf\":{\"@id\":\"https:\/\/www.africa-press.net\/tchad\/#website\"},\"primaryImageOfPage\":{\"@id\":\"https:\/\/www.africa-press.net\/tchad\/politique\/les-jeunes-leaders-pour-le-maintien-de-la-paix-et-la-stabilite-au-tchad-felicitent-le-president-de-transition-pour-sa-tournee#primaryimage\"},\"image\":{\"@id\":\"https:\/\/www.africa-press.net\/tchad\/politique\/les-jeunes-leaders-pour-le-maintien-de-la-paix-et-la-stabilite-au-tchad-felicitent-le-president-de-transition-pour-sa-tournee#primaryimage\"},\"thumbnailUrl\":\"https:\/\/static.africa-press.net\/tchad\/sites\/41\/2023\/10\/sm_1696945989.686649.jpg\",\"datePublished\":\"2023-10-10T17:03:48+00:00\",\"dateModified\":\"2023-10-10T17:23:57+00:00\",\"author\":{\"@id\":\"https:\/\/www.africa-press.net\/tchad\/#\/schema\/person\/2b1cf3cd81a31e3cd26889ca66d677f1\"},\"description\":\"Le cadre des jeunes leaders pour le maintien de la paix et la stabilite\u0301 au Tchad a fait un point de presse le lundi 9 o ...\",\"breadcrumb\":{\"@id\":\"https:\/\/www.africa-press.net\/tchad\/politique\/les-jeunes-leaders-pour-le-maintien-de-la-paix-et-la-stabilite-au-tchad-felicitent-le-president-de-transition-pour-sa-tournee#breadcrumb\"},\"inLanguage\":\"fr-FR\",\"potentialAction\":[{\"@type\":\"ReadAction\",\"target\":[\"https:\/\/www.africa-press.net\/tchad\/politique\/les-jeunes-leaders-pour-le-maintien-de-la-paix-et-la-stabilite-au-tchad-felicitent-le-president-de-transition-pour-sa-tournee\"]}]},{\"@type\":\"ImageObject\",\"inLanguage\":\"fr-FR\",\"@id\":\"https:\/\/www.africa-press.net\/tchad\/politique\/les-jeunes-leaders-pour-le-maintien-de-la-paix-et-la-stabilite-au-tchad-felicitent-le-president-de-transition-pour-sa-tournee#primaryimage\",\"url\":\"https:\/\/static.africa-press.net\/tchad\/sites\/41\/2023\/10\/sm_1696945989.686649.jpg\",\"contentUrl\":\"https:\/\/static.africa-press.net\/tchad\/sites\/41\/2023\/10\/sm_1696945989.686649.jpg\",\"width\":1080,\"height\":675,\"caption\":\"Les jeunes leaders pour le maintien de la paix et la stabilit\u00e9 au Tchad f\u00e9licitent le pr\u00e9sident de transition pour sa tourn\u00e9e\"},{\"@type\":\"BreadcrumbList\",\"@id\":\"https:\/\/www.africa-press.net\/tchad\/politique\/les-jeunes-leaders-pour-le-maintien-de-la-paix-et-la-stabilite-au-tchad-felicitent-le-president-de-transition-pour-sa-tournee#breadcrumb\",\"itemListElement\":[{\"@type\":\"ListItem\",\"position\":1,\"name\":\"Accueil\",\"item\":\"https:\/\/www.africa-press.net\/tchad\/\"},{\"@type\":\"ListItem\",\"position\":2,\"name\":\"Les jeunes leaders pour le maintien de la paix et la stabilit\u00e9 au Tchad f\u00e9licitent le pr\u00e9sident de transition pour sa tourn\u00e9e\"}]},{\"@type\":\"WebSite\",\"@id\":\"https:\/\/www.africa-press.net\/tchad\/#website\",\"url\":\"https:\/\/www.africa-press.net\/tchad\/\",\"name\":\"tchad\",\"description\":\"Just another Africa News Agency Sites site\",\"potentialAction\":[{\"@type\":\"SearchAction\",\"target\":{\"@type\":\"EntryPoint\",\"urlTemplate\":\"https:\/\/www.africa-press.net\/tchad\/?s={search_term_string}\"},\"query-input\":{\"@type\":\"PropertyValueSpecification\",\"valueRequired\":true,\"valueName\":\"search_term_string\"}}],\"inLanguage\":\"fr-FR\"},{\"@type\":\"Person\",\"@id\":\"https:\/\/www.africa-press.net\/tchad\/#\/schema\/person\/2b1cf3cd81a31e3cd26889ca66d677f1\",\"name\":\"cfeditorfr\"}]}<\/script>\n<!-- \/ Yoast SEO Premium plugin. -->","yoast_head_json":{"title":"Les jeunes leaders pour le maintien de la paix et la stabilit\u00e9 au Tchad f\u00e9licitent le pr\u00e9sident de transition pour sa tourn\u00e9e - tchad","description":"Le cadre des jeunes leaders pour le maintien de la paix et la stabilite\u0301 au Tchad a fait un point de presse le lundi 9 o ...","robots":{"index":"index","follow":"follow","max-snippet":"max-snippet:-1","max-image-preview":"max-image-preview:large","max-video-preview":"max-video-preview:-1"},"canonical":"https:\/\/www.africa-press.net\/tchad\/politique\/les-jeunes-leaders-pour-le-maintien-de-la-paix-et-la-stabilite-au-tchad-felicitent-le-president-de-transition-pour-sa-tournee","og_locale":"fr_FR","og_type":"article","og_title":"Les jeunes leaders pour le maintien de la paix et la stabilit\u00e9 au Tchad f\u00e9licitent le pr\u00e9sident de transition pour sa tourn\u00e9e","og_description":"Le cadre des jeunes leaders pour le maintien de la paix et la stabilite\u0301 au Tchad a fait un point de presse le lundi 9 o ...","og_url":"https:\/\/www.africa-press.net\/tchad\/politique\/les-jeunes-leaders-pour-le-maintien-de-la-paix-et-la-stabilite-au-tchad-felicitent-le-president-de-transition-pour-sa-tournee","og_site_name":"tchad","article_published_time":"2023-10-10T17:03:48+00:00","article_modified_time":"2023-10-10T17:23:57+00:00","og_image":[{"width":1080,"height":675,"url":"https:\/\/static.africa-press.net\/tchad\/sites\/41\/2023\/10\/sm_1696945989.686649.jpg","type":"image\/jpeg"}],"author":"cfeditorfr","twitter_card":"summary_large_image","twitter_misc":{"\u00c9crit par":"cfeditorfr","Dur\u00e9e de lecture estim\u00e9e":"1 minute"},"schema":{"@context":"https:\/\/schema.org","@graph":[{"@type":"Article","@id":"https:\/\/www.africa-press.net\/tchad\/politique\/les-jeunes-leaders-pour-le-maintien-de-la-paix-et-la-stabilite-au-tchad-felicitent-le-president-de-transition-pour-sa-tournee#article","isPartOf":{"@id":"https:\/\/www.africa-press.net\/tchad\/politique\/les-jeunes-leaders-pour-le-maintien-de-la-paix-et-la-stabilite-au-tchad-felicitent-le-president-de-transition-pour-sa-tournee"},"author":{"name":"cfeditorfr","@id":"https:\/\/www.africa-press.net\/tchad\/#\/schema\/person\/2b1cf3cd81a31e3cd26889ca66d677f1"},"headline":"Les jeunes leaders pour le maintien de la paix et la stabilit\u00e9 au Tchad f\u00e9licitent le pr\u00e9sident de transition pour sa tourn\u00e9e","datePublished":"2023-10-10T17:03:48+00:00","dateModified":"2023-10-10T17:23:57+00:00","mainEntityOfPage":{"@id":"https:\/\/www.africa-press.net\/tchad\/politique\/les-jeunes-leaders-pour-le-maintien-de-la-paix-et-la-stabilite-au-tchad-felicitent-le-president-de-transition-pour-sa-tournee"},"wordCount":289,"commentCount":0,"image":{"@id":"https:\/\/www.africa-press.net\/tchad\/politique\/les-jeunes-leaders-pour-le-maintien-de-la-paix-et-la-stabilite-au-tchad-felicitent-le-president-de-transition-pour-sa-tournee#primaryimage"},"thumbnailUrl":"https:\/\/static.africa-press.net\/tchad\/sites\/41\/2023\/10\/sm_1696945989.686649.jpg","keywords":["Africa Press","Africa Press-Tchad","Tchad"],"articleSection":["Politique","Toutes les actualit\u00e9s"],"inLanguage":"fr-FR","potentialAction":[{"@type":"CommentAction","name":"Comment","target":["https:\/\/www.africa-press.net\/tchad\/politique\/les-jeunes-leaders-pour-le-maintien-de-la-paix-et-la-stabilite-au-tchad-felicitent-le-president-de-transition-pour-sa-tournee#respond"]}]},{"@type":"WebPage","@id":"https:\/\/www.africa-press.net\/tchad\/politique\/les-jeunes-leaders-pour-le-maintien-de-la-paix-et-la-stabilite-au-tchad-felicitent-le-president-de-transition-pour-sa-tournee","url":"https:\/\/www.africa-press.net\/tchad\/politique\/les-jeunes-leaders-pour-le-maintien-de-la-paix-et-la-stabilite-au-tchad-felicitent-le-president-de-transition-pour-sa-tournee","name":"Les jeunes leaders pour le maintien de la paix et la stabilit\u00e9 au Tchad f\u00e9licitent le pr\u00e9sident de transition pour sa tourn\u00e9e - tchad","isPartOf":{"@id":"https:\/\/www.africa-press.net\/tchad\/#website"},"primaryImageOfPage":{"@id":"https:\/\/www.africa-press.net\/tchad\/politique\/les-jeunes-leaders-pour-le-maintien-de-la-paix-et-la-stabilite-au-tchad-felicitent-le-president-de-transition-pour-sa-tournee#primaryimage"},"image":{"@id":"https:\/\/www.africa-press.net\/tchad\/politique\/les-jeunes-leaders-pour-le-maintien-de-la-paix-et-la-stabilite-au-tchad-felicitent-le-president-de-transition-pour-sa-tournee#primaryimage"},"thumbnailUrl":"https:\/\/static.africa-press.net\/tchad\/sites\/41\/2023\/10\/sm_1696945989.686649.jpg","datePublished":"2023-10-10T17:03:48+00:00","dateModified":"2023-10-10T17:23:57+00:00","author":{"@id":"https:\/\/www.africa-press.net\/tchad\/#\/schema\/person\/2b1cf3cd81a31e3cd26889ca66d677f1"},"description":"Le cadre des jeunes leaders pour le maintien de la paix et la stabilite\u0301 au Tchad a fait un point de presse le lundi 9 o ...","breadcrumb":{"@id":"https:\/\/www.africa-press.net\/tchad\/politique\/les-jeunes-leaders-pour-le-maintien-de-la-paix-et-la-stabilite-au-tchad-felicitent-le-president-de-transition-pour-sa-tournee#breadcrumb"},"inLanguage":"fr-FR","potentialAction":[{"@type":"ReadAction","target":["https:\/\/www.africa-press.net\/tchad\/politique\/les-jeunes-leaders-pour-le-maintien-de-la-paix-et-la-stabilite-au-tchad-felicitent-le-president-de-transition-pour-sa-tournee"]}]},{"@type":"ImageObject","inLanguage":"fr-FR","@id":"https:\/\/www.africa-press.net\/tchad\/politique\/les-jeunes-leaders-pour-le-maintien-de-la-paix-et-la-stabilite-au-tchad-felicitent-le-president-de-transition-pour-sa-tournee#primaryimage","url":"https:\/\/static.africa-press.net\/tchad\/sites\/41\/2023\/10\/sm_1696945989.686649.jpg","contentUrl":"https:\/\/static.africa-press.net\/tchad\/sites\/41\/2023\/10\/sm_1696945989.686649.jpg","width":1080,"height":675,"caption":"Les jeunes leaders pour le maintien de la paix et la stabilit\u00e9 au Tchad f\u00e9licitent le pr\u00e9sident de transition pour sa tourn\u00e9e"},{"@type":"BreadcrumbList","@id":"https:\/\/www.africa-press.net\/tchad\/politique\/les-jeunes-leaders-pour-le-maintien-de-la-paix-et-la-stabilite-au-tchad-felicitent-le-president-de-transition-pour-sa-tournee#breadcrumb","itemListElement":[{"@type":"ListItem","position":1,"name":"Accueil","item":"https:\/\/www.africa-press.net\/tchad\/"},{"@type":"ListItem","position":2,"name":"Les jeunes leaders pour le maintien de la paix et la stabilit\u00e9 au Tchad f\u00e9licitent le pr\u00e9sident de transition pour sa tourn\u00e9e"}]},{"@type":"WebSite","@id":"https:\/\/www.africa-press.net\/tchad\/#website","url":"https:\/\/www.africa-press.net\/tchad\/","name":"tchad","description":"Just another Africa News Agency Sites site","potentialAction":[{"@type":"SearchAction","target":{"@type":"EntryPoint","urlTemplate":"https:\/\/www.africa-press.net\/tchad\/?s={search_term_string}"},"query-input":{"@type":"PropertyValueSpecification","valueRequired":true,"valueName":"search_term_string"}}],"inLanguage":"fr-FR"},{"@type":"Person","@id":"https:\/\/www.africa-press.net\/tchad\/#\/schema\/person\/2b1cf3cd81a31e3cd26889ca66d677f1","name":"cfeditorfr"}]}},"_links":{"self":[{"href":"https:\/\/www.africa-press.net\/tchad\/wp-json\/wp\/v2\/posts\/52097","targetHints":{"allow":["GET"]}}],"collection":[{"href":"https:\/\/www.africa-press.net\/tchad\/wp-json\/wp\/v2\/posts"}],"about":[{"href":"https:\/\/www.africa-press.net\/tchad\/wp-json\/wp\/v2\/types\/post"}],"author":[{"embeddable":true,"href":"https:\/\/www.africa-press.net\/tchad\/wp-json\/wp\/v2\/users\/82"}],"replies":[{"embeddable":true,"href":"https:\/\/www.africa-press.net\/tchad\/wp-json\/wp\/v2\/comments?post=52097"}],"version-history":[{"count":0,"href":"https:\/\/www.africa-press.net\/tchad\/wp-json\/wp\/v2\/posts\/52097\/revisions"}],"wp:featuredmedia":[{"embeddable":true,"href":"https:\/\/www.africa-press.net\/tchad\/wp-json\/wp\/v2\/media\/52095"}],"wp:attachment":[{"href":"https:\/\/www.africa-press.net\/tchad\/wp-json\/wp\/v2\/media?parent=52097"}],"wp:term":[{"taxonomy":"category","embeddable":true,"href":"https:\/\/www.africa-press.net\/tchad\/wp-json\/wp\/v2\/categories?post=52097"},{"taxonomy":"post_tag","embeddable":true,"href":"https:\/\/www.africa-press.net\/tchad\/wp-json\/wp\/v2\/tags?post=52097"}],"curies":[{"name":"wp","href":"https:\/\/api.w.org\/{rel}","templated":true}]}}