{"id":52103,"date":"2023-10-11T14:58:57","date_gmt":"2023-10-11T14:58:57","guid":{"rendered":"https:\/\/www.africa-press.net\/tchad\/politique\/focus-sur-les-droits-de-lhomme-pour-le-75e-anniversaire-de-la-dudh"},"modified":"2023-10-12T05:05:46","modified_gmt":"2023-10-12T05:05:46","slug":"focus-sur-les-droits-de-lhomme-pour-le-75e-anniversaire-de-la-dudh","status":"publish","type":"post","link":"https:\/\/www.africa-press.net\/tchad\/politique\/focus-sur-les-droits-de-lhomme-pour-le-75e-anniversaire-de-la-dudh","title":{"rendered":"focus sur les droits de l\u2019Homme pour le 75e anniversaire de la DUDH"},"content":{"rendered":"<p><span style=\"color: #ff6600\"><strong>Africa-Press &#8211; Tchad. <\/strong><\/span>Lors de son discours, Abdoulaye Seye, spe\u0301cialiste des droits de l&rsquo;homme et repre\u0301sentant du Bureau du HCDH au Tchad, a rappele\u0301 que les droits de l&rsquo;homme ont inspire\u0301 la quasi-totalite\u0301 des instruments juridiques internationaux, re\u0301gionaux et nationaux des E\u0301tats parties en matie\u0300re de droits de l&rsquo;homme. Cette journe\u0301e avait pour objectif de renforcer l&rsquo;engagement des jeunes dans la promotion et l&rsquo;e\u0301ducation aux droits de l&rsquo;homme a\u0300 l&rsquo;occasion du 75e anniversaire de la DUDH.<\/p>\n<p>Les discussions avec les jeunes ont porte\u0301 sur la mise en \u0153uvre des droits contenus dans la DUDH, la participation au niveau local, la sensibilisation des jeunes a\u0300 leur ro\u0302le dans la promotion des droits de l&rsquo;homme, et la pre\u0301sentation des priorite\u0301s locales, nationales et internationales en matie\u0300re de promotion des droits de l&rsquo;homme. De plus, des expe\u0301riences, des bonnes pratiques et des histoires positives sur l&rsquo;engagement des jeunes dans la promotion des droits de l&rsquo;homme ont e\u0301te\u0301 partage\u0301es.<\/p>\n<p>Il a e\u0301te\u0301 souligne\u0301 que des actions fortes, imme\u0301diates et soutenues sont ne\u0301cessaires pour faire face aux impacts les plus graves, tels que la famine, la pauvrete\u0301, les ine\u0301galite\u0301s, les discriminations de toutes sortes, la corruption, le cho\u0302mage, et bien d&rsquo;autres, afin de limiter la souffrance humaine. Tous, y compris les jeunes, doivent s&rsquo;engager a\u0300 lutter contre les causes profondes de ces crises pour e\u0301viter d&rsquo;aggraver leur vulne\u0301rabilite\u0301. Cette session de sensibilisation et d&rsquo;e\u0301changes vise a\u0300 renforcer l&rsquo;engagement commun en faveur des droits de l&rsquo;homme.<\/p>\n<p>La directrice adjointe du ministe\u0300re de la Jeunesse, des Sports, des Loisirs et du Leadership Entrepreneurial, Khadidja Abdramane Koko, qui repre\u0301sente le ministre, a souligne\u0301 que la De\u0301claration Universelle des Droits de l&rsquo;Homme, adopte\u0301e le 10 de\u0301cembre 1948, a e\u0301te\u0301 le premier texte au niveau international en matie\u0300re de droits de l&rsquo;homme que le Tchad a ratifie\u0301.<\/p>\n<p>La campagne du 75e anniversaire de la De\u0301claration Universelle des Droits de l&rsquo;Homme, sous le the\u0300me \u00ab\u00a0Dignite\u0301, Liberte\u0301 et justice pour tous\u00a0\u00bb, englobe non seulement les villes d&rsquo;Abe\u0301che\u0301, de Doba, de Sarh, mais e\u0301galement celle de Ndjamena. Elle vise a\u0300 e\u0301valuer la situation des droits de l&rsquo;homme non seulement dans ces villes, mais sur l&rsquo;ensemble du territoire national, encourageant ainsi l&rsquo;e\u0301change et le partage d&rsquo;expe\u0301riences et de connaissances en matie\u0300re de droits de l&rsquo;homme, dans cette pe\u0301riode de transition ou\u0300 tout le peuple tchadien aspire a\u0300 sa refondation dans le respect des droits de l&rsquo;homme.<\/p>\n<p><strong>Pour plus d&rsquo;informations et d&rsquo;analyses sur la <a href=\"https:\/\/www.africa-press.net\/tchad\">Tchad<\/a>, suivez <a href=\"https:\/\/www.africa-press.net\/\">Africa-Press<\/a><\/strong><\/p>\n","protected":false},"excerpt":{"rendered":"<p>Africa-Press &#8211; Tchad. Lors de son discours, Abdoulaye Seye, spe\u0301cialiste des droits de l&rsquo;homme et repre\u0301sentant du Bureau du HCDH au Tchad, a rappele\u0301 que les droits de l&rsquo;homme ont inspire\u0301 la quasi-totalite\u0301 des instruments juridiques internationaux, re\u0301gionaux et nationaux des E\u0301tats parties en matie\u0300re de droits de l&rsquo;homme. Cette journe\u0301e avait pour objectif de [&hellip;]<\/p>\n","protected":false},"author":82,"featured_media":52102,"comment_status":"open","ping_status":"closed","sticky":false,"template":"","format":"standard","meta":{"footnotes":""},"categories":[2,20,10],"tags":[37,292,29],"class_list":["post-52103","post","type-post","status-publish","format-standard","has-post-thumbnail","hentry","category-politique","category-top-nouvelles","category-toutes-les-actualites","tag-africa-press","tag-africa-press-tchad","tag-tchad"],"yoast_head":"<!-- This site is optimized with the Yoast SEO Premium plugin v26.1 (Yoast SEO v27.0) - https:\/\/yoast.com\/product\/yoast-seo-premium-wordpress\/ -->\n<title>focus sur les droits de l\u2019Homme pour le 75e anniversaire de la DUDH - tchad<\/title>\n<meta name=\"description\" content=\"Lors de son discours, Abdoulaye Seye, spe\u0301cialiste des droits de l&#039;homme et repre\u0301sentant du Bureau du HCDH au Tchad, a ...\" \/>\n<meta name=\"robots\" content=\"index, follow, max-snippet:-1, max-image-preview:large, max-video-preview:-1\" \/>\n<link rel=\"canonical\" href=\"https:\/\/www.africa-press.net\/tchad\/politique\/focus-sur-les-droits-de-lhomme-pour-le-75e-anniversaire-de-la-dudh\" \/>\n<meta property=\"og:locale\" content=\"fr_FR\" \/>\n<meta property=\"og:type\" content=\"article\" \/>\n<meta property=\"og:title\" content=\"focus sur les droits de l\u2019Homme pour le 75e anniversaire de la DUDH\" \/>\n<meta property=\"og:description\" content=\"Lors de son discours, Abdoulaye Seye, spe\u0301cialiste des droits de l&#039;homme et repre\u0301sentant du Bureau du HCDH au Tchad, a ...\" \/>\n<meta property=\"og:url\" content=\"https:\/\/www.africa-press.net\/tchad\/politique\/focus-sur-les-droits-de-lhomme-pour-le-75e-anniversaire-de-la-dudh\" \/>\n<meta property=\"og:site_name\" content=\"tchad\" \/>\n<meta property=\"article:published_time\" content=\"2023-10-11T14:58:57+00:00\" \/>\n<meta property=\"article:modified_time\" content=\"2023-10-12T05:05:46+00:00\" \/>\n<meta property=\"og:image\" content=\"https:\/\/static.africa-press.net\/tchad\/sites\/41\/2023\/10\/sm_1697025370.140773.jpg\" \/>\n\t<meta property=\"og:image:width\" content=\"1024\" \/>\n\t<meta property=\"og:image:height\" content=\"577\" \/>\n\t<meta property=\"og:image:type\" content=\"image\/jpeg\" \/>\n<meta name=\"author\" content=\"cfeditorfr\" \/>\n<meta name=\"twitter:card\" content=\"summary_large_image\" \/>\n<meta name=\"twitter:label1\" content=\"\u00c9crit par\" \/>\n\t<meta name=\"twitter:data1\" content=\"cfeditorfr\" \/>\n\t<meta name=\"twitter:label2\" content=\"Dur\u00e9e de lecture estim\u00e9e\" \/>\n\t<meta name=\"twitter:data2\" content=\"3 minutes\" \/>\n<script type=\"application\/ld+json\" class=\"yoast-schema-graph\">{\"@context\":\"https:\/\/schema.org\",\"@graph\":[{\"@type\":\"Article\",\"@id\":\"https:\/\/www.africa-press.net\/tchad\/politique\/focus-sur-les-droits-de-lhomme-pour-le-75e-anniversaire-de-la-dudh#article\",\"isPartOf\":{\"@id\":\"https:\/\/www.africa-press.net\/tchad\/politique\/focus-sur-les-droits-de-lhomme-pour-le-75e-anniversaire-de-la-dudh\"},\"author\":{\"name\":\"cfeditorfr\",\"@id\":\"https:\/\/www.africa-press.net\/tchad\/#\/schema\/person\/2b1cf3cd81a31e3cd26889ca66d677f1\"},\"headline\":\"focus sur les droits de l\u2019Homme pour le 75e anniversaire de la DUDH\",\"datePublished\":\"2023-10-11T14:58:57+00:00\",\"dateModified\":\"2023-10-12T05:05:46+00:00\",\"mainEntityOfPage\":{\"@id\":\"https:\/\/www.africa-press.net\/tchad\/politique\/focus-sur-les-droits-de-lhomme-pour-le-75e-anniversaire-de-la-dudh\"},\"wordCount\":482,\"commentCount\":0,\"image\":{\"@id\":\"https:\/\/www.africa-press.net\/tchad\/politique\/focus-sur-les-droits-de-lhomme-pour-le-75e-anniversaire-de-la-dudh#primaryimage\"},\"thumbnailUrl\":\"https:\/\/static.africa-press.net\/tchad\/sites\/41\/2023\/10\/sm_1697025370.140773.jpg\",\"keywords\":[\"Africa Press\",\"Africa Press-Tchad\",\"Tchad\"],\"articleSection\":[\"Politique\",\"Top Nouvelles\",\"Toutes les actualit\u00e9s\"],\"inLanguage\":\"fr-FR\",\"potentialAction\":[{\"@type\":\"CommentAction\",\"name\":\"Comment\",\"target\":[\"https:\/\/www.africa-press.net\/tchad\/politique\/focus-sur-les-droits-de-lhomme-pour-le-75e-anniversaire-de-la-dudh#respond\"]}]},{\"@type\":\"WebPage\",\"@id\":\"https:\/\/www.africa-press.net\/tchad\/politique\/focus-sur-les-droits-de-lhomme-pour-le-75e-anniversaire-de-la-dudh\",\"url\":\"https:\/\/www.africa-press.net\/tchad\/politique\/focus-sur-les-droits-de-lhomme-pour-le-75e-anniversaire-de-la-dudh\",\"name\":\"focus sur les droits de l\u2019Homme pour le 75e anniversaire de la DUDH - tchad\",\"isPartOf\":{\"@id\":\"https:\/\/www.africa-press.net\/tchad\/#website\"},\"primaryImageOfPage\":{\"@id\":\"https:\/\/www.africa-press.net\/tchad\/politique\/focus-sur-les-droits-de-lhomme-pour-le-75e-anniversaire-de-la-dudh#primaryimage\"},\"image\":{\"@id\":\"https:\/\/www.africa-press.net\/tchad\/politique\/focus-sur-les-droits-de-lhomme-pour-le-75e-anniversaire-de-la-dudh#primaryimage\"},\"thumbnailUrl\":\"https:\/\/static.africa-press.net\/tchad\/sites\/41\/2023\/10\/sm_1697025370.140773.jpg\",\"datePublished\":\"2023-10-11T14:58:57+00:00\",\"dateModified\":\"2023-10-12T05:05:46+00:00\",\"author\":{\"@id\":\"https:\/\/www.africa-press.net\/tchad\/#\/schema\/person\/2b1cf3cd81a31e3cd26889ca66d677f1\"},\"description\":\"Lors de son discours, Abdoulaye Seye, spe\u0301cialiste des droits de l'homme et repre\u0301sentant du Bureau du HCDH au Tchad, a ...\",\"breadcrumb\":{\"@id\":\"https:\/\/www.africa-press.net\/tchad\/politique\/focus-sur-les-droits-de-lhomme-pour-le-75e-anniversaire-de-la-dudh#breadcrumb\"},\"inLanguage\":\"fr-FR\",\"potentialAction\":[{\"@type\":\"ReadAction\",\"target\":[\"https:\/\/www.africa-press.net\/tchad\/politique\/focus-sur-les-droits-de-lhomme-pour-le-75e-anniversaire-de-la-dudh\"]}]},{\"@type\":\"ImageObject\",\"inLanguage\":\"fr-FR\",\"@id\":\"https:\/\/www.africa-press.net\/tchad\/politique\/focus-sur-les-droits-de-lhomme-pour-le-75e-anniversaire-de-la-dudh#primaryimage\",\"url\":\"https:\/\/static.africa-press.net\/tchad\/sites\/41\/2023\/10\/sm_1697025370.140773.jpg\",\"contentUrl\":\"https:\/\/static.africa-press.net\/tchad\/sites\/41\/2023\/10\/sm_1697025370.140773.jpg\",\"width\":1024,\"height\":577,\"caption\":\"focus sur les droits de l\u2019Homme pour le 75e anniversaire de la DUDH\"},{\"@type\":\"BreadcrumbList\",\"@id\":\"https:\/\/www.africa-press.net\/tchad\/politique\/focus-sur-les-droits-de-lhomme-pour-le-75e-anniversaire-de-la-dudh#breadcrumb\",\"itemListElement\":[{\"@type\":\"ListItem\",\"position\":1,\"name\":\"Accueil\",\"item\":\"https:\/\/www.africa-press.net\/tchad\/\"},{\"@type\":\"ListItem\",\"position\":2,\"name\":\"focus sur les droits de l\u2019Homme pour le 75e anniversaire de la DUDH\"}]},{\"@type\":\"WebSite\",\"@id\":\"https:\/\/www.africa-press.net\/tchad\/#website\",\"url\":\"https:\/\/www.africa-press.net\/tchad\/\",\"name\":\"tchad\",\"description\":\"Just another Africa News Agency Sites site\",\"potentialAction\":[{\"@type\":\"SearchAction\",\"target\":{\"@type\":\"EntryPoint\",\"urlTemplate\":\"https:\/\/www.africa-press.net\/tchad\/?s={search_term_string}\"},\"query-input\":{\"@type\":\"PropertyValueSpecification\",\"valueRequired\":true,\"valueName\":\"search_term_string\"}}],\"inLanguage\":\"fr-FR\"},{\"@type\":\"Person\",\"@id\":\"https:\/\/www.africa-press.net\/tchad\/#\/schema\/person\/2b1cf3cd81a31e3cd26889ca66d677f1\",\"name\":\"cfeditorfr\"}]}<\/script>\n<!-- \/ Yoast SEO Premium plugin. -->","yoast_head_json":{"title":"focus sur les droits de l\u2019Homme pour le 75e anniversaire de la DUDH - tchad","description":"Lors de son discours, Abdoulaye Seye, spe\u0301cialiste des droits de l'homme et repre\u0301sentant du Bureau du HCDH au Tchad, a ...","robots":{"index":"index","follow":"follow","max-snippet":"max-snippet:-1","max-image-preview":"max-image-preview:large","max-video-preview":"max-video-preview:-1"},"canonical":"https:\/\/www.africa-press.net\/tchad\/politique\/focus-sur-les-droits-de-lhomme-pour-le-75e-anniversaire-de-la-dudh","og_locale":"fr_FR","og_type":"article","og_title":"focus sur les droits de l\u2019Homme pour le 75e anniversaire de la DUDH","og_description":"Lors de son discours, Abdoulaye Seye, spe\u0301cialiste des droits de l'homme et repre\u0301sentant du Bureau du HCDH au Tchad, a ...","og_url":"https:\/\/www.africa-press.net\/tchad\/politique\/focus-sur-les-droits-de-lhomme-pour-le-75e-anniversaire-de-la-dudh","og_site_name":"tchad","article_published_time":"2023-10-11T14:58:57+00:00","article_modified_time":"2023-10-12T05:05:46+00:00","og_image":[{"width":1024,"height":577,"url":"https:\/\/static.africa-press.net\/tchad\/sites\/41\/2023\/10\/sm_1697025370.140773.jpg","type":"image\/jpeg"}],"author":"cfeditorfr","twitter_card":"summary_large_image","twitter_misc":{"\u00c9crit par":"cfeditorfr","Dur\u00e9e de lecture estim\u00e9e":"3 minutes"},"schema":{"@context":"https:\/\/schema.org","@graph":[{"@type":"Article","@id":"https:\/\/www.africa-press.net\/tchad\/politique\/focus-sur-les-droits-de-lhomme-pour-le-75e-anniversaire-de-la-dudh#article","isPartOf":{"@id":"https:\/\/www.africa-press.net\/tchad\/politique\/focus-sur-les-droits-de-lhomme-pour-le-75e-anniversaire-de-la-dudh"},"author":{"name":"cfeditorfr","@id":"https:\/\/www.africa-press.net\/tchad\/#\/schema\/person\/2b1cf3cd81a31e3cd26889ca66d677f1"},"headline":"focus sur les droits de l\u2019Homme pour le 75e anniversaire de la DUDH","datePublished":"2023-10-11T14:58:57+00:00","dateModified":"2023-10-12T05:05:46+00:00","mainEntityOfPage":{"@id":"https:\/\/www.africa-press.net\/tchad\/politique\/focus-sur-les-droits-de-lhomme-pour-le-75e-anniversaire-de-la-dudh"},"wordCount":482,"commentCount":0,"image":{"@id":"https:\/\/www.africa-press.net\/tchad\/politique\/focus-sur-les-droits-de-lhomme-pour-le-75e-anniversaire-de-la-dudh#primaryimage"},"thumbnailUrl":"https:\/\/static.africa-press.net\/tchad\/sites\/41\/2023\/10\/sm_1697025370.140773.jpg","keywords":["Africa Press","Africa Press-Tchad","Tchad"],"articleSection":["Politique","Top Nouvelles","Toutes les actualit\u00e9s"],"inLanguage":"fr-FR","potentialAction":[{"@type":"CommentAction","name":"Comment","target":["https:\/\/www.africa-press.net\/tchad\/politique\/focus-sur-les-droits-de-lhomme-pour-le-75e-anniversaire-de-la-dudh#respond"]}]},{"@type":"WebPage","@id":"https:\/\/www.africa-press.net\/tchad\/politique\/focus-sur-les-droits-de-lhomme-pour-le-75e-anniversaire-de-la-dudh","url":"https:\/\/www.africa-press.net\/tchad\/politique\/focus-sur-les-droits-de-lhomme-pour-le-75e-anniversaire-de-la-dudh","name":"focus sur les droits de l\u2019Homme pour le 75e anniversaire de la DUDH - tchad","isPartOf":{"@id":"https:\/\/www.africa-press.net\/tchad\/#website"},"primaryImageOfPage":{"@id":"https:\/\/www.africa-press.net\/tchad\/politique\/focus-sur-les-droits-de-lhomme-pour-le-75e-anniversaire-de-la-dudh#primaryimage"},"image":{"@id":"https:\/\/www.africa-press.net\/tchad\/politique\/focus-sur-les-droits-de-lhomme-pour-le-75e-anniversaire-de-la-dudh#primaryimage"},"thumbnailUrl":"https:\/\/static.africa-press.net\/tchad\/sites\/41\/2023\/10\/sm_1697025370.140773.jpg","datePublished":"2023-10-11T14:58:57+00:00","dateModified":"2023-10-12T05:05:46+00:00","author":{"@id":"https:\/\/www.africa-press.net\/tchad\/#\/schema\/person\/2b1cf3cd81a31e3cd26889ca66d677f1"},"description":"Lors de son discours, Abdoulaye Seye, spe\u0301cialiste des droits de l'homme et repre\u0301sentant du Bureau du HCDH au Tchad, a ...","breadcrumb":{"@id":"https:\/\/www.africa-press.net\/tchad\/politique\/focus-sur-les-droits-de-lhomme-pour-le-75e-anniversaire-de-la-dudh#breadcrumb"},"inLanguage":"fr-FR","potentialAction":[{"@type":"ReadAction","target":["https:\/\/www.africa-press.net\/tchad\/politique\/focus-sur-les-droits-de-lhomme-pour-le-75e-anniversaire-de-la-dudh"]}]},{"@type":"ImageObject","inLanguage":"fr-FR","@id":"https:\/\/www.africa-press.net\/tchad\/politique\/focus-sur-les-droits-de-lhomme-pour-le-75e-anniversaire-de-la-dudh#primaryimage","url":"https:\/\/static.africa-press.net\/tchad\/sites\/41\/2023\/10\/sm_1697025370.140773.jpg","contentUrl":"https:\/\/static.africa-press.net\/tchad\/sites\/41\/2023\/10\/sm_1697025370.140773.jpg","width":1024,"height":577,"caption":"focus sur les droits de l\u2019Homme pour le 75e anniversaire de la DUDH"},{"@type":"BreadcrumbList","@id":"https:\/\/www.africa-press.net\/tchad\/politique\/focus-sur-les-droits-de-lhomme-pour-le-75e-anniversaire-de-la-dudh#breadcrumb","itemListElement":[{"@type":"ListItem","position":1,"name":"Accueil","item":"https:\/\/www.africa-press.net\/tchad\/"},{"@type":"ListItem","position":2,"name":"focus sur les droits de l\u2019Homme pour le 75e anniversaire de la DUDH"}]},{"@type":"WebSite","@id":"https:\/\/www.africa-press.net\/tchad\/#website","url":"https:\/\/www.africa-press.net\/tchad\/","name":"tchad","description":"Just another Africa News Agency Sites site","potentialAction":[{"@type":"SearchAction","target":{"@type":"EntryPoint","urlTemplate":"https:\/\/www.africa-press.net\/tchad\/?s={search_term_string}"},"query-input":{"@type":"PropertyValueSpecification","valueRequired":true,"valueName":"search_term_string"}}],"inLanguage":"fr-FR"},{"@type":"Person","@id":"https:\/\/www.africa-press.net\/tchad\/#\/schema\/person\/2b1cf3cd81a31e3cd26889ca66d677f1","name":"cfeditorfr"}]}},"_links":{"self":[{"href":"https:\/\/www.africa-press.net\/tchad\/wp-json\/wp\/v2\/posts\/52103","targetHints":{"allow":["GET"]}}],"collection":[{"href":"https:\/\/www.africa-press.net\/tchad\/wp-json\/wp\/v2\/posts"}],"about":[{"href":"https:\/\/www.africa-press.net\/tchad\/wp-json\/wp\/v2\/types\/post"}],"author":[{"embeddable":true,"href":"https:\/\/www.africa-press.net\/tchad\/wp-json\/wp\/v2\/users\/82"}],"replies":[{"embeddable":true,"href":"https:\/\/www.africa-press.net\/tchad\/wp-json\/wp\/v2\/comments?post=52103"}],"version-history":[{"count":0,"href":"https:\/\/www.africa-press.net\/tchad\/wp-json\/wp\/v2\/posts\/52103\/revisions"}],"wp:featuredmedia":[{"embeddable":true,"href":"https:\/\/www.africa-press.net\/tchad\/wp-json\/wp\/v2\/media\/52102"}],"wp:attachment":[{"href":"https:\/\/www.africa-press.net\/tchad\/wp-json\/wp\/v2\/media?parent=52103"}],"wp:term":[{"taxonomy":"category","embeddable":true,"href":"https:\/\/www.africa-press.net\/tchad\/wp-json\/wp\/v2\/categories?post=52103"},{"taxonomy":"post_tag","embeddable":true,"href":"https:\/\/www.africa-press.net\/tchad\/wp-json\/wp\/v2\/tags?post=52103"}],"curies":[{"name":"wp","href":"https:\/\/api.w.org\/{rel}","templated":true}]}}