{"id":52105,"date":"2023-10-11T14:59:06","date_gmt":"2023-10-11T14:59:06","guid":{"rendered":"https:\/\/www.africa-press.net\/tchad\/politique\/vers-une-alerte-precoce-renforcee-au-kanem-pour-prevenir-les-aleas-agro-climatiques"},"modified":"2023-10-11T15:28:12","modified_gmt":"2023-10-11T15:28:12","slug":"vers-une-alerte-precoce-renforcee-au-kanem-pour-prevenir-les-aleas-agro-climatiques","status":"publish","type":"post","link":"https:\/\/www.africa-press.net\/tchad\/economie\/vers-une-alerte-precoce-renforcee-au-kanem-pour-prevenir-les-aleas-agro-climatiques","title":{"rendered":"vers une alerte pr\u00e9coce renforc\u00e9e au Kanem pour pr\u00e9venir les al\u00e9as agro-climatiques"},"content":{"rendered":"<p><span style=\"color: #ff6600\"><strong>Africa-Press &#8211; Tchad. <\/strong><\/span>C&rsquo;est dans le cadre de la mise en \u0153uvre du projet \u00ab Renforcement de l&rsquo;Alerte Pre\u0301coce a\u0300 Base Communautaire pour l&rsquo;Anticipation des Ale\u0301as Agroclimatiques et la Sauvegarde des Moyens d&rsquo;Existence et de la Se\u0301curite\u0301 Alimentaire des Me\u0301nages Vulne\u0301rables \u00bb, que la FAO organise ce 10 octobre 2023, un atelier ope\u0301rationnel dans la province du Kanem. L&rsquo;objectif de cet atelier est de partager les informations relatives au mode ope\u0301ratoire.<\/p>\n<p>Les travaux de l&rsquo;atelier ont e\u0301te\u0301 inaugure\u0301s par Moustapha Mahamat Nour, conseiller e\u0301conomique du gouverneur de la province du Kanem, qui repre\u0301sentait le gouverneur. Dans son discours de bienvenue, le Dr Belembaye Tongongar, chef d&rsquo;antenne de la FAO\/Mao, a exprime\u0301 sa gratitude envers les participants et les autorite\u0301s pre\u0301sentes.<\/p>\n<p>Il a e\u0301galement expose\u0301 l&rsquo;objectif principal du projet, qui consiste a\u0300 renforcer les capacite\u0301s des syste\u0300mes d&rsquo;alerte pre\u0301coce nationaux et communautaires, en mettant particulie\u0300rement l&rsquo;accent sur le Kanem. Dans son discours inaugural, Moustapha Mahamat Nour, en tant que repre\u0301sentant du gouverneur, s&rsquo;est de\u0301clare\u0301 satisfait de l&rsquo;organisation de cet atelier.<\/p>\n<p>Enfin, il a encourage\u0301 les participants a\u0300 e\u0302tre attentifs et actifs pendant les sessions. Environ cinquante participants et participantes ont pris part a\u0300 cet atelier.<\/p>\n<p><strong>Pour plus d&rsquo;informations et d&rsquo;analyses sur la <a href=\"https:\/\/www.africa-press.net\/tchad\">Tchad<\/a>, suivez <a href=\"https:\/\/www.africa-press.net\/\">Africa-Press<\/a><\/strong><\/p>\n","protected":false},"excerpt":{"rendered":"<p>Africa-Press &#8211; Tchad. C&rsquo;est dans le cadre de la mise en \u0153uvre du projet \u00ab Renforcement de l&rsquo;Alerte Pre\u0301coce a\u0300 Base Communautaire pour l&rsquo;Anticipation des Ale\u0301as Agroclimatiques et la Sauvegarde des Moyens d&rsquo;Existence et de la Se\u0301curite\u0301 Alimentaire des Me\u0301nages Vulne\u0301rables \u00bb, que la FAO organise ce 10 octobre 2023, un atelier ope\u0301rationnel dans la [&hellip;]<\/p>\n","protected":false},"author":82,"featured_media":52104,"comment_status":"open","ping_status":"closed","sticky":false,"template":"","format":"standard","meta":{"footnotes":""},"categories":[3,10],"tags":[37,292,29],"class_list":["post-52105","post","type-post","status-publish","format-standard","has-post-thumbnail","hentry","category-economie","category-toutes-les-actualites","tag-africa-press","tag-africa-press-tchad","tag-tchad"],"yoast_head":"<!-- This site is optimized with the Yoast SEO Premium plugin v26.1 (Yoast SEO v27.0) - https:\/\/yoast.com\/product\/yoast-seo-premium-wordpress\/ -->\n<title>vers une alerte pr\u00e9coce renforc\u00e9e au Kanem pour pr\u00e9venir les al\u00e9as agro-climatiques - tchad<\/title>\n<meta name=\"description\" content=\"C&#039;est dans le cadre de la mise en \u0153uvre du projet \u00ab Renforcement de l&#039;Alerte Pre\u0301coce a\u0300 Base Communautaire pour l&#039;Antic ...\" \/>\n<meta name=\"robots\" content=\"index, follow, max-snippet:-1, max-image-preview:large, max-video-preview:-1\" \/>\n<link rel=\"canonical\" href=\"https:\/\/www.africa-press.net\/tchad\/economie\/vers-une-alerte-precoce-renforcee-au-kanem-pour-prevenir-les-aleas-agro-climatiques\" \/>\n<meta property=\"og:locale\" content=\"fr_FR\" \/>\n<meta property=\"og:type\" content=\"article\" \/>\n<meta property=\"og:title\" content=\"vers une alerte pr\u00e9coce renforc\u00e9e au Kanem pour pr\u00e9venir les al\u00e9as agro-climatiques\" \/>\n<meta property=\"og:description\" content=\"C&#039;est dans le cadre de la mise en \u0153uvre du projet \u00ab Renforcement de l&#039;Alerte Pre\u0301coce a\u0300 Base Communautaire pour l&#039;Antic ...\" \/>\n<meta property=\"og:url\" content=\"https:\/\/www.africa-press.net\/tchad\/economie\/vers-une-alerte-precoce-renforcee-au-kanem-pour-prevenir-les-aleas-agro-climatiques\" \/>\n<meta property=\"og:site_name\" content=\"tchad\" \/>\n<meta property=\"article:published_time\" content=\"2023-10-11T14:59:06+00:00\" \/>\n<meta property=\"article:modified_time\" content=\"2023-10-11T15:28:12+00:00\" \/>\n<meta property=\"og:image\" content=\"https:\/\/static.africa-press.net\/tchad\/sites\/41\/2023\/10\/sm_1697025388.727664.jpg\" \/>\n\t<meta property=\"og:image:width\" content=\"958\" \/>\n\t<meta property=\"og:image:height\" content=\"639\" \/>\n\t<meta property=\"og:image:type\" content=\"image\/jpeg\" \/>\n<meta name=\"author\" content=\"cfeditorfr\" \/>\n<meta name=\"twitter:card\" content=\"summary_large_image\" \/>\n<meta name=\"twitter:label1\" content=\"\u00c9crit par\" \/>\n\t<meta name=\"twitter:data1\" content=\"cfeditorfr\" \/>\n\t<meta name=\"twitter:label2\" content=\"Dur\u00e9e de lecture estim\u00e9e\" \/>\n\t<meta name=\"twitter:data2\" content=\"2 minutes\" \/>\n<script type=\"application\/ld+json\" class=\"yoast-schema-graph\">{\"@context\":\"https:\/\/schema.org\",\"@graph\":[{\"@type\":\"Article\",\"@id\":\"https:\/\/www.africa-press.net\/tchad\/economie\/vers-une-alerte-precoce-renforcee-au-kanem-pour-prevenir-les-aleas-agro-climatiques#article\",\"isPartOf\":{\"@id\":\"https:\/\/www.africa-press.net\/tchad\/economie\/vers-une-alerte-precoce-renforcee-au-kanem-pour-prevenir-les-aleas-agro-climatiques\"},\"author\":{\"name\":\"cfeditorfr\",\"@id\":\"https:\/\/www.africa-press.net\/tchad\/#\/schema\/person\/2b1cf3cd81a31e3cd26889ca66d677f1\"},\"headline\":\"vers une alerte pr\u00e9coce renforc\u00e9e au Kanem pour pr\u00e9venir les al\u00e9as agro-climatiques\",\"datePublished\":\"2023-10-11T14:59:06+00:00\",\"dateModified\":\"2023-10-11T15:28:12+00:00\",\"mainEntityOfPage\":{\"@id\":\"https:\/\/www.africa-press.net\/tchad\/economie\/vers-une-alerte-precoce-renforcee-au-kanem-pour-prevenir-les-aleas-agro-climatiques\"},\"wordCount\":252,\"commentCount\":0,\"image\":{\"@id\":\"https:\/\/www.africa-press.net\/tchad\/economie\/vers-une-alerte-precoce-renforcee-au-kanem-pour-prevenir-les-aleas-agro-climatiques#primaryimage\"},\"thumbnailUrl\":\"https:\/\/static.africa-press.net\/tchad\/sites\/41\/2023\/10\/sm_1697025388.727664.jpg\",\"keywords\":[\"Africa Press\",\"Africa Press-Tchad\",\"Tchad\"],\"articleSection\":[\"\u00c9conomie\",\"Toutes les actualit\u00e9s\"],\"inLanguage\":\"fr-FR\",\"potentialAction\":[{\"@type\":\"CommentAction\",\"name\":\"Comment\",\"target\":[\"https:\/\/www.africa-press.net\/tchad\/economie\/vers-une-alerte-precoce-renforcee-au-kanem-pour-prevenir-les-aleas-agro-climatiques#respond\"]}]},{\"@type\":\"WebPage\",\"@id\":\"https:\/\/www.africa-press.net\/tchad\/economie\/vers-une-alerte-precoce-renforcee-au-kanem-pour-prevenir-les-aleas-agro-climatiques\",\"url\":\"https:\/\/www.africa-press.net\/tchad\/economie\/vers-une-alerte-precoce-renforcee-au-kanem-pour-prevenir-les-aleas-agro-climatiques\",\"name\":\"vers une alerte pr\u00e9coce renforc\u00e9e au Kanem pour pr\u00e9venir les al\u00e9as agro-climatiques - tchad\",\"isPartOf\":{\"@id\":\"https:\/\/www.africa-press.net\/tchad\/#website\"},\"primaryImageOfPage\":{\"@id\":\"https:\/\/www.africa-press.net\/tchad\/economie\/vers-une-alerte-precoce-renforcee-au-kanem-pour-prevenir-les-aleas-agro-climatiques#primaryimage\"},\"image\":{\"@id\":\"https:\/\/www.africa-press.net\/tchad\/economie\/vers-une-alerte-precoce-renforcee-au-kanem-pour-prevenir-les-aleas-agro-climatiques#primaryimage\"},\"thumbnailUrl\":\"https:\/\/static.africa-press.net\/tchad\/sites\/41\/2023\/10\/sm_1697025388.727664.jpg\",\"datePublished\":\"2023-10-11T14:59:06+00:00\",\"dateModified\":\"2023-10-11T15:28:12+00:00\",\"author\":{\"@id\":\"https:\/\/www.africa-press.net\/tchad\/#\/schema\/person\/2b1cf3cd81a31e3cd26889ca66d677f1\"},\"description\":\"C'est dans le cadre de la mise en \u0153uvre du projet \u00ab Renforcement de l'Alerte Pre\u0301coce a\u0300 Base Communautaire pour l'Antic ...\",\"breadcrumb\":{\"@id\":\"https:\/\/www.africa-press.net\/tchad\/economie\/vers-une-alerte-precoce-renforcee-au-kanem-pour-prevenir-les-aleas-agro-climatiques#breadcrumb\"},\"inLanguage\":\"fr-FR\",\"potentialAction\":[{\"@type\":\"ReadAction\",\"target\":[\"https:\/\/www.africa-press.net\/tchad\/economie\/vers-une-alerte-precoce-renforcee-au-kanem-pour-prevenir-les-aleas-agro-climatiques\"]}]},{\"@type\":\"ImageObject\",\"inLanguage\":\"fr-FR\",\"@id\":\"https:\/\/www.africa-press.net\/tchad\/economie\/vers-une-alerte-precoce-renforcee-au-kanem-pour-prevenir-les-aleas-agro-climatiques#primaryimage\",\"url\":\"https:\/\/static.africa-press.net\/tchad\/sites\/41\/2023\/10\/sm_1697025388.727664.jpg\",\"contentUrl\":\"https:\/\/static.africa-press.net\/tchad\/sites\/41\/2023\/10\/sm_1697025388.727664.jpg\",\"width\":958,\"height\":639,\"caption\":\"vers une alerte pr\u00e9coce renforc\u00e9e au Kanem pour pr\u00e9venir les al\u00e9as agro-climatiques\"},{\"@type\":\"BreadcrumbList\",\"@id\":\"https:\/\/www.africa-press.net\/tchad\/economie\/vers-une-alerte-precoce-renforcee-au-kanem-pour-prevenir-les-aleas-agro-climatiques#breadcrumb\",\"itemListElement\":[{\"@type\":\"ListItem\",\"position\":1,\"name\":\"Accueil\",\"item\":\"https:\/\/www.africa-press.net\/tchad\/\"},{\"@type\":\"ListItem\",\"position\":2,\"name\":\"vers une alerte pr\u00e9coce renforc\u00e9e au Kanem pour pr\u00e9venir les al\u00e9as agro-climatiques\"}]},{\"@type\":\"WebSite\",\"@id\":\"https:\/\/www.africa-press.net\/tchad\/#website\",\"url\":\"https:\/\/www.africa-press.net\/tchad\/\",\"name\":\"tchad\",\"description\":\"Just another Africa News Agency Sites site\",\"potentialAction\":[{\"@type\":\"SearchAction\",\"target\":{\"@type\":\"EntryPoint\",\"urlTemplate\":\"https:\/\/www.africa-press.net\/tchad\/?s={search_term_string}\"},\"query-input\":{\"@type\":\"PropertyValueSpecification\",\"valueRequired\":true,\"valueName\":\"search_term_string\"}}],\"inLanguage\":\"fr-FR\"},{\"@type\":\"Person\",\"@id\":\"https:\/\/www.africa-press.net\/tchad\/#\/schema\/person\/2b1cf3cd81a31e3cd26889ca66d677f1\",\"name\":\"cfeditorfr\"}]}<\/script>\n<!-- \/ Yoast SEO Premium plugin. -->","yoast_head_json":{"title":"vers une alerte pr\u00e9coce renforc\u00e9e au Kanem pour pr\u00e9venir les al\u00e9as agro-climatiques - tchad","description":"C'est dans le cadre de la mise en \u0153uvre du projet \u00ab Renforcement de l'Alerte Pre\u0301coce a\u0300 Base Communautaire pour l'Antic ...","robots":{"index":"index","follow":"follow","max-snippet":"max-snippet:-1","max-image-preview":"max-image-preview:large","max-video-preview":"max-video-preview:-1"},"canonical":"https:\/\/www.africa-press.net\/tchad\/economie\/vers-une-alerte-precoce-renforcee-au-kanem-pour-prevenir-les-aleas-agro-climatiques","og_locale":"fr_FR","og_type":"article","og_title":"vers une alerte pr\u00e9coce renforc\u00e9e au Kanem pour pr\u00e9venir les al\u00e9as agro-climatiques","og_description":"C'est dans le cadre de la mise en \u0153uvre du projet \u00ab Renforcement de l'Alerte Pre\u0301coce a\u0300 Base Communautaire pour l'Antic ...","og_url":"https:\/\/www.africa-press.net\/tchad\/economie\/vers-une-alerte-precoce-renforcee-au-kanem-pour-prevenir-les-aleas-agro-climatiques","og_site_name":"tchad","article_published_time":"2023-10-11T14:59:06+00:00","article_modified_time":"2023-10-11T15:28:12+00:00","og_image":[{"width":958,"height":639,"url":"https:\/\/static.africa-press.net\/tchad\/sites\/41\/2023\/10\/sm_1697025388.727664.jpg","type":"image\/jpeg"}],"author":"cfeditorfr","twitter_card":"summary_large_image","twitter_misc":{"\u00c9crit par":"cfeditorfr","Dur\u00e9e de lecture estim\u00e9e":"2 minutes"},"schema":{"@context":"https:\/\/schema.org","@graph":[{"@type":"Article","@id":"https:\/\/www.africa-press.net\/tchad\/economie\/vers-une-alerte-precoce-renforcee-au-kanem-pour-prevenir-les-aleas-agro-climatiques#article","isPartOf":{"@id":"https:\/\/www.africa-press.net\/tchad\/economie\/vers-une-alerte-precoce-renforcee-au-kanem-pour-prevenir-les-aleas-agro-climatiques"},"author":{"name":"cfeditorfr","@id":"https:\/\/www.africa-press.net\/tchad\/#\/schema\/person\/2b1cf3cd81a31e3cd26889ca66d677f1"},"headline":"vers une alerte pr\u00e9coce renforc\u00e9e au Kanem pour pr\u00e9venir les al\u00e9as agro-climatiques","datePublished":"2023-10-11T14:59:06+00:00","dateModified":"2023-10-11T15:28:12+00:00","mainEntityOfPage":{"@id":"https:\/\/www.africa-press.net\/tchad\/economie\/vers-une-alerte-precoce-renforcee-au-kanem-pour-prevenir-les-aleas-agro-climatiques"},"wordCount":252,"commentCount":0,"image":{"@id":"https:\/\/www.africa-press.net\/tchad\/economie\/vers-une-alerte-precoce-renforcee-au-kanem-pour-prevenir-les-aleas-agro-climatiques#primaryimage"},"thumbnailUrl":"https:\/\/static.africa-press.net\/tchad\/sites\/41\/2023\/10\/sm_1697025388.727664.jpg","keywords":["Africa Press","Africa Press-Tchad","Tchad"],"articleSection":["\u00c9conomie","Toutes les actualit\u00e9s"],"inLanguage":"fr-FR","potentialAction":[{"@type":"CommentAction","name":"Comment","target":["https:\/\/www.africa-press.net\/tchad\/economie\/vers-une-alerte-precoce-renforcee-au-kanem-pour-prevenir-les-aleas-agro-climatiques#respond"]}]},{"@type":"WebPage","@id":"https:\/\/www.africa-press.net\/tchad\/economie\/vers-une-alerte-precoce-renforcee-au-kanem-pour-prevenir-les-aleas-agro-climatiques","url":"https:\/\/www.africa-press.net\/tchad\/economie\/vers-une-alerte-precoce-renforcee-au-kanem-pour-prevenir-les-aleas-agro-climatiques","name":"vers une alerte pr\u00e9coce renforc\u00e9e au Kanem pour pr\u00e9venir les al\u00e9as agro-climatiques - tchad","isPartOf":{"@id":"https:\/\/www.africa-press.net\/tchad\/#website"},"primaryImageOfPage":{"@id":"https:\/\/www.africa-press.net\/tchad\/economie\/vers-une-alerte-precoce-renforcee-au-kanem-pour-prevenir-les-aleas-agro-climatiques#primaryimage"},"image":{"@id":"https:\/\/www.africa-press.net\/tchad\/economie\/vers-une-alerte-precoce-renforcee-au-kanem-pour-prevenir-les-aleas-agro-climatiques#primaryimage"},"thumbnailUrl":"https:\/\/static.africa-press.net\/tchad\/sites\/41\/2023\/10\/sm_1697025388.727664.jpg","datePublished":"2023-10-11T14:59:06+00:00","dateModified":"2023-10-11T15:28:12+00:00","author":{"@id":"https:\/\/www.africa-press.net\/tchad\/#\/schema\/person\/2b1cf3cd81a31e3cd26889ca66d677f1"},"description":"C'est dans le cadre de la mise en \u0153uvre du projet \u00ab Renforcement de l'Alerte Pre\u0301coce a\u0300 Base Communautaire pour l'Antic ...","breadcrumb":{"@id":"https:\/\/www.africa-press.net\/tchad\/economie\/vers-une-alerte-precoce-renforcee-au-kanem-pour-prevenir-les-aleas-agro-climatiques#breadcrumb"},"inLanguage":"fr-FR","potentialAction":[{"@type":"ReadAction","target":["https:\/\/www.africa-press.net\/tchad\/economie\/vers-une-alerte-precoce-renforcee-au-kanem-pour-prevenir-les-aleas-agro-climatiques"]}]},{"@type":"ImageObject","inLanguage":"fr-FR","@id":"https:\/\/www.africa-press.net\/tchad\/economie\/vers-une-alerte-precoce-renforcee-au-kanem-pour-prevenir-les-aleas-agro-climatiques#primaryimage","url":"https:\/\/static.africa-press.net\/tchad\/sites\/41\/2023\/10\/sm_1697025388.727664.jpg","contentUrl":"https:\/\/static.africa-press.net\/tchad\/sites\/41\/2023\/10\/sm_1697025388.727664.jpg","width":958,"height":639,"caption":"vers une alerte pr\u00e9coce renforc\u00e9e au Kanem pour pr\u00e9venir les al\u00e9as agro-climatiques"},{"@type":"BreadcrumbList","@id":"https:\/\/www.africa-press.net\/tchad\/economie\/vers-une-alerte-precoce-renforcee-au-kanem-pour-prevenir-les-aleas-agro-climatiques#breadcrumb","itemListElement":[{"@type":"ListItem","position":1,"name":"Accueil","item":"https:\/\/www.africa-press.net\/tchad\/"},{"@type":"ListItem","position":2,"name":"vers une alerte pr\u00e9coce renforc\u00e9e au Kanem pour pr\u00e9venir les al\u00e9as agro-climatiques"}]},{"@type":"WebSite","@id":"https:\/\/www.africa-press.net\/tchad\/#website","url":"https:\/\/www.africa-press.net\/tchad\/","name":"tchad","description":"Just another Africa News Agency Sites site","potentialAction":[{"@type":"SearchAction","target":{"@type":"EntryPoint","urlTemplate":"https:\/\/www.africa-press.net\/tchad\/?s={search_term_string}"},"query-input":{"@type":"PropertyValueSpecification","valueRequired":true,"valueName":"search_term_string"}}],"inLanguage":"fr-FR"},{"@type":"Person","@id":"https:\/\/www.africa-press.net\/tchad\/#\/schema\/person\/2b1cf3cd81a31e3cd26889ca66d677f1","name":"cfeditorfr"}]}},"_links":{"self":[{"href":"https:\/\/www.africa-press.net\/tchad\/wp-json\/wp\/v2\/posts\/52105","targetHints":{"allow":["GET"]}}],"collection":[{"href":"https:\/\/www.africa-press.net\/tchad\/wp-json\/wp\/v2\/posts"}],"about":[{"href":"https:\/\/www.africa-press.net\/tchad\/wp-json\/wp\/v2\/types\/post"}],"author":[{"embeddable":true,"href":"https:\/\/www.africa-press.net\/tchad\/wp-json\/wp\/v2\/users\/82"}],"replies":[{"embeddable":true,"href":"https:\/\/www.africa-press.net\/tchad\/wp-json\/wp\/v2\/comments?post=52105"}],"version-history":[{"count":0,"href":"https:\/\/www.africa-press.net\/tchad\/wp-json\/wp\/v2\/posts\/52105\/revisions"}],"wp:featuredmedia":[{"embeddable":true,"href":"https:\/\/www.africa-press.net\/tchad\/wp-json\/wp\/v2\/media\/52104"}],"wp:attachment":[{"href":"https:\/\/www.africa-press.net\/tchad\/wp-json\/wp\/v2\/media?parent=52105"}],"wp:term":[{"taxonomy":"category","embeddable":true,"href":"https:\/\/www.africa-press.net\/tchad\/wp-json\/wp\/v2\/categories?post=52105"},{"taxonomy":"post_tag","embeddable":true,"href":"https:\/\/www.africa-press.net\/tchad\/wp-json\/wp\/v2\/tags?post=52105"}],"curies":[{"name":"wp","href":"https:\/\/api.w.org\/{rel}","templated":true}]}}