{"id":52110,"date":"2023-10-11T14:59:36","date_gmt":"2023-10-11T14:59:36","guid":{"rendered":"https:\/\/www.africa-press.net\/tchad\/politique\/madtoingue-benelngar-nomme-directeur-de-cabinet-du-premier-ministre"},"modified":"2023-10-11T15:29:11","modified_gmt":"2023-10-11T15:29:11","slug":"madtoingue-benelngar-nomme-directeur-de-cabinet-du-premier-ministre","status":"publish","type":"post","link":"https:\/\/www.africa-press.net\/tchad\/politique\/madtoingue-benelngar-nomme-directeur-de-cabinet-du-premier-ministre","title":{"rendered":"Madtoingue Benelngar nomm\u00e9 directeur de cabinet du Premier ministre"},"content":{"rendered":"<p><span style=\"color: #ff6600\"><strong>Africa-Press &#8211; Tchad. <\/strong><\/span>Par arre\u0302te\u0301 n\u00b0 11231 du 10 octobre 2023, M. MADTOINGUE BENELNGAR est nomme\u0301 Directeur de Cabinet du Premier Ministre, Chef du Gouvernement de Transition, en remplacement de M. MOUDWE DAGA.<\/p>\n<p>MADTOINGUE BENELNGAR est l\u2019ancien directeur administratif, financier, comptable et des mate\u0301riels de la Socie\u0301te\u0301 nationale d\u2019e\u0301lectricite\u0301 (SNE).<\/p>\n<p><strong>Pour plus d&rsquo;informations et d&rsquo;analyses sur la <a href=\"https:\/\/www.africa-press.net\/tchad\">Tchad<\/a>, suivez <a href=\"https:\/\/www.africa-press.net\/\">Africa-Press<\/a><\/strong><\/p>\n","protected":false},"excerpt":{"rendered":"<p>Africa-Press &#8211; Tchad. Par arre\u0302te\u0301 n\u00b0 11231 du 10 octobre 2023, M. MADTOINGUE BENELNGAR est nomme\u0301 Directeur de Cabinet du Premier Ministre, Chef du Gouvernement de Transition, en remplacement de M. MOUDWE DAGA. MADTOINGUE BENELNGAR est l\u2019ancien directeur administratif, financier, comptable et des mate\u0301riels de la Socie\u0301te\u0301 nationale d\u2019e\u0301lectricite\u0301 (SNE). Pour plus d&rsquo;informations et d&rsquo;analyses [&hellip;]<\/p>\n","protected":false},"author":82,"featured_media":52109,"comment_status":"open","ping_status":"closed","sticky":false,"template":"","format":"standard","meta":{"footnotes":""},"categories":[2,10],"tags":[37,292,29],"class_list":["post-52110","post","type-post","status-publish","format-standard","has-post-thumbnail","hentry","category-politique","category-toutes-les-actualites","tag-africa-press","tag-africa-press-tchad","tag-tchad"],"yoast_head":"<!-- This site is optimized with the Yoast SEO Premium plugin v26.1 (Yoast SEO v27.0) - https:\/\/yoast.com\/product\/yoast-seo-premium-wordpress\/ -->\n<title>Madtoingue Benelngar nomm\u00e9 directeur de cabinet du Premier ministre - tchad<\/title>\n<meta name=\"description\" content=\"Par arre\u0302te\u0301 n\u00b0 11231 du 10 octobre 2023, M. MADTOINGUE BENELNGAR est nomme\u0301 Directeur de Cabinet du Premier Ministre, C ...\" \/>\n<meta name=\"robots\" content=\"index, follow, max-snippet:-1, max-image-preview:large, max-video-preview:-1\" \/>\n<link rel=\"canonical\" href=\"https:\/\/www.africa-press.net\/tchad\/politique\/madtoingue-benelngar-nomme-directeur-de-cabinet-du-premier-ministre\" \/>\n<meta property=\"og:locale\" content=\"fr_FR\" \/>\n<meta property=\"og:type\" content=\"article\" \/>\n<meta property=\"og:title\" content=\"Madtoingue Benelngar nomm\u00e9 directeur de cabinet du Premier ministre\" \/>\n<meta property=\"og:description\" content=\"Par arre\u0302te\u0301 n\u00b0 11231 du 10 octobre 2023, M. MADTOINGUE BENELNGAR est nomme\u0301 Directeur de Cabinet du Premier Ministre, C ...\" \/>\n<meta property=\"og:url\" content=\"https:\/\/www.africa-press.net\/tchad\/politique\/madtoingue-benelngar-nomme-directeur-de-cabinet-du-premier-ministre\" \/>\n<meta property=\"og:site_name\" content=\"tchad\" \/>\n<meta property=\"article:published_time\" content=\"2023-10-11T14:59:36+00:00\" \/>\n<meta property=\"article:modified_time\" content=\"2023-10-11T15:29:11+00:00\" \/>\n<meta property=\"og:image\" content=\"https:\/\/static.africa-press.net\/tchad\/sites\/41\/2023\/10\/sm_1697025446.317453.jpg\" \/>\n\t<meta property=\"og:image:width\" content=\"1280\" \/>\n\t<meta property=\"og:image:height\" content=\"720\" \/>\n\t<meta property=\"og:image:type\" content=\"image\/jpeg\" \/>\n<meta name=\"author\" content=\"cfeditorfr\" \/>\n<meta name=\"twitter:card\" content=\"summary_large_image\" \/>\n<meta name=\"twitter:label1\" content=\"\u00c9crit par\" \/>\n\t<meta name=\"twitter:data1\" content=\"cfeditorfr\" \/>\n\t<meta name=\"twitter:label2\" content=\"Dur\u00e9e de lecture estim\u00e9e\" \/>\n\t<meta name=\"twitter:data2\" content=\"1 minute\" \/>\n<script type=\"application\/ld+json\" class=\"yoast-schema-graph\">{\"@context\":\"https:\/\/schema.org\",\"@graph\":[{\"@type\":\"Article\",\"@id\":\"https:\/\/www.africa-press.net\/tchad\/politique\/madtoingue-benelngar-nomme-directeur-de-cabinet-du-premier-ministre#article\",\"isPartOf\":{\"@id\":\"https:\/\/www.africa-press.net\/tchad\/politique\/madtoingue-benelngar-nomme-directeur-de-cabinet-du-premier-ministre\"},\"author\":{\"name\":\"cfeditorfr\",\"@id\":\"https:\/\/www.africa-press.net\/tchad\/#\/schema\/person\/2b1cf3cd81a31e3cd26889ca66d677f1\"},\"headline\":\"Madtoingue Benelngar nomm\u00e9 directeur de cabinet du Premier ministre\",\"datePublished\":\"2023-10-11T14:59:36+00:00\",\"dateModified\":\"2023-10-11T15:29:11+00:00\",\"mainEntityOfPage\":{\"@id\":\"https:\/\/www.africa-press.net\/tchad\/politique\/madtoingue-benelngar-nomme-directeur-de-cabinet-du-premier-ministre\"},\"wordCount\":74,\"commentCount\":0,\"image\":{\"@id\":\"https:\/\/www.africa-press.net\/tchad\/politique\/madtoingue-benelngar-nomme-directeur-de-cabinet-du-premier-ministre#primaryimage\"},\"thumbnailUrl\":\"https:\/\/static.africa-press.net\/tchad\/sites\/41\/2023\/10\/sm_1697025446.317453.jpg\",\"keywords\":[\"Africa Press\",\"Africa Press-Tchad\",\"Tchad\"],\"articleSection\":[\"Politique\",\"Toutes les actualit\u00e9s\"],\"inLanguage\":\"fr-FR\",\"potentialAction\":[{\"@type\":\"CommentAction\",\"name\":\"Comment\",\"target\":[\"https:\/\/www.africa-press.net\/tchad\/politique\/madtoingue-benelngar-nomme-directeur-de-cabinet-du-premier-ministre#respond\"]}]},{\"@type\":\"WebPage\",\"@id\":\"https:\/\/www.africa-press.net\/tchad\/politique\/madtoingue-benelngar-nomme-directeur-de-cabinet-du-premier-ministre\",\"url\":\"https:\/\/www.africa-press.net\/tchad\/politique\/madtoingue-benelngar-nomme-directeur-de-cabinet-du-premier-ministre\",\"name\":\"Madtoingue Benelngar nomm\u00e9 directeur de cabinet du Premier ministre - tchad\",\"isPartOf\":{\"@id\":\"https:\/\/www.africa-press.net\/tchad\/#website\"},\"primaryImageOfPage\":{\"@id\":\"https:\/\/www.africa-press.net\/tchad\/politique\/madtoingue-benelngar-nomme-directeur-de-cabinet-du-premier-ministre#primaryimage\"},\"image\":{\"@id\":\"https:\/\/www.africa-press.net\/tchad\/politique\/madtoingue-benelngar-nomme-directeur-de-cabinet-du-premier-ministre#primaryimage\"},\"thumbnailUrl\":\"https:\/\/static.africa-press.net\/tchad\/sites\/41\/2023\/10\/sm_1697025446.317453.jpg\",\"datePublished\":\"2023-10-11T14:59:36+00:00\",\"dateModified\":\"2023-10-11T15:29:11+00:00\",\"author\":{\"@id\":\"https:\/\/www.africa-press.net\/tchad\/#\/schema\/person\/2b1cf3cd81a31e3cd26889ca66d677f1\"},\"description\":\"Par arre\u0302te\u0301 n\u00b0 11231 du 10 octobre 2023, M. MADTOINGUE BENELNGAR est nomme\u0301 Directeur de Cabinet du Premier Ministre, C ...\",\"breadcrumb\":{\"@id\":\"https:\/\/www.africa-press.net\/tchad\/politique\/madtoingue-benelngar-nomme-directeur-de-cabinet-du-premier-ministre#breadcrumb\"},\"inLanguage\":\"fr-FR\",\"potentialAction\":[{\"@type\":\"ReadAction\",\"target\":[\"https:\/\/www.africa-press.net\/tchad\/politique\/madtoingue-benelngar-nomme-directeur-de-cabinet-du-premier-ministre\"]}]},{\"@type\":\"ImageObject\",\"inLanguage\":\"fr-FR\",\"@id\":\"https:\/\/www.africa-press.net\/tchad\/politique\/madtoingue-benelngar-nomme-directeur-de-cabinet-du-premier-ministre#primaryimage\",\"url\":\"https:\/\/static.africa-press.net\/tchad\/sites\/41\/2023\/10\/sm_1697025446.317453.jpg\",\"contentUrl\":\"https:\/\/static.africa-press.net\/tchad\/sites\/41\/2023\/10\/sm_1697025446.317453.jpg\",\"width\":1280,\"height\":720,\"caption\":\"Madtoingue Benelngar nomm\u00e9 directeur de cabinet du Premier ministre\"},{\"@type\":\"BreadcrumbList\",\"@id\":\"https:\/\/www.africa-press.net\/tchad\/politique\/madtoingue-benelngar-nomme-directeur-de-cabinet-du-premier-ministre#breadcrumb\",\"itemListElement\":[{\"@type\":\"ListItem\",\"position\":1,\"name\":\"Accueil\",\"item\":\"https:\/\/www.africa-press.net\/tchad\/\"},{\"@type\":\"ListItem\",\"position\":2,\"name\":\"Madtoingue Benelngar nomm\u00e9 directeur de cabinet du Premier ministre\"}]},{\"@type\":\"WebSite\",\"@id\":\"https:\/\/www.africa-press.net\/tchad\/#website\",\"url\":\"https:\/\/www.africa-press.net\/tchad\/\",\"name\":\"tchad\",\"description\":\"Just another Africa News Agency Sites site\",\"potentialAction\":[{\"@type\":\"SearchAction\",\"target\":{\"@type\":\"EntryPoint\",\"urlTemplate\":\"https:\/\/www.africa-press.net\/tchad\/?s={search_term_string}\"},\"query-input\":{\"@type\":\"PropertyValueSpecification\",\"valueRequired\":true,\"valueName\":\"search_term_string\"}}],\"inLanguage\":\"fr-FR\"},{\"@type\":\"Person\",\"@id\":\"https:\/\/www.africa-press.net\/tchad\/#\/schema\/person\/2b1cf3cd81a31e3cd26889ca66d677f1\",\"name\":\"cfeditorfr\"}]}<\/script>\n<!-- \/ Yoast SEO Premium plugin. -->","yoast_head_json":{"title":"Madtoingue Benelngar nomm\u00e9 directeur de cabinet du Premier ministre - tchad","description":"Par arre\u0302te\u0301 n\u00b0 11231 du 10 octobre 2023, M. MADTOINGUE BENELNGAR est nomme\u0301 Directeur de Cabinet du Premier Ministre, C ...","robots":{"index":"index","follow":"follow","max-snippet":"max-snippet:-1","max-image-preview":"max-image-preview:large","max-video-preview":"max-video-preview:-1"},"canonical":"https:\/\/www.africa-press.net\/tchad\/politique\/madtoingue-benelngar-nomme-directeur-de-cabinet-du-premier-ministre","og_locale":"fr_FR","og_type":"article","og_title":"Madtoingue Benelngar nomm\u00e9 directeur de cabinet du Premier ministre","og_description":"Par arre\u0302te\u0301 n\u00b0 11231 du 10 octobre 2023, M. MADTOINGUE BENELNGAR est nomme\u0301 Directeur de Cabinet du Premier Ministre, C ...","og_url":"https:\/\/www.africa-press.net\/tchad\/politique\/madtoingue-benelngar-nomme-directeur-de-cabinet-du-premier-ministre","og_site_name":"tchad","article_published_time":"2023-10-11T14:59:36+00:00","article_modified_time":"2023-10-11T15:29:11+00:00","og_image":[{"width":1280,"height":720,"url":"https:\/\/static.africa-press.net\/tchad\/sites\/41\/2023\/10\/sm_1697025446.317453.jpg","type":"image\/jpeg"}],"author":"cfeditorfr","twitter_card":"summary_large_image","twitter_misc":{"\u00c9crit par":"cfeditorfr","Dur\u00e9e de lecture estim\u00e9e":"1 minute"},"schema":{"@context":"https:\/\/schema.org","@graph":[{"@type":"Article","@id":"https:\/\/www.africa-press.net\/tchad\/politique\/madtoingue-benelngar-nomme-directeur-de-cabinet-du-premier-ministre#article","isPartOf":{"@id":"https:\/\/www.africa-press.net\/tchad\/politique\/madtoingue-benelngar-nomme-directeur-de-cabinet-du-premier-ministre"},"author":{"name":"cfeditorfr","@id":"https:\/\/www.africa-press.net\/tchad\/#\/schema\/person\/2b1cf3cd81a31e3cd26889ca66d677f1"},"headline":"Madtoingue Benelngar nomm\u00e9 directeur de cabinet du Premier ministre","datePublished":"2023-10-11T14:59:36+00:00","dateModified":"2023-10-11T15:29:11+00:00","mainEntityOfPage":{"@id":"https:\/\/www.africa-press.net\/tchad\/politique\/madtoingue-benelngar-nomme-directeur-de-cabinet-du-premier-ministre"},"wordCount":74,"commentCount":0,"image":{"@id":"https:\/\/www.africa-press.net\/tchad\/politique\/madtoingue-benelngar-nomme-directeur-de-cabinet-du-premier-ministre#primaryimage"},"thumbnailUrl":"https:\/\/static.africa-press.net\/tchad\/sites\/41\/2023\/10\/sm_1697025446.317453.jpg","keywords":["Africa Press","Africa Press-Tchad","Tchad"],"articleSection":["Politique","Toutes les actualit\u00e9s"],"inLanguage":"fr-FR","potentialAction":[{"@type":"CommentAction","name":"Comment","target":["https:\/\/www.africa-press.net\/tchad\/politique\/madtoingue-benelngar-nomme-directeur-de-cabinet-du-premier-ministre#respond"]}]},{"@type":"WebPage","@id":"https:\/\/www.africa-press.net\/tchad\/politique\/madtoingue-benelngar-nomme-directeur-de-cabinet-du-premier-ministre","url":"https:\/\/www.africa-press.net\/tchad\/politique\/madtoingue-benelngar-nomme-directeur-de-cabinet-du-premier-ministre","name":"Madtoingue Benelngar nomm\u00e9 directeur de cabinet du Premier ministre - tchad","isPartOf":{"@id":"https:\/\/www.africa-press.net\/tchad\/#website"},"primaryImageOfPage":{"@id":"https:\/\/www.africa-press.net\/tchad\/politique\/madtoingue-benelngar-nomme-directeur-de-cabinet-du-premier-ministre#primaryimage"},"image":{"@id":"https:\/\/www.africa-press.net\/tchad\/politique\/madtoingue-benelngar-nomme-directeur-de-cabinet-du-premier-ministre#primaryimage"},"thumbnailUrl":"https:\/\/static.africa-press.net\/tchad\/sites\/41\/2023\/10\/sm_1697025446.317453.jpg","datePublished":"2023-10-11T14:59:36+00:00","dateModified":"2023-10-11T15:29:11+00:00","author":{"@id":"https:\/\/www.africa-press.net\/tchad\/#\/schema\/person\/2b1cf3cd81a31e3cd26889ca66d677f1"},"description":"Par arre\u0302te\u0301 n\u00b0 11231 du 10 octobre 2023, M. MADTOINGUE BENELNGAR est nomme\u0301 Directeur de Cabinet du Premier Ministre, C ...","breadcrumb":{"@id":"https:\/\/www.africa-press.net\/tchad\/politique\/madtoingue-benelngar-nomme-directeur-de-cabinet-du-premier-ministre#breadcrumb"},"inLanguage":"fr-FR","potentialAction":[{"@type":"ReadAction","target":["https:\/\/www.africa-press.net\/tchad\/politique\/madtoingue-benelngar-nomme-directeur-de-cabinet-du-premier-ministre"]}]},{"@type":"ImageObject","inLanguage":"fr-FR","@id":"https:\/\/www.africa-press.net\/tchad\/politique\/madtoingue-benelngar-nomme-directeur-de-cabinet-du-premier-ministre#primaryimage","url":"https:\/\/static.africa-press.net\/tchad\/sites\/41\/2023\/10\/sm_1697025446.317453.jpg","contentUrl":"https:\/\/static.africa-press.net\/tchad\/sites\/41\/2023\/10\/sm_1697025446.317453.jpg","width":1280,"height":720,"caption":"Madtoingue Benelngar nomm\u00e9 directeur de cabinet du Premier ministre"},{"@type":"BreadcrumbList","@id":"https:\/\/www.africa-press.net\/tchad\/politique\/madtoingue-benelngar-nomme-directeur-de-cabinet-du-premier-ministre#breadcrumb","itemListElement":[{"@type":"ListItem","position":1,"name":"Accueil","item":"https:\/\/www.africa-press.net\/tchad\/"},{"@type":"ListItem","position":2,"name":"Madtoingue Benelngar nomm\u00e9 directeur de cabinet du Premier ministre"}]},{"@type":"WebSite","@id":"https:\/\/www.africa-press.net\/tchad\/#website","url":"https:\/\/www.africa-press.net\/tchad\/","name":"tchad","description":"Just another Africa News Agency Sites site","potentialAction":[{"@type":"SearchAction","target":{"@type":"EntryPoint","urlTemplate":"https:\/\/www.africa-press.net\/tchad\/?s={search_term_string}"},"query-input":{"@type":"PropertyValueSpecification","valueRequired":true,"valueName":"search_term_string"}}],"inLanguage":"fr-FR"},{"@type":"Person","@id":"https:\/\/www.africa-press.net\/tchad\/#\/schema\/person\/2b1cf3cd81a31e3cd26889ca66d677f1","name":"cfeditorfr"}]}},"_links":{"self":[{"href":"https:\/\/www.africa-press.net\/tchad\/wp-json\/wp\/v2\/posts\/52110","targetHints":{"allow":["GET"]}}],"collection":[{"href":"https:\/\/www.africa-press.net\/tchad\/wp-json\/wp\/v2\/posts"}],"about":[{"href":"https:\/\/www.africa-press.net\/tchad\/wp-json\/wp\/v2\/types\/post"}],"author":[{"embeddable":true,"href":"https:\/\/www.africa-press.net\/tchad\/wp-json\/wp\/v2\/users\/82"}],"replies":[{"embeddable":true,"href":"https:\/\/www.africa-press.net\/tchad\/wp-json\/wp\/v2\/comments?post=52110"}],"version-history":[{"count":0,"href":"https:\/\/www.africa-press.net\/tchad\/wp-json\/wp\/v2\/posts\/52110\/revisions"}],"wp:featuredmedia":[{"embeddable":true,"href":"https:\/\/www.africa-press.net\/tchad\/wp-json\/wp\/v2\/media\/52109"}],"wp:attachment":[{"href":"https:\/\/www.africa-press.net\/tchad\/wp-json\/wp\/v2\/media?parent=52110"}],"wp:term":[{"taxonomy":"category","embeddable":true,"href":"https:\/\/www.africa-press.net\/tchad\/wp-json\/wp\/v2\/categories?post=52110"},{"taxonomy":"post_tag","embeddable":true,"href":"https:\/\/www.africa-press.net\/tchad\/wp-json\/wp\/v2\/tags?post=52110"}],"curies":[{"name":"wp","href":"https:\/\/api.w.org\/{rel}","templated":true}]}}